{"id":11090,"date":"2023-11-20T10:44:10","date_gmt":"2023-11-20T09:44:10","guid":{"rendered":"https:\/\/www.bike.herzegovinabike.ba\/?p=11090"},"modified":"2025-06-24T22:35:47","modified_gmt":"2025-06-24T20:35:47","slug":"tvrdava-herceg-stjepana","status":"publish","type":"post","link":"https:\/\/www.herzegovinabike.ba\/en\/tvrdava-herceg-stjepana\/","title":{"rendered":"Fortress of Herceg Stjepan"},"content":{"rendered":"<p><br>The fortress was built in the Middle Ages, above Ljubu\u0161ki, at the very top of Butorovica hill. According to folk tales, herceg (duke) Stjepan Vuk\u010di\u0107 of Kosa\u010d is responsible for the construction of the fortress, although it is historically older than him. In written sources, Ljubu\u0161ki was mentioned for the first time on February 21, 1444 under the name Lubussa.<\/p>\n\n\n\n<p>The fortress complex consists of two parts. The central tower \"Hercegu\u0161a\" was built at the end of the 14th or the beginning of the 15th century, and the perimeter wall in the form of an irregular polygon with massive towers was built in the Ottoman period after 1472. The OLD TOWN OF LJUBU\u0160KI was declared a national monument of Bosnia and Herzegovina in October 2003.<\/p>\n\n\n\n<p>Sometime before 1477, the city fell into Turkish hands and became a border fortress with a strong garrison. The Turks converted the fortress into a military residence with all the accompanying facilities. After 1835, the Ljubu\u0161ki fortress lost its defensive and strategic role.<\/p>\n\n\n<div class=\"wp-block-image\">\n<figure class=\"aligncenter size-large\"><img loading=\"lazy\" decoding=\"async\" width=\"1024\" height=\"490\" src=\"https:\/\/www.bike.herzegovinabike.ba\/wp-content\/uploads\/2023\/11\/Herceg-Stjepan-fortress-slika-1-1024x490.jpeg\" alt=\"\" class=\"wp-image-11093\" srcset=\"https:\/\/www.herzegovinabike.ba\/wp-content\/uploads\/2023\/11\/Herceg-Stjepan-fortress-slika-1-1024x490.jpeg 1024w, https:\/\/www.herzegovinabike.ba\/wp-content\/uploads\/2023\/11\/Herceg-Stjepan-fortress-slika-1-600x287.jpeg 600w, https:\/\/www.herzegovinabike.ba\/wp-content\/uploads\/2023\/11\/Herceg-Stjepan-fortress-slika-1-300x144.jpeg 300w, https:\/\/www.herzegovinabike.ba\/wp-content\/uploads\/2023\/11\/Herceg-Stjepan-fortress-slika-1-768x368.jpeg 768w, https:\/\/www.herzegovinabike.ba\/wp-content\/uploads\/2023\/11\/Herceg-Stjepan-fortress-slika-1-18x9.jpeg 18w, https:\/\/www.herzegovinabike.ba\/wp-content\/uploads\/2023\/11\/Herceg-Stjepan-fortress-slika-1.jpeg 1170w\" sizes=\"auto, (max-width: 1024px) 100vw, 1024px\" \/><\/figure>\n<\/div>\n\n\n<p><strong>History of the fortress of Herceg Stjepan<\/strong><\/p>\n\n\n\n<p>The late medieval fortress of the feudal ruler Herceg Stjepan Kosa\u010da is the most monumental archaeological site of the municipality of Ljubu\u0161ki, located on the prominent top of the karst range of the Buturovica hill (396 masl) and as such is a symbol of the city of Ljubu\u0161ki and Herzegovina. The fortress complex consists of two parts. The rectangular central tower, popularly called \"Hercegu\u0161a\", built at the end of the 14th or the beginning of the 15th century, and the perimeter wall in the form of an irregular polygon with massive towers, date from the Ottoman period after 1472. The complex covers an area of 3,350 m2 and consists of several units, such as a small and large bell tower with a table and various buildings; guardhouse, granary, bakery, armory, powder room and 4 water cisterns. The medieval suburb developed on the Crkvica terrace, at the foot of the southern part of the city. Not far from the entrance (about 250 m northwest) to the fortress are the remains of a mosque from the middle of the 16th century. Ljubu\u0161ki was first mentioned in historical sources on February 15, 1435 under the name Lubussa. The Ottoman authorities conquered the city for the first time in 1463, and finally in 1477, when it was mentioned in the register of the Sand\u017eak of Herzegovina. In the endowment of Nesuh-age Vu\u010djakovi\u0107 in 1565, the city is mentioned as \"Kala Lupu\u0161ka\" (Ljubu\u0161ki Fortress). During the 17th century, Ljubu\u0161ki became the center of the \"Kadiluk\", and finally left it in 1835 after losing its defensive and strategic purpose.<\/p>\n\n\n\n<p>During the 17th century, Dubrovnik masters restored these walls for the first time. Unfortunately, due to seismic activity and atmospheric conditions during the 20th century, this fort was significantly damaged. By the decision of the Commission for the Preservation of National Monuments of Bosnia and Herzegovina, the building complex STARI GRAD IN LJUBU\u0160K was declared a national monument of Bosnia and Herzegovina in October 2003.<\/p>\n\n\n\n<blockquote class=\"wp-block-quote is-layout-flow wp-block-quote-is-layout-flow\">\n<p id=\"block-0b149199-4df1-439d-ac6b-50e3c7361b63\"><em><strong>Do you want to experience the fortress of Herceg Stjepan firsthand, enjoy the beautiful nature, picturesque views of the city of Ljubu\u0161ki and learn all about its rich history? Contact our partners - <a href=\"https:\/\/ero-travel.com\/\" target=\"_blank\" rel=\"noreferrer noopener\">ERO Travel Tour Agency<\/a>.<\/strong><\/em><\/p>\n\n\n\n<figure class=\"wp-block-image size-large\" id=\"block-ca5525c6-fdc5-4e96-b623-8e0811ea1602\"><a href=\"https:\/\/ero-travel.com\/\"><img decoding=\"async\" src=\"https:\/\/www.herzegovinabike.ba\/wp-content\/uploads\/2023\/11\/ERO-Travel-1200-%C3%97-150-piks-1024x128.png\" alt=\"Ova slika ima prazan alt atribut ; naziv datoteke je ERO-Travel-1200-%C3%97-150-piks-1024x128.png\"\/><\/a><\/figure>\n\n\n\n<p id=\"block-a452de1b-5634-4624-932a-54f227208b4d\"><em><strong><em><strong>ERO Trave<\/strong><\/em><\/strong><\/em><strong><em>l team<\/em><\/strong><em><strong>professionals will create a trip according to your preferences.<\/strong><\/em><\/p>\n<\/blockquote>","protected":false},"excerpt":{"rendered":"<p>Tvr\u0111ava je sagra\u0111ena u srednjem vijeku, iznad Ljubu\u0161kog, na samom vrhu brda Butorovica. Prema narodnim pri\u010dama, za izgradnju tvr\u0111ave zaslu\u017ean je herceg (vojvoda) Stjepan Vuk\u010di\u0107 Kosa\u010da, iako je ona povijesno starija od njega. U pisanim izvorima Ljubu\u0161ki se prvi put spominje 21. velja\u010de 1444. godine pod imenom Lubussa. Kompleks tvr\u0111ave sastoji se od dva dijela. [&hellip;]<\/p>\n","protected":false},"author":2,"featured_media":11094,"comment_status":"closed","ping_status":"open","sticky":false,"template":"","format":"standard","meta":{"footnotes":""},"categories":[622],"tags":[],"class_list":["post-11090","post","type-post","status-publish","format-standard","has-post-thumbnail","hentry","category-destinacije"],"yoast_head":"<!-- This site is optimized with the Yoast SEO Premium plugin v21.5 (Yoast SEO v27.4) - https:\/\/yoast.com\/product\/yoast-seo-premium-wordpress\/ -->\n<title>Tvr\u0111ava Herceg Stjepana - HerzegovinaBike<\/title>\n<meta name=\"description\" content=\"Tvr\u0111ava Herceg Stjepana - Tvr\u0111ava je sagra\u0111ena u srednjem vijeku, iznad Ljubu\u0161kog, na samom vrhu brda Butorovica. Prema narodnim pri\u010dama ...\" \/>\n<meta name=\"robots\" content=\"index, follow, max-snippet:-1, max-image-preview:large, max-video-preview:-1\" \/>\n<link rel=\"canonical\" href=\"https:\/\/www.herzegovinabike.ba\/en\/tvrdava-herceg-stjepana\/\" \/>\n<meta property=\"og:locale\" content=\"en_US\" \/>\n<meta property=\"og:type\" content=\"article\" \/>\n<meta property=\"og:title\" content=\"Tvr\u0111ava Herceg Stjepana\" \/>\n<meta property=\"og:description\" content=\"Tvr\u0111ava Herceg Stjepana - Tvr\u0111ava je sagra\u0111ena u srednjem vijeku, iznad Ljubu\u0161kog, na samom vrhu brda Butorovica. Prema narodnim pri\u010dama ...\" \/>\n<meta property=\"og:url\" content=\"https:\/\/www.herzegovinabike.ba\/en\/tvrdava-herceg-stjepana\/\" \/>\n<meta property=\"og:site_name\" content=\"HerzegovinaBike\" \/>\n<meta property=\"article:publisher\" content=\"https:\/\/www.facebook.com\/HerzegovinaBike\" \/>\n<meta property=\"article:author\" content=\"https:\/\/www.facebook.com\/HerzegovinaBike\/\" \/>\n<meta property=\"article:published_time\" content=\"2023-11-20T09:44:10+00:00\" \/>\n<meta property=\"article:modified_time\" content=\"2025-06-24T20:35:47+00:00\" \/>\n<meta property=\"og:image\" content=\"https:\/\/www.herzegovinabike.ba\/wp-content\/uploads\/2023\/11\/Herceg-Stjepan-fortress-Destinacija-1.jpg\" \/>\n\t<meta property=\"og:image:width\" content=\"1200\" \/>\n\t<meta property=\"og:image:height\" content=\"800\" \/>\n\t<meta property=\"og:image:type\" content=\"image\/jpeg\" \/>\n<meta name=\"author\" content=\"Herzegovina Bike\" \/>\n<meta name=\"twitter:card\" content=\"summary_large_image\" \/>\n<meta name=\"twitter:creator\" content=\"@https:\/\/twitter.com\/HerzegovinaBike\" \/>\n<meta name=\"twitter:label1\" content=\"Written by\" \/>\n\t<meta name=\"twitter:data1\" content=\"Herzegovina Bike\" \/>\n\t<meta name=\"twitter:label2\" content=\"Est. reading time\" \/>\n\t<meta name=\"twitter:data2\" content=\"3 minutes\" \/>\n<script type=\"application\/ld+json\" class=\"yoast-schema-graph\">{\"@context\":\"https:\\\/\\\/schema.org\",\"@graph\":[{\"@type\":\"Article\",\"@id\":\"https:\\\/\\\/www.herzegovinabike.ba\\\/tvrdava-herceg-stjepana\\\/#article\",\"isPartOf\":{\"@id\":\"https:\\\/\\\/www.herzegovinabike.ba\\\/tvrdava-herceg-stjepana\\\/\"},\"author\":{\"name\":\"Herzegovina Bike\",\"@id\":\"https:\\\/\\\/www.herzegovinabike.ba\\\/#\\\/schema\\\/person\\\/1161ca5c7a242dc0e69d24c0fb304ccb\"},\"headline\":\"Tvr\u0111ava Herceg Stjepana\",\"datePublished\":\"2023-11-20T09:44:10+00:00\",\"dateModified\":\"2025-06-24T20:35:47+00:00\",\"mainEntityOfPage\":{\"@id\":\"https:\\\/\\\/www.herzegovinabike.ba\\\/tvrdava-herceg-stjepana\\\/\"},\"wordCount\":500,\"publisher\":{\"@id\":\"https:\\\/\\\/www.herzegovinabike.ba\\\/#organization\"},\"image\":{\"@id\":\"https:\\\/\\\/www.herzegovinabike.ba\\\/tvrdava-herceg-stjepana\\\/#primaryimage\"},\"thumbnailUrl\":\"https:\\\/\\\/www.herzegovinabike.ba\\\/wp-content\\\/uploads\\\/2023\\\/11\\\/Herceg-Stjepan-fortress-Destinacija-1.jpg\",\"articleSection\":[\"Destinacije\"],\"inLanguage\":\"en-US\"},{\"@type\":\"WebPage\",\"@id\":\"https:\\\/\\\/www.herzegovinabike.ba\\\/tvrdava-herceg-stjepana\\\/\",\"url\":\"https:\\\/\\\/www.herzegovinabike.ba\\\/tvrdava-herceg-stjepana\\\/\",\"name\":\"Tvr\u0111ava Herceg Stjepana - HerzegovinaBike\",\"isPartOf\":{\"@id\":\"https:\\\/\\\/www.herzegovinabike.ba\\\/#website\"},\"primaryImageOfPage\":{\"@id\":\"https:\\\/\\\/www.herzegovinabike.ba\\\/tvrdava-herceg-stjepana\\\/#primaryimage\"},\"image\":{\"@id\":\"https:\\\/\\\/www.herzegovinabike.ba\\\/tvrdava-herceg-stjepana\\\/#primaryimage\"},\"thumbnailUrl\":\"https:\\\/\\\/www.herzegovinabike.ba\\\/wp-content\\\/uploads\\\/2023\\\/11\\\/Herceg-Stjepan-fortress-Destinacija-1.jpg\",\"datePublished\":\"2023-11-20T09:44:10+00:00\",\"dateModified\":\"2025-06-24T20:35:47+00:00\",\"description\":\"Tvr\u0111ava Herceg Stjepana - Tvr\u0111ava je sagra\u0111ena u srednjem vijeku, iznad Ljubu\u0161kog, na samom vrhu brda Butorovica. Prema narodnim pri\u010dama ...\",\"breadcrumb\":{\"@id\":\"https:\\\/\\\/www.herzegovinabike.ba\\\/tvrdava-herceg-stjepana\\\/#breadcrumb\"},\"inLanguage\":\"en-US\",\"potentialAction\":[{\"@type\":\"ReadAction\",\"target\":[\"https:\\\/\\\/www.herzegovinabike.ba\\\/tvrdava-herceg-stjepana\\\/\"]}]},{\"@type\":\"ImageObject\",\"inLanguage\":\"en-US\",\"@id\":\"https:\\\/\\\/www.herzegovinabike.ba\\\/tvrdava-herceg-stjepana\\\/#primaryimage\",\"url\":\"https:\\\/\\\/www.herzegovinabike.ba\\\/wp-content\\\/uploads\\\/2023\\\/11\\\/Herceg-Stjepan-fortress-Destinacija-1.jpg\",\"contentUrl\":\"https:\\\/\\\/www.herzegovinabike.ba\\\/wp-content\\\/uploads\\\/2023\\\/11\\\/Herceg-Stjepan-fortress-Destinacija-1.jpg\",\"width\":1200,\"height\":800},{\"@type\":\"BreadcrumbList\",\"@id\":\"https:\\\/\\\/www.herzegovinabike.ba\\\/tvrdava-herceg-stjepana\\\/#breadcrumb\",\"itemListElement\":[{\"@type\":\"ListItem\",\"position\":1,\"name\":\"Po\u010detna stranica\",\"item\":\"https:\\\/\\\/www.herzegovinabike.ba\\\/\"},{\"@type\":\"ListItem\",\"position\":2,\"name\":\"Tvr\u0111ava Herceg Stjepana\"}]},{\"@type\":\"WebSite\",\"@id\":\"https:\\\/\\\/www.herzegovinabike.ba\\\/#website\",\"url\":\"https:\\\/\\\/www.herzegovinabike.ba\\\/\",\"name\":\"HerzegovinaBike\",\"description\":\"Your place under the sun\",\"publisher\":{\"@id\":\"https:\\\/\\\/www.herzegovinabike.ba\\\/#organization\"},\"potentialAction\":[{\"@type\":\"SearchAction\",\"target\":{\"@type\":\"EntryPoint\",\"urlTemplate\":\"https:\\\/\\\/www.herzegovinabike.ba\\\/?s={search_term_string}\"},\"query-input\":{\"@type\":\"PropertyValueSpecification\",\"valueRequired\":true,\"valueName\":\"search_term_string\"}}],\"inLanguage\":\"en-US\"},{\"@type\":\"Organization\",\"@id\":\"https:\\\/\\\/www.herzegovinabike.ba\\\/#organization\",\"name\":\"Udruga HerzegovinaBike\",\"url\":\"https:\\\/\\\/www.herzegovinabike.ba\\\/\",\"logo\":{\"@type\":\"ImageObject\",\"inLanguage\":\"en-US\",\"@id\":\"https:\\\/\\\/www.herzegovinabike.ba\\\/#\\\/schema\\\/logo\\\/image\\\/\",\"url\":\"https:\\\/\\\/www.bike.herzegovinabike.ba\\\/wp-content\\\/uploads\\\/2023\\\/11\\\/herzegovina_bike_logo_horizontal.png\",\"contentUrl\":\"https:\\\/\\\/www.bike.herzegovinabike.ba\\\/wp-content\\\/uploads\\\/2023\\\/11\\\/herzegovina_bike_logo_horizontal.png\",\"width\":1757,\"height\":1061,\"caption\":\"Udruga HerzegovinaBike\"},\"image\":{\"@id\":\"https:\\\/\\\/www.herzegovinabike.ba\\\/#\\\/schema\\\/logo\\\/image\\\/\"},\"sameAs\":[\"https:\\\/\\\/www.facebook.com\\\/HerzegovinaBike\",\"https:\\\/\\\/www.instagram.com\\\/herzegovinabike\\\/\"]},{\"@type\":\"Person\",\"@id\":\"https:\\\/\\\/www.herzegovinabike.ba\\\/#\\\/schema\\\/person\\\/1161ca5c7a242dc0e69d24c0fb304ccb\",\"name\":\"Herzegovina Bike\",\"image\":{\"@type\":\"ImageObject\",\"inLanguage\":\"en-US\",\"@id\":\"https:\\\/\\\/secure.gravatar.com\\\/avatar\\\/236a03b53b73db89b68d17aa2f415bb2a2d3b326d0632f3a602c6c9cacba1ff0?s=96&d=mm&r=g\",\"url\":\"https:\\\/\\\/secure.gravatar.com\\\/avatar\\\/236a03b53b73db89b68d17aa2f415bb2a2d3b326d0632f3a602c6c9cacba1ff0?s=96&d=mm&r=g\",\"contentUrl\":\"https:\\\/\\\/secure.gravatar.com\\\/avatar\\\/236a03b53b73db89b68d17aa2f415bb2a2d3b326d0632f3a602c6c9cacba1ff0?s=96&d=mm&r=g\",\"caption\":\"Herzegovina Bike\"},\"description\":\"Udruga \u201cHerzegovinaBike\u201d je pokreta\u010d (i sredi\u0161te) razvoja biciklizma kao cikloturizma, rekreacije i sporta u Hercegovini. CILJ: Hercegovina kao vrhunska cikloturisti\u010dka destinacija. \u2705\",\"sameAs\":[\"https:\\\/\\\/www.herzegovinabike.ba\\\/\",\"https:\\\/\\\/www.facebook.com\\\/HerzegovinaBike\\\/\",\"https:\\\/\\\/www.instagram.com\\\/herzegovinabike\\\/\",\"https:\\\/\\\/www.linkedin.com\\\/in\\\/herzegovina-bike-ba605a29b\\\/\",\"https:\\\/\\\/x.com\\\/https:\\\/\\\/twitter.com\\\/HerzegovinaBike\",\"https:\\\/\\\/www.youtube.com\\\/channel\\\/UCOFGFUHmcGVzVHD9WgOGTrA\"],\"url\":\"https:\\\/\\\/www.herzegovinabike.ba\\\/en\\\/author\\\/toni\\\/\"}]}<\/script>\n<!-- \/ Yoast SEO Premium plugin. -->","yoast_head_json":{"title":"Tvr\u0111ava Herceg Stjepana - HerzegovinaBike","description":"Tvr\u0111ava Herceg Stjepana - Tvr\u0111ava je sagra\u0111ena u srednjem vijeku, iznad Ljubu\u0161kog, na samom vrhu brda Butorovica. Prema narodnim pri\u010dama ...","robots":{"index":"index","follow":"follow","max-snippet":"max-snippet:-1","max-image-preview":"max-image-preview:large","max-video-preview":"max-video-preview:-1"},"canonical":"https:\/\/www.herzegovinabike.ba\/en\/tvrdava-herceg-stjepana\/","og_locale":"en_US","og_type":"article","og_title":"Tvr\u0111ava Herceg Stjepana","og_description":"Tvr\u0111ava Herceg Stjepana - Tvr\u0111ava je sagra\u0111ena u srednjem vijeku, iznad Ljubu\u0161kog, na samom vrhu brda Butorovica. Prema narodnim pri\u010dama ...","og_url":"https:\/\/www.herzegovinabike.ba\/en\/tvrdava-herceg-stjepana\/","og_site_name":"HerzegovinaBike","article_publisher":"https:\/\/www.facebook.com\/HerzegovinaBike","article_author":"https:\/\/www.facebook.com\/HerzegovinaBike\/","article_published_time":"2023-11-20T09:44:10+00:00","article_modified_time":"2025-06-24T20:35:47+00:00","og_image":[{"width":1200,"height":800,"url":"https:\/\/www.herzegovinabike.ba\/wp-content\/uploads\/2023\/11\/Herceg-Stjepan-fortress-Destinacija-1.jpg","type":"image\/jpeg"}],"author":"Herzegovina Bike","twitter_card":"summary_large_image","twitter_creator":"@https:\/\/twitter.com\/HerzegovinaBike","twitter_misc":{"Written by":"Herzegovina Bike","Est. reading time":"3 minutes"},"schema":{"@context":"https:\/\/schema.org","@graph":[{"@type":"Article","@id":"https:\/\/www.herzegovinabike.ba\/tvrdava-herceg-stjepana\/#article","isPartOf":{"@id":"https:\/\/www.herzegovinabike.ba\/tvrdava-herceg-stjepana\/"},"author":{"name":"Herzegovina Bike","@id":"https:\/\/www.herzegovinabike.ba\/#\/schema\/person\/1161ca5c7a242dc0e69d24c0fb304ccb"},"headline":"Tvr\u0111ava Herceg Stjepana","datePublished":"2023-11-20T09:44:10+00:00","dateModified":"2025-06-24T20:35:47+00:00","mainEntityOfPage":{"@id":"https:\/\/www.herzegovinabike.ba\/tvrdava-herceg-stjepana\/"},"wordCount":500,"publisher":{"@id":"https:\/\/www.herzegovinabike.ba\/#organization"},"image":{"@id":"https:\/\/www.herzegovinabike.ba\/tvrdava-herceg-stjepana\/#primaryimage"},"thumbnailUrl":"https:\/\/www.herzegovinabike.ba\/wp-content\/uploads\/2023\/11\/Herceg-Stjepan-fortress-Destinacija-1.jpg","articleSection":["Destinacije"],"inLanguage":"en-US"},{"@type":"WebPage","@id":"https:\/\/www.herzegovinabike.ba\/tvrdava-herceg-stjepana\/","url":"https:\/\/www.herzegovinabike.ba\/tvrdava-herceg-stjepana\/","name":"Tvr\u0111ava Herceg Stjepana - HerzegovinaBike","isPartOf":{"@id":"https:\/\/www.herzegovinabike.ba\/#website"},"primaryImageOfPage":{"@id":"https:\/\/www.herzegovinabike.ba\/tvrdava-herceg-stjepana\/#primaryimage"},"image":{"@id":"https:\/\/www.herzegovinabike.ba\/tvrdava-herceg-stjepana\/#primaryimage"},"thumbnailUrl":"https:\/\/www.herzegovinabike.ba\/wp-content\/uploads\/2023\/11\/Herceg-Stjepan-fortress-Destinacija-1.jpg","datePublished":"2023-11-20T09:44:10+00:00","dateModified":"2025-06-24T20:35:47+00:00","description":"Tvr\u0111ava Herceg Stjepana - Tvr\u0111ava je sagra\u0111ena u srednjem vijeku, iznad Ljubu\u0161kog, na samom vrhu brda Butorovica. Prema narodnim pri\u010dama ...","breadcrumb":{"@id":"https:\/\/www.herzegovinabike.ba\/tvrdava-herceg-stjepana\/#breadcrumb"},"inLanguage":"en-US","potentialAction":[{"@type":"ReadAction","target":["https:\/\/www.herzegovinabike.ba\/tvrdava-herceg-stjepana\/"]}]},{"@type":"ImageObject","inLanguage":"en-US","@id":"https:\/\/www.herzegovinabike.ba\/tvrdava-herceg-stjepana\/#primaryimage","url":"https:\/\/www.herzegovinabike.ba\/wp-content\/uploads\/2023\/11\/Herceg-Stjepan-fortress-Destinacija-1.jpg","contentUrl":"https:\/\/www.herzegovinabike.ba\/wp-content\/uploads\/2023\/11\/Herceg-Stjepan-fortress-Destinacija-1.jpg","width":1200,"height":800},{"@type":"BreadcrumbList","@id":"https:\/\/www.herzegovinabike.ba\/tvrdava-herceg-stjepana\/#breadcrumb","itemListElement":[{"@type":"ListItem","position":1,"name":"Po\u010detna stranica","item":"https:\/\/www.herzegovinabike.ba\/"},{"@type":"ListItem","position":2,"name":"Tvr\u0111ava Herceg Stjepana"}]},{"@type":"WebSite","@id":"https:\/\/www.herzegovinabike.ba\/#website","url":"https:\/\/www.herzegovinabike.ba\/","name":"HerzegovinaBike","description":"Your place under the sun","publisher":{"@id":"https:\/\/www.herzegovinabike.ba\/#organization"},"potentialAction":[{"@type":"SearchAction","target":{"@type":"EntryPoint","urlTemplate":"https:\/\/www.herzegovinabike.ba\/?s={search_term_string}"},"query-input":{"@type":"PropertyValueSpecification","valueRequired":true,"valueName":"search_term_string"}}],"inLanguage":"en-US"},{"@type":"Organization","@id":"https:\/\/www.herzegovinabike.ba\/#organization","name":"Association HerzegovinaBike","url":"https:\/\/www.herzegovinabike.ba\/","logo":{"@type":"ImageObject","inLanguage":"en-US","@id":"https:\/\/www.herzegovinabike.ba\/#\/schema\/logo\/image\/","url":"https:\/\/www.bike.herzegovinabike.ba\/wp-content\/uploads\/2023\/11\/herzegovina_bike_logo_horizontal.png","contentUrl":"https:\/\/www.bike.herzegovinabike.ba\/wp-content\/uploads\/2023\/11\/herzegovina_bike_logo_horizontal.png","width":1757,"height":1061,"caption":"Udruga HerzegovinaBike"},"image":{"@id":"https:\/\/www.herzegovinabike.ba\/#\/schema\/logo\/image\/"},"sameAs":["https:\/\/www.facebook.com\/HerzegovinaBike","https:\/\/www.instagram.com\/herzegovinabike\/"]},{"@type":"Person","@id":"https:\/\/www.herzegovinabike.ba\/#\/schema\/person\/1161ca5c7a242dc0e69d24c0fb304ccb","name":"Herzegovina Bike","image":{"@type":"ImageObject","inLanguage":"en-US","@id":"https:\/\/secure.gravatar.com\/avatar\/236a03b53b73db89b68d17aa2f415bb2a2d3b326d0632f3a602c6c9cacba1ff0?s=96&d=mm&r=g","url":"https:\/\/secure.gravatar.com\/avatar\/236a03b53b73db89b68d17aa2f415bb2a2d3b326d0632f3a602c6c9cacba1ff0?s=96&d=mm&r=g","contentUrl":"https:\/\/secure.gravatar.com\/avatar\/236a03b53b73db89b68d17aa2f415bb2a2d3b326d0632f3a602c6c9cacba1ff0?s=96&d=mm&r=g","caption":"Herzegovina Bike"},"description":"Udruga \u201cHerzegovinaBike\u201d je pokreta\u010d (i sredi\u0161te) razvoja biciklizma kao cikloturizma, rekreacije i sporta u Hercegovini. CILJ: Hercegovina kao vrhunska cikloturisti\u010dka destinacija. \u2705","sameAs":["https:\/\/www.herzegovinabike.ba\/","https:\/\/www.facebook.com\/HerzegovinaBike\/","https:\/\/www.instagram.com\/herzegovinabike\/","https:\/\/www.linkedin.com\/in\/herzegovina-bike-ba605a29b\/","https:\/\/x.com\/https:\/\/twitter.com\/HerzegovinaBike","https:\/\/www.youtube.com\/channel\/UCOFGFUHmcGVzVHD9WgOGTrA"],"url":"https:\/\/www.herzegovinabike.ba\/en\/author\/toni\/"}]}},"_links":{"self":[{"href":"https:\/\/www.herzegovinabike.ba\/en\/wp-json\/wp\/v2\/posts\/11090","targetHints":{"allow":["GET"]}}],"collection":[{"href":"https:\/\/www.herzegovinabike.ba\/en\/wp-json\/wp\/v2\/posts"}],"about":[{"href":"https:\/\/www.herzegovinabike.ba\/en\/wp-json\/wp\/v2\/types\/post"}],"author":[{"embeddable":true,"href":"https:\/\/www.herzegovinabike.ba\/en\/wp-json\/wp\/v2\/users\/2"}],"replies":[{"embeddable":true,"href":"https:\/\/www.herzegovinabike.ba\/en\/wp-json\/wp\/v2\/comments?post=11090"}],"version-history":[{"count":5,"href":"https:\/\/www.herzegovinabike.ba\/en\/wp-json\/wp\/v2\/posts\/11090\/revisions"}],"predecessor-version":[{"id":12225,"href":"https:\/\/www.herzegovinabike.ba\/en\/wp-json\/wp\/v2\/posts\/11090\/revisions\/12225"}],"wp:featuredmedia":[{"embeddable":true,"href":"https:\/\/www.herzegovinabike.ba\/en\/wp-json\/wp\/v2\/media\/11094"}],"wp:attachment":[{"href":"https:\/\/www.herzegovinabike.ba\/en\/wp-json\/wp\/v2\/media?parent=11090"}],"wp:term":[{"taxonomy":"category","embeddable":true,"href":"https:\/\/www.herzegovinabike.ba\/en\/wp-json\/wp\/v2\/categories?post=11090"},{"taxonomy":"post_tag","embeddable":true,"href":"https:\/\/www.herzegovinabike.ba\/en\/wp-json\/wp\/v2\/tags?post=11090"}],"curies":[{"name":"wp","href":"https:\/\/api.w.org\/{rel}","templated":true}]}}