{"id":13681,"date":"2024-03-18T09:00:13","date_gmt":"2024-03-18T08:00:13","guid":{"rendered":"https:\/\/www.herzegovinabike.ba\/?p=13681"},"modified":"2025-06-24T22:12:14","modified_gmt":"2025-06-24T20:12:14","slug":"hercegovina-otvorila-cikloturisticku-sezonu","status":"publish","type":"post","link":"https:\/\/www.herzegovinabike.ba\/en\/hercegovina-otvorila-cikloturisticku-sezonu\/","title":{"rendered":"Herzegovina opened the cycling season"},"content":{"rendered":"<p>The weekend in Herzegovina was spent in cycling and cycle tourism. Herzegovina hosted hundreds of cyclists from Croatia, Serbia and all parts of Bosnia and Herzegovina. The event \"Get to know Herzegovina\", organized by the association \"HerzegovinaBike\" in cooperation with Herzegovinian clubs from Mostar, \u0160iroki, Posu\u0161je, Drinovac, Grud, Ljubu\u0161ki and \u010capljina, provided the participants with an unforgettable experience of spectacular landscapes, picturesque surroundings and the hospitality of the cities they visited during today's 130 km ride.<\/p>\n\n\n<div class=\"wp-block-image\">\n<figure class=\"aligncenter size-large\"><img loading=\"lazy\" decoding=\"async\" width=\"1024\" height=\"682\" src=\"https:\/\/www.herzegovinabike.ba\/wp-content\/uploads\/2024\/03\/Upoznaj-Hercegovinu4-1024x682.jpeg\" alt=\"\" class=\"wp-image-13687\" srcset=\"https:\/\/www.herzegovinabike.ba\/wp-content\/uploads\/2024\/03\/Upoznaj-Hercegovinu4-1024x682.jpeg 1024w, https:\/\/www.herzegovinabike.ba\/wp-content\/uploads\/2024\/03\/Upoznaj-Hercegovinu4-600x400.jpeg 600w, https:\/\/www.herzegovinabike.ba\/wp-content\/uploads\/2024\/03\/Upoznaj-Hercegovinu4-300x200.jpeg 300w, https:\/\/www.herzegovinabike.ba\/wp-content\/uploads\/2024\/03\/Upoznaj-Hercegovinu4-768x512.jpeg 768w, https:\/\/www.herzegovinabike.ba\/wp-content\/uploads\/2024\/03\/Upoznaj-Hercegovinu4-1536x1023.jpeg 1536w, https:\/\/www.herzegovinabike.ba\/wp-content\/uploads\/2024\/03\/Upoznaj-Hercegovinu4-18x12.jpeg 18w, https:\/\/www.herzegovinabike.ba\/wp-content\/uploads\/2024\/03\/Upoznaj-Hercegovinu4-1500x1000.jpeg 1500w, https:\/\/www.herzegovinabike.ba\/wp-content\/uploads\/2024\/03\/Upoznaj-Hercegovinu4.jpeg 1600w\" sizes=\"auto, (max-width: 1024px) 100vw, 1024px\" \/><\/figure>\n<\/div>\n\n\n<p>The start of the ride was in Mostar in front of the Croatian Home of Herceg Stjepan Kosa\u010d. After the first 20 km, the cyclists arrived in \u0160iroki, where they had the opportunity to get to know this beautiful Herzegovinian town. Guests were warmly welcomed and refreshed in front of the company <a href=\"https:\/\/bestdrive.ba\/\">Vibar doo Best Drive BiH<\/a>, which is known for its support of cycling and promotion of an active lifestyle and outdoor tourism.<\/p>\n\n\n<div class=\"wp-block-image\">\n<figure class=\"aligncenter size-large\"><img loading=\"lazy\" decoding=\"async\" width=\"1024\" height=\"682\" src=\"https:\/\/www.herzegovinabike.ba\/wp-content\/uploads\/2024\/03\/Upoznaj-Hercegovinu-1-1024x682.jpeg\" alt=\"\" class=\"wp-image-13682\" srcset=\"https:\/\/www.herzegovinabike.ba\/wp-content\/uploads\/2024\/03\/Upoznaj-Hercegovinu-1-1024x682.jpeg 1024w, https:\/\/www.herzegovinabike.ba\/wp-content\/uploads\/2024\/03\/Upoznaj-Hercegovinu-1-600x400.jpeg 600w, https:\/\/www.herzegovinabike.ba\/wp-content\/uploads\/2024\/03\/Upoznaj-Hercegovinu-1-300x200.jpeg 300w, https:\/\/www.herzegovinabike.ba\/wp-content\/uploads\/2024\/03\/Upoznaj-Hercegovinu-1-768x512.jpeg 768w, https:\/\/www.herzegovinabike.ba\/wp-content\/uploads\/2024\/03\/Upoznaj-Hercegovinu-1-1536x1023.jpeg 1536w, https:\/\/www.herzegovinabike.ba\/wp-content\/uploads\/2024\/03\/Upoznaj-Hercegovinu-1-18x12.jpeg 18w, https:\/\/www.herzegovinabike.ba\/wp-content\/uploads\/2024\/03\/Upoznaj-Hercegovinu-1-1500x1000.jpeg 1500w, https:\/\/www.herzegovinabike.ba\/wp-content\/uploads\/2024\/03\/Upoznaj-Hercegovinu-1.jpeg 1600w\" sizes=\"auto, (max-width: 1024px) 100vw, 1024px\" \/><\/figure>\n<\/div>\n\n\n<p>After \u0160iroki Brijeg, the participants visited Grude, where they were welcomed by members of the Grude Cycling Club. After a short break at Agrotourism Mari\u0107a gaj, where they had the opportunity to taste Herzegovinan delicacies, they headed towards Ljubu\u0161ki.<\/p>\n\n\n\n<div class=\"wp-block-columns is-layout-flex wp-container-core-columns-is-layout-9d6595d7 wp-block-columns-is-layout-flex\">\n<div class=\"wp-block-column is-layout-flow wp-block-column-is-layout-flow\">\n<figure class=\"wp-block-image size-large\"><img loading=\"lazy\" decoding=\"async\" width=\"1024\" height=\"683\" src=\"https:\/\/www.herzegovinabike.ba\/wp-content\/uploads\/2024\/03\/Upoznaj-Hercegovinu2-1024x683.jpeg\" alt=\"\" class=\"wp-image-13683\" srcset=\"https:\/\/www.herzegovinabike.ba\/wp-content\/uploads\/2024\/03\/Upoznaj-Hercegovinu2-1024x683.jpeg 1024w, https:\/\/www.herzegovinabike.ba\/wp-content\/uploads\/2024\/03\/Upoznaj-Hercegovinu2-600x400.jpeg 600w, https:\/\/www.herzegovinabike.ba\/wp-content\/uploads\/2024\/03\/Upoznaj-Hercegovinu2-300x200.jpeg 300w, https:\/\/www.herzegovinabike.ba\/wp-content\/uploads\/2024\/03\/Upoznaj-Hercegovinu2-768x512.jpeg 768w, https:\/\/www.herzegovinabike.ba\/wp-content\/uploads\/2024\/03\/Upoznaj-Hercegovinu2-18x12.jpeg 18w, https:\/\/www.herzegovinabike.ba\/wp-content\/uploads\/2024\/03\/Upoznaj-Hercegovinu2-1500x1000.jpeg 1500w, https:\/\/www.herzegovinabike.ba\/wp-content\/uploads\/2024\/03\/Upoznaj-Hercegovinu2.jpeg 1512w\" sizes=\"auto, (max-width: 1024px) 100vw, 1024px\" \/><\/figure>\n<\/div>\n\n\n\n<div class=\"wp-block-column is-layout-flow wp-block-column-is-layout-flow\">\n<figure class=\"wp-block-image size-large\"><img loading=\"lazy\" decoding=\"async\" width=\"1024\" height=\"683\" src=\"https:\/\/www.herzegovinabike.ba\/wp-content\/uploads\/2024\/03\/Upoznaj-Hercegovinu3-1024x683.jpeg\" alt=\"\" class=\"wp-image-13686\" srcset=\"https:\/\/www.herzegovinabike.ba\/wp-content\/uploads\/2024\/03\/Upoznaj-Hercegovinu3-1024x683.jpeg 1024w, https:\/\/www.herzegovinabike.ba\/wp-content\/uploads\/2024\/03\/Upoznaj-Hercegovinu3-600x400.jpeg 600w, https:\/\/www.herzegovinabike.ba\/wp-content\/uploads\/2024\/03\/Upoznaj-Hercegovinu3-300x200.jpeg 300w, https:\/\/www.herzegovinabike.ba\/wp-content\/uploads\/2024\/03\/Upoznaj-Hercegovinu3-768x512.jpeg 768w, https:\/\/www.herzegovinabike.ba\/wp-content\/uploads\/2024\/03\/Upoznaj-Hercegovinu3-1536x1024.jpeg 1536w, https:\/\/www.herzegovinabike.ba\/wp-content\/uploads\/2024\/03\/Upoznaj-Hercegovinu3-18x12.jpeg 18w, https:\/\/www.herzegovinabike.ba\/wp-content\/uploads\/2024\/03\/Upoznaj-Hercegovinu3-1500x1000.jpeg 1500w, https:\/\/www.herzegovinabike.ba\/wp-content\/uploads\/2024\/03\/Upoznaj-Hercegovinu3.jpeg 1600w\" sizes=\"auto, (max-width: 1024px) 100vw, 1024px\" \/><\/figure>\n<\/div>\n<\/div>\n\n\n\n<p>In Ljubu\u0161ki, they joined the children's race \"Kids Race Gra\u010dine\" organized by BK Ljubu\u0161ki and took photos with the little ones who expressed their enthusiasm and happiness. The last town on their route was the always beautiful \u010capljina, after which they returned to Mostar on the picturesque \u0106ira railway.<\/p>\n\n\n\n<div class=\"wp-block-columns is-layout-flex wp-container-core-columns-is-layout-9d6595d7 wp-block-columns-is-layout-flex\">\n<div class=\"wp-block-column is-layout-flow wp-block-column-is-layout-flow\">\n<figure class=\"wp-block-image size-large\"><img loading=\"lazy\" decoding=\"async\" width=\"1024\" height=\"640\" src=\"https:\/\/www.herzegovinabike.ba\/wp-content\/uploads\/2024\/03\/Kids-Gracine-2-1024x640.jpg\" alt=\"\" class=\"wp-image-13691\" srcset=\"https:\/\/www.herzegovinabike.ba\/wp-content\/uploads\/2024\/03\/Kids-Gracine-2-1024x640.jpg 1024w, https:\/\/www.herzegovinabike.ba\/wp-content\/uploads\/2024\/03\/Kids-Gracine-2-600x375.jpg 600w, https:\/\/www.herzegovinabike.ba\/wp-content\/uploads\/2024\/03\/Kids-Gracine-2-300x188.jpg 300w, https:\/\/www.herzegovinabike.ba\/wp-content\/uploads\/2024\/03\/Kids-Gracine-2-768x480.jpg 768w, https:\/\/www.herzegovinabike.ba\/wp-content\/uploads\/2024\/03\/Kids-Gracine-2-18x12.jpg 18w, https:\/\/www.herzegovinabike.ba\/wp-content\/uploads\/2024\/03\/Kids-Gracine-2.jpg 1280w\" sizes=\"auto, (max-width: 1024px) 100vw, 1024px\" \/><\/figure>\n<\/div>\n\n\n\n<div class=\"wp-block-column is-layout-flow wp-block-column-is-layout-flow\">\n<figure class=\"wp-block-image size-large\"><img loading=\"lazy\" decoding=\"async\" width=\"1024\" height=\"640\" src=\"https:\/\/www.herzegovinabike.ba\/wp-content\/uploads\/2024\/03\/Kids-Gracine-3-1024x640.jpg\" alt=\"\" class=\"wp-image-13690\" srcset=\"https:\/\/www.herzegovinabike.ba\/wp-content\/uploads\/2024\/03\/Kids-Gracine-3-1024x640.jpg 1024w, https:\/\/www.herzegovinabike.ba\/wp-content\/uploads\/2024\/03\/Kids-Gracine-3-600x375.jpg 600w, https:\/\/www.herzegovinabike.ba\/wp-content\/uploads\/2024\/03\/Kids-Gracine-3-300x188.jpg 300w, https:\/\/www.herzegovinabike.ba\/wp-content\/uploads\/2024\/03\/Kids-Gracine-3-768x480.jpg 768w, https:\/\/www.herzegovinabike.ba\/wp-content\/uploads\/2024\/03\/Kids-Gracine-3-18x12.jpg 18w, https:\/\/www.herzegovinabike.ba\/wp-content\/uploads\/2024\/03\/Kids-Gracine-3.jpg 1280w\" sizes=\"auto, (max-width: 1024px) 100vw, 1024px\" \/><\/figure>\n<\/div>\n<\/div>\n\n\n\n<p>\u201cRoad and mountain biking are great ways to explore the world, and with the idea of sustainable travel becoming more and more important, cycling is becoming an increasingly popular means of transport. Cycling tourism offers a diverse market. The demand for this market niche is growing, due to an active and healthy way of moving and forms of tourism, as well as the desire to explore nature. Cycling tourism offers many opportunities, including experience with the local community, cycling tours on unpaved roads, getting to know new places and destinations, as well as new opportunities that come with e-bikes. This is just the beginning of an exciting cycling season in Herzegovina\", said Toni Zori\u0107, president of the HerzegovinaBike association.<\/p>\n\n\n\n<div class=\"wp-block-columns is-layout-flex wp-container-core-columns-is-layout-9d6595d7 wp-block-columns-is-layout-flex\">\n<div class=\"wp-block-column is-layout-flow wp-block-column-is-layout-flow\">\n<figure class=\"wp-block-image size-large\"><img loading=\"lazy\" decoding=\"async\" width=\"1024\" height=\"682\" src=\"https:\/\/www.herzegovinabike.ba\/wp-content\/uploads\/2024\/03\/Upoznaj-Hercegovinu7-1024x682.jpeg\" alt=\"\" class=\"wp-image-13685\" srcset=\"https:\/\/www.herzegovinabike.ba\/wp-content\/uploads\/2024\/03\/Upoznaj-Hercegovinu7-1024x682.jpeg 1024w, https:\/\/www.herzegovinabike.ba\/wp-content\/uploads\/2024\/03\/Upoznaj-Hercegovinu7-600x400.jpeg 600w, https:\/\/www.herzegovinabike.ba\/wp-content\/uploads\/2024\/03\/Upoznaj-Hercegovinu7-300x200.jpeg 300w, https:\/\/www.herzegovinabike.ba\/wp-content\/uploads\/2024\/03\/Upoznaj-Hercegovinu7-768x512.jpeg 768w, https:\/\/www.herzegovinabike.ba\/wp-content\/uploads\/2024\/03\/Upoznaj-Hercegovinu7-18x12.jpeg 18w, https:\/\/www.herzegovinabike.ba\/wp-content\/uploads\/2024\/03\/Upoznaj-Hercegovinu7.jpeg 1472w\" sizes=\"auto, (max-width: 1024px) 100vw, 1024px\" \/><\/figure>\n<\/div>\n\n\n\n<div class=\"wp-block-column is-layout-flow wp-block-column-is-layout-flow\">\n<figure class=\"wp-block-image size-large\"><img loading=\"lazy\" decoding=\"async\" width=\"1024\" height=\"683\" src=\"https:\/\/www.herzegovinabike.ba\/wp-content\/uploads\/2024\/03\/Upoznaj-Hercegovinu5-1024x683.jpeg\" alt=\"\" class=\"wp-image-13688\" srcset=\"https:\/\/www.herzegovinabike.ba\/wp-content\/uploads\/2024\/03\/Upoznaj-Hercegovinu5-1024x683.jpeg 1024w, https:\/\/www.herzegovinabike.ba\/wp-content\/uploads\/2024\/03\/Upoznaj-Hercegovinu5-600x400.jpeg 600w, https:\/\/www.herzegovinabike.ba\/wp-content\/uploads\/2024\/03\/Upoznaj-Hercegovinu5-300x200.jpeg 300w, https:\/\/www.herzegovinabike.ba\/wp-content\/uploads\/2024\/03\/Upoznaj-Hercegovinu5-768x512.jpeg 768w, https:\/\/www.herzegovinabike.ba\/wp-content\/uploads\/2024\/03\/Upoznaj-Hercegovinu5-1536x1024.jpeg 1536w, https:\/\/www.herzegovinabike.ba\/wp-content\/uploads\/2024\/03\/Upoznaj-Hercegovinu5-18x12.jpeg 18w, https:\/\/www.herzegovinabike.ba\/wp-content\/uploads\/2024\/03\/Upoznaj-Hercegovinu5-1500x1000.jpeg 1500w, https:\/\/www.herzegovinabike.ba\/wp-content\/uploads\/2024\/03\/Upoznaj-Hercegovinu5.jpeg 1600w\" sizes=\"auto, (max-width: 1024px) 100vw, 1024px\" \/><\/figure>\n<\/div>\n<\/div>\n\n\n\n<p>Another spectacular event awaits us next Sunday - <a href=\"https:\/\/www.herzegovinabike.ba\/en\/event\/biciklijada-cirinom-prugom-mostar-pocitelj\/\">cycling event \u0106iro Trail<\/a>, which will once again attract hundreds of participants from the region. We invite all cycling enthusiasts to join this extraordinary event. There is no better way to enjoy Saturday's half-marathon in Mostar, and then on Sunday to get to know the southern part of Herzegovina and the \u0106iro railway on a relaxed bike ride to \u010capljina.<\/p>\n\n\n\n<figure class=\"wp-block-embed aligncenter is-type-wp-embed is-provider-herzegovinabike wp-block-embed-herzegovinabike\"><div class=\"wp-block-embed__wrapper\">\n<blockquote class=\"wp-embedded-content\" data-secret=\"XsgZqEWASX\"><a href=\"https:\/\/www.herzegovinabike.ba\/en\/event\/biciklijada-cirinom-prugom-mostar-pocitelj\/\">Cycling event: Ciro Trail Mostar - Po\u010ditelj<\/a><\/blockquote><iframe loading=\"lazy\" class=\"wp-embedded-content\" sandbox=\"allow-scripts\" security=\"restricted\" style=\"position: absolute; clip: rect(1px, 1px, 1px, 1px);\" title=\"&#8220;Biciklijada \u0106irinom Prugom Mostar \u2013 Po\u010ditelj&#8221; &#8212; HerzegovinaBike\" src=\"https:\/\/www.herzegovinabike.ba\/event\/biciklijada-cirinom-prugom-mostar-pocitelj\/embed\/#?secret=n407oyr6iK#?secret=XsgZqEWASX\" data-secret=\"XsgZqEWASX\" width=\"600\" height=\"338\" frameborder=\"0\" marginwidth=\"0\" marginheight=\"0\" scrolling=\"no\"><\/iframe>\n<\/div><figcaption class=\"wp-element-caption\"><em>Register for the \u0106iro bicycle race Mostar - Po\u010ditelj \ud83d\ude82 \ud83d\udeb4\u200d\u2640\ufe0f\ud83d\udeb4\u200d\u2642\ufe0f<\/em><\/figcaption><\/figure>\n\n\n\n<p>The organizers of the \"Meet Herzegovina\" event were: Mostar Cycling Club, \u0160iroki Cycling Club, Posu\u0161je Cycling Club, Croatian Cycling Club Drinovci, Grude Cycling Club, Ljubu\u0161ki Cycling Club and \u010capljina Cycling Club.<br>The organizers would like to thank their sponsors: <a href=\"https:\/\/www.continental-tires.com\/\">Continental<\/a>, <a href=\"https:\/\/www.hteronet.ba\/privatni-korisnici\">HT Eronet<\/a> and <a href=\"https:\/\/www.apolo.ba\/\">\u0160koda Apolo Mostar<\/a>.<\/p>","protected":false},"excerpt":{"rendered":"<p>Vikend u Hercegovini protekao je u znaku biciklizma i cikloturizma. Hercegovina je bila doma\u0107inom stotinama biciklista iz Hrvatske, Srbije i svih dijelova Bosne i Hercegovine. Doga\u0111aj &#8220;Upoznaj Hercegovinu&#8221;, organiziran od strane udruge &#8220;HerzegovinaBike&#8221; u suradnji s hercegova\u010dkim klubovima iz Mostara, \u0160irokog, Posu\u0161ja, Drinovaca, Gruda, Ljubu\u0161kog i \u010capljine, pru\u017eio je sudionicima nezaboravan do\u017eivljaj spektakularnih krajolika, slikovite [&hellip;]<\/p>\n","protected":false},"author":2,"featured_media":13699,"comment_status":"closed","ping_status":"open","sticky":false,"template":"","format":"standard","meta":{"footnotes":""},"categories":[2],"tags":[],"class_list":["post-13681","post","type-post","status-publish","format-standard","has-post-thumbnail","hentry","category-blog"],"yoast_head":"<!-- This site is optimized with the Yoast SEO Premium plugin v21.5 (Yoast SEO v27.4) - https:\/\/yoast.com\/product\/yoast-seo-premium-wordpress\/ -->\n<title>Hercegovina otvorila cikloturisti\u010dku sezonu - HerzegovinaBike<\/title>\n<meta name=\"description\" content=\"Vikend u Hercegovini protekao je u znaku biciklizma i cikloturizma. Hercegovina je bila doma\u0107inom stotinama biciklista iz Hrvatske...\" \/>\n<meta name=\"robots\" content=\"index, follow, max-snippet:-1, max-image-preview:large, max-video-preview:-1\" \/>\n<link rel=\"canonical\" href=\"https:\/\/www.herzegovinabike.ba\/en\/hercegovina-otvorila-cikloturisticku-sezonu\/\" \/>\n<meta property=\"og:locale\" content=\"en_US\" \/>\n<meta property=\"og:type\" content=\"article\" \/>\n<meta property=\"og:title\" content=\"Hercegovina otvorila cikloturisti\u010dku sezonu\" \/>\n<meta property=\"og:description\" content=\"Vikend u Hercegovini protekao je u znaku biciklizma i cikloturizma. Hercegovina je bila doma\u0107inom stotinama biciklista iz Hrvatske...\" \/>\n<meta property=\"og:url\" content=\"https:\/\/www.herzegovinabike.ba\/en\/hercegovina-otvorila-cikloturisticku-sezonu\/\" \/>\n<meta property=\"og:site_name\" content=\"HerzegovinaBike\" \/>\n<meta property=\"article:publisher\" content=\"https:\/\/www.facebook.com\/HerzegovinaBike\" \/>\n<meta property=\"article:author\" content=\"https:\/\/www.facebook.com\/HerzegovinaBike\/\" \/>\n<meta property=\"article:published_time\" content=\"2024-03-18T08:00:13+00:00\" \/>\n<meta property=\"article:modified_time\" content=\"2025-06-24T20:12:14+00:00\" \/>\n<meta property=\"og:image\" content=\"https:\/\/www.herzegovinabike.ba\/wp-content\/uploads\/2024\/03\/Upoznaj-Hercegovinu-nalsovnica.jpg\" \/>\n\t<meta property=\"og:image:width\" content=\"1200\" \/>\n\t<meta property=\"og:image:height\" content=\"800\" \/>\n\t<meta property=\"og:image:type\" content=\"image\/jpeg\" \/>\n<meta name=\"author\" content=\"Herzegovina Bike\" \/>\n<meta name=\"twitter:card\" content=\"summary_large_image\" \/>\n<meta name=\"twitter:creator\" content=\"@https:\/\/twitter.com\/HerzegovinaBike\" \/>\n<meta name=\"twitter:label1\" content=\"Written by\" \/>\n\t<meta name=\"twitter:data1\" content=\"Herzegovina Bike\" \/>\n\t<meta name=\"twitter:label2\" content=\"Est. reading time\" \/>\n\t<meta name=\"twitter:data2\" content=\"5 minutes\" \/>\n<script type=\"application\/ld+json\" class=\"yoast-schema-graph\">{\"@context\":\"https:\\\/\\\/schema.org\",\"@graph\":[{\"@type\":\"Article\",\"@id\":\"https:\\\/\\\/www.herzegovinabike.ba\\\/hercegovina-otvorila-cikloturisticku-sezonu\\\/#article\",\"isPartOf\":{\"@id\":\"https:\\\/\\\/www.herzegovinabike.ba\\\/hercegovina-otvorila-cikloturisticku-sezonu\\\/\"},\"author\":{\"name\":\"Herzegovina Bike\",\"@id\":\"https:\\\/\\\/www.herzegovinabike.ba\\\/#\\\/schema\\\/person\\\/1161ca5c7a242dc0e69d24c0fb304ccb\"},\"headline\":\"Hercegovina otvorila cikloturisti\u010dku sezonu\",\"datePublished\":\"2024-03-18T08:00:13+00:00\",\"dateModified\":\"2025-06-24T20:12:14+00:00\",\"mainEntityOfPage\":{\"@id\":\"https:\\\/\\\/www.herzegovinabike.ba\\\/hercegovina-otvorila-cikloturisticku-sezonu\\\/\"},\"wordCount\":496,\"publisher\":{\"@id\":\"https:\\\/\\\/www.herzegovinabike.ba\\\/#organization\"},\"image\":{\"@id\":\"https:\\\/\\\/www.herzegovinabike.ba\\\/hercegovina-otvorila-cikloturisticku-sezonu\\\/#primaryimage\"},\"thumbnailUrl\":\"https:\\\/\\\/www.herzegovinabike.ba\\\/wp-content\\\/uploads\\\/2024\\\/03\\\/Upoznaj-Hercegovinu-nalsovnica.jpg\",\"articleSection\":[\"Blog\"],\"inLanguage\":\"en-US\"},{\"@type\":\"WebPage\",\"@id\":\"https:\\\/\\\/www.herzegovinabike.ba\\\/hercegovina-otvorila-cikloturisticku-sezonu\\\/\",\"url\":\"https:\\\/\\\/www.herzegovinabike.ba\\\/hercegovina-otvorila-cikloturisticku-sezonu\\\/\",\"name\":\"Hercegovina otvorila cikloturisti\u010dku sezonu - HerzegovinaBike\",\"isPartOf\":{\"@id\":\"https:\\\/\\\/www.herzegovinabike.ba\\\/#website\"},\"primaryImageOfPage\":{\"@id\":\"https:\\\/\\\/www.herzegovinabike.ba\\\/hercegovina-otvorila-cikloturisticku-sezonu\\\/#primaryimage\"},\"image\":{\"@id\":\"https:\\\/\\\/www.herzegovinabike.ba\\\/hercegovina-otvorila-cikloturisticku-sezonu\\\/#primaryimage\"},\"thumbnailUrl\":\"https:\\\/\\\/www.herzegovinabike.ba\\\/wp-content\\\/uploads\\\/2024\\\/03\\\/Upoznaj-Hercegovinu-nalsovnica.jpg\",\"datePublished\":\"2024-03-18T08:00:13+00:00\",\"dateModified\":\"2025-06-24T20:12:14+00:00\",\"description\":\"Vikend u Hercegovini protekao je u znaku biciklizma i cikloturizma. Hercegovina je bila doma\u0107inom stotinama biciklista iz Hrvatske...\",\"breadcrumb\":{\"@id\":\"https:\\\/\\\/www.herzegovinabike.ba\\\/hercegovina-otvorila-cikloturisticku-sezonu\\\/#breadcrumb\"},\"inLanguage\":\"en-US\",\"potentialAction\":[{\"@type\":\"ReadAction\",\"target\":[\"https:\\\/\\\/www.herzegovinabike.ba\\\/hercegovina-otvorila-cikloturisticku-sezonu\\\/\"]}]},{\"@type\":\"ImageObject\",\"inLanguage\":\"en-US\",\"@id\":\"https:\\\/\\\/www.herzegovinabike.ba\\\/hercegovina-otvorila-cikloturisticku-sezonu\\\/#primaryimage\",\"url\":\"https:\\\/\\\/www.herzegovinabike.ba\\\/wp-content\\\/uploads\\\/2024\\\/03\\\/Upoznaj-Hercegovinu-nalsovnica.jpg\",\"contentUrl\":\"https:\\\/\\\/www.herzegovinabike.ba\\\/wp-content\\\/uploads\\\/2024\\\/03\\\/Upoznaj-Hercegovinu-nalsovnica.jpg\",\"width\":1200,\"height\":800},{\"@type\":\"BreadcrumbList\",\"@id\":\"https:\\\/\\\/www.herzegovinabike.ba\\\/hercegovina-otvorila-cikloturisticku-sezonu\\\/#breadcrumb\",\"itemListElement\":[{\"@type\":\"ListItem\",\"position\":1,\"name\":\"Po\u010detna stranica\",\"item\":\"https:\\\/\\\/www.herzegovinabike.ba\\\/\"},{\"@type\":\"ListItem\",\"position\":2,\"name\":\"Hercegovina otvorila cikloturisti\u010dku sezonu\"}]},{\"@type\":\"WebSite\",\"@id\":\"https:\\\/\\\/www.herzegovinabike.ba\\\/#website\",\"url\":\"https:\\\/\\\/www.herzegovinabike.ba\\\/\",\"name\":\"HerzegovinaBike\",\"description\":\"Your place under the sun\",\"publisher\":{\"@id\":\"https:\\\/\\\/www.herzegovinabike.ba\\\/#organization\"},\"potentialAction\":[{\"@type\":\"SearchAction\",\"target\":{\"@type\":\"EntryPoint\",\"urlTemplate\":\"https:\\\/\\\/www.herzegovinabike.ba\\\/?s={search_term_string}\"},\"query-input\":{\"@type\":\"PropertyValueSpecification\",\"valueRequired\":true,\"valueName\":\"search_term_string\"}}],\"inLanguage\":\"en-US\"},{\"@type\":\"Organization\",\"@id\":\"https:\\\/\\\/www.herzegovinabike.ba\\\/#organization\",\"name\":\"Udruga HerzegovinaBike\",\"url\":\"https:\\\/\\\/www.herzegovinabike.ba\\\/\",\"logo\":{\"@type\":\"ImageObject\",\"inLanguage\":\"en-US\",\"@id\":\"https:\\\/\\\/www.herzegovinabike.ba\\\/#\\\/schema\\\/logo\\\/image\\\/\",\"url\":\"https:\\\/\\\/www.bike.herzegovinabike.ba\\\/wp-content\\\/uploads\\\/2023\\\/11\\\/herzegovina_bike_logo_horizontal.png\",\"contentUrl\":\"https:\\\/\\\/www.bike.herzegovinabike.ba\\\/wp-content\\\/uploads\\\/2023\\\/11\\\/herzegovina_bike_logo_horizontal.png\",\"width\":1757,\"height\":1061,\"caption\":\"Udruga HerzegovinaBike\"},\"image\":{\"@id\":\"https:\\\/\\\/www.herzegovinabike.ba\\\/#\\\/schema\\\/logo\\\/image\\\/\"},\"sameAs\":[\"https:\\\/\\\/www.facebook.com\\\/HerzegovinaBike\",\"https:\\\/\\\/www.instagram.com\\\/herzegovinabike\\\/\"]},{\"@type\":\"Person\",\"@id\":\"https:\\\/\\\/www.herzegovinabike.ba\\\/#\\\/schema\\\/person\\\/1161ca5c7a242dc0e69d24c0fb304ccb\",\"name\":\"Herzegovina Bike\",\"image\":{\"@type\":\"ImageObject\",\"inLanguage\":\"en-US\",\"@id\":\"https:\\\/\\\/secure.gravatar.com\\\/avatar\\\/236a03b53b73db89b68d17aa2f415bb2a2d3b326d0632f3a602c6c9cacba1ff0?s=96&d=mm&r=g\",\"url\":\"https:\\\/\\\/secure.gravatar.com\\\/avatar\\\/236a03b53b73db89b68d17aa2f415bb2a2d3b326d0632f3a602c6c9cacba1ff0?s=96&d=mm&r=g\",\"contentUrl\":\"https:\\\/\\\/secure.gravatar.com\\\/avatar\\\/236a03b53b73db89b68d17aa2f415bb2a2d3b326d0632f3a602c6c9cacba1ff0?s=96&d=mm&r=g\",\"caption\":\"Herzegovina Bike\"},\"description\":\"Udruga \u201cHerzegovinaBike\u201d je pokreta\u010d (i sredi\u0161te) razvoja biciklizma kao cikloturizma, rekreacije i sporta u Hercegovini. CILJ: Hercegovina kao vrhunska cikloturisti\u010dka destinacija. \u2705\",\"sameAs\":[\"https:\\\/\\\/www.herzegovinabike.ba\\\/\",\"https:\\\/\\\/www.facebook.com\\\/HerzegovinaBike\\\/\",\"https:\\\/\\\/www.instagram.com\\\/herzegovinabike\\\/\",\"https:\\\/\\\/www.linkedin.com\\\/in\\\/herzegovina-bike-ba605a29b\\\/\",\"https:\\\/\\\/x.com\\\/https:\\\/\\\/twitter.com\\\/HerzegovinaBike\",\"https:\\\/\\\/www.youtube.com\\\/channel\\\/UCOFGFUHmcGVzVHD9WgOGTrA\"],\"url\":\"https:\\\/\\\/www.herzegovinabike.ba\\\/en\\\/author\\\/toni\\\/\"}]}<\/script>\n<!-- \/ Yoast SEO Premium plugin. -->","yoast_head_json":{"title":"Hercegovina otvorila cikloturisti\u010dku sezonu - HerzegovinaBike","description":"Vikend u Hercegovini protekao je u znaku biciklizma i cikloturizma. Hercegovina je bila doma\u0107inom stotinama biciklista iz Hrvatske...","robots":{"index":"index","follow":"follow","max-snippet":"max-snippet:-1","max-image-preview":"max-image-preview:large","max-video-preview":"max-video-preview:-1"},"canonical":"https:\/\/www.herzegovinabike.ba\/en\/hercegovina-otvorila-cikloturisticku-sezonu\/","og_locale":"en_US","og_type":"article","og_title":"Hercegovina otvorila cikloturisti\u010dku sezonu","og_description":"Vikend u Hercegovini protekao je u znaku biciklizma i cikloturizma. Hercegovina je bila doma\u0107inom stotinama biciklista iz Hrvatske...","og_url":"https:\/\/www.herzegovinabike.ba\/en\/hercegovina-otvorila-cikloturisticku-sezonu\/","og_site_name":"HerzegovinaBike","article_publisher":"https:\/\/www.facebook.com\/HerzegovinaBike","article_author":"https:\/\/www.facebook.com\/HerzegovinaBike\/","article_published_time":"2024-03-18T08:00:13+00:00","article_modified_time":"2025-06-24T20:12:14+00:00","og_image":[{"width":1200,"height":800,"url":"https:\/\/www.herzegovinabike.ba\/wp-content\/uploads\/2024\/03\/Upoznaj-Hercegovinu-nalsovnica.jpg","type":"image\/jpeg"}],"author":"Herzegovina Bike","twitter_card":"summary_large_image","twitter_creator":"@https:\/\/twitter.com\/HerzegovinaBike","twitter_misc":{"Written by":"Herzegovina Bike","Est. reading time":"5 minutes"},"schema":{"@context":"https:\/\/schema.org","@graph":[{"@type":"Article","@id":"https:\/\/www.herzegovinabike.ba\/hercegovina-otvorila-cikloturisticku-sezonu\/#article","isPartOf":{"@id":"https:\/\/www.herzegovinabike.ba\/hercegovina-otvorila-cikloturisticku-sezonu\/"},"author":{"name":"Herzegovina Bike","@id":"https:\/\/www.herzegovinabike.ba\/#\/schema\/person\/1161ca5c7a242dc0e69d24c0fb304ccb"},"headline":"Hercegovina otvorila cikloturisti\u010dku sezonu","datePublished":"2024-03-18T08:00:13+00:00","dateModified":"2025-06-24T20:12:14+00:00","mainEntityOfPage":{"@id":"https:\/\/www.herzegovinabike.ba\/hercegovina-otvorila-cikloturisticku-sezonu\/"},"wordCount":496,"publisher":{"@id":"https:\/\/www.herzegovinabike.ba\/#organization"},"image":{"@id":"https:\/\/www.herzegovinabike.ba\/hercegovina-otvorila-cikloturisticku-sezonu\/#primaryimage"},"thumbnailUrl":"https:\/\/www.herzegovinabike.ba\/wp-content\/uploads\/2024\/03\/Upoznaj-Hercegovinu-nalsovnica.jpg","articleSection":["Blog"],"inLanguage":"en-US"},{"@type":"WebPage","@id":"https:\/\/www.herzegovinabike.ba\/hercegovina-otvorila-cikloturisticku-sezonu\/","url":"https:\/\/www.herzegovinabike.ba\/hercegovina-otvorila-cikloturisticku-sezonu\/","name":"Hercegovina otvorila cikloturisti\u010dku sezonu - HerzegovinaBike","isPartOf":{"@id":"https:\/\/www.herzegovinabike.ba\/#website"},"primaryImageOfPage":{"@id":"https:\/\/www.herzegovinabike.ba\/hercegovina-otvorila-cikloturisticku-sezonu\/#primaryimage"},"image":{"@id":"https:\/\/www.herzegovinabike.ba\/hercegovina-otvorila-cikloturisticku-sezonu\/#primaryimage"},"thumbnailUrl":"https:\/\/www.herzegovinabike.ba\/wp-content\/uploads\/2024\/03\/Upoznaj-Hercegovinu-nalsovnica.jpg","datePublished":"2024-03-18T08:00:13+00:00","dateModified":"2025-06-24T20:12:14+00:00","description":"Vikend u Hercegovini protekao je u znaku biciklizma i cikloturizma. Hercegovina je bila doma\u0107inom stotinama biciklista iz Hrvatske...","breadcrumb":{"@id":"https:\/\/www.herzegovinabike.ba\/hercegovina-otvorila-cikloturisticku-sezonu\/#breadcrumb"},"inLanguage":"en-US","potentialAction":[{"@type":"ReadAction","target":["https:\/\/www.herzegovinabike.ba\/hercegovina-otvorila-cikloturisticku-sezonu\/"]}]},{"@type":"ImageObject","inLanguage":"en-US","@id":"https:\/\/www.herzegovinabike.ba\/hercegovina-otvorila-cikloturisticku-sezonu\/#primaryimage","url":"https:\/\/www.herzegovinabike.ba\/wp-content\/uploads\/2024\/03\/Upoznaj-Hercegovinu-nalsovnica.jpg","contentUrl":"https:\/\/www.herzegovinabike.ba\/wp-content\/uploads\/2024\/03\/Upoznaj-Hercegovinu-nalsovnica.jpg","width":1200,"height":800},{"@type":"BreadcrumbList","@id":"https:\/\/www.herzegovinabike.ba\/hercegovina-otvorila-cikloturisticku-sezonu\/#breadcrumb","itemListElement":[{"@type":"ListItem","position":1,"name":"Po\u010detna stranica","item":"https:\/\/www.herzegovinabike.ba\/"},{"@type":"ListItem","position":2,"name":"Hercegovina otvorila cikloturisti\u010dku sezonu"}]},{"@type":"WebSite","@id":"https:\/\/www.herzegovinabike.ba\/#website","url":"https:\/\/www.herzegovinabike.ba\/","name":"HerzegovinaBike","description":"Your place under the sun","publisher":{"@id":"https:\/\/www.herzegovinabike.ba\/#organization"},"potentialAction":[{"@type":"SearchAction","target":{"@type":"EntryPoint","urlTemplate":"https:\/\/www.herzegovinabike.ba\/?s={search_term_string}"},"query-input":{"@type":"PropertyValueSpecification","valueRequired":true,"valueName":"search_term_string"}}],"inLanguage":"en-US"},{"@type":"Organization","@id":"https:\/\/www.herzegovinabike.ba\/#organization","name":"Association HerzegovinaBike","url":"https:\/\/www.herzegovinabike.ba\/","logo":{"@type":"ImageObject","inLanguage":"en-US","@id":"https:\/\/www.herzegovinabike.ba\/#\/schema\/logo\/image\/","url":"https:\/\/www.bike.herzegovinabike.ba\/wp-content\/uploads\/2023\/11\/herzegovina_bike_logo_horizontal.png","contentUrl":"https:\/\/www.bike.herzegovinabike.ba\/wp-content\/uploads\/2023\/11\/herzegovina_bike_logo_horizontal.png","width":1757,"height":1061,"caption":"Udruga HerzegovinaBike"},"image":{"@id":"https:\/\/www.herzegovinabike.ba\/#\/schema\/logo\/image\/"},"sameAs":["https:\/\/www.facebook.com\/HerzegovinaBike","https:\/\/www.instagram.com\/herzegovinabike\/"]},{"@type":"Person","@id":"https:\/\/www.herzegovinabike.ba\/#\/schema\/person\/1161ca5c7a242dc0e69d24c0fb304ccb","name":"Herzegovina Bike","image":{"@type":"ImageObject","inLanguage":"en-US","@id":"https:\/\/secure.gravatar.com\/avatar\/236a03b53b73db89b68d17aa2f415bb2a2d3b326d0632f3a602c6c9cacba1ff0?s=96&d=mm&r=g","url":"https:\/\/secure.gravatar.com\/avatar\/236a03b53b73db89b68d17aa2f415bb2a2d3b326d0632f3a602c6c9cacba1ff0?s=96&d=mm&r=g","contentUrl":"https:\/\/secure.gravatar.com\/avatar\/236a03b53b73db89b68d17aa2f415bb2a2d3b326d0632f3a602c6c9cacba1ff0?s=96&d=mm&r=g","caption":"Herzegovina Bike"},"description":"Udruga \u201cHerzegovinaBike\u201d je pokreta\u010d (i sredi\u0161te) razvoja biciklizma kao cikloturizma, rekreacije i sporta u Hercegovini. CILJ: Hercegovina kao vrhunska cikloturisti\u010dka destinacija. \u2705","sameAs":["https:\/\/www.herzegovinabike.ba\/","https:\/\/www.facebook.com\/HerzegovinaBike\/","https:\/\/www.instagram.com\/herzegovinabike\/","https:\/\/www.linkedin.com\/in\/herzegovina-bike-ba605a29b\/","https:\/\/x.com\/https:\/\/twitter.com\/HerzegovinaBike","https:\/\/www.youtube.com\/channel\/UCOFGFUHmcGVzVHD9WgOGTrA"],"url":"https:\/\/www.herzegovinabike.ba\/en\/author\/toni\/"}]}},"_links":{"self":[{"href":"https:\/\/www.herzegovinabike.ba\/en\/wp-json\/wp\/v2\/posts\/13681","targetHints":{"allow":["GET"]}}],"collection":[{"href":"https:\/\/www.herzegovinabike.ba\/en\/wp-json\/wp\/v2\/posts"}],"about":[{"href":"https:\/\/www.herzegovinabike.ba\/en\/wp-json\/wp\/v2\/types\/post"}],"author":[{"embeddable":true,"href":"https:\/\/www.herzegovinabike.ba\/en\/wp-json\/wp\/v2\/users\/2"}],"replies":[{"embeddable":true,"href":"https:\/\/www.herzegovinabike.ba\/en\/wp-json\/wp\/v2\/comments?post=13681"}],"version-history":[{"count":5,"href":"https:\/\/www.herzegovinabike.ba\/en\/wp-json\/wp\/v2\/posts\/13681\/revisions"}],"predecessor-version":[{"id":18198,"href":"https:\/\/www.herzegovinabike.ba\/en\/wp-json\/wp\/v2\/posts\/13681\/revisions\/18198"}],"wp:featuredmedia":[{"embeddable":true,"href":"https:\/\/www.herzegovinabike.ba\/en\/wp-json\/wp\/v2\/media\/13699"}],"wp:attachment":[{"href":"https:\/\/www.herzegovinabike.ba\/en\/wp-json\/wp\/v2\/media?parent=13681"}],"wp:term":[{"taxonomy":"category","embeddable":true,"href":"https:\/\/www.herzegovinabike.ba\/en\/wp-json\/wp\/v2\/categories?post=13681"},{"taxonomy":"post_tag","embeddable":true,"href":"https:\/\/www.herzegovinabike.ba\/en\/wp-json\/wp\/v2\/tags?post=13681"}],"curies":[{"name":"wp","href":"https:\/\/api.w.org\/{rel}","templated":true}]}}