{"id":14069,"date":"2024-04-15T10:39:47","date_gmt":"2024-04-15T08:39:47","guid":{"rendered":"https:\/\/www.herzegovinabike.ba\/?p=14069"},"modified":"2025-06-24T22:12:13","modified_gmt":"2025-06-24T20:12:13","slug":"preko-200-sudionika-na-ciro-biciklijadi-od-mostara-do-pocitelja","status":"publish","type":"post","link":"https:\/\/www.herzegovinabike.ba\/en\/preko-200-sudionika-na-ciro-biciklijadi-od-mostara-do-pocitelja\/","title":{"rendered":"Over 200 participants in the \u0106iro bicycle race from Mostar to Po\u010ditelje"},"content":{"rendered":"<div style=\"height:40px\" aria-hidden=\"true\" class=\"wp-block-spacer\"><\/div>\n\n\n\n<p>Another, according to the participants' statements, a perfect \u0106iro event was organized on Sunday, April 14, 2024, when more than 250 participants of the \u0106iro bike ride from Mostar to Po\u010ditel gathered in front of the Croatian Home of Herceg Stjepan Kosa\u010d.<\/p>\n\n\n\n<figure class=\"wp-block-embed aligncenter is-type-video is-provider-youtube wp-block-embed-youtube wp-embed-aspect-16-9 wp-has-aspect-ratio\"><div class=\"wp-block-embed__wrapper\">\n<iframe loading=\"lazy\" title=\"\u0106iro biciklijada u Mostaru\" width=\"1150\" height=\"647\" src=\"https:\/\/www.youtube.com\/embed\/xo57BW3sWAI?feature=oembed\" frameborder=\"0\" allow=\"accelerometer; autoplay; clipboard-write; encrypted-media; gyroscope; picture-in-picture; web-share\" referrerpolicy=\"strict-origin-when-cross-origin\" allowfullscreen><\/iframe>\n<\/div><\/figure>\n\n\n\n<p>The bike ride follows the route where \u0106iro traveled in the past on the section from Mostar to \u010capljina, with the addition of a visit to Blagaj.<\/p>\n\n\n\n<p>\u201e<em>Na\u0161im gostima koji su ovog vikenda pohrlili u Mostar iz cijele regije predstavili smo Mostar,&nbsp; biciklirali pokraj Starog mosta, UNESCO-va svjetskoj ba\u0161tini koji je, kada je izgra\u0111en, bio je najve\u0107a lu\u010dna konstrukcija na svijetu. Nakon toga biciklijada se nastavila prema naselju Blagaj, gdje se nalazi izvor Bune, koji je najve\u0107i kr\u0161ki izvor u Europi (Vrelo Bune), pro\u0161li smo pokraj manastira \u017ditomisli\u0107i gdje smo imali i jednu malu okrijepnu zonu, te smo posjetili \u010capljinu i stari grad Po\u010ditelj. Biciklijada se zavr\u0161ila u restoranu Storia gdje smo pripremili obroke za sve sudionike doga\u0111aja<\/em>\", commented <strong>Toni Zori\u0107<\/strong>, President of the HerzegovinaBike association.<\/p>\n\n\n\n<div class=\"wp-block-columns is-layout-flex wp-container-core-columns-is-layout-9d6595d7 wp-block-columns-is-layout-flex\">\n<div class=\"wp-block-column is-layout-flow wp-block-column-is-layout-flow\">\n<figure class=\"wp-block-image size-large\"><img loading=\"lazy\" decoding=\"async\" width=\"1024\" height=\"770\" src=\"https:\/\/www.herzegovinabike.ba\/wp-content\/uploads\/2024\/04\/Ciro-Mostar-Pocitelj-slika-3-1024x770.jpg\" alt=\"\" class=\"wp-image-14072\" srcset=\"https:\/\/www.herzegovinabike.ba\/wp-content\/uploads\/2024\/04\/Ciro-Mostar-Pocitelj-slika-3-1024x770.jpg 1024w, https:\/\/www.herzegovinabike.ba\/wp-content\/uploads\/2024\/04\/Ciro-Mostar-Pocitelj-slika-3-600x451.jpg 600w, https:\/\/www.herzegovinabike.ba\/wp-content\/uploads\/2024\/04\/Ciro-Mostar-Pocitelj-slika-3-300x226.jpg 300w, https:\/\/www.herzegovinabike.ba\/wp-content\/uploads\/2024\/04\/Ciro-Mostar-Pocitelj-slika-3-768x577.jpg 768w, https:\/\/www.herzegovinabike.ba\/wp-content\/uploads\/2024\/04\/Ciro-Mostar-Pocitelj-slika-3-16x12.jpg 16w, https:\/\/www.herzegovinabike.ba\/wp-content\/uploads\/2024\/04\/Ciro-Mostar-Pocitelj-slika-3.jpg 1200w\" sizes=\"auto, (max-width: 1024px) 100vw, 1024px\" \/><\/figure>\n<\/div>\n\n\n\n<div class=\"wp-block-column is-layout-flow wp-block-column-is-layout-flow\">\n<figure class=\"wp-block-image size-large\"><img loading=\"lazy\" decoding=\"async\" width=\"1024\" height=\"771\" src=\"https:\/\/www.herzegovinabike.ba\/wp-content\/uploads\/2024\/04\/Ciro-Mostar-Pocitelj-slika-1-1024x771.jpg\" alt=\"\" class=\"wp-image-14070\" srcset=\"https:\/\/www.herzegovinabike.ba\/wp-content\/uploads\/2024\/04\/Ciro-Mostar-Pocitelj-slika-1-1024x771.jpg 1024w, https:\/\/www.herzegovinabike.ba\/wp-content\/uploads\/2024\/04\/Ciro-Mostar-Pocitelj-slika-1-600x452.jpg 600w, https:\/\/www.herzegovinabike.ba\/wp-content\/uploads\/2024\/04\/Ciro-Mostar-Pocitelj-slika-1-300x226.jpg 300w, https:\/\/www.herzegovinabike.ba\/wp-content\/uploads\/2024\/04\/Ciro-Mostar-Pocitelj-slika-1-768x578.jpg 768w, https:\/\/www.herzegovinabike.ba\/wp-content\/uploads\/2024\/04\/Ciro-Mostar-Pocitelj-slika-1-16x12.jpg 16w, https:\/\/www.herzegovinabike.ba\/wp-content\/uploads\/2024\/04\/Ciro-Mostar-Pocitelj-slika-1.jpg 1200w\" sizes=\"auto, (max-width: 1024px) 100vw, 1024px\" \/><\/figure>\n<\/div>\n<\/div>\n\n\n\n<p>\u201e<em>And that is the best thing about these cycle tourism events, which bring together whole families, children and parents, people of all age categories, who enjoy an active weekend, socializing outdoors while at the same time getting to know the country as a destination, all its tourist potential, natural resources, connecting homemade food and tasting of local specialties. On top of that, you have an organic reach on social networks where 250 people will share pictures from Herzegovina, promote our country and write how they had a great time and recommend a visit. This is exactly what we want when we present a touristic destination. There is nothing better than that<\/em>\", Zori\u0107 added.<\/p>\n\n\n\n<p>It should be noted that last year this cycling event recorded a record number of 360 participants, but due to an earlier postponement due to bad weather forecast and several events that took place in the surrounding area on the same day, in 2024 that number was reduced to 250 participants, which is still an enviable number.<\/p>\n\n\n\n<div class=\"wp-block-columns is-layout-flex wp-container-core-columns-is-layout-9d6595d7 wp-block-columns-is-layout-flex\">\n<div class=\"wp-block-column is-layout-flow wp-block-column-is-layout-flow\">\n<figure class=\"wp-block-image size-large\"><img loading=\"lazy\" decoding=\"async\" width=\"1024\" height=\"770\" src=\"https:\/\/www.herzegovinabike.ba\/wp-content\/uploads\/2024\/04\/Ciro-Mostar-Pocitelj-slika-2-1024x770.jpg\" alt=\"\" class=\"wp-image-14071\" srcset=\"https:\/\/www.herzegovinabike.ba\/wp-content\/uploads\/2024\/04\/Ciro-Mostar-Pocitelj-slika-2-1024x770.jpg 1024w, https:\/\/www.herzegovinabike.ba\/wp-content\/uploads\/2024\/04\/Ciro-Mostar-Pocitelj-slika-2-600x451.jpg 600w, https:\/\/www.herzegovinabike.ba\/wp-content\/uploads\/2024\/04\/Ciro-Mostar-Pocitelj-slika-2-300x226.jpg 300w, https:\/\/www.herzegovinabike.ba\/wp-content\/uploads\/2024\/04\/Ciro-Mostar-Pocitelj-slika-2-768x577.jpg 768w, https:\/\/www.herzegovinabike.ba\/wp-content\/uploads\/2024\/04\/Ciro-Mostar-Pocitelj-slika-2-16x12.jpg 16w, https:\/\/www.herzegovinabike.ba\/wp-content\/uploads\/2024\/04\/Ciro-Mostar-Pocitelj-slika-2.jpg 1200w\" sizes=\"auto, (max-width: 1024px) 100vw, 1024px\" \/><\/figure>\n<\/div>\n\n\n\n<div class=\"wp-block-column is-layout-flow wp-block-column-is-layout-flow\">\n<figure class=\"wp-block-image size-large\"><img loading=\"lazy\" decoding=\"async\" width=\"1024\" height=\"769\" src=\"https:\/\/www.herzegovinabike.ba\/wp-content\/uploads\/2024\/04\/Ciro-Mostar-Pocitelj-slika-5-1024x769.jpg\" alt=\"\" class=\"wp-image-14074\" srcset=\"https:\/\/www.herzegovinabike.ba\/wp-content\/uploads\/2024\/04\/Ciro-Mostar-Pocitelj-slika-5-1024x769.jpg 1024w, https:\/\/www.herzegovinabike.ba\/wp-content\/uploads\/2024\/04\/Ciro-Mostar-Pocitelj-slika-5-600x451.jpg 600w, https:\/\/www.herzegovinabike.ba\/wp-content\/uploads\/2024\/04\/Ciro-Mostar-Pocitelj-slika-5-300x225.jpg 300w, https:\/\/www.herzegovinabike.ba\/wp-content\/uploads\/2024\/04\/Ciro-Mostar-Pocitelj-slika-5-768x577.jpg 768w, https:\/\/www.herzegovinabike.ba\/wp-content\/uploads\/2024\/04\/Ciro-Mostar-Pocitelj-slika-5-16x12.jpg 16w, https:\/\/www.herzegovinabike.ba\/wp-content\/uploads\/2024\/04\/Ciro-Mostar-Pocitelj-slika-5.jpg 1200w\" sizes=\"auto, (max-width: 1024px) 100vw, 1024px\" \/><\/figure>\n<\/div>\n<\/div>\n\n\n\n<p>Velika pozornost bila je usmjerena na sigurnost svih sudionika,\u00a0 tako da se ovim putem organiziatori zahvaljuju <strong><a href=\"https:\/\/www.muphnk.ba\/\" target=\"_blank\" rel=\"noreferrer noopener\">To the Ministry of Internal Affairs HN\u017d\/K<\/a><\/strong> na besprijekorno obavljenom poslu policijske pratnje, dok\u00a0 su sudionici biciklijade cijelo vrijeme na raspolaganju imali 8 volontera, iskusnih biciklista koji su tijekom bicikliranja pazili na sigurnost svih sudionika i pobrinuli za svaku nepredvi\u0111enu situaciju po pitanju servisiranja bicikla ili pru\u017eanja prve pomo\u0107i, te ih uklanjali u najkra\u0107em roku.<\/p>\n\n\n\n<p><strong>Influencers as increased promotion<\/strong><\/p>\n\n\n\n<p>The news in 2024 is that the HercegovinaBike Association has turned to cooperation with influencers and digital nomads, who have a very large number of followers on their social networks, and travel the world and present their followers with the destinations they come to.<\/p>\n\n\n\n<p>\u201e<em>We see this as another big step forward in the promotion of cyclotourism in our country. Earlier, we wrote and addressed a large number of digital nomads, and invited them to our country in order to show them that we are good hosts and present our country as a cycling destination. And a large part of them showed interest and scheduled their arrival in their calendars. There is currently a girl from Canada in Mostar who participated in the \u0106iro bicycle tour and promoted everything we presented on Sunday. We have been following her posts and the reactions are astounding. In addition to promotion, we as an association learned a lot from her and received useful tips regarding promotion on our social channels, so I can already say that this was a complete hit and we are happy that we started in this direction of promotion<\/em>\", commented Zori\u0107.<\/p>\n\n\n<div class=\"wp-block-image\">\n<figure class=\"aligncenter size-large\"><img loading=\"lazy\" decoding=\"async\" width=\"1024\" height=\"769\" src=\"https:\/\/www.herzegovinabike.ba\/wp-content\/uploads\/2024\/04\/Ciro-Mostar-Pocitelj-slika-4-1024x769.jpg\" alt=\"\" class=\"wp-image-14073\" srcset=\"https:\/\/www.herzegovinabike.ba\/wp-content\/uploads\/2024\/04\/Ciro-Mostar-Pocitelj-slika-4-1024x769.jpg 1024w, https:\/\/www.herzegovinabike.ba\/wp-content\/uploads\/2024\/04\/Ciro-Mostar-Pocitelj-slika-4-600x451.jpg 600w, https:\/\/www.herzegovinabike.ba\/wp-content\/uploads\/2024\/04\/Ciro-Mostar-Pocitelj-slika-4-300x225.jpg 300w, https:\/\/www.herzegovinabike.ba\/wp-content\/uploads\/2024\/04\/Ciro-Mostar-Pocitelj-slika-4-768x577.jpg 768w, https:\/\/www.herzegovinabike.ba\/wp-content\/uploads\/2024\/04\/Ciro-Mostar-Pocitelj-slika-4-16x12.jpg 16w, https:\/\/www.herzegovinabike.ba\/wp-content\/uploads\/2024\/04\/Ciro-Mostar-Pocitelj-slika-4.jpg 1200w\" sizes=\"auto, (max-width: 1024px) 100vw, 1024px\" \/><\/figure>\n<\/div>\n\n\n<p>Next <a href=\"https:\/\/www.herzegovinabike.ba\/en\/event\/biciklijada-cirinom-prugom-hutovo-ravno-in-memoriam-niksa-vuletic\/\">\u0106iro cycling event from Hutovo to Ravno (Nik\u0161a Vuleti\u0107 memorial)<\/a>, is scheduled for Sunday 05\/05\/2024, and the organizers hereby invite you to book this day in your calendars for another beautiful cycling adventure. You can get more information about the following event <a href=\"https:\/\/www.herzegovinabike.ba\/en\/event\/biciklijada-cirinom-prugom-hutovo-ravno-in-memoriam-niksa-vuletic\/\"><strong>HERE (link)<\/strong><\/a>.<\/p>\n\n\n\n<p>The organizers would like to thank their friends and sponsors who supported the bicycle ride along the \u0106ira railway: General Patron - <a href=\"https:\/\/www.hteronet.ba\/privatni-korisnici\"><strong>HT Eronet<\/strong><\/a>; Friends <a href=\"https:\/\/www.mostar.ba\/\"><strong>City of Mostar<\/strong><\/a> and <a href=\"https:\/\/www.hercegovina.ba\/\"><strong>Tourist Board of HN\u017d\/K<\/strong><\/a>; and companies: <a href=\"https:\/\/www.continental-tires.com\/\"><strong>Continental Tires<\/strong><\/a><strong>, <\/strong><a href=\"https:\/\/www.apolo.ba\/\"><strong>\u0160koda Apolo<\/strong><\/a><strong>, <\/strong><a href=\"https:\/\/redah.ba\/\"><strong>Agencija REDAH<\/strong><\/a> and <a href=\"https:\/\/jabihcapriolo.com\/capriolo-sport-centar-mostar\"><strong>Capriolo SC Mostar<\/strong><\/a>.<\/p>","protected":false},"excerpt":{"rendered":"<p>Jo\u0161 jedan, po izjavama sudionika, savr\u0161en \u0106iro doga\u0111aj organiziran je u nedelju 14.04.2024 godine kada se pred Hrvatskim domom Herceg Stjepan Kosa\u010da okupilo vi\u0161e oko 250 sudionika \u0106iro biciklijade koja se kretala od Mostara do Po\u010ditelja. Biciklijada ide trasom kuda se u pro\u0161losti kretao \u0106iro na dionici od Mostara do \u010capljine, s dodatkom posjete Blagaju. [&hellip;]<\/p>\n","protected":false},"author":2,"featured_media":14075,"comment_status":"closed","ping_status":"open","sticky":false,"template":"","format":"standard","meta":{"footnotes":""},"categories":[2],"tags":[],"class_list":["post-14069","post","type-post","status-publish","format-standard","has-post-thumbnail","hentry","category-blog"],"yoast_head":"<!-- This site is optimized with the Yoast SEO Premium plugin v21.5 (Yoast SEO v27.4) - https:\/\/yoast.com\/product\/yoast-seo-premium-wordpress\/ -->\n<title>Preko 200 sudionika na \u0106iro biciklijadi od Mostara do Po\u010ditelja - HerzegovinaBike<\/title>\n<meta name=\"description\" content=\"Biciklijada ide trasom kuda se u pro\u0161losti kretao \u0106iro na dionici od Mostara do \u010capljine, s dodatkom posjete Blagaju...\" \/>\n<meta name=\"robots\" content=\"index, follow, max-snippet:-1, max-image-preview:large, max-video-preview:-1\" \/>\n<link rel=\"canonical\" href=\"https:\/\/www.herzegovinabike.ba\/en\/preko-200-sudionika-na-ciro-biciklijadi-od-mostara-do-pocitelja\/\" \/>\n<meta property=\"og:locale\" content=\"en_US\" \/>\n<meta property=\"og:type\" content=\"article\" \/>\n<meta property=\"og:title\" content=\"Preko 200 sudionika na \u0106iro biciklijadi od Mostara do Po\u010ditelja\" \/>\n<meta property=\"og:description\" content=\"Biciklijada ide trasom kuda se u pro\u0161losti kretao \u0106iro na dionici od Mostara do \u010capljine, s dodatkom posjete Blagaju...\" \/>\n<meta property=\"og:url\" content=\"https:\/\/www.herzegovinabike.ba\/en\/preko-200-sudionika-na-ciro-biciklijadi-od-mostara-do-pocitelja\/\" \/>\n<meta property=\"og:site_name\" content=\"HerzegovinaBike\" \/>\n<meta property=\"article:publisher\" content=\"https:\/\/www.facebook.com\/HerzegovinaBike\" \/>\n<meta property=\"article:author\" content=\"https:\/\/www.facebook.com\/HerzegovinaBike\/\" \/>\n<meta property=\"article:published_time\" content=\"2024-04-15T08:39:47+00:00\" \/>\n<meta property=\"article:modified_time\" content=\"2025-06-24T20:12:13+00:00\" \/>\n<meta property=\"og:image\" content=\"https:\/\/www.herzegovinabike.ba\/wp-content\/uploads\/2024\/04\/Ciro-Mostar-Pocitelj-slika-6.jpg\" \/>\n\t<meta property=\"og:image:width\" content=\"1200\" \/>\n\t<meta property=\"og:image:height\" content=\"900\" \/>\n\t<meta property=\"og:image:type\" content=\"image\/jpeg\" \/>\n<meta name=\"author\" content=\"Herzegovina Bike\" \/>\n<meta name=\"twitter:card\" content=\"summary_large_image\" \/>\n<meta name=\"twitter:creator\" content=\"@https:\/\/twitter.com\/HerzegovinaBike\" \/>\n<meta name=\"twitter:label1\" content=\"Written by\" \/>\n\t<meta name=\"twitter:data1\" content=\"Herzegovina Bike\" \/>\n\t<meta name=\"twitter:label2\" content=\"Est. reading time\" \/>\n\t<meta name=\"twitter:data2\" content=\"5 minutes\" \/>\n<script type=\"application\/ld+json\" class=\"yoast-schema-graph\">{\"@context\":\"https:\\\/\\\/schema.org\",\"@graph\":[{\"@type\":\"Article\",\"@id\":\"https:\\\/\\\/www.herzegovinabike.ba\\\/preko-200-sudionika-na-ciro-biciklijadi-od-mostara-do-pocitelja\\\/#article\",\"isPartOf\":{\"@id\":\"https:\\\/\\\/www.herzegovinabike.ba\\\/preko-200-sudionika-na-ciro-biciklijadi-od-mostara-do-pocitelja\\\/\"},\"author\":{\"name\":\"Herzegovina Bike\",\"@id\":\"https:\\\/\\\/www.herzegovinabike.ba\\\/#\\\/schema\\\/person\\\/1161ca5c7a242dc0e69d24c0fb304ccb\"},\"headline\":\"Preko 200 sudionika na \u0106iro biciklijadi od Mostara do Po\u010ditelja\",\"datePublished\":\"2024-04-15T08:39:47+00:00\",\"dateModified\":\"2025-06-24T20:12:13+00:00\",\"mainEntityOfPage\":{\"@id\":\"https:\\\/\\\/www.herzegovinabike.ba\\\/preko-200-sudionika-na-ciro-biciklijadi-od-mostara-do-pocitelja\\\/\"},\"wordCount\":700,\"publisher\":{\"@id\":\"https:\\\/\\\/www.herzegovinabike.ba\\\/#organization\"},\"image\":{\"@id\":\"https:\\\/\\\/www.herzegovinabike.ba\\\/preko-200-sudionika-na-ciro-biciklijadi-od-mostara-do-pocitelja\\\/#primaryimage\"},\"thumbnailUrl\":\"https:\\\/\\\/www.herzegovinabike.ba\\\/wp-content\\\/uploads\\\/2024\\\/04\\\/Ciro-Mostar-Pocitelj-slika-6.jpg\",\"articleSection\":[\"Blog\"],\"inLanguage\":\"en-US\"},{\"@type\":\"WebPage\",\"@id\":\"https:\\\/\\\/www.herzegovinabike.ba\\\/preko-200-sudionika-na-ciro-biciklijadi-od-mostara-do-pocitelja\\\/\",\"url\":\"https:\\\/\\\/www.herzegovinabike.ba\\\/preko-200-sudionika-na-ciro-biciklijadi-od-mostara-do-pocitelja\\\/\",\"name\":\"Preko 200 sudionika na \u0106iro biciklijadi od Mostara do Po\u010ditelja - HerzegovinaBike\",\"isPartOf\":{\"@id\":\"https:\\\/\\\/www.herzegovinabike.ba\\\/#website\"},\"primaryImageOfPage\":{\"@id\":\"https:\\\/\\\/www.herzegovinabike.ba\\\/preko-200-sudionika-na-ciro-biciklijadi-od-mostara-do-pocitelja\\\/#primaryimage\"},\"image\":{\"@id\":\"https:\\\/\\\/www.herzegovinabike.ba\\\/preko-200-sudionika-na-ciro-biciklijadi-od-mostara-do-pocitelja\\\/#primaryimage\"},\"thumbnailUrl\":\"https:\\\/\\\/www.herzegovinabike.ba\\\/wp-content\\\/uploads\\\/2024\\\/04\\\/Ciro-Mostar-Pocitelj-slika-6.jpg\",\"datePublished\":\"2024-04-15T08:39:47+00:00\",\"dateModified\":\"2025-06-24T20:12:13+00:00\",\"description\":\"Biciklijada ide trasom kuda se u pro\u0161losti kretao \u0106iro na dionici od Mostara do \u010capljine, s dodatkom posjete Blagaju...\",\"breadcrumb\":{\"@id\":\"https:\\\/\\\/www.herzegovinabike.ba\\\/preko-200-sudionika-na-ciro-biciklijadi-od-mostara-do-pocitelja\\\/#breadcrumb\"},\"inLanguage\":\"en-US\",\"potentialAction\":[{\"@type\":\"ReadAction\",\"target\":[\"https:\\\/\\\/www.herzegovinabike.ba\\\/preko-200-sudionika-na-ciro-biciklijadi-od-mostara-do-pocitelja\\\/\"]}]},{\"@type\":\"ImageObject\",\"inLanguage\":\"en-US\",\"@id\":\"https:\\\/\\\/www.herzegovinabike.ba\\\/preko-200-sudionika-na-ciro-biciklijadi-od-mostara-do-pocitelja\\\/#primaryimage\",\"url\":\"https:\\\/\\\/www.herzegovinabike.ba\\\/wp-content\\\/uploads\\\/2024\\\/04\\\/Ciro-Mostar-Pocitelj-slika-6.jpg\",\"contentUrl\":\"https:\\\/\\\/www.herzegovinabike.ba\\\/wp-content\\\/uploads\\\/2024\\\/04\\\/Ciro-Mostar-Pocitelj-slika-6.jpg\",\"width\":1200,\"height\":900},{\"@type\":\"BreadcrumbList\",\"@id\":\"https:\\\/\\\/www.herzegovinabike.ba\\\/preko-200-sudionika-na-ciro-biciklijadi-od-mostara-do-pocitelja\\\/#breadcrumb\",\"itemListElement\":[{\"@type\":\"ListItem\",\"position\":1,\"name\":\"Po\u010detna stranica\",\"item\":\"https:\\\/\\\/www.herzegovinabike.ba\\\/\"},{\"@type\":\"ListItem\",\"position\":2,\"name\":\"Preko 200 sudionika na \u0106iro biciklijadi od Mostara do Po\u010ditelja\"}]},{\"@type\":\"WebSite\",\"@id\":\"https:\\\/\\\/www.herzegovinabike.ba\\\/#website\",\"url\":\"https:\\\/\\\/www.herzegovinabike.ba\\\/\",\"name\":\"HerzegovinaBike\",\"description\":\"Your place under the sun\",\"publisher\":{\"@id\":\"https:\\\/\\\/www.herzegovinabike.ba\\\/#organization\"},\"potentialAction\":[{\"@type\":\"SearchAction\",\"target\":{\"@type\":\"EntryPoint\",\"urlTemplate\":\"https:\\\/\\\/www.herzegovinabike.ba\\\/?s={search_term_string}\"},\"query-input\":{\"@type\":\"PropertyValueSpecification\",\"valueRequired\":true,\"valueName\":\"search_term_string\"}}],\"inLanguage\":\"en-US\"},{\"@type\":\"Organization\",\"@id\":\"https:\\\/\\\/www.herzegovinabike.ba\\\/#organization\",\"name\":\"Udruga HerzegovinaBike\",\"url\":\"https:\\\/\\\/www.herzegovinabike.ba\\\/\",\"logo\":{\"@type\":\"ImageObject\",\"inLanguage\":\"en-US\",\"@id\":\"https:\\\/\\\/www.herzegovinabike.ba\\\/#\\\/schema\\\/logo\\\/image\\\/\",\"url\":\"https:\\\/\\\/www.bike.herzegovinabike.ba\\\/wp-content\\\/uploads\\\/2023\\\/11\\\/herzegovina_bike_logo_horizontal.png\",\"contentUrl\":\"https:\\\/\\\/www.bike.herzegovinabike.ba\\\/wp-content\\\/uploads\\\/2023\\\/11\\\/herzegovina_bike_logo_horizontal.png\",\"width\":1757,\"height\":1061,\"caption\":\"Udruga HerzegovinaBike\"},\"image\":{\"@id\":\"https:\\\/\\\/www.herzegovinabike.ba\\\/#\\\/schema\\\/logo\\\/image\\\/\"},\"sameAs\":[\"https:\\\/\\\/www.facebook.com\\\/HerzegovinaBike\",\"https:\\\/\\\/www.instagram.com\\\/herzegovinabike\\\/\"]},{\"@type\":\"Person\",\"@id\":\"https:\\\/\\\/www.herzegovinabike.ba\\\/#\\\/schema\\\/person\\\/1161ca5c7a242dc0e69d24c0fb304ccb\",\"name\":\"Herzegovina Bike\",\"image\":{\"@type\":\"ImageObject\",\"inLanguage\":\"en-US\",\"@id\":\"https:\\\/\\\/secure.gravatar.com\\\/avatar\\\/236a03b53b73db89b68d17aa2f415bb2a2d3b326d0632f3a602c6c9cacba1ff0?s=96&d=mm&r=g\",\"url\":\"https:\\\/\\\/secure.gravatar.com\\\/avatar\\\/236a03b53b73db89b68d17aa2f415bb2a2d3b326d0632f3a602c6c9cacba1ff0?s=96&d=mm&r=g\",\"contentUrl\":\"https:\\\/\\\/secure.gravatar.com\\\/avatar\\\/236a03b53b73db89b68d17aa2f415bb2a2d3b326d0632f3a602c6c9cacba1ff0?s=96&d=mm&r=g\",\"caption\":\"Herzegovina Bike\"},\"description\":\"Udruga \u201cHerzegovinaBike\u201d je pokreta\u010d (i sredi\u0161te) razvoja biciklizma kao cikloturizma, rekreacije i sporta u Hercegovini. CILJ: Hercegovina kao vrhunska cikloturisti\u010dka destinacija. \u2705\",\"sameAs\":[\"https:\\\/\\\/www.herzegovinabike.ba\\\/\",\"https:\\\/\\\/www.facebook.com\\\/HerzegovinaBike\\\/\",\"https:\\\/\\\/www.instagram.com\\\/herzegovinabike\\\/\",\"https:\\\/\\\/www.linkedin.com\\\/in\\\/herzegovina-bike-ba605a29b\\\/\",\"https:\\\/\\\/x.com\\\/https:\\\/\\\/twitter.com\\\/HerzegovinaBike\",\"https:\\\/\\\/www.youtube.com\\\/channel\\\/UCOFGFUHmcGVzVHD9WgOGTrA\"],\"url\":\"https:\\\/\\\/www.herzegovinabike.ba\\\/en\\\/author\\\/toni\\\/\"}]}<\/script>\n<!-- \/ Yoast SEO Premium plugin. -->","yoast_head_json":{"title":"Preko 200 sudionika na \u0106iro biciklijadi od Mostara do Po\u010ditelja - HerzegovinaBike","description":"Biciklijada ide trasom kuda se u pro\u0161losti kretao \u0106iro na dionici od Mostara do \u010capljine, s dodatkom posjete Blagaju...","robots":{"index":"index","follow":"follow","max-snippet":"max-snippet:-1","max-image-preview":"max-image-preview:large","max-video-preview":"max-video-preview:-1"},"canonical":"https:\/\/www.herzegovinabike.ba\/en\/preko-200-sudionika-na-ciro-biciklijadi-od-mostara-do-pocitelja\/","og_locale":"en_US","og_type":"article","og_title":"Preko 200 sudionika na \u0106iro biciklijadi od Mostara do Po\u010ditelja","og_description":"Biciklijada ide trasom kuda se u pro\u0161losti kretao \u0106iro na dionici od Mostara do \u010capljine, s dodatkom posjete Blagaju...","og_url":"https:\/\/www.herzegovinabike.ba\/en\/preko-200-sudionika-na-ciro-biciklijadi-od-mostara-do-pocitelja\/","og_site_name":"HerzegovinaBike","article_publisher":"https:\/\/www.facebook.com\/HerzegovinaBike","article_author":"https:\/\/www.facebook.com\/HerzegovinaBike\/","article_published_time":"2024-04-15T08:39:47+00:00","article_modified_time":"2025-06-24T20:12:13+00:00","og_image":[{"width":1200,"height":900,"url":"https:\/\/www.herzegovinabike.ba\/wp-content\/uploads\/2024\/04\/Ciro-Mostar-Pocitelj-slika-6.jpg","type":"image\/jpeg"}],"author":"Herzegovina Bike","twitter_card":"summary_large_image","twitter_creator":"@https:\/\/twitter.com\/HerzegovinaBike","twitter_misc":{"Written by":"Herzegovina Bike","Est. reading time":"5 minutes"},"schema":{"@context":"https:\/\/schema.org","@graph":[{"@type":"Article","@id":"https:\/\/www.herzegovinabike.ba\/preko-200-sudionika-na-ciro-biciklijadi-od-mostara-do-pocitelja\/#article","isPartOf":{"@id":"https:\/\/www.herzegovinabike.ba\/preko-200-sudionika-na-ciro-biciklijadi-od-mostara-do-pocitelja\/"},"author":{"name":"Herzegovina Bike","@id":"https:\/\/www.herzegovinabike.ba\/#\/schema\/person\/1161ca5c7a242dc0e69d24c0fb304ccb"},"headline":"Preko 200 sudionika na \u0106iro biciklijadi od Mostara do Po\u010ditelja","datePublished":"2024-04-15T08:39:47+00:00","dateModified":"2025-06-24T20:12:13+00:00","mainEntityOfPage":{"@id":"https:\/\/www.herzegovinabike.ba\/preko-200-sudionika-na-ciro-biciklijadi-od-mostara-do-pocitelja\/"},"wordCount":700,"publisher":{"@id":"https:\/\/www.herzegovinabike.ba\/#organization"},"image":{"@id":"https:\/\/www.herzegovinabike.ba\/preko-200-sudionika-na-ciro-biciklijadi-od-mostara-do-pocitelja\/#primaryimage"},"thumbnailUrl":"https:\/\/www.herzegovinabike.ba\/wp-content\/uploads\/2024\/04\/Ciro-Mostar-Pocitelj-slika-6.jpg","articleSection":["Blog"],"inLanguage":"en-US"},{"@type":"WebPage","@id":"https:\/\/www.herzegovinabike.ba\/preko-200-sudionika-na-ciro-biciklijadi-od-mostara-do-pocitelja\/","url":"https:\/\/www.herzegovinabike.ba\/preko-200-sudionika-na-ciro-biciklijadi-od-mostara-do-pocitelja\/","name":"Preko 200 sudionika na \u0106iro biciklijadi od Mostara do Po\u010ditelja - HerzegovinaBike","isPartOf":{"@id":"https:\/\/www.herzegovinabike.ba\/#website"},"primaryImageOfPage":{"@id":"https:\/\/www.herzegovinabike.ba\/preko-200-sudionika-na-ciro-biciklijadi-od-mostara-do-pocitelja\/#primaryimage"},"image":{"@id":"https:\/\/www.herzegovinabike.ba\/preko-200-sudionika-na-ciro-biciklijadi-od-mostara-do-pocitelja\/#primaryimage"},"thumbnailUrl":"https:\/\/www.herzegovinabike.ba\/wp-content\/uploads\/2024\/04\/Ciro-Mostar-Pocitelj-slika-6.jpg","datePublished":"2024-04-15T08:39:47+00:00","dateModified":"2025-06-24T20:12:13+00:00","description":"Biciklijada ide trasom kuda se u pro\u0161losti kretao \u0106iro na dionici od Mostara do \u010capljine, s dodatkom posjete Blagaju...","breadcrumb":{"@id":"https:\/\/www.herzegovinabike.ba\/preko-200-sudionika-na-ciro-biciklijadi-od-mostara-do-pocitelja\/#breadcrumb"},"inLanguage":"en-US","potentialAction":[{"@type":"ReadAction","target":["https:\/\/www.herzegovinabike.ba\/preko-200-sudionika-na-ciro-biciklijadi-od-mostara-do-pocitelja\/"]}]},{"@type":"ImageObject","inLanguage":"en-US","@id":"https:\/\/www.herzegovinabike.ba\/preko-200-sudionika-na-ciro-biciklijadi-od-mostara-do-pocitelja\/#primaryimage","url":"https:\/\/www.herzegovinabike.ba\/wp-content\/uploads\/2024\/04\/Ciro-Mostar-Pocitelj-slika-6.jpg","contentUrl":"https:\/\/www.herzegovinabike.ba\/wp-content\/uploads\/2024\/04\/Ciro-Mostar-Pocitelj-slika-6.jpg","width":1200,"height":900},{"@type":"BreadcrumbList","@id":"https:\/\/www.herzegovinabike.ba\/preko-200-sudionika-na-ciro-biciklijadi-od-mostara-do-pocitelja\/#breadcrumb","itemListElement":[{"@type":"ListItem","position":1,"name":"Po\u010detna stranica","item":"https:\/\/www.herzegovinabike.ba\/"},{"@type":"ListItem","position":2,"name":"Preko 200 sudionika na \u0106iro biciklijadi od Mostara do Po\u010ditelja"}]},{"@type":"WebSite","@id":"https:\/\/www.herzegovinabike.ba\/#website","url":"https:\/\/www.herzegovinabike.ba\/","name":"HerzegovinaBike","description":"Your place under the sun","publisher":{"@id":"https:\/\/www.herzegovinabike.ba\/#organization"},"potentialAction":[{"@type":"SearchAction","target":{"@type":"EntryPoint","urlTemplate":"https:\/\/www.herzegovinabike.ba\/?s={search_term_string}"},"query-input":{"@type":"PropertyValueSpecification","valueRequired":true,"valueName":"search_term_string"}}],"inLanguage":"en-US"},{"@type":"Organization","@id":"https:\/\/www.herzegovinabike.ba\/#organization","name":"Association HerzegovinaBike","url":"https:\/\/www.herzegovinabike.ba\/","logo":{"@type":"ImageObject","inLanguage":"en-US","@id":"https:\/\/www.herzegovinabike.ba\/#\/schema\/logo\/image\/","url":"https:\/\/www.bike.herzegovinabike.ba\/wp-content\/uploads\/2023\/11\/herzegovina_bike_logo_horizontal.png","contentUrl":"https:\/\/www.bike.herzegovinabike.ba\/wp-content\/uploads\/2023\/11\/herzegovina_bike_logo_horizontal.png","width":1757,"height":1061,"caption":"Udruga HerzegovinaBike"},"image":{"@id":"https:\/\/www.herzegovinabike.ba\/#\/schema\/logo\/image\/"},"sameAs":["https:\/\/www.facebook.com\/HerzegovinaBike","https:\/\/www.instagram.com\/herzegovinabike\/"]},{"@type":"Person","@id":"https:\/\/www.herzegovinabike.ba\/#\/schema\/person\/1161ca5c7a242dc0e69d24c0fb304ccb","name":"Herzegovina Bike","image":{"@type":"ImageObject","inLanguage":"en-US","@id":"https:\/\/secure.gravatar.com\/avatar\/236a03b53b73db89b68d17aa2f415bb2a2d3b326d0632f3a602c6c9cacba1ff0?s=96&d=mm&r=g","url":"https:\/\/secure.gravatar.com\/avatar\/236a03b53b73db89b68d17aa2f415bb2a2d3b326d0632f3a602c6c9cacba1ff0?s=96&d=mm&r=g","contentUrl":"https:\/\/secure.gravatar.com\/avatar\/236a03b53b73db89b68d17aa2f415bb2a2d3b326d0632f3a602c6c9cacba1ff0?s=96&d=mm&r=g","caption":"Herzegovina Bike"},"description":"Udruga \u201cHerzegovinaBike\u201d je pokreta\u010d (i sredi\u0161te) razvoja biciklizma kao cikloturizma, rekreacije i sporta u Hercegovini. CILJ: Hercegovina kao vrhunska cikloturisti\u010dka destinacija. \u2705","sameAs":["https:\/\/www.herzegovinabike.ba\/","https:\/\/www.facebook.com\/HerzegovinaBike\/","https:\/\/www.instagram.com\/herzegovinabike\/","https:\/\/www.linkedin.com\/in\/herzegovina-bike-ba605a29b\/","https:\/\/x.com\/https:\/\/twitter.com\/HerzegovinaBike","https:\/\/www.youtube.com\/channel\/UCOFGFUHmcGVzVHD9WgOGTrA"],"url":"https:\/\/www.herzegovinabike.ba\/en\/author\/toni\/"}]}},"_links":{"self":[{"href":"https:\/\/www.herzegovinabike.ba\/en\/wp-json\/wp\/v2\/posts\/14069","targetHints":{"allow":["GET"]}}],"collection":[{"href":"https:\/\/www.herzegovinabike.ba\/en\/wp-json\/wp\/v2\/posts"}],"about":[{"href":"https:\/\/www.herzegovinabike.ba\/en\/wp-json\/wp\/v2\/types\/post"}],"author":[{"embeddable":true,"href":"https:\/\/www.herzegovinabike.ba\/en\/wp-json\/wp\/v2\/users\/2"}],"replies":[{"embeddable":true,"href":"https:\/\/www.herzegovinabike.ba\/en\/wp-json\/wp\/v2\/comments?post=14069"}],"version-history":[{"count":5,"href":"https:\/\/www.herzegovinabike.ba\/en\/wp-json\/wp\/v2\/posts\/14069\/revisions"}],"predecessor-version":[{"id":18195,"href":"https:\/\/www.herzegovinabike.ba\/en\/wp-json\/wp\/v2\/posts\/14069\/revisions\/18195"}],"wp:featuredmedia":[{"embeddable":true,"href":"https:\/\/www.herzegovinabike.ba\/en\/wp-json\/wp\/v2\/media\/14075"}],"wp:attachment":[{"href":"https:\/\/www.herzegovinabike.ba\/en\/wp-json\/wp\/v2\/media?parent=14069"}],"wp:term":[{"taxonomy":"category","embeddable":true,"href":"https:\/\/www.herzegovinabike.ba\/en\/wp-json\/wp\/v2\/categories?post=14069"},{"taxonomy":"post_tag","embeddable":true,"href":"https:\/\/www.herzegovinabike.ba\/en\/wp-json\/wp\/v2\/tags?post=14069"}],"curies":[{"name":"wp","href":"https:\/\/api.w.org\/{rel}","templated":true}]}}