{"id":14381,"date":"2024-07-26T10:05:45","date_gmt":"2024-07-26T08:05:45","guid":{"rendered":"https:\/\/www.herzegovinabike.ba\/?p=14381"},"modified":"2025-06-24T22:12:09","modified_gmt":"2025-06-24T20:12:09","slug":"zavrseno-sesto-izdanje-najveceg-biciklistickog-festivala","status":"publish","type":"post","link":"https:\/\/www.herzegovinabike.ba\/en\/zavrseno-sesto-izdanje-najveceg-biciklistickog-festivala\/","title":{"rendered":"The sixth edition of the biggest cycling festival has ended"},"content":{"rendered":"<div style=\"height:30px\" aria-hidden=\"true\" class=\"wp-block-spacer\"><\/div>\n\n\n\n<p><a href=\"https:\/\/bbf.ba\/\" target=\"_blank\" rel=\"noreferrer noopener\">Continental Blidinje BIKE Festival<\/a>, jedan od najzna\u010dajnijih biciklisti\u010dkih doga\u0111aja u Bosni i Hercegovini, uspje\u0161no je priveden kraju nakon tri dana ispunjena zabavom, avanturom, rekreacijom, dobrim dru\u017eenjem i profesionalnim biciklizmom. Festival, koji se odr\u017eao u prekrasnom ambijentu Parka prirode Blidinje, privukao je mnoge zaljubljenike u biciklizam, kako rekreativce, tako i profesionalne bicikliste.<\/p>\n\n\n\n<p><strong>Dan Prvi: Otvorenje i panel diskusija<\/strong><\/p>\n\n\n\n<p>Na VIP prezentaciji i panel diskusiji na temu sporta i turizma, koja je odr\u017eana u petak, 12.7.2024., u Visitor centru Blidinje, prisustvovao je velik broj visokih uzvanika. Me\u0111u njima su bile i predsjednica Federacije BiH, g\u0111a. <strong>Lidija Bradara<\/strong> te ministrica <strong>Nasiha Pozder<\/strong> ministrica u&nbsp; Ministarstva okoli\u0161a i turizma F BiH.<\/p>\n\n\n\n<div class=\"wp-block-columns is-layout-flex wp-container-core-columns-is-layout-9d6595d7 wp-block-columns-is-layout-flex\">\n<div class=\"wp-block-column is-layout-flow wp-block-column-is-layout-flow\">\n<figure class=\"wp-block-image size-large\"><img loading=\"lazy\" decoding=\"async\" width=\"1024\" height=\"683\" src=\"https:\/\/www.herzegovinabike.ba\/wp-content\/uploads\/2024\/07\/452915630_506644261752579_3246476567188649858_n-1024x683.jpg\" alt=\"\" class=\"wp-image-14382\" srcset=\"https:\/\/www.herzegovinabike.ba\/wp-content\/uploads\/2024\/07\/452915630_506644261752579_3246476567188649858_n-1024x683.jpg 1024w, https:\/\/www.herzegovinabike.ba\/wp-content\/uploads\/2024\/07\/452915630_506644261752579_3246476567188649858_n-600x400.jpg 600w, https:\/\/www.herzegovinabike.ba\/wp-content\/uploads\/2024\/07\/452915630_506644261752579_3246476567188649858_n-300x200.jpg 300w, https:\/\/www.herzegovinabike.ba\/wp-content\/uploads\/2024\/07\/452915630_506644261752579_3246476567188649858_n-768x512.jpg 768w, https:\/\/www.herzegovinabike.ba\/wp-content\/uploads\/2024\/07\/452915630_506644261752579_3246476567188649858_n-1536x1024.jpg 1536w, https:\/\/www.herzegovinabike.ba\/wp-content\/uploads\/2024\/07\/452915630_506644261752579_3246476567188649858_n-18x12.jpg 18w, https:\/\/www.herzegovinabike.ba\/wp-content\/uploads\/2024\/07\/452915630_506644261752579_3246476567188649858_n-1500x1000.jpg 1500w, https:\/\/www.herzegovinabike.ba\/wp-content\/uploads\/2024\/07\/452915630_506644261752579_3246476567188649858_n.jpg 2048w\" sizes=\"auto, (max-width: 1024px) 100vw, 1024px\" \/><\/figure>\n<\/div>\n\n\n\n<div class=\"wp-block-column is-layout-flow wp-block-column-is-layout-flow\">\n<figure class=\"wp-block-image size-large\"><img loading=\"lazy\" decoding=\"async\" width=\"1024\" height=\"683\" src=\"https:\/\/www.herzegovinabike.ba\/wp-content\/uploads\/2024\/07\/452957305_506643798419292_6197292913028091455_n-1024x683.jpg\" alt=\"\" class=\"wp-image-14383\" srcset=\"https:\/\/www.herzegovinabike.ba\/wp-content\/uploads\/2024\/07\/452957305_506643798419292_6197292913028091455_n-1024x683.jpg 1024w, https:\/\/www.herzegovinabike.ba\/wp-content\/uploads\/2024\/07\/452957305_506643798419292_6197292913028091455_n-600x400.jpg 600w, https:\/\/www.herzegovinabike.ba\/wp-content\/uploads\/2024\/07\/452957305_506643798419292_6197292913028091455_n-300x200.jpg 300w, https:\/\/www.herzegovinabike.ba\/wp-content\/uploads\/2024\/07\/452957305_506643798419292_6197292913028091455_n-768x512.jpg 768w, https:\/\/www.herzegovinabike.ba\/wp-content\/uploads\/2024\/07\/452957305_506643798419292_6197292913028091455_n-1536x1024.jpg 1536w, https:\/\/www.herzegovinabike.ba\/wp-content\/uploads\/2024\/07\/452957305_506643798419292_6197292913028091455_n-18x12.jpg 18w, https:\/\/www.herzegovinabike.ba\/wp-content\/uploads\/2024\/07\/452957305_506643798419292_6197292913028091455_n-1500x1000.jpg 1500w, https:\/\/www.herzegovinabike.ba\/wp-content\/uploads\/2024\/07\/452957305_506643798419292_6197292913028091455_n.jpg 2048w\" sizes=\"auto, (max-width: 1024px) 100vw, 1024px\" \/><\/figure>\n<\/div>\n<\/div>\n\n\n\n<p>Doga\u0111aj je sve\u010dano otvorila predsjednica Federacije BiH, g\u0111a. <strong>Lidija Bradara<\/strong>, koja je pozdravila sve prisutne. Nakon toga, uslijedili su pozdravni govori predsjednice Vlade HN\u017d, <strong>Marije Buha\u010d<\/strong> i predsjednika Vlade ZZH <strong>Predraga \u010covi\u0107a<\/strong>. Svi govornici su istaknuli zna\u010daj ovakvih doga\u0111aja za razvoj turizma i sporta u regiji te su izrazili podr\u0161ku daljnjem razvoju Continental Blidinje BIKE Festivala.<\/p>\n\n\n\n<p><strong>Dan Drugi: Dan za rekreativce i cijele obitelji \u201cStazom Ajduka\u201d<\/strong><\/p>\n\n\n\n<p>Drugi dan festivala zapo\u010deo je rekreativnom biciklijadom koja je okupila 150 biciklista. Ljubitelji biciklizma u\u017eivali su u vo\u017enji kroz netaknuti krajolik Blidinja, a sudjelovanje u ovoj aktivnosti pru\u017eilo im je priliku za opu\u0161tanje i dru\u017eenje s istomi\u0161ljenicima. Atmosfera je bila ispunjena smijehom i veseljem, a svi sudionici su se slo\u017eili da je prvi dan festivala bio izuzetno uspje\u0161an.<\/p>\n\n\n\n<div class=\"wp-block-columns is-layout-flex wp-container-core-columns-is-layout-9d6595d7 wp-block-columns-is-layout-flex\">\n<div class=\"wp-block-column is-layout-flow wp-block-column-is-layout-flow\">\n<figure class=\"wp-block-image size-large\"><img loading=\"lazy\" decoding=\"async\" width=\"1024\" height=\"683\" src=\"https:\/\/www.herzegovinabike.ba\/wp-content\/uploads\/2024\/07\/451272355_500669855683353_3836290601076736893_n-1024x683.jpg\" alt=\"\" class=\"wp-image-14384\" srcset=\"https:\/\/www.herzegovinabike.ba\/wp-content\/uploads\/2024\/07\/451272355_500669855683353_3836290601076736893_n-1024x683.jpg 1024w, https:\/\/www.herzegovinabike.ba\/wp-content\/uploads\/2024\/07\/451272355_500669855683353_3836290601076736893_n-600x400.jpg 600w, https:\/\/www.herzegovinabike.ba\/wp-content\/uploads\/2024\/07\/451272355_500669855683353_3836290601076736893_n-300x200.jpg 300w, https:\/\/www.herzegovinabike.ba\/wp-content\/uploads\/2024\/07\/451272355_500669855683353_3836290601076736893_n-768x512.jpg 768w, https:\/\/www.herzegovinabike.ba\/wp-content\/uploads\/2024\/07\/451272355_500669855683353_3836290601076736893_n-1536x1024.jpg 1536w, https:\/\/www.herzegovinabike.ba\/wp-content\/uploads\/2024\/07\/451272355_500669855683353_3836290601076736893_n-18x12.jpg 18w, https:\/\/www.herzegovinabike.ba\/wp-content\/uploads\/2024\/07\/451272355_500669855683353_3836290601076736893_n-1500x1000.jpg 1500w, https:\/\/www.herzegovinabike.ba\/wp-content\/uploads\/2024\/07\/451272355_500669855683353_3836290601076736893_n.jpg 2048w\" sizes=\"auto, (max-width: 1024px) 100vw, 1024px\" \/><\/figure>\n<\/div>\n\n\n\n<div class=\"wp-block-column is-layout-flow wp-block-column-is-layout-flow\">\n<figure class=\"wp-block-image size-large\"><img loading=\"lazy\" decoding=\"async\" width=\"1024\" height=\"683\" src=\"https:\/\/www.herzegovinabike.ba\/wp-content\/uploads\/2024\/07\/450991660_500670902349915_2381737620988219172_n-1024x683.jpg\" alt=\"\" class=\"wp-image-14385\" srcset=\"https:\/\/www.herzegovinabike.ba\/wp-content\/uploads\/2024\/07\/450991660_500670902349915_2381737620988219172_n-1024x683.jpg 1024w, https:\/\/www.herzegovinabike.ba\/wp-content\/uploads\/2024\/07\/450991660_500670902349915_2381737620988219172_n-600x400.jpg 600w, https:\/\/www.herzegovinabike.ba\/wp-content\/uploads\/2024\/07\/450991660_500670902349915_2381737620988219172_n-300x200.jpg 300w, https:\/\/www.herzegovinabike.ba\/wp-content\/uploads\/2024\/07\/450991660_500670902349915_2381737620988219172_n-768x512.jpg 768w, https:\/\/www.herzegovinabike.ba\/wp-content\/uploads\/2024\/07\/450991660_500670902349915_2381737620988219172_n-1536x1025.jpg 1536w, https:\/\/www.herzegovinabike.ba\/wp-content\/uploads\/2024\/07\/450991660_500670902349915_2381737620988219172_n-18x12.jpg 18w, https:\/\/www.herzegovinabike.ba\/wp-content\/uploads\/2024\/07\/450991660_500670902349915_2381737620988219172_n-1500x1000.jpg 1500w, https:\/\/www.herzegovinabike.ba\/wp-content\/uploads\/2024\/07\/450991660_500670902349915_2381737620988219172_n.jpg 2048w\" sizes=\"auto, (max-width: 1024px) 100vw, 1024px\" \/><\/figure>\n<\/div>\n<\/div>\n\n\n\n<p>Subota je tako\u0111er bila rezervirana za pripreme za profesionalne utrke koje su uslijedile, a na stazama Blidinja profesionalni biciklisti su trenirali kako bi se \u0161to bolje pripremili za veliki doga\u0111aj koji slijedi. Uz vrhunske uvjete i besprijekornu organizaciju, biciklisti su imali priliku upoznati se s rutama i uvjetima utrka. Organizatori su osigurali sve potrebne resurse kako bi sudionici imali najbolju mogu\u0107u pripremu za natjecanja, a sudionici su bili odu\u0161evljeni profesionalnim pristupom organizatora.<\/p>\n\n\n\n<div class=\"wp-block-columns is-layout-flex wp-container-core-columns-is-layout-9d6595d7 wp-block-columns-is-layout-flex\">\n<div class=\"wp-block-column is-layout-flow wp-block-column-is-layout-flow\">\n<figure class=\"wp-block-image size-large\"><img loading=\"lazy\" decoding=\"async\" width=\"1024\" height=\"683\" src=\"https:\/\/www.herzegovinabike.ba\/wp-content\/uploads\/2024\/07\/451477514_500974088986263_8656184593855412027_n-1024x683.jpg\" alt=\"\" class=\"wp-image-14387\" srcset=\"https:\/\/www.herzegovinabike.ba\/wp-content\/uploads\/2024\/07\/451477514_500974088986263_8656184593855412027_n-1024x683.jpg 1024w, https:\/\/www.herzegovinabike.ba\/wp-content\/uploads\/2024\/07\/451477514_500974088986263_8656184593855412027_n-600x400.jpg 600w, https:\/\/www.herzegovinabike.ba\/wp-content\/uploads\/2024\/07\/451477514_500974088986263_8656184593855412027_n-300x200.jpg 300w, https:\/\/www.herzegovinabike.ba\/wp-content\/uploads\/2024\/07\/451477514_500974088986263_8656184593855412027_n-768x512.jpg 768w, https:\/\/www.herzegovinabike.ba\/wp-content\/uploads\/2024\/07\/451477514_500974088986263_8656184593855412027_n-1536x1024.jpg 1536w, https:\/\/www.herzegovinabike.ba\/wp-content\/uploads\/2024\/07\/451477514_500974088986263_8656184593855412027_n-18x12.jpg 18w, https:\/\/www.herzegovinabike.ba\/wp-content\/uploads\/2024\/07\/451477514_500974088986263_8656184593855412027_n-1500x1000.jpg 1500w, https:\/\/www.herzegovinabike.ba\/wp-content\/uploads\/2024\/07\/451477514_500974088986263_8656184593855412027_n.jpg 2048w\" sizes=\"auto, (max-width: 1024px) 100vw, 1024px\" \/><\/figure>\n<\/div>\n\n\n\n<div class=\"wp-block-column is-layout-flow wp-block-column-is-layout-flow\">\n<figure class=\"wp-block-image size-large\"><img loading=\"lazy\" decoding=\"async\" width=\"1024\" height=\"683\" src=\"https:\/\/www.herzegovinabike.ba\/wp-content\/uploads\/2024\/07\/451202582_500973178986354_5462321304438716985_n-1024x683.jpg\" alt=\"\" class=\"wp-image-14386\" srcset=\"https:\/\/www.herzegovinabike.ba\/wp-content\/uploads\/2024\/07\/451202582_500973178986354_5462321304438716985_n-1024x683.jpg 1024w, https:\/\/www.herzegovinabike.ba\/wp-content\/uploads\/2024\/07\/451202582_500973178986354_5462321304438716985_n-600x400.jpg 600w, https:\/\/www.herzegovinabike.ba\/wp-content\/uploads\/2024\/07\/451202582_500973178986354_5462321304438716985_n-300x200.jpg 300w, https:\/\/www.herzegovinabike.ba\/wp-content\/uploads\/2024\/07\/451202582_500973178986354_5462321304438716985_n-768x512.jpg 768w, https:\/\/www.herzegovinabike.ba\/wp-content\/uploads\/2024\/07\/451202582_500973178986354_5462321304438716985_n-1536x1024.jpg 1536w, https:\/\/www.herzegovinabike.ba\/wp-content\/uploads\/2024\/07\/451202582_500973178986354_5462321304438716985_n-18x12.jpg 18w, https:\/\/www.herzegovinabike.ba\/wp-content\/uploads\/2024\/07\/451202582_500973178986354_5462321304438716985_n-1500x1000.jpg 1500w, https:\/\/www.herzegovinabike.ba\/wp-content\/uploads\/2024\/07\/451202582_500973178986354_5462321304438716985_n.jpg 2048w\" sizes=\"auto, (max-width: 1024px) 100vw, 1024px\" \/><\/figure>\n<\/div>\n<\/div>\n\n\n\n<p><strong>Dan Tre\u0107i: Imamo Balkanske prvake!<\/strong><\/p>\n\n\n\n<p>Zavr\u0161ni dan festivala bio je posve\u0107en profesionalnim utrkama, uklju\u010duju\u0107i Balkansko prvenstvo i UCI Class 1 maraton. Na utrci Balkanskog prvenstva sudjelovalo je 220 biciklista koji su se borili za naslov Balkanskog prvaka i vrijedne UCI bodove, a natjecanje je bilo izuzetno uzbudljivo. U mu\u0161koj Elite kategoriji, prvak Balkana postao je <strong>Soldo Ivan (BiH)<\/strong>, dok je u \u017eenskoj Elite kategoriji titulu osvojila <strong>Muresan Manuela (Romania)<\/strong>. U Master kategoriji, prvak je <strong>Jovanovi\u0107 Milan (Srbija)<\/strong>.<\/p>\n\n\n\n<p>Na UCI Class 1 maratonu, pobjednici u mu\u0161koj Elite kategoriji su <strong>Petru\u0161 Lubomir (\u010ce\u0161ka)<\/strong>, dok je u \u017eenskoj Elite kategoriji slavila <strong>Krahulcova Martina (Slovakia)<\/strong>. Utrke su bile izuzetno napete i izazovne, ali su svi sudionici pokazali vrhunsku vje\u0161tinu i sportski duh.<\/p>\n\n\n\n<div class=\"wp-block-columns is-layout-flex wp-container-core-columns-is-layout-9d6595d7 wp-block-columns-is-layout-flex\">\n<div class=\"wp-block-column is-layout-flow wp-block-column-is-layout-flow\">\n<figure class=\"wp-block-image size-large\"><img loading=\"lazy\" decoding=\"async\" width=\"1024\" height=\"682\" src=\"https:\/\/www.herzegovinabike.ba\/wp-content\/uploads\/2024\/07\/452957464_506640315086307_190851122104081624_n-1024x682.jpg\" alt=\"\" class=\"wp-image-14389\" srcset=\"https:\/\/www.herzegovinabike.ba\/wp-content\/uploads\/2024\/07\/452957464_506640315086307_190851122104081624_n-1024x682.jpg 1024w, https:\/\/www.herzegovinabike.ba\/wp-content\/uploads\/2024\/07\/452957464_506640315086307_190851122104081624_n-600x399.jpg 600w, https:\/\/www.herzegovinabike.ba\/wp-content\/uploads\/2024\/07\/452957464_506640315086307_190851122104081624_n-300x200.jpg 300w, https:\/\/www.herzegovinabike.ba\/wp-content\/uploads\/2024\/07\/452957464_506640315086307_190851122104081624_n-768x511.jpg 768w, https:\/\/www.herzegovinabike.ba\/wp-content\/uploads\/2024\/07\/452957464_506640315086307_190851122104081624_n-1536x1022.jpg 1536w, https:\/\/www.herzegovinabike.ba\/wp-content\/uploads\/2024\/07\/452957464_506640315086307_190851122104081624_n-18x12.jpg 18w, https:\/\/www.herzegovinabike.ba\/wp-content\/uploads\/2024\/07\/452957464_506640315086307_190851122104081624_n-1500x1000.jpg 1500w, https:\/\/www.herzegovinabike.ba\/wp-content\/uploads\/2024\/07\/452957464_506640315086307_190851122104081624_n.jpg 1600w\" sizes=\"auto, (max-width: 1024px) 100vw, 1024px\" \/><\/figure>\n<\/div>\n\n\n\n<div class=\"wp-block-column is-layout-flow wp-block-column-is-layout-flow\">\n<figure class=\"wp-block-image size-large\"><img loading=\"lazy\" decoding=\"async\" width=\"1024\" height=\"683\" src=\"https:\/\/www.herzegovinabike.ba\/wp-content\/uploads\/2024\/07\/451745750_502837938799878_7597536022782887562_n-1024x683.jpg\" alt=\"\" class=\"wp-image-14388\" srcset=\"https:\/\/www.herzegovinabike.ba\/wp-content\/uploads\/2024\/07\/451745750_502837938799878_7597536022782887562_n-1024x683.jpg 1024w, https:\/\/www.herzegovinabike.ba\/wp-content\/uploads\/2024\/07\/451745750_502837938799878_7597536022782887562_n-600x400.jpg 600w, https:\/\/www.herzegovinabike.ba\/wp-content\/uploads\/2024\/07\/451745750_502837938799878_7597536022782887562_n-300x200.jpg 300w, https:\/\/www.herzegovinabike.ba\/wp-content\/uploads\/2024\/07\/451745750_502837938799878_7597536022782887562_n-768x512.jpg 768w, https:\/\/www.herzegovinabike.ba\/wp-content\/uploads\/2024\/07\/451745750_502837938799878_7597536022782887562_n-1536x1024.jpg 1536w, https:\/\/www.herzegovinabike.ba\/wp-content\/uploads\/2024\/07\/451745750_502837938799878_7597536022782887562_n-18x12.jpg 18w, https:\/\/www.herzegovinabike.ba\/wp-content\/uploads\/2024\/07\/451745750_502837938799878_7597536022782887562_n-1500x1000.jpg 1500w, https:\/\/www.herzegovinabike.ba\/wp-content\/uploads\/2024\/07\/451745750_502837938799878_7597536022782887562_n.jpg 2048w\" sizes=\"auto, (max-width: 1024px) 100vw, 1024px\" \/><\/figure>\n<\/div>\n<\/div>\n\n\n\n<p><strong>Matko Kari\u017e<\/strong>, Continental South East Europe: \u201c<em>Iznimno smo ponosni \u0161to smo sponzori Blidinje BIKE Festivala \u010diji organizatori su i ove godine dokazali da svojim entuzijazmom i vizijom mogu organizirati vrhunski event. Na\u0161i zaposlenici i partneri su imali priliku sudjelovati u rekreativnoj i natjecateljskoj utrci, te se svi zajedno sla\u017eemo da je organizacija bila na svjetskom nivou. Hvala organizatoru i svim posjetiteljima i vidimo se i dogodine na prekrasnom Blidinju\u201d<\/em>.<\/p>\n\n\n\n<p><strong>Izjave Sudionika i Zaklju\u010dak<\/strong><\/p>\n\n\n\n<p>Po izjavama svih sudionika, Blidinje BIKE Festival je bio vrhunski organiziran doga\u0111aj koji je prema\u0161io sva o\u010dekivanja. Svi su pohvalili izuzetnu organizaciju, prekrasan ambijent i prijateljsku atmosferu koja je vladala tijekom cijelog festivala.<\/p>\n\n\n\n<p>&#8220;<em>Ovo je bio jedan od najbolje organiziranih biciklisti\u010dkih doga\u0111aja na kojem sam sudjelovao. Sve je bilo savr\u0161eno, od staza do logistike. Radujem se sudjelovanju i idu\u0107e godine<\/em>&#8220;, rekao je <strong>Lubomir Petru\u0161<\/strong> iz \u010ce\u0161ke.<\/p>\n\n\n<div class=\"wp-block-image\">\n<figure class=\"aligncenter size-large\"><img loading=\"lazy\" decoding=\"async\" width=\"1024\" height=\"683\" src=\"https:\/\/www.herzegovinabike.ba\/wp-content\/uploads\/2024\/07\/451863845_502842542132751_838117442044859324_n-1024x683.jpg\" alt=\"\" class=\"wp-image-14390\" srcset=\"https:\/\/www.herzegovinabike.ba\/wp-content\/uploads\/2024\/07\/451863845_502842542132751_838117442044859324_n-1024x683.jpg 1024w, https:\/\/www.herzegovinabike.ba\/wp-content\/uploads\/2024\/07\/451863845_502842542132751_838117442044859324_n-600x400.jpg 600w, https:\/\/www.herzegovinabike.ba\/wp-content\/uploads\/2024\/07\/451863845_502842542132751_838117442044859324_n-300x200.jpg 300w, https:\/\/www.herzegovinabike.ba\/wp-content\/uploads\/2024\/07\/451863845_502842542132751_838117442044859324_n-768x512.jpg 768w, https:\/\/www.herzegovinabike.ba\/wp-content\/uploads\/2024\/07\/451863845_502842542132751_838117442044859324_n-1536x1024.jpg 1536w, https:\/\/www.herzegovinabike.ba\/wp-content\/uploads\/2024\/07\/451863845_502842542132751_838117442044859324_n-18x12.jpg 18w, https:\/\/www.herzegovinabike.ba\/wp-content\/uploads\/2024\/07\/451863845_502842542132751_838117442044859324_n-1500x1000.jpg 1500w, https:\/\/www.herzegovinabike.ba\/wp-content\/uploads\/2024\/07\/451863845_502842542132751_838117442044859324_n.jpg 2048w\" sizes=\"auto, (max-width: 1024px) 100vw, 1024px\" \/><\/figure>\n<\/div>\n\n\n<p>Blidinje BIKE Festival nije samo sportski doga\u0111aj, ve\u0107 i manifestacija koja promovira rekreaciju, zdrav na\u010din \u017eivota i prirodne ljepote Bosne i Hercegovine. Organizatori su ve\u0107 po\u010deli s planiranjem idu\u0107eg festivala, s ciljem da nadma\u0161e ovogodi\u0161nji uspjeh i pru\u017ee sudionicima jo\u0161 bolje iskustvo.<\/p>\n\n\n\n<p>Uz podr\u0161ku brojnih institucija i sponzora, Continental Blidinje BIKE Festival se pozicionirao kao klju\u010dni doga\u0111aj na biciklisti\u010dkoj karti regije. Radujemo se idu\u0107em izdanju festivala i novim izazovima koji nas o\u010dekuju.<\/p>\n\n\n\n<p><strong>General Patron \u2013<\/strong> Continental<\/p>\n\n\n\n<p><strong>Special partner:<\/strong> Olympic Committee of Bosnia and Herzegovina<\/p>\n\n\n\n<p><strong>Zlatni Sponzor:<\/strong> JP Elektroprivreda HZHB<\/p>\n\n\n\n<p><strong>Silver Sponsor:<\/strong> HT Eronet<\/p>\n\n\n\n<p><strong>Bronze sponsor<\/strong> Apolo \u0160koda<\/p>\n\n\n\n<p><strong>Sponsors:<\/strong> President of the Federation of Bosnia and Herzegovina, USAID Tourism, Italian Agency for Development Cooperation, CISP Bosnia and Herzegovina, Federal Ministry of Culture and Sports, Federal Ministry of Education and Science, Government of the Croatian Vojvodina Region, Government of the Croatian Vojvodina Region, Government of the Croatian Vojvodina Region, City of Mostar, City of Ljubu\u0161ki, Municipality of Posu\u0161je, Tourist Board of the Croatian Vojvodina Region, Sports Association of the City of Mostar.<\/p>\n\n\n\n<p><strong>Sponsors:<\/strong> Fortuna Tours, Oakley, Leda, Proteini.si, Lasta, Shift Brend Design, Satelit, Posu\u0161ko Lito, Visit Blidinje, Park prirode Blidinje, Hajdu\u010dke vrleti Blidinje, Restoran Staza, Restoran Risovac, Hercegovina Vino, Satelit Plus, Satelit TBM, Extreme Shop Split, Capriolo, M-Bike Shop, Dubrovnik Bike and Adventure Shop \u2026<\/p>","protected":false},"excerpt":{"rendered":"<p>Continental Blidinje BIKE Festival, jedan od najzna\u010dajnijih biciklisti\u010dkih doga\u0111aja u Bosni i Hercegovini, uspje\u0161no je priveden kraju nakon tri dana ispunjena zabavom, avanturom, rekreacijom, dobrim dru\u017eenjem i profesionalnim biciklizmom. Festival, koji se odr\u017eao u prekrasnom ambijentu Parka prirode Blidinje, privukao je mnoge zaljubljenike u biciklizam, kako rekreativce, tako i profesionalne bicikliste. Dan Prvi: Otvorenje i [&hellip;]<\/p>\n","protected":false},"author":2,"featured_media":14395,"comment_status":"closed","ping_status":"open","sticky":false,"template":"","format":"standard","meta":{"footnotes":""},"categories":[2],"tags":[],"class_list":["post-14381","post","type-post","status-publish","format-standard","has-post-thumbnail","hentry","category-blog"],"yoast_head":"<!-- This site is optimized with the Yoast SEO Premium plugin v21.5 (Yoast SEO v27.4) - https:\/\/yoast.com\/product\/yoast-seo-premium-wordpress\/ -->\n<title>Zavr\u0161eno \u0161esto izdanje najve\u0107eg biciklisti\u010dkog festivala - HerzegovinaBike<\/title>\n<meta name=\"description\" content=\"Continental Blidinje BIKE Festival, jedan od najzna\u010dajnijih biciklisti\u010dkih doga\u0111aja u Bosni i Hercegovini, uspje\u0161no je priveden kraju nakon\" \/>\n<meta name=\"robots\" content=\"index, follow, max-snippet:-1, max-image-preview:large, max-video-preview:-1\" \/>\n<link rel=\"canonical\" href=\"https:\/\/www.herzegovinabike.ba\/en\/zavrseno-sesto-izdanje-najveceg-biciklistickog-festivala\/\" \/>\n<meta property=\"og:locale\" content=\"en_US\" \/>\n<meta property=\"og:type\" content=\"article\" \/>\n<meta property=\"og:title\" content=\"Zavr\u0161eno \u0161esto izdanje najve\u0107eg biciklisti\u010dkog festivala\" \/>\n<meta property=\"og:description\" content=\"Continental Blidinje BIKE Festival, jedan od najzna\u010dajnijih biciklisti\u010dkih doga\u0111aja u Bosni i Hercegovini, uspje\u0161no je priveden kraju nakon\" \/>\n<meta property=\"og:url\" content=\"https:\/\/www.herzegovinabike.ba\/en\/zavrseno-sesto-izdanje-najveceg-biciklistickog-festivala\/\" \/>\n<meta property=\"og:site_name\" content=\"HerzegovinaBike\" \/>\n<meta property=\"article:publisher\" content=\"https:\/\/www.facebook.com\/HerzegovinaBike\" \/>\n<meta property=\"article:author\" content=\"https:\/\/www.facebook.com\/HerzegovinaBike\/\" \/>\n<meta property=\"article:published_time\" content=\"2024-07-26T08:05:45+00:00\" \/>\n<meta property=\"article:modified_time\" content=\"2025-06-24T20:12:09+00:00\" \/>\n<meta property=\"og:image\" content=\"https:\/\/www.herzegovinabike.ba\/wp-content\/uploads\/2024\/07\/Zavrseno-Blidinje-naslov-HB.jpg\" \/>\n\t<meta property=\"og:image:width\" content=\"1600\" \/>\n\t<meta property=\"og:image:height\" content=\"1067\" \/>\n\t<meta property=\"og:image:type\" content=\"image\/jpeg\" \/>\n<meta name=\"author\" content=\"Herzegovina Bike\" \/>\n<meta name=\"twitter:card\" content=\"summary_large_image\" \/>\n<meta name=\"twitter:creator\" content=\"@https:\/\/twitter.com\/HerzegovinaBike\" \/>\n<meta name=\"twitter:label1\" content=\"Written by\" \/>\n\t<meta name=\"twitter:data1\" content=\"Herzegovina Bike\" \/>\n\t<meta name=\"twitter:label2\" content=\"Est. reading time\" \/>\n\t<meta name=\"twitter:data2\" content=\"7 minutes\" \/>\n<script type=\"application\/ld+json\" class=\"yoast-schema-graph\">{\"@context\":\"https:\\\/\\\/schema.org\",\"@graph\":[{\"@type\":\"Article\",\"@id\":\"https:\\\/\\\/www.herzegovinabike.ba\\\/zavrseno-sesto-izdanje-najveceg-biciklistickog-festivala\\\/#article\",\"isPartOf\":{\"@id\":\"https:\\\/\\\/www.herzegovinabike.ba\\\/zavrseno-sesto-izdanje-najveceg-biciklistickog-festivala\\\/\"},\"author\":{\"name\":\"Herzegovina Bike\",\"@id\":\"https:\\\/\\\/www.herzegovinabike.ba\\\/#\\\/schema\\\/person\\\/1161ca5c7a242dc0e69d24c0fb304ccb\"},\"headline\":\"Zavr\u0161eno \u0161esto izdanje najve\u0107eg biciklisti\u010dkog festivala\",\"datePublished\":\"2024-07-26T08:05:45+00:00\",\"dateModified\":\"2025-06-24T20:12:09+00:00\",\"mainEntityOfPage\":{\"@id\":\"https:\\\/\\\/www.herzegovinabike.ba\\\/zavrseno-sesto-izdanje-najveceg-biciklistickog-festivala\\\/\"},\"wordCount\":818,\"publisher\":{\"@id\":\"https:\\\/\\\/www.herzegovinabike.ba\\\/#organization\"},\"image\":{\"@id\":\"https:\\\/\\\/www.herzegovinabike.ba\\\/zavrseno-sesto-izdanje-najveceg-biciklistickog-festivala\\\/#primaryimage\"},\"thumbnailUrl\":\"https:\\\/\\\/www.herzegovinabike.ba\\\/wp-content\\\/uploads\\\/2024\\\/07\\\/Zavrseno-Blidinje-naslov-HB.jpg\",\"articleSection\":[\"Blog\"],\"inLanguage\":\"en-US\"},{\"@type\":\"WebPage\",\"@id\":\"https:\\\/\\\/www.herzegovinabike.ba\\\/zavrseno-sesto-izdanje-najveceg-biciklistickog-festivala\\\/\",\"url\":\"https:\\\/\\\/www.herzegovinabike.ba\\\/zavrseno-sesto-izdanje-najveceg-biciklistickog-festivala\\\/\",\"name\":\"Zavr\u0161eno \u0161esto izdanje najve\u0107eg biciklisti\u010dkog festivala - HerzegovinaBike\",\"isPartOf\":{\"@id\":\"https:\\\/\\\/www.herzegovinabike.ba\\\/#website\"},\"primaryImageOfPage\":{\"@id\":\"https:\\\/\\\/www.herzegovinabike.ba\\\/zavrseno-sesto-izdanje-najveceg-biciklistickog-festivala\\\/#primaryimage\"},\"image\":{\"@id\":\"https:\\\/\\\/www.herzegovinabike.ba\\\/zavrseno-sesto-izdanje-najveceg-biciklistickog-festivala\\\/#primaryimage\"},\"thumbnailUrl\":\"https:\\\/\\\/www.herzegovinabike.ba\\\/wp-content\\\/uploads\\\/2024\\\/07\\\/Zavrseno-Blidinje-naslov-HB.jpg\",\"datePublished\":\"2024-07-26T08:05:45+00:00\",\"dateModified\":\"2025-06-24T20:12:09+00:00\",\"description\":\"Continental Blidinje BIKE Festival, jedan od najzna\u010dajnijih biciklisti\u010dkih doga\u0111aja u Bosni i Hercegovini, uspje\u0161no je priveden kraju nakon\",\"breadcrumb\":{\"@id\":\"https:\\\/\\\/www.herzegovinabike.ba\\\/zavrseno-sesto-izdanje-najveceg-biciklistickog-festivala\\\/#breadcrumb\"},\"inLanguage\":\"en-US\",\"potentialAction\":[{\"@type\":\"ReadAction\",\"target\":[\"https:\\\/\\\/www.herzegovinabike.ba\\\/zavrseno-sesto-izdanje-najveceg-biciklistickog-festivala\\\/\"]}]},{\"@type\":\"ImageObject\",\"inLanguage\":\"en-US\",\"@id\":\"https:\\\/\\\/www.herzegovinabike.ba\\\/zavrseno-sesto-izdanje-najveceg-biciklistickog-festivala\\\/#primaryimage\",\"url\":\"https:\\\/\\\/www.herzegovinabike.ba\\\/wp-content\\\/uploads\\\/2024\\\/07\\\/Zavrseno-Blidinje-naslov-HB.jpg\",\"contentUrl\":\"https:\\\/\\\/www.herzegovinabike.ba\\\/wp-content\\\/uploads\\\/2024\\\/07\\\/Zavrseno-Blidinje-naslov-HB.jpg\",\"width\":1600,\"height\":1067},{\"@type\":\"BreadcrumbList\",\"@id\":\"https:\\\/\\\/www.herzegovinabike.ba\\\/zavrseno-sesto-izdanje-najveceg-biciklistickog-festivala\\\/#breadcrumb\",\"itemListElement\":[{\"@type\":\"ListItem\",\"position\":1,\"name\":\"Po\u010detna stranica\",\"item\":\"https:\\\/\\\/www.herzegovinabike.ba\\\/\"},{\"@type\":\"ListItem\",\"position\":2,\"name\":\"Zavr\u0161eno \u0161esto izdanje najve\u0107eg biciklisti\u010dkog festivala\"}]},{\"@type\":\"WebSite\",\"@id\":\"https:\\\/\\\/www.herzegovinabike.ba\\\/#website\",\"url\":\"https:\\\/\\\/www.herzegovinabike.ba\\\/\",\"name\":\"HerzegovinaBike\",\"description\":\"Your place under the sun\",\"publisher\":{\"@id\":\"https:\\\/\\\/www.herzegovinabike.ba\\\/#organization\"},\"potentialAction\":[{\"@type\":\"SearchAction\",\"target\":{\"@type\":\"EntryPoint\",\"urlTemplate\":\"https:\\\/\\\/www.herzegovinabike.ba\\\/?s={search_term_string}\"},\"query-input\":{\"@type\":\"PropertyValueSpecification\",\"valueRequired\":true,\"valueName\":\"search_term_string\"}}],\"inLanguage\":\"en-US\"},{\"@type\":\"Organization\",\"@id\":\"https:\\\/\\\/www.herzegovinabike.ba\\\/#organization\",\"name\":\"Udruga HerzegovinaBike\",\"url\":\"https:\\\/\\\/www.herzegovinabike.ba\\\/\",\"logo\":{\"@type\":\"ImageObject\",\"inLanguage\":\"en-US\",\"@id\":\"https:\\\/\\\/www.herzegovinabike.ba\\\/#\\\/schema\\\/logo\\\/image\\\/\",\"url\":\"https:\\\/\\\/www.bike.herzegovinabike.ba\\\/wp-content\\\/uploads\\\/2023\\\/11\\\/herzegovina_bike_logo_horizontal.png\",\"contentUrl\":\"https:\\\/\\\/www.bike.herzegovinabike.ba\\\/wp-content\\\/uploads\\\/2023\\\/11\\\/herzegovina_bike_logo_horizontal.png\",\"width\":1757,\"height\":1061,\"caption\":\"Udruga HerzegovinaBike\"},\"image\":{\"@id\":\"https:\\\/\\\/www.herzegovinabike.ba\\\/#\\\/schema\\\/logo\\\/image\\\/\"},\"sameAs\":[\"https:\\\/\\\/www.facebook.com\\\/HerzegovinaBike\",\"https:\\\/\\\/www.instagram.com\\\/herzegovinabike\\\/\"]},{\"@type\":\"Person\",\"@id\":\"https:\\\/\\\/www.herzegovinabike.ba\\\/#\\\/schema\\\/person\\\/1161ca5c7a242dc0e69d24c0fb304ccb\",\"name\":\"Herzegovina Bike\",\"image\":{\"@type\":\"ImageObject\",\"inLanguage\":\"en-US\",\"@id\":\"https:\\\/\\\/secure.gravatar.com\\\/avatar\\\/236a03b53b73db89b68d17aa2f415bb2a2d3b326d0632f3a602c6c9cacba1ff0?s=96&d=mm&r=g\",\"url\":\"https:\\\/\\\/secure.gravatar.com\\\/avatar\\\/236a03b53b73db89b68d17aa2f415bb2a2d3b326d0632f3a602c6c9cacba1ff0?s=96&d=mm&r=g\",\"contentUrl\":\"https:\\\/\\\/secure.gravatar.com\\\/avatar\\\/236a03b53b73db89b68d17aa2f415bb2a2d3b326d0632f3a602c6c9cacba1ff0?s=96&d=mm&r=g\",\"caption\":\"Herzegovina Bike\"},\"description\":\"Udruga \u201cHerzegovinaBike\u201d je pokreta\u010d (i sredi\u0161te) razvoja biciklizma kao cikloturizma, rekreacije i sporta u Hercegovini. CILJ: Hercegovina kao vrhunska cikloturisti\u010dka destinacija. \u2705\",\"sameAs\":[\"https:\\\/\\\/www.herzegovinabike.ba\\\/\",\"https:\\\/\\\/www.facebook.com\\\/HerzegovinaBike\\\/\",\"https:\\\/\\\/www.instagram.com\\\/herzegovinabike\\\/\",\"https:\\\/\\\/www.linkedin.com\\\/in\\\/herzegovina-bike-ba605a29b\\\/\",\"https:\\\/\\\/x.com\\\/https:\\\/\\\/twitter.com\\\/HerzegovinaBike\",\"https:\\\/\\\/www.youtube.com\\\/channel\\\/UCOFGFUHmcGVzVHD9WgOGTrA\"],\"url\":\"https:\\\/\\\/www.herzegovinabike.ba\\\/en\\\/author\\\/toni\\\/\"}]}<\/script>\n<!-- \/ Yoast SEO Premium plugin. -->","yoast_head_json":{"title":"Zavr\u0161eno \u0161esto izdanje najve\u0107eg biciklisti\u010dkog festivala - HerzegovinaBike","description":"Continental Blidinje BIKE Festival, jedan od najzna\u010dajnijih biciklisti\u010dkih doga\u0111aja u Bosni i Hercegovini, uspje\u0161no je priveden kraju nakon","robots":{"index":"index","follow":"follow","max-snippet":"max-snippet:-1","max-image-preview":"max-image-preview:large","max-video-preview":"max-video-preview:-1"},"canonical":"https:\/\/www.herzegovinabike.ba\/en\/zavrseno-sesto-izdanje-najveceg-biciklistickog-festivala\/","og_locale":"en_US","og_type":"article","og_title":"Zavr\u0161eno \u0161esto izdanje najve\u0107eg biciklisti\u010dkog festivala","og_description":"Continental Blidinje BIKE Festival, jedan od najzna\u010dajnijih biciklisti\u010dkih doga\u0111aja u Bosni i Hercegovini, uspje\u0161no je priveden kraju nakon","og_url":"https:\/\/www.herzegovinabike.ba\/en\/zavrseno-sesto-izdanje-najveceg-biciklistickog-festivala\/","og_site_name":"HerzegovinaBike","article_publisher":"https:\/\/www.facebook.com\/HerzegovinaBike","article_author":"https:\/\/www.facebook.com\/HerzegovinaBike\/","article_published_time":"2024-07-26T08:05:45+00:00","article_modified_time":"2025-06-24T20:12:09+00:00","og_image":[{"width":1600,"height":1067,"url":"https:\/\/www.herzegovinabike.ba\/wp-content\/uploads\/2024\/07\/Zavrseno-Blidinje-naslov-HB.jpg","type":"image\/jpeg"}],"author":"Herzegovina Bike","twitter_card":"summary_large_image","twitter_creator":"@https:\/\/twitter.com\/HerzegovinaBike","twitter_misc":{"Written by":"Herzegovina Bike","Est. reading time":"7 minutes"},"schema":{"@context":"https:\/\/schema.org","@graph":[{"@type":"Article","@id":"https:\/\/www.herzegovinabike.ba\/zavrseno-sesto-izdanje-najveceg-biciklistickog-festivala\/#article","isPartOf":{"@id":"https:\/\/www.herzegovinabike.ba\/zavrseno-sesto-izdanje-najveceg-biciklistickog-festivala\/"},"author":{"name":"Herzegovina Bike","@id":"https:\/\/www.herzegovinabike.ba\/#\/schema\/person\/1161ca5c7a242dc0e69d24c0fb304ccb"},"headline":"Zavr\u0161eno \u0161esto izdanje najve\u0107eg biciklisti\u010dkog festivala","datePublished":"2024-07-26T08:05:45+00:00","dateModified":"2025-06-24T20:12:09+00:00","mainEntityOfPage":{"@id":"https:\/\/www.herzegovinabike.ba\/zavrseno-sesto-izdanje-najveceg-biciklistickog-festivala\/"},"wordCount":818,"publisher":{"@id":"https:\/\/www.herzegovinabike.ba\/#organization"},"image":{"@id":"https:\/\/www.herzegovinabike.ba\/zavrseno-sesto-izdanje-najveceg-biciklistickog-festivala\/#primaryimage"},"thumbnailUrl":"https:\/\/www.herzegovinabike.ba\/wp-content\/uploads\/2024\/07\/Zavrseno-Blidinje-naslov-HB.jpg","articleSection":["Blog"],"inLanguage":"en-US"},{"@type":"WebPage","@id":"https:\/\/www.herzegovinabike.ba\/zavrseno-sesto-izdanje-najveceg-biciklistickog-festivala\/","url":"https:\/\/www.herzegovinabike.ba\/zavrseno-sesto-izdanje-najveceg-biciklistickog-festivala\/","name":"Zavr\u0161eno \u0161esto izdanje najve\u0107eg biciklisti\u010dkog festivala - HerzegovinaBike","isPartOf":{"@id":"https:\/\/www.herzegovinabike.ba\/#website"},"primaryImageOfPage":{"@id":"https:\/\/www.herzegovinabike.ba\/zavrseno-sesto-izdanje-najveceg-biciklistickog-festivala\/#primaryimage"},"image":{"@id":"https:\/\/www.herzegovinabike.ba\/zavrseno-sesto-izdanje-najveceg-biciklistickog-festivala\/#primaryimage"},"thumbnailUrl":"https:\/\/www.herzegovinabike.ba\/wp-content\/uploads\/2024\/07\/Zavrseno-Blidinje-naslov-HB.jpg","datePublished":"2024-07-26T08:05:45+00:00","dateModified":"2025-06-24T20:12:09+00:00","description":"Continental Blidinje BIKE Festival, jedan od najzna\u010dajnijih biciklisti\u010dkih doga\u0111aja u Bosni i Hercegovini, uspje\u0161no je priveden kraju nakon","breadcrumb":{"@id":"https:\/\/www.herzegovinabike.ba\/zavrseno-sesto-izdanje-najveceg-biciklistickog-festivala\/#breadcrumb"},"inLanguage":"en-US","potentialAction":[{"@type":"ReadAction","target":["https:\/\/www.herzegovinabike.ba\/zavrseno-sesto-izdanje-najveceg-biciklistickog-festivala\/"]}]},{"@type":"ImageObject","inLanguage":"en-US","@id":"https:\/\/www.herzegovinabike.ba\/zavrseno-sesto-izdanje-najveceg-biciklistickog-festivala\/#primaryimage","url":"https:\/\/www.herzegovinabike.ba\/wp-content\/uploads\/2024\/07\/Zavrseno-Blidinje-naslov-HB.jpg","contentUrl":"https:\/\/www.herzegovinabike.ba\/wp-content\/uploads\/2024\/07\/Zavrseno-Blidinje-naslov-HB.jpg","width":1600,"height":1067},{"@type":"BreadcrumbList","@id":"https:\/\/www.herzegovinabike.ba\/zavrseno-sesto-izdanje-najveceg-biciklistickog-festivala\/#breadcrumb","itemListElement":[{"@type":"ListItem","position":1,"name":"Po\u010detna stranica","item":"https:\/\/www.herzegovinabike.ba\/"},{"@type":"ListItem","position":2,"name":"Zavr\u0161eno \u0161esto izdanje najve\u0107eg biciklisti\u010dkog festivala"}]},{"@type":"WebSite","@id":"https:\/\/www.herzegovinabike.ba\/#website","url":"https:\/\/www.herzegovinabike.ba\/","name":"HerzegovinaBike","description":"Your place under the sun","publisher":{"@id":"https:\/\/www.herzegovinabike.ba\/#organization"},"potentialAction":[{"@type":"SearchAction","target":{"@type":"EntryPoint","urlTemplate":"https:\/\/www.herzegovinabike.ba\/?s={search_term_string}"},"query-input":{"@type":"PropertyValueSpecification","valueRequired":true,"valueName":"search_term_string"}}],"inLanguage":"en-US"},{"@type":"Organization","@id":"https:\/\/www.herzegovinabike.ba\/#organization","name":"Association HerzegovinaBike","url":"https:\/\/www.herzegovinabike.ba\/","logo":{"@type":"ImageObject","inLanguage":"en-US","@id":"https:\/\/www.herzegovinabike.ba\/#\/schema\/logo\/image\/","url":"https:\/\/www.bike.herzegovinabike.ba\/wp-content\/uploads\/2023\/11\/herzegovina_bike_logo_horizontal.png","contentUrl":"https:\/\/www.bike.herzegovinabike.ba\/wp-content\/uploads\/2023\/11\/herzegovina_bike_logo_horizontal.png","width":1757,"height":1061,"caption":"Udruga HerzegovinaBike"},"image":{"@id":"https:\/\/www.herzegovinabike.ba\/#\/schema\/logo\/image\/"},"sameAs":["https:\/\/www.facebook.com\/HerzegovinaBike","https:\/\/www.instagram.com\/herzegovinabike\/"]},{"@type":"Person","@id":"https:\/\/www.herzegovinabike.ba\/#\/schema\/person\/1161ca5c7a242dc0e69d24c0fb304ccb","name":"Herzegovina Bike","image":{"@type":"ImageObject","inLanguage":"en-US","@id":"https:\/\/secure.gravatar.com\/avatar\/236a03b53b73db89b68d17aa2f415bb2a2d3b326d0632f3a602c6c9cacba1ff0?s=96&d=mm&r=g","url":"https:\/\/secure.gravatar.com\/avatar\/236a03b53b73db89b68d17aa2f415bb2a2d3b326d0632f3a602c6c9cacba1ff0?s=96&d=mm&r=g","contentUrl":"https:\/\/secure.gravatar.com\/avatar\/236a03b53b73db89b68d17aa2f415bb2a2d3b326d0632f3a602c6c9cacba1ff0?s=96&d=mm&r=g","caption":"Herzegovina Bike"},"description":"Udruga \u201cHerzegovinaBike\u201d je pokreta\u010d (i sredi\u0161te) razvoja biciklizma kao cikloturizma, rekreacije i sporta u Hercegovini. CILJ: Hercegovina kao vrhunska cikloturisti\u010dka destinacija. \u2705","sameAs":["https:\/\/www.herzegovinabike.ba\/","https:\/\/www.facebook.com\/HerzegovinaBike\/","https:\/\/www.instagram.com\/herzegovinabike\/","https:\/\/www.linkedin.com\/in\/herzegovina-bike-ba605a29b\/","https:\/\/x.com\/https:\/\/twitter.com\/HerzegovinaBike","https:\/\/www.youtube.com\/channel\/UCOFGFUHmcGVzVHD9WgOGTrA"],"url":"https:\/\/www.herzegovinabike.ba\/en\/author\/toni\/"}]}},"_links":{"self":[{"href":"https:\/\/www.herzegovinabike.ba\/en\/wp-json\/wp\/v2\/posts\/14381","targetHints":{"allow":["GET"]}}],"collection":[{"href":"https:\/\/www.herzegovinabike.ba\/en\/wp-json\/wp\/v2\/posts"}],"about":[{"href":"https:\/\/www.herzegovinabike.ba\/en\/wp-json\/wp\/v2\/types\/post"}],"author":[{"embeddable":true,"href":"https:\/\/www.herzegovinabike.ba\/en\/wp-json\/wp\/v2\/users\/2"}],"replies":[{"embeddable":true,"href":"https:\/\/www.herzegovinabike.ba\/en\/wp-json\/wp\/v2\/comments?post=14381"}],"version-history":[{"count":5,"href":"https:\/\/www.herzegovinabike.ba\/en\/wp-json\/wp\/v2\/posts\/14381\/revisions"}],"predecessor-version":[{"id":18176,"href":"https:\/\/www.herzegovinabike.ba\/en\/wp-json\/wp\/v2\/posts\/14381\/revisions\/18176"}],"wp:featuredmedia":[{"embeddable":true,"href":"https:\/\/www.herzegovinabike.ba\/en\/wp-json\/wp\/v2\/media\/14395"}],"wp:attachment":[{"href":"https:\/\/www.herzegovinabike.ba\/en\/wp-json\/wp\/v2\/media?parent=14381"}],"wp:term":[{"taxonomy":"category","embeddable":true,"href":"https:\/\/www.herzegovinabike.ba\/en\/wp-json\/wp\/v2\/categories?post=14381"},{"taxonomy":"post_tag","embeddable":true,"href":"https:\/\/www.herzegovinabike.ba\/en\/wp-json\/wp\/v2\/tags?post=14381"}],"curies":[{"name":"wp","href":"https:\/\/api.w.org\/{rel}","templated":true}]}}