{"id":15210,"date":"2024-09-17T11:24:26","date_gmt":"2024-09-17T09:24:26","guid":{"rendered":"https:\/\/www.herzegovinabike.ba\/?p=15210"},"modified":"2025-06-24T22:12:06","modified_gmt":"2025-06-24T20:12:06","slug":"4-mostarska-biciklijada-promocija-zdravlja-i-sigurnijih-ulica","status":"publish","type":"post","link":"https:\/\/www.herzegovinabike.ba\/en\/4-mostarska-biciklijada-promocija-zdravlja-i-sigurnijih-ulica\/","title":{"rendered":"4. Mostar Bicycling - Promotion of health and safer streets"},"content":{"rendered":"<div style=\"height:30px\" aria-hidden=\"true\" class=\"wp-block-spacer\"><\/div>\n\n\n\n<p>The Mostar Bicycle Club, in cooperation with the HerzegovinaBike Association and the Sports Association of the City of Mostar, announces the 4th Mostar Bicycle Race, which will be held in <strong>Sunday, September 22, 2024.<\/strong> year, on the occasion of <strong>Car-free day<\/strong>. This event is part of <strong>European Mobility Week<\/strong>, which promotes sustainable ways of moving and reducing the use of cars in urban areas.<\/p>\n\n\n\n<p>The cycling program starts at 10:00 a.m. on the Lenin Promenade, where a training ground for children will be organized. The youngest will have the opportunity to show their cycling skills in a safe and fun environment, with the guidance and support of experienced club members. In addition to the training ground, the organizers, with the support of the EU Info Center, provided rich prizes for the participants, which will further enrich this sports-educational gathering.<\/p>\n\n\n\n<div class=\"wp-block-columns is-layout-flex wp-container-core-columns-is-layout-9d6595d7 wp-block-columns-is-layout-flex\">\n<div class=\"wp-block-column is-layout-flow wp-block-column-is-layout-flow\">\n<figure class=\"wp-block-image size-large\"><img loading=\"lazy\" decoding=\"async\" width=\"1024\" height=\"683\" src=\"https:\/\/www.herzegovinabike.ba\/wp-content\/uploads\/2024\/09\/Mostarska-biciklijada-slika-5-1024x683.jpg\" alt=\"\" class=\"wp-image-15219\" srcset=\"https:\/\/www.herzegovinabike.ba\/wp-content\/uploads\/2024\/09\/Mostarska-biciklijada-slika-5-1024x683.jpg 1024w, https:\/\/www.herzegovinabike.ba\/wp-content\/uploads\/2024\/09\/Mostarska-biciklijada-slika-5-600x400.jpg 600w, https:\/\/www.herzegovinabike.ba\/wp-content\/uploads\/2024\/09\/Mostarska-biciklijada-slika-5-300x200.jpg 300w, https:\/\/www.herzegovinabike.ba\/wp-content\/uploads\/2024\/09\/Mostarska-biciklijada-slika-5-768x512.jpg 768w, https:\/\/www.herzegovinabike.ba\/wp-content\/uploads\/2024\/09\/Mostarska-biciklijada-slika-5-18x12.jpg 18w, https:\/\/www.herzegovinabike.ba\/wp-content\/uploads\/2024\/09\/Mostarska-biciklijada-slika-5.jpg 1200w\" sizes=\"auto, (max-width: 1024px) 100vw, 1024px\" \/><\/figure>\n<\/div>\n\n\n\n<div class=\"wp-block-column is-layout-flow wp-block-column-is-layout-flow\">\n<figure class=\"wp-block-image size-large\"><img loading=\"lazy\" decoding=\"async\" width=\"1024\" height=\"683\" src=\"https:\/\/www.herzegovinabike.ba\/wp-content\/uploads\/2024\/09\/Mostarska-biciklijada-slika-3-1024x683.jpg\" alt=\"\" class=\"wp-image-15216\" srcset=\"https:\/\/www.herzegovinabike.ba\/wp-content\/uploads\/2024\/09\/Mostarska-biciklijada-slika-3-1024x683.jpg 1024w, https:\/\/www.herzegovinabike.ba\/wp-content\/uploads\/2024\/09\/Mostarska-biciklijada-slika-3-600x400.jpg 600w, https:\/\/www.herzegovinabike.ba\/wp-content\/uploads\/2024\/09\/Mostarska-biciklijada-slika-3-300x200.jpg 300w, https:\/\/www.herzegovinabike.ba\/wp-content\/uploads\/2024\/09\/Mostarska-biciklijada-slika-3-768x512.jpg 768w, https:\/\/www.herzegovinabike.ba\/wp-content\/uploads\/2024\/09\/Mostarska-biciklijada-slika-3-18x12.jpg 18w, https:\/\/www.herzegovinabike.ba\/wp-content\/uploads\/2024\/09\/Mostarska-biciklijada-slika-3.jpg 1200w\" sizes=\"auto, (max-width: 1024px) 100vw, 1024px\" \/><\/figure>\n<\/div>\n<\/div>\n\n\n\n<p>The Mostar bicycle race starts at 11:00 a.m. and is driven along a well-known and established route through the city of Mostar. The bike ride offers participants the opportunity to ride together, in large numbers, on key city roads, promoting cycling as a healthy and environmentally friendly mode of transportation. You can view the cycling route on the website of the HerzegovinaBike association.<\/p>\n\n\n\n<p>After the bike ride through the city, the Mostar Cycling Club invites all participants to bike to the Mostar lake, where the club members will provide food and drinks along with the opportunity to socialize. This final part of the event provides the perfect opportunity to relax and enjoy nature, with all cycling lovers getting together. The organizers would like to thank the MUP HN\u017d for supporting the project and ensuring the safety of all cyclists during the event.<\/p>\n\n\n\n<div class=\"wp-block-columns is-layout-flex wp-container-core-columns-is-layout-9d6595d7 wp-block-columns-is-layout-flex\">\n<div class=\"wp-block-column is-layout-flow wp-block-column-is-layout-flow\">\n<figure class=\"wp-block-image size-large\"><img loading=\"lazy\" decoding=\"async\" width=\"1024\" height=\"683\" src=\"https:\/\/www.herzegovinabike.ba\/wp-content\/uploads\/2024\/09\/Mostarska-biciklijada-slika-4-1024x683.jpg\" alt=\"\" class=\"wp-image-15217\" srcset=\"https:\/\/www.herzegovinabike.ba\/wp-content\/uploads\/2024\/09\/Mostarska-biciklijada-slika-4-1024x683.jpg 1024w, https:\/\/www.herzegovinabike.ba\/wp-content\/uploads\/2024\/09\/Mostarska-biciklijada-slika-4-600x400.jpg 600w, https:\/\/www.herzegovinabike.ba\/wp-content\/uploads\/2024\/09\/Mostarska-biciklijada-slika-4-300x200.jpg 300w, https:\/\/www.herzegovinabike.ba\/wp-content\/uploads\/2024\/09\/Mostarska-biciklijada-slika-4-768x512.jpg 768w, https:\/\/www.herzegovinabike.ba\/wp-content\/uploads\/2024\/09\/Mostarska-biciklijada-slika-4-18x12.jpg 18w, https:\/\/www.herzegovinabike.ba\/wp-content\/uploads\/2024\/09\/Mostarska-biciklijada-slika-4.jpg 1200w\" sizes=\"auto, (max-width: 1024px) 100vw, 1024px\" \/><\/figure>\n<\/div>\n\n\n\n<div class=\"wp-block-column is-layout-flow wp-block-column-is-layout-flow\">\n<figure class=\"wp-block-image size-large\"><img loading=\"lazy\" decoding=\"async\" width=\"1024\" height=\"683\" src=\"https:\/\/www.herzegovinabike.ba\/wp-content\/uploads\/2024\/09\/Mostarska-biciklijada-slika-1-1024x683.jpg\" alt=\"\" class=\"wp-image-15214\" srcset=\"https:\/\/www.herzegovinabike.ba\/wp-content\/uploads\/2024\/09\/Mostarska-biciklijada-slika-1-1024x683.jpg 1024w, https:\/\/www.herzegovinabike.ba\/wp-content\/uploads\/2024\/09\/Mostarska-biciklijada-slika-1-600x400.jpg 600w, https:\/\/www.herzegovinabike.ba\/wp-content\/uploads\/2024\/09\/Mostarska-biciklijada-slika-1-300x200.jpg 300w, https:\/\/www.herzegovinabike.ba\/wp-content\/uploads\/2024\/09\/Mostarska-biciklijada-slika-1-768x512.jpg 768w, https:\/\/www.herzegovinabike.ba\/wp-content\/uploads\/2024\/09\/Mostarska-biciklijada-slika-1-18x12.jpg 18w, https:\/\/www.herzegovinabike.ba\/wp-content\/uploads\/2024\/09\/Mostarska-biciklijada-slika-1.jpg 1200w\" sizes=\"auto, (max-width: 1024px) 100vw, 1024px\" \/><\/figure>\n<\/div>\n<\/div>\n\n\n\n<p>Mostar's cycling event has already become a recognizable event in the city, gathering cycling enthusiasts, recreationists and all those who support a healthy lifestyle and sustainable development. This year, the organizers expect an even greater turnout of citizens of all age groups, in order to jointly mark the Car Free Day and send a strong message about the importance of preserving the environment and promoting cycling as an alternative form of transportation.<\/p>\n\n\n\n<p>President of the HerzegovinaBike association, <strong>Toni Zori\u0107<\/strong>\", said<em>With this bicycle event, we not only want to promote a healthy lifestyle and sustainable development, but also to point out the need for bicycle paths in the city of Mostar. Our vision is that children can cycle safely to school and home every day, instead of exposing themselves to the dangers of riding on main roads, maneuvering between cars or riding on sidewalks where they endanger pedestrians. It's time for the city of Mostar to get its own bike lanes, following the example of other developed European capitals, because our children and the city of Mostar deserve it!\"<\/em><\/p>\n\n\n\n<div class=\"wp-block-columns is-layout-flex wp-container-core-columns-is-layout-9d6595d7 wp-block-columns-is-layout-flex\">\n<div class=\"wp-block-column is-layout-flow wp-block-column-is-layout-flow\">\n<figure class=\"wp-block-image size-large\"><img loading=\"lazy\" decoding=\"async\" width=\"1024\" height=\"683\" src=\"https:\/\/www.herzegovinabike.ba\/wp-content\/uploads\/2024\/09\/Mostarska-biciklijada-slika-nalsov-1024x683.jpg\" alt=\"\" class=\"wp-image-15218\" srcset=\"https:\/\/www.herzegovinabike.ba\/wp-content\/uploads\/2024\/09\/Mostarska-biciklijada-slika-nalsov-1024x683.jpg 1024w, https:\/\/www.herzegovinabike.ba\/wp-content\/uploads\/2024\/09\/Mostarska-biciklijada-slika-nalsov-600x400.jpg 600w, https:\/\/www.herzegovinabike.ba\/wp-content\/uploads\/2024\/09\/Mostarska-biciklijada-slika-nalsov-300x200.jpg 300w, https:\/\/www.herzegovinabike.ba\/wp-content\/uploads\/2024\/09\/Mostarska-biciklijada-slika-nalsov-768x512.jpg 768w, https:\/\/www.herzegovinabike.ba\/wp-content\/uploads\/2024\/09\/Mostarska-biciklijada-slika-nalsov-18x12.jpg 18w, https:\/\/www.herzegovinabike.ba\/wp-content\/uploads\/2024\/09\/Mostarska-biciklijada-slika-nalsov.jpg 1200w\" sizes=\"auto, (max-width: 1024px) 100vw, 1024px\" \/><\/figure>\n<\/div>\n\n\n\n<div class=\"wp-block-column is-layout-flow wp-block-column-is-layout-flow\">\n<figure class=\"wp-block-image size-large\"><img loading=\"lazy\" decoding=\"async\" width=\"1024\" height=\"683\" src=\"https:\/\/www.herzegovinabike.ba\/wp-content\/uploads\/2024\/09\/Mostarska-biciklijada-slika-2-1024x683.jpg\" alt=\"\" class=\"wp-image-15215\" srcset=\"https:\/\/www.herzegovinabike.ba\/wp-content\/uploads\/2024\/09\/Mostarska-biciklijada-slika-2-1024x683.jpg 1024w, https:\/\/www.herzegovinabike.ba\/wp-content\/uploads\/2024\/09\/Mostarska-biciklijada-slika-2-600x400.jpg 600w, https:\/\/www.herzegovinabike.ba\/wp-content\/uploads\/2024\/09\/Mostarska-biciklijada-slika-2-300x200.jpg 300w, https:\/\/www.herzegovinabike.ba\/wp-content\/uploads\/2024\/09\/Mostarska-biciklijada-slika-2-768x512.jpg 768w, https:\/\/www.herzegovinabike.ba\/wp-content\/uploads\/2024\/09\/Mostarska-biciklijada-slika-2-18x12.jpg 18w, https:\/\/www.herzegovinabike.ba\/wp-content\/uploads\/2024\/09\/Mostarska-biciklijada-slika-2.jpg 1200w\" sizes=\"auto, (max-width: 1024px) 100vw, 1024px\" \/><\/figure>\n<\/div>\n<\/div>\n\n\n\n<p>The organizers point out that the goal of this cycling event is not only to promote cycling as a healthy and environmentally friendly mode of transport, but also to raise awareness of the need to create safer conditions for cyclists in the city. We invite all citizens of Mostar and the surrounding area to join this important event and celebrate the European Mobility Week with us in the most beautiful way possible - by riding a bicycle through Mostar.<\/p>\n\n\n\n<p>For more information about the Mostar bicycle race and how to register, visit the official website <a href=\"https:\/\/www.herzegovinabike.ba\/en\/event\/cetvrta-mostarska-biciklijada-2024\/\">association HerzegovinaBike<\/a> and\/or social networks of BK Mostar and HerzegovinaBike.<\/p>\n\n\n<div class=\"wp-block-image\">\n<figure class=\"aligncenter size-large\"><img loading=\"lazy\" decoding=\"async\" width=\"1024\" height=\"577\" src=\"https:\/\/www.herzegovinabike.ba\/wp-content\/uploads\/2024\/09\/Mostarska-biciklijada-plakat-1024x577.jpg\" alt=\"\" class=\"wp-image-15213\" srcset=\"https:\/\/www.herzegovinabike.ba\/wp-content\/uploads\/2024\/09\/Mostarska-biciklijada-plakat-1024x577.jpg 1024w, https:\/\/www.herzegovinabike.ba\/wp-content\/uploads\/2024\/09\/Mostarska-biciklijada-plakat-600x338.jpg 600w, https:\/\/www.herzegovinabike.ba\/wp-content\/uploads\/2024\/09\/Mostarska-biciklijada-plakat-300x169.jpg 300w, https:\/\/www.herzegovinabike.ba\/wp-content\/uploads\/2024\/09\/Mostarska-biciklijada-plakat-768x432.jpg 768w, https:\/\/www.herzegovinabike.ba\/wp-content\/uploads\/2024\/09\/Mostarska-biciklijada-plakat-1536x865.jpg 1536w, https:\/\/www.herzegovinabike.ba\/wp-content\/uploads\/2024\/09\/Mostarska-biciklijada-plakat-18x10.jpg 18w, https:\/\/www.herzegovinabike.ba\/wp-content\/uploads\/2024\/09\/Mostarska-biciklijada-plakat.jpg 1600w\" sizes=\"auto, (max-width: 1024px) 100vw, 1024px\" \/><\/figure>\n<\/div>\n\n\n<p>The organizers take this opportunity to thank<strong> to the sponsors of the event:<\/strong> USAID Turizam, EU Info centar, Grad Mostar, Sportski savez Grada Mostara, Hercegovina Vino i mesnice \u0160i\u0161ovi\u0107.<\/p>","protected":false},"excerpt":{"rendered":"<p>Biciklisti\u010dki klub Mostar, u suradnji s udrugom HerzegovinaBike i Sportskim savezom Grada Mostara, najavljuje 4. Mostarsku biciklijadu, koja \u0107e se odr\u017eati u nedjelju, 22.09.2024. godine, povodom Dana bez automobila. Ovaj doga\u0111aj dio je Europskog tjedna mobilnosti, koji promovira odr\u017eive na\u010dine kretanja i smanjenje upotrebe automobila u urbanim sredinama. Program biciklijade zapo\u010dinje ve\u0107 u 10:00 sati [&hellip;]<\/p>\n","protected":false},"author":2,"featured_media":15218,"comment_status":"closed","ping_status":"open","sticky":false,"template":"","format":"standard","meta":{"footnotes":""},"categories":[2],"tags":[],"class_list":["post-15210","post","type-post","status-publish","format-standard","has-post-thumbnail","hentry","category-blog"],"yoast_head":"<!-- This site is optimized with the Yoast SEO Premium plugin v21.5 (Yoast SEO v27.4) - https:\/\/yoast.com\/product\/yoast-seo-premium-wordpress\/ -->\n<title>4. Mostarska Biciklijada - Promocija zdravlja i sigurnijih ulica - HerzegovinaBike<\/title>\n<meta name=\"description\" content=\"Biciklisti\u010dki klub Mostar, u suradnji s udrugom HerzegovinaBike i Sportskim savezom Grada Mostara, najavljuje 4. Mostarsku biciklijadu ...\" \/>\n<meta name=\"robots\" content=\"index, follow, max-snippet:-1, max-image-preview:large, max-video-preview:-1\" \/>\n<link rel=\"canonical\" href=\"https:\/\/www.herzegovinabike.ba\/en\/4-mostarska-biciklijada-promocija-zdravlja-i-sigurnijih-ulica\/\" \/>\n<meta property=\"og:locale\" content=\"en_US\" \/>\n<meta property=\"og:type\" content=\"article\" \/>\n<meta property=\"og:title\" content=\"4. Mostarska Biciklijada - Promocija zdravlja i sigurnijih ulica\" \/>\n<meta property=\"og:description\" content=\"Biciklisti\u010dki klub Mostar, u suradnji s udrugom HerzegovinaBike i Sportskim savezom Grada Mostara, najavljuje 4. Mostarsku biciklijadu ...\" \/>\n<meta property=\"og:url\" content=\"https:\/\/www.herzegovinabike.ba\/en\/4-mostarska-biciklijada-promocija-zdravlja-i-sigurnijih-ulica\/\" \/>\n<meta property=\"og:site_name\" content=\"HerzegovinaBike\" \/>\n<meta property=\"article:publisher\" content=\"https:\/\/www.facebook.com\/HerzegovinaBike\" \/>\n<meta property=\"article:author\" content=\"https:\/\/www.facebook.com\/HerzegovinaBike\/\" \/>\n<meta property=\"article:published_time\" content=\"2024-09-17T09:24:26+00:00\" \/>\n<meta property=\"article:modified_time\" content=\"2025-06-24T20:12:06+00:00\" \/>\n<meta property=\"og:image\" content=\"https:\/\/www.herzegovinabike.ba\/wp-content\/uploads\/2024\/09\/Mostarska-biciklijada-slika-nalsov.jpg\" \/>\n\t<meta property=\"og:image:width\" content=\"1200\" \/>\n\t<meta property=\"og:image:height\" content=\"800\" \/>\n\t<meta property=\"og:image:type\" content=\"image\/jpeg\" \/>\n<meta name=\"author\" content=\"Herzegovina Bike\" \/>\n<meta name=\"twitter:card\" content=\"summary_large_image\" \/>\n<meta name=\"twitter:creator\" content=\"@https:\/\/twitter.com\/HerzegovinaBike\" \/>\n<meta name=\"twitter:label1\" content=\"Written by\" \/>\n\t<meta name=\"twitter:data1\" content=\"Herzegovina Bike\" \/>\n\t<meta name=\"twitter:label2\" content=\"Est. reading time\" \/>\n\t<meta name=\"twitter:data2\" content=\"5 minutes\" \/>\n<script type=\"application\/ld+json\" class=\"yoast-schema-graph\">{\"@context\":\"https:\\\/\\\/schema.org\",\"@graph\":[{\"@type\":\"Article\",\"@id\":\"https:\\\/\\\/www.herzegovinabike.ba\\\/4-mostarska-biciklijada-promocija-zdravlja-i-sigurnijih-ulica\\\/#article\",\"isPartOf\":{\"@id\":\"https:\\\/\\\/www.herzegovinabike.ba\\\/4-mostarska-biciklijada-promocija-zdravlja-i-sigurnijih-ulica\\\/\"},\"author\":{\"name\":\"Herzegovina Bike\",\"@id\":\"https:\\\/\\\/www.herzegovinabike.ba\\\/#\\\/schema\\\/person\\\/1161ca5c7a242dc0e69d24c0fb304ccb\"},\"headline\":\"4. Mostarska Biciklijada &#8211; Promocija zdravlja i sigurnijih ulica\",\"datePublished\":\"2024-09-17T09:24:26+00:00\",\"dateModified\":\"2025-06-24T20:12:06+00:00\",\"mainEntityOfPage\":{\"@id\":\"https:\\\/\\\/www.herzegovinabike.ba\\\/4-mostarska-biciklijada-promocija-zdravlja-i-sigurnijih-ulica\\\/\"},\"wordCount\":554,\"publisher\":{\"@id\":\"https:\\\/\\\/www.herzegovinabike.ba\\\/#organization\"},\"image\":{\"@id\":\"https:\\\/\\\/www.herzegovinabike.ba\\\/4-mostarska-biciklijada-promocija-zdravlja-i-sigurnijih-ulica\\\/#primaryimage\"},\"thumbnailUrl\":\"https:\\\/\\\/www.herzegovinabike.ba\\\/wp-content\\\/uploads\\\/2024\\\/09\\\/Mostarska-biciklijada-slika-nalsov.jpg\",\"articleSection\":[\"Blog\"],\"inLanguage\":\"en-US\"},{\"@type\":\"WebPage\",\"@id\":\"https:\\\/\\\/www.herzegovinabike.ba\\\/4-mostarska-biciklijada-promocija-zdravlja-i-sigurnijih-ulica\\\/\",\"url\":\"https:\\\/\\\/www.herzegovinabike.ba\\\/4-mostarska-biciklijada-promocija-zdravlja-i-sigurnijih-ulica\\\/\",\"name\":\"4. Mostarska Biciklijada - Promocija zdravlja i sigurnijih ulica - HerzegovinaBike\",\"isPartOf\":{\"@id\":\"https:\\\/\\\/www.herzegovinabike.ba\\\/#website\"},\"primaryImageOfPage\":{\"@id\":\"https:\\\/\\\/www.herzegovinabike.ba\\\/4-mostarska-biciklijada-promocija-zdravlja-i-sigurnijih-ulica\\\/#primaryimage\"},\"image\":{\"@id\":\"https:\\\/\\\/www.herzegovinabike.ba\\\/4-mostarska-biciklijada-promocija-zdravlja-i-sigurnijih-ulica\\\/#primaryimage\"},\"thumbnailUrl\":\"https:\\\/\\\/www.herzegovinabike.ba\\\/wp-content\\\/uploads\\\/2024\\\/09\\\/Mostarska-biciklijada-slika-nalsov.jpg\",\"datePublished\":\"2024-09-17T09:24:26+00:00\",\"dateModified\":\"2025-06-24T20:12:06+00:00\",\"description\":\"Biciklisti\u010dki klub Mostar, u suradnji s udrugom HerzegovinaBike i Sportskim savezom Grada Mostara, najavljuje 4. Mostarsku biciklijadu ...\",\"breadcrumb\":{\"@id\":\"https:\\\/\\\/www.herzegovinabike.ba\\\/4-mostarska-biciklijada-promocija-zdravlja-i-sigurnijih-ulica\\\/#breadcrumb\"},\"inLanguage\":\"en-US\",\"potentialAction\":[{\"@type\":\"ReadAction\",\"target\":[\"https:\\\/\\\/www.herzegovinabike.ba\\\/4-mostarska-biciklijada-promocija-zdravlja-i-sigurnijih-ulica\\\/\"]}]},{\"@type\":\"ImageObject\",\"inLanguage\":\"en-US\",\"@id\":\"https:\\\/\\\/www.herzegovinabike.ba\\\/4-mostarska-biciklijada-promocija-zdravlja-i-sigurnijih-ulica\\\/#primaryimage\",\"url\":\"https:\\\/\\\/www.herzegovinabike.ba\\\/wp-content\\\/uploads\\\/2024\\\/09\\\/Mostarska-biciklijada-slika-nalsov.jpg\",\"contentUrl\":\"https:\\\/\\\/www.herzegovinabike.ba\\\/wp-content\\\/uploads\\\/2024\\\/09\\\/Mostarska-biciklijada-slika-nalsov.jpg\",\"width\":1200,\"height\":800},{\"@type\":\"BreadcrumbList\",\"@id\":\"https:\\\/\\\/www.herzegovinabike.ba\\\/4-mostarska-biciklijada-promocija-zdravlja-i-sigurnijih-ulica\\\/#breadcrumb\",\"itemListElement\":[{\"@type\":\"ListItem\",\"position\":1,\"name\":\"Po\u010detna stranica\",\"item\":\"https:\\\/\\\/www.herzegovinabike.ba\\\/\"},{\"@type\":\"ListItem\",\"position\":2,\"name\":\"4. Mostarska Biciklijada &#8211; Promocija zdravlja i sigurnijih ulica\"}]},{\"@type\":\"WebSite\",\"@id\":\"https:\\\/\\\/www.herzegovinabike.ba\\\/#website\",\"url\":\"https:\\\/\\\/www.herzegovinabike.ba\\\/\",\"name\":\"HerzegovinaBike\",\"description\":\"Your place under the sun\",\"publisher\":{\"@id\":\"https:\\\/\\\/www.herzegovinabike.ba\\\/#organization\"},\"potentialAction\":[{\"@type\":\"SearchAction\",\"target\":{\"@type\":\"EntryPoint\",\"urlTemplate\":\"https:\\\/\\\/www.herzegovinabike.ba\\\/?s={search_term_string}\"},\"query-input\":{\"@type\":\"PropertyValueSpecification\",\"valueRequired\":true,\"valueName\":\"search_term_string\"}}],\"inLanguage\":\"en-US\"},{\"@type\":\"Organization\",\"@id\":\"https:\\\/\\\/www.herzegovinabike.ba\\\/#organization\",\"name\":\"Udruga HerzegovinaBike\",\"url\":\"https:\\\/\\\/www.herzegovinabike.ba\\\/\",\"logo\":{\"@type\":\"ImageObject\",\"inLanguage\":\"en-US\",\"@id\":\"https:\\\/\\\/www.herzegovinabike.ba\\\/#\\\/schema\\\/logo\\\/image\\\/\",\"url\":\"https:\\\/\\\/www.bike.herzegovinabike.ba\\\/wp-content\\\/uploads\\\/2023\\\/11\\\/herzegovina_bike_logo_horizontal.png\",\"contentUrl\":\"https:\\\/\\\/www.bike.herzegovinabike.ba\\\/wp-content\\\/uploads\\\/2023\\\/11\\\/herzegovina_bike_logo_horizontal.png\",\"width\":1757,\"height\":1061,\"caption\":\"Udruga HerzegovinaBike\"},\"image\":{\"@id\":\"https:\\\/\\\/www.herzegovinabike.ba\\\/#\\\/schema\\\/logo\\\/image\\\/\"},\"sameAs\":[\"https:\\\/\\\/www.facebook.com\\\/HerzegovinaBike\",\"https:\\\/\\\/www.instagram.com\\\/herzegovinabike\\\/\"]},{\"@type\":\"Person\",\"@id\":\"https:\\\/\\\/www.herzegovinabike.ba\\\/#\\\/schema\\\/person\\\/1161ca5c7a242dc0e69d24c0fb304ccb\",\"name\":\"Herzegovina Bike\",\"image\":{\"@type\":\"ImageObject\",\"inLanguage\":\"en-US\",\"@id\":\"https:\\\/\\\/secure.gravatar.com\\\/avatar\\\/236a03b53b73db89b68d17aa2f415bb2a2d3b326d0632f3a602c6c9cacba1ff0?s=96&d=mm&r=g\",\"url\":\"https:\\\/\\\/secure.gravatar.com\\\/avatar\\\/236a03b53b73db89b68d17aa2f415bb2a2d3b326d0632f3a602c6c9cacba1ff0?s=96&d=mm&r=g\",\"contentUrl\":\"https:\\\/\\\/secure.gravatar.com\\\/avatar\\\/236a03b53b73db89b68d17aa2f415bb2a2d3b326d0632f3a602c6c9cacba1ff0?s=96&d=mm&r=g\",\"caption\":\"Herzegovina Bike\"},\"description\":\"Udruga \u201cHerzegovinaBike\u201d je pokreta\u010d (i sredi\u0161te) razvoja biciklizma kao cikloturizma, rekreacije i sporta u Hercegovini. CILJ: Hercegovina kao vrhunska cikloturisti\u010dka destinacija. \u2705\",\"sameAs\":[\"https:\\\/\\\/www.herzegovinabike.ba\\\/\",\"https:\\\/\\\/www.facebook.com\\\/HerzegovinaBike\\\/\",\"https:\\\/\\\/www.instagram.com\\\/herzegovinabike\\\/\",\"https:\\\/\\\/www.linkedin.com\\\/in\\\/herzegovina-bike-ba605a29b\\\/\",\"https:\\\/\\\/x.com\\\/https:\\\/\\\/twitter.com\\\/HerzegovinaBike\",\"https:\\\/\\\/www.youtube.com\\\/channel\\\/UCOFGFUHmcGVzVHD9WgOGTrA\"],\"url\":\"https:\\\/\\\/www.herzegovinabike.ba\\\/en\\\/author\\\/toni\\\/\"}]}<\/script>\n<!-- \/ Yoast SEO Premium plugin. -->","yoast_head_json":{"title":"4. Mostarska Biciklijada - Promocija zdravlja i sigurnijih ulica - HerzegovinaBike","description":"Biciklisti\u010dki klub Mostar, u suradnji s udrugom HerzegovinaBike i Sportskim savezom Grada Mostara, najavljuje 4. Mostarsku biciklijadu ...","robots":{"index":"index","follow":"follow","max-snippet":"max-snippet:-1","max-image-preview":"max-image-preview:large","max-video-preview":"max-video-preview:-1"},"canonical":"https:\/\/www.herzegovinabike.ba\/en\/4-mostarska-biciklijada-promocija-zdravlja-i-sigurnijih-ulica\/","og_locale":"en_US","og_type":"article","og_title":"4. Mostarska Biciklijada - Promocija zdravlja i sigurnijih ulica","og_description":"Biciklisti\u010dki klub Mostar, u suradnji s udrugom HerzegovinaBike i Sportskim savezom Grada Mostara, najavljuje 4. Mostarsku biciklijadu ...","og_url":"https:\/\/www.herzegovinabike.ba\/en\/4-mostarska-biciklijada-promocija-zdravlja-i-sigurnijih-ulica\/","og_site_name":"HerzegovinaBike","article_publisher":"https:\/\/www.facebook.com\/HerzegovinaBike","article_author":"https:\/\/www.facebook.com\/HerzegovinaBike\/","article_published_time":"2024-09-17T09:24:26+00:00","article_modified_time":"2025-06-24T20:12:06+00:00","og_image":[{"width":1200,"height":800,"url":"https:\/\/www.herzegovinabike.ba\/wp-content\/uploads\/2024\/09\/Mostarska-biciklijada-slika-nalsov.jpg","type":"image\/jpeg"}],"author":"Herzegovina Bike","twitter_card":"summary_large_image","twitter_creator":"@https:\/\/twitter.com\/HerzegovinaBike","twitter_misc":{"Written by":"Herzegovina Bike","Est. reading time":"5 minutes"},"schema":{"@context":"https:\/\/schema.org","@graph":[{"@type":"Article","@id":"https:\/\/www.herzegovinabike.ba\/4-mostarska-biciklijada-promocija-zdravlja-i-sigurnijih-ulica\/#article","isPartOf":{"@id":"https:\/\/www.herzegovinabike.ba\/4-mostarska-biciklijada-promocija-zdravlja-i-sigurnijih-ulica\/"},"author":{"name":"Herzegovina Bike","@id":"https:\/\/www.herzegovinabike.ba\/#\/schema\/person\/1161ca5c7a242dc0e69d24c0fb304ccb"},"headline":"4. Mostarska Biciklijada &#8211; Promocija zdravlja i sigurnijih ulica","datePublished":"2024-09-17T09:24:26+00:00","dateModified":"2025-06-24T20:12:06+00:00","mainEntityOfPage":{"@id":"https:\/\/www.herzegovinabike.ba\/4-mostarska-biciklijada-promocija-zdravlja-i-sigurnijih-ulica\/"},"wordCount":554,"publisher":{"@id":"https:\/\/www.herzegovinabike.ba\/#organization"},"image":{"@id":"https:\/\/www.herzegovinabike.ba\/4-mostarska-biciklijada-promocija-zdravlja-i-sigurnijih-ulica\/#primaryimage"},"thumbnailUrl":"https:\/\/www.herzegovinabike.ba\/wp-content\/uploads\/2024\/09\/Mostarska-biciklijada-slika-nalsov.jpg","articleSection":["Blog"],"inLanguage":"en-US"},{"@type":"WebPage","@id":"https:\/\/www.herzegovinabike.ba\/4-mostarska-biciklijada-promocija-zdravlja-i-sigurnijih-ulica\/","url":"https:\/\/www.herzegovinabike.ba\/4-mostarska-biciklijada-promocija-zdravlja-i-sigurnijih-ulica\/","name":"4. Mostarska Biciklijada - Promocija zdravlja i sigurnijih ulica - HerzegovinaBike","isPartOf":{"@id":"https:\/\/www.herzegovinabike.ba\/#website"},"primaryImageOfPage":{"@id":"https:\/\/www.herzegovinabike.ba\/4-mostarska-biciklijada-promocija-zdravlja-i-sigurnijih-ulica\/#primaryimage"},"image":{"@id":"https:\/\/www.herzegovinabike.ba\/4-mostarska-biciklijada-promocija-zdravlja-i-sigurnijih-ulica\/#primaryimage"},"thumbnailUrl":"https:\/\/www.herzegovinabike.ba\/wp-content\/uploads\/2024\/09\/Mostarska-biciklijada-slika-nalsov.jpg","datePublished":"2024-09-17T09:24:26+00:00","dateModified":"2025-06-24T20:12:06+00:00","description":"Biciklisti\u010dki klub Mostar, u suradnji s udrugom HerzegovinaBike i Sportskim savezom Grada Mostara, najavljuje 4. Mostarsku biciklijadu ...","breadcrumb":{"@id":"https:\/\/www.herzegovinabike.ba\/4-mostarska-biciklijada-promocija-zdravlja-i-sigurnijih-ulica\/#breadcrumb"},"inLanguage":"en-US","potentialAction":[{"@type":"ReadAction","target":["https:\/\/www.herzegovinabike.ba\/4-mostarska-biciklijada-promocija-zdravlja-i-sigurnijih-ulica\/"]}]},{"@type":"ImageObject","inLanguage":"en-US","@id":"https:\/\/www.herzegovinabike.ba\/4-mostarska-biciklijada-promocija-zdravlja-i-sigurnijih-ulica\/#primaryimage","url":"https:\/\/www.herzegovinabike.ba\/wp-content\/uploads\/2024\/09\/Mostarska-biciklijada-slika-nalsov.jpg","contentUrl":"https:\/\/www.herzegovinabike.ba\/wp-content\/uploads\/2024\/09\/Mostarska-biciklijada-slika-nalsov.jpg","width":1200,"height":800},{"@type":"BreadcrumbList","@id":"https:\/\/www.herzegovinabike.ba\/4-mostarska-biciklijada-promocija-zdravlja-i-sigurnijih-ulica\/#breadcrumb","itemListElement":[{"@type":"ListItem","position":1,"name":"Po\u010detna stranica","item":"https:\/\/www.herzegovinabike.ba\/"},{"@type":"ListItem","position":2,"name":"4. Mostarska Biciklijada &#8211; Promocija zdravlja i sigurnijih ulica"}]},{"@type":"WebSite","@id":"https:\/\/www.herzegovinabike.ba\/#website","url":"https:\/\/www.herzegovinabike.ba\/","name":"HerzegovinaBike","description":"Your place under the sun","publisher":{"@id":"https:\/\/www.herzegovinabike.ba\/#organization"},"potentialAction":[{"@type":"SearchAction","target":{"@type":"EntryPoint","urlTemplate":"https:\/\/www.herzegovinabike.ba\/?s={search_term_string}"},"query-input":{"@type":"PropertyValueSpecification","valueRequired":true,"valueName":"search_term_string"}}],"inLanguage":"en-US"},{"@type":"Organization","@id":"https:\/\/www.herzegovinabike.ba\/#organization","name":"Association HerzegovinaBike","url":"https:\/\/www.herzegovinabike.ba\/","logo":{"@type":"ImageObject","inLanguage":"en-US","@id":"https:\/\/www.herzegovinabike.ba\/#\/schema\/logo\/image\/","url":"https:\/\/www.bike.herzegovinabike.ba\/wp-content\/uploads\/2023\/11\/herzegovina_bike_logo_horizontal.png","contentUrl":"https:\/\/www.bike.herzegovinabike.ba\/wp-content\/uploads\/2023\/11\/herzegovina_bike_logo_horizontal.png","width":1757,"height":1061,"caption":"Udruga HerzegovinaBike"},"image":{"@id":"https:\/\/www.herzegovinabike.ba\/#\/schema\/logo\/image\/"},"sameAs":["https:\/\/www.facebook.com\/HerzegovinaBike","https:\/\/www.instagram.com\/herzegovinabike\/"]},{"@type":"Person","@id":"https:\/\/www.herzegovinabike.ba\/#\/schema\/person\/1161ca5c7a242dc0e69d24c0fb304ccb","name":"Herzegovina Bike","image":{"@type":"ImageObject","inLanguage":"en-US","@id":"https:\/\/secure.gravatar.com\/avatar\/236a03b53b73db89b68d17aa2f415bb2a2d3b326d0632f3a602c6c9cacba1ff0?s=96&d=mm&r=g","url":"https:\/\/secure.gravatar.com\/avatar\/236a03b53b73db89b68d17aa2f415bb2a2d3b326d0632f3a602c6c9cacba1ff0?s=96&d=mm&r=g","contentUrl":"https:\/\/secure.gravatar.com\/avatar\/236a03b53b73db89b68d17aa2f415bb2a2d3b326d0632f3a602c6c9cacba1ff0?s=96&d=mm&r=g","caption":"Herzegovina Bike"},"description":"Udruga \u201cHerzegovinaBike\u201d je pokreta\u010d (i sredi\u0161te) razvoja biciklizma kao cikloturizma, rekreacije i sporta u Hercegovini. CILJ: Hercegovina kao vrhunska cikloturisti\u010dka destinacija. \u2705","sameAs":["https:\/\/www.herzegovinabike.ba\/","https:\/\/www.facebook.com\/HerzegovinaBike\/","https:\/\/www.instagram.com\/herzegovinabike\/","https:\/\/www.linkedin.com\/in\/herzegovina-bike-ba605a29b\/","https:\/\/x.com\/https:\/\/twitter.com\/HerzegovinaBike","https:\/\/www.youtube.com\/channel\/UCOFGFUHmcGVzVHD9WgOGTrA"],"url":"https:\/\/www.herzegovinabike.ba\/en\/author\/toni\/"}]}},"_links":{"self":[{"href":"https:\/\/www.herzegovinabike.ba\/en\/wp-json\/wp\/v2\/posts\/15210","targetHints":{"allow":["GET"]}}],"collection":[{"href":"https:\/\/www.herzegovinabike.ba\/en\/wp-json\/wp\/v2\/posts"}],"about":[{"href":"https:\/\/www.herzegovinabike.ba\/en\/wp-json\/wp\/v2\/types\/post"}],"author":[{"embeddable":true,"href":"https:\/\/www.herzegovinabike.ba\/en\/wp-json\/wp\/v2\/users\/2"}],"replies":[{"embeddable":true,"href":"https:\/\/www.herzegovinabike.ba\/en\/wp-json\/wp\/v2\/comments?post=15210"}],"version-history":[{"count":5,"href":"https:\/\/www.herzegovinabike.ba\/en\/wp-json\/wp\/v2\/posts\/15210\/revisions"}],"predecessor-version":[{"id":18166,"href":"https:\/\/www.herzegovinabike.ba\/en\/wp-json\/wp\/v2\/posts\/15210\/revisions\/18166"}],"wp:featuredmedia":[{"embeddable":true,"href":"https:\/\/www.herzegovinabike.ba\/en\/wp-json\/wp\/v2\/media\/15218"}],"wp:attachment":[{"href":"https:\/\/www.herzegovinabike.ba\/en\/wp-json\/wp\/v2\/media?parent=15210"}],"wp:term":[{"taxonomy":"category","embeddable":true,"href":"https:\/\/www.herzegovinabike.ba\/en\/wp-json\/wp\/v2\/categories?post=15210"},{"taxonomy":"post_tag","embeddable":true,"href":"https:\/\/www.herzegovinabike.ba\/en\/wp-json\/wp\/v2\/tags?post=15210"}],"curies":[{"name":"wp","href":"https:\/\/api.w.org\/{rel}","templated":true}]}}