{"id":15226,"date":"2024-09-21T18:39:53","date_gmt":"2024-09-21T16:39:53","guid":{"rendered":"https:\/\/www.herzegovinabike.ba\/?p=15226"},"modified":"2025-06-24T22:12:06","modified_gmt":"2025-06-24T20:12:06","slug":"biciklisti-promovirali-kulturno-povijesnu-bastinu-hercegovine","status":"publish","type":"post","link":"https:\/\/www.herzegovinabike.ba\/en\/biciklisti-promovirali-kulturno-povijesnu-bastinu-hercegovine\/","title":{"rendered":"Cyclists promoted the cultural and historical heritage of Herzegovina"},"content":{"rendered":"<div style=\"height:30px\" aria-hidden=\"true\" class=\"wp-block-spacer\"><\/div>\n\n\n\n<p><strong>Saturday; 21.09.2024.<\/strong> - Today, the \u0106iro Heritage bicycle race was held, which was postponed last weekend due to bad weather. The participants were greeted by sunny and beautiful weather, which further beautified the route by which the cyclists visited several cultural and historical gems of Herzegovina. The ride included the old town of Po\u010ditelj, the necropolis of the Ste\u0107aks of Radimlje, the old town of Vido\u0161ki, while the town of Stolac was the final destination of this cycling adventure.<\/p>\n\n\n\n<div class=\"wp-block-columns is-layout-flex wp-container-core-columns-is-layout-9d6595d7 wp-block-columns-is-layout-flex\">\n<div class=\"wp-block-column is-layout-flow wp-block-column-is-layout-flow\">\n<figure class=\"wp-block-image size-large\"><img loading=\"lazy\" decoding=\"async\" width=\"1024\" height=\"683\" src=\"https:\/\/www.herzegovinabike.ba\/wp-content\/uploads\/2024\/09\/Ciro-Heritage-2024-slika-1-1024x683.jpg\" alt=\"\" class=\"wp-image-15229\" srcset=\"https:\/\/www.herzegovinabike.ba\/wp-content\/uploads\/2024\/09\/Ciro-Heritage-2024-slika-1-1024x683.jpg 1024w, https:\/\/www.herzegovinabike.ba\/wp-content\/uploads\/2024\/09\/Ciro-Heritage-2024-slika-1-600x400.jpg 600w, https:\/\/www.herzegovinabike.ba\/wp-content\/uploads\/2024\/09\/Ciro-Heritage-2024-slika-1-300x200.jpg 300w, https:\/\/www.herzegovinabike.ba\/wp-content\/uploads\/2024\/09\/Ciro-Heritage-2024-slika-1-768x512.jpg 768w, https:\/\/www.herzegovinabike.ba\/wp-content\/uploads\/2024\/09\/Ciro-Heritage-2024-slika-1-18x12.jpg 18w, https:\/\/www.herzegovinabike.ba\/wp-content\/uploads\/2024\/09\/Ciro-Heritage-2024-slika-1.jpg 1200w\" sizes=\"auto, (max-width: 1024px) 100vw, 1024px\" \/><\/figure>\n<\/div>\n\n\n\n<div class=\"wp-block-column is-layout-flow wp-block-column-is-layout-flow\">\n<figure class=\"wp-block-image size-large\"><img loading=\"lazy\" decoding=\"async\" width=\"1024\" height=\"683\" src=\"https:\/\/www.herzegovinabike.ba\/wp-content\/uploads\/2024\/09\/Ciro-Heritage-2024-slika-3-1024x683.jpg\" alt=\"\" class=\"wp-image-15231\" srcset=\"https:\/\/www.herzegovinabike.ba\/wp-content\/uploads\/2024\/09\/Ciro-Heritage-2024-slika-3-1024x683.jpg 1024w, https:\/\/www.herzegovinabike.ba\/wp-content\/uploads\/2024\/09\/Ciro-Heritage-2024-slika-3-600x400.jpg 600w, https:\/\/www.herzegovinabike.ba\/wp-content\/uploads\/2024\/09\/Ciro-Heritage-2024-slika-3-300x200.jpg 300w, https:\/\/www.herzegovinabike.ba\/wp-content\/uploads\/2024\/09\/Ciro-Heritage-2024-slika-3-768x512.jpg 768w, https:\/\/www.herzegovinabike.ba\/wp-content\/uploads\/2024\/09\/Ciro-Heritage-2024-slika-3-18x12.jpg 18w, https:\/\/www.herzegovinabike.ba\/wp-content\/uploads\/2024\/09\/Ciro-Heritage-2024-slika-3.jpg 1200w\" sizes=\"auto, (max-width: 1024px) 100vw, 1024px\" \/><\/figure>\n<\/div>\n<\/div>\n\n\n\n<p><strong>Po\u010ditelj<\/strong>, known for its Ottoman architecture and picturesque stone houses, is one of the most beautiful historical towns in Herzegovina. The participants had the opportunity to walk through its narrow streets and learn more about the rich past of this city located on the banks of the Neretva River.<\/p>\n\n\n\n<div class=\"wp-block-columns is-layout-flex wp-container-core-columns-is-layout-9d6595d7 wp-block-columns-is-layout-flex\">\n<div class=\"wp-block-column is-layout-flow wp-block-column-is-layout-flow\">\n<figure class=\"wp-block-image size-large\"><img loading=\"lazy\" decoding=\"async\" width=\"1024\" height=\"683\" src=\"https:\/\/www.herzegovinabike.ba\/wp-content\/uploads\/2024\/09\/Ciro-Heritage-2024-slika-5-1024x683.jpg\" alt=\"\" class=\"wp-image-15233\" srcset=\"https:\/\/www.herzegovinabike.ba\/wp-content\/uploads\/2024\/09\/Ciro-Heritage-2024-slika-5-1024x683.jpg 1024w, https:\/\/www.herzegovinabike.ba\/wp-content\/uploads\/2024\/09\/Ciro-Heritage-2024-slika-5-600x400.jpg 600w, https:\/\/www.herzegovinabike.ba\/wp-content\/uploads\/2024\/09\/Ciro-Heritage-2024-slika-5-300x200.jpg 300w, https:\/\/www.herzegovinabike.ba\/wp-content\/uploads\/2024\/09\/Ciro-Heritage-2024-slika-5-768x512.jpg 768w, https:\/\/www.herzegovinabike.ba\/wp-content\/uploads\/2024\/09\/Ciro-Heritage-2024-slika-5-18x12.jpg 18w, https:\/\/www.herzegovinabike.ba\/wp-content\/uploads\/2024\/09\/Ciro-Heritage-2024-slika-5.jpg 1200w\" sizes=\"auto, (max-width: 1024px) 100vw, 1024px\" \/><\/figure>\n<\/div>\n\n\n\n<div class=\"wp-block-column is-layout-flow wp-block-column-is-layout-flow\">\n<figure class=\"wp-block-image size-large\"><img loading=\"lazy\" decoding=\"async\" width=\"1024\" height=\"683\" src=\"https:\/\/www.herzegovinabike.ba\/wp-content\/uploads\/2024\/09\/Ciro-Heritage-2024-slika-7-1024x683.jpg\" alt=\"\" class=\"wp-image-15235\" srcset=\"https:\/\/www.herzegovinabike.ba\/wp-content\/uploads\/2024\/09\/Ciro-Heritage-2024-slika-7-1024x683.jpg 1024w, https:\/\/www.herzegovinabike.ba\/wp-content\/uploads\/2024\/09\/Ciro-Heritage-2024-slika-7-600x400.jpg 600w, https:\/\/www.herzegovinabike.ba\/wp-content\/uploads\/2024\/09\/Ciro-Heritage-2024-slika-7-300x200.jpg 300w, https:\/\/www.herzegovinabike.ba\/wp-content\/uploads\/2024\/09\/Ciro-Heritage-2024-slika-7-768x512.jpg 768w, https:\/\/www.herzegovinabike.ba\/wp-content\/uploads\/2024\/09\/Ciro-Heritage-2024-slika-7-18x12.jpg 18w, https:\/\/www.herzegovinabike.ba\/wp-content\/uploads\/2024\/09\/Ciro-Heritage-2024-slika-7.jpg 1200w\" sizes=\"auto, (max-width: 1024px) 100vw, 1024px\" \/><\/figure>\n<\/div>\n<\/div>\n\n\n\n<p><strong>Necropolis of ste\u0107ak Radimlje<\/strong>, protected as a UNESCO heritage, is one of the most significant monuments of medieval Bosnia and Herzegovina. Ste\u0107ci in Radimlja are unique because of their rich decorations and inscriptions. Special thanks to the employees of JU Radimlje who warmly welcomed us and shared with us valuable information about the history of this destination, enabling the participants to learn firsthand more about the importance and meaning of the ste\u0107ak.<\/p>\n\n\n\n<p>In Stolac, the cyclists visited <strong>the old town of Vido\u0161ki<\/strong>, a historical fortress that rises above the city and bears witness to the rich history of this region. They finished their route in this picturesque city, enjoying the beautiful scenery and cultural heritage.<\/p>\n\n\n\n<div class=\"wp-block-columns is-layout-flex wp-container-core-columns-is-layout-9d6595d7 wp-block-columns-is-layout-flex\">\n<div class=\"wp-block-column is-layout-flow wp-block-column-is-layout-flow\">\n<figure class=\"wp-block-image size-large\"><img loading=\"lazy\" decoding=\"async\" width=\"1024\" height=\"683\" src=\"https:\/\/www.herzegovinabike.ba\/wp-content\/uploads\/2024\/09\/Ciro-Heritage-2024-slika-2-1024x683.jpg\" alt=\"\" class=\"wp-image-15230\" srcset=\"https:\/\/www.herzegovinabike.ba\/wp-content\/uploads\/2024\/09\/Ciro-Heritage-2024-slika-2-1024x683.jpg 1024w, https:\/\/www.herzegovinabike.ba\/wp-content\/uploads\/2024\/09\/Ciro-Heritage-2024-slika-2-600x400.jpg 600w, https:\/\/www.herzegovinabike.ba\/wp-content\/uploads\/2024\/09\/Ciro-Heritage-2024-slika-2-300x200.jpg 300w, https:\/\/www.herzegovinabike.ba\/wp-content\/uploads\/2024\/09\/Ciro-Heritage-2024-slika-2-768x512.jpg 768w, https:\/\/www.herzegovinabike.ba\/wp-content\/uploads\/2024\/09\/Ciro-Heritage-2024-slika-2-18x12.jpg 18w, https:\/\/www.herzegovinabike.ba\/wp-content\/uploads\/2024\/09\/Ciro-Heritage-2024-slika-2.jpg 1200w\" sizes=\"auto, (max-width: 1024px) 100vw, 1024px\" \/><\/figure>\n<\/div>\n\n\n\n<div class=\"wp-block-column is-layout-flow wp-block-column-is-layout-flow\">\n<figure class=\"wp-block-image size-large\"><img loading=\"lazy\" decoding=\"async\" width=\"1024\" height=\"683\" src=\"https:\/\/www.herzegovinabike.ba\/wp-content\/uploads\/2024\/09\/Ciro-Heritage-2024-slika-4-1024x683.jpg\" alt=\"\" class=\"wp-image-15232\" srcset=\"https:\/\/www.herzegovinabike.ba\/wp-content\/uploads\/2024\/09\/Ciro-Heritage-2024-slika-4-1024x683.jpg 1024w, https:\/\/www.herzegovinabike.ba\/wp-content\/uploads\/2024\/09\/Ciro-Heritage-2024-slika-4-600x400.jpg 600w, https:\/\/www.herzegovinabike.ba\/wp-content\/uploads\/2024\/09\/Ciro-Heritage-2024-slika-4-300x200.jpg 300w, https:\/\/www.herzegovinabike.ba\/wp-content\/uploads\/2024\/09\/Ciro-Heritage-2024-slika-4-768x512.jpg 768w, https:\/\/www.herzegovinabike.ba\/wp-content\/uploads\/2024\/09\/Ciro-Heritage-2024-slika-4-18x12.jpg 18w, https:\/\/www.herzegovinabike.ba\/wp-content\/uploads\/2024\/09\/Ciro-Heritage-2024-slika-4.jpg 1200w\" sizes=\"auto, (max-width: 1024px) 100vw, 1024px\" \/><\/figure>\n<\/div>\n<\/div>\n\n\n\n<p>It is important to say that our cycling tour guides shared knowledge and information about all the visited destinations during the ride, which made the cycling not only recreational, but also educational. The participants returned home with new knowledge, memories and impressions, while through this event we successfully promoted Herzegovina as an exceptional cycling destination.<\/p>\n\n\n\n<p><strong>Toni Zori\u0107<\/strong>, president of the HerzegovinaBike association, stated:<em>I want to thank all the participants who responded to this cycling event today. We believe that we once again proved to be good hosts, and that we once again promoted our country as a desirable tourist destination in the best possible light. Tomorrow, the 4th Mostar Bicycling is waiting for us, when, as part of the European Mobility Week, we will promote the importance of urban mobility, a healthy and sustainable way of life. I hereby invite all Mostar cyclists to respond in as many numbers as possible in order to together point out the need for bicycle lanes in the city of Mostar, which will contribute to greater safety and awareness among citizens about the use of bicycles as a means of transportation.<\/em>.&#8221;<\/p>\n\n\n\n<div class=\"wp-block-columns is-layout-flex wp-container-core-columns-is-layout-9d6595d7 wp-block-columns-is-layout-flex\">\n<div class=\"wp-block-column is-layout-flow wp-block-column-is-layout-flow\">\n<figure class=\"wp-block-image size-large\"><img loading=\"lazy\" decoding=\"async\" width=\"1024\" height=\"683\" src=\"https:\/\/www.herzegovinabike.ba\/wp-content\/uploads\/2024\/09\/Ciro-Heritage-2024-slika-6-1024x683.jpg\" alt=\"\" class=\"wp-image-15234\" srcset=\"https:\/\/www.herzegovinabike.ba\/wp-content\/uploads\/2024\/09\/Ciro-Heritage-2024-slika-6-1024x683.jpg 1024w, https:\/\/www.herzegovinabike.ba\/wp-content\/uploads\/2024\/09\/Ciro-Heritage-2024-slika-6-600x400.jpg 600w, https:\/\/www.herzegovinabike.ba\/wp-content\/uploads\/2024\/09\/Ciro-Heritage-2024-slika-6-300x200.jpg 300w, https:\/\/www.herzegovinabike.ba\/wp-content\/uploads\/2024\/09\/Ciro-Heritage-2024-slika-6-768x512.jpg 768w, https:\/\/www.herzegovinabike.ba\/wp-content\/uploads\/2024\/09\/Ciro-Heritage-2024-slika-6-18x12.jpg 18w, https:\/\/www.herzegovinabike.ba\/wp-content\/uploads\/2024\/09\/Ciro-Heritage-2024-slika-6.jpg 1200w\" sizes=\"auto, (max-width: 1024px) 100vw, 1024px\" \/><\/figure>\n<\/div>\n\n\n\n<div class=\"wp-block-column is-layout-flow wp-block-column-is-layout-flow\">\n<figure class=\"wp-block-image size-large\"><img loading=\"lazy\" decoding=\"async\" width=\"1024\" height=\"683\" src=\"https:\/\/www.herzegovinabike.ba\/wp-content\/uploads\/2024\/09\/Ciro-Heritage-2024-slika-8-1024x683.jpg\" alt=\"\" class=\"wp-image-15236\" srcset=\"https:\/\/www.herzegovinabike.ba\/wp-content\/uploads\/2024\/09\/Ciro-Heritage-2024-slika-8-1024x683.jpg 1024w, https:\/\/www.herzegovinabike.ba\/wp-content\/uploads\/2024\/09\/Ciro-Heritage-2024-slika-8-600x400.jpg 600w, https:\/\/www.herzegovinabike.ba\/wp-content\/uploads\/2024\/09\/Ciro-Heritage-2024-slika-8-300x200.jpg 300w, https:\/\/www.herzegovinabike.ba\/wp-content\/uploads\/2024\/09\/Ciro-Heritage-2024-slika-8-768x512.jpg 768w, https:\/\/www.herzegovinabike.ba\/wp-content\/uploads\/2024\/09\/Ciro-Heritage-2024-slika-8-18x12.jpg 18w, https:\/\/www.herzegovinabike.ba\/wp-content\/uploads\/2024\/09\/Ciro-Heritage-2024-slika-8.jpg 1200w\" sizes=\"auto, (max-width: 1024px) 100vw, 1024px\" \/><\/figure>\n<\/div>\n<\/div>\n\n\n\n<p>The next \u0106iro cycling event is planned for the beginning of October, when we will promote the route connecting Trebinje and Bile\u0107a, and it will also be the last \u0106iro cycling event in 2024. We look forward to meeting you again and continuing to explore the beauty of our region!<\/p>\n\n\n\n<p>Finally, the organizers would like to thank all the sponsors of today's \u0106iro Heritage cycling event, namely: <strong>Grad Stolac, Nekropola Radimlja, tvrtke HT Eronet, Continental Tires, Turisti\u010dke Zajednice HN\u017d\/K, \u0160koda Apolo, agencije REDAH<\/strong> and<strong> Capriolo SC Mostar<\/strong>.<\/p>","protected":false},"excerpt":{"rendered":"<p>Subota; 21.09.2024. &#8211; Danas je odr\u017eana biciklijada \u0106iro Heritage, koja je pro\u0161log vikenda odgo\u0111ena zbog lo\u0161eg vremena. Sudionike je do\u010dekalo sun\u010dano i prelijepo vrijeme, \u0161to je dodatno uljep\u0161alo rutu kojom su biciklisti obi\u0161li nekoliko kulturno-povijesnih dragulja Hercegovine. Vo\u017enja je obuhvatila stari grad Po\u010ditelj, nekropolu ste\u0107aka Radimlja, stari grad Vido\u0161ki, dok je grad Stolac bio kona\u010dno [&hellip;]<\/p>\n","protected":false},"author":2,"featured_media":15234,"comment_status":"closed","ping_status":"open","sticky":false,"template":"","format":"standard","meta":{"footnotes":""},"categories":[2],"tags":[],"class_list":["post-15226","post","type-post","status-publish","format-standard","has-post-thumbnail","hentry","category-blog"],"yoast_head":"<!-- This site is optimized with the Yoast SEO Premium plugin v21.5 (Yoast SEO v27.4) - https:\/\/yoast.com\/product\/yoast-seo-premium-wordpress\/ -->\n<title>Biciklisti promovirali kulturno-povijesnu ba\u0161tinu Hercegovine - HerzegovinaBike<\/title>\n<meta name=\"description\" content=\"Danas je odr\u017eana biciklijada \u0106iro Heritage, koja je pro\u0161log vikenda odgo\u0111ena zbog lo\u0161eg vremena. Sudionike je do\u010dekalo sun\u010dano i ...\" \/>\n<meta name=\"robots\" content=\"index, follow, max-snippet:-1, max-image-preview:large, max-video-preview:-1\" \/>\n<link rel=\"canonical\" href=\"https:\/\/www.herzegovinabike.ba\/en\/biciklisti-promovirali-kulturno-povijesnu-bastinu-hercegovine\/\" \/>\n<meta property=\"og:locale\" content=\"en_US\" \/>\n<meta property=\"og:type\" content=\"article\" \/>\n<meta property=\"og:title\" content=\"Biciklisti promovirali kulturno-povijesnu ba\u0161tinu Hercegovine\" \/>\n<meta property=\"og:description\" content=\"Danas je odr\u017eana biciklijada \u0106iro Heritage, koja je pro\u0161log vikenda odgo\u0111ena zbog lo\u0161eg vremena. Sudionike je do\u010dekalo sun\u010dano i ...\" \/>\n<meta property=\"og:url\" content=\"https:\/\/www.herzegovinabike.ba\/en\/biciklisti-promovirali-kulturno-povijesnu-bastinu-hercegovine\/\" \/>\n<meta property=\"og:site_name\" content=\"HerzegovinaBike\" \/>\n<meta property=\"article:publisher\" content=\"https:\/\/www.facebook.com\/HerzegovinaBike\" \/>\n<meta property=\"article:author\" content=\"https:\/\/www.facebook.com\/HerzegovinaBike\/\" \/>\n<meta property=\"article:published_time\" content=\"2024-09-21T16:39:53+00:00\" \/>\n<meta property=\"article:modified_time\" content=\"2025-06-24T20:12:06+00:00\" \/>\n<meta property=\"og:image\" content=\"https:\/\/www.herzegovinabike.ba\/wp-content\/uploads\/2024\/09\/Ciro-Heritage-2024-slika-6.jpg\" \/>\n\t<meta property=\"og:image:width\" content=\"1200\" \/>\n\t<meta property=\"og:image:height\" content=\"800\" \/>\n\t<meta property=\"og:image:type\" content=\"image\/jpeg\" \/>\n<meta name=\"author\" content=\"Herzegovina Bike\" \/>\n<meta name=\"twitter:card\" content=\"summary_large_image\" \/>\n<meta name=\"twitter:creator\" content=\"@https:\/\/twitter.com\/HerzegovinaBike\" \/>\n<meta name=\"twitter:label1\" content=\"Written by\" \/>\n\t<meta name=\"twitter:data1\" content=\"Herzegovina Bike\" \/>\n\t<meta name=\"twitter:label2\" content=\"Est. reading time\" \/>\n\t<meta name=\"twitter:data2\" content=\"5 minutes\" \/>\n<script type=\"application\/ld+json\" class=\"yoast-schema-graph\">{\"@context\":\"https:\\\/\\\/schema.org\",\"@graph\":[{\"@type\":\"Article\",\"@id\":\"https:\\\/\\\/www.herzegovinabike.ba\\\/biciklisti-promovirali-kulturno-povijesnu-bastinu-hercegovine\\\/#article\",\"isPartOf\":{\"@id\":\"https:\\\/\\\/www.herzegovinabike.ba\\\/biciklisti-promovirali-kulturno-povijesnu-bastinu-hercegovine\\\/\"},\"author\":{\"name\":\"Herzegovina Bike\",\"@id\":\"https:\\\/\\\/www.herzegovinabike.ba\\\/#\\\/schema\\\/person\\\/1161ca5c7a242dc0e69d24c0fb304ccb\"},\"headline\":\"Biciklisti promovirali kulturno-povijesnu ba\u0161tinu Hercegovine\",\"datePublished\":\"2024-09-21T16:39:53+00:00\",\"dateModified\":\"2025-06-24T20:12:06+00:00\",\"mainEntityOfPage\":{\"@id\":\"https:\\\/\\\/www.herzegovinabike.ba\\\/biciklisti-promovirali-kulturno-povijesnu-bastinu-hercegovine\\\/\"},\"wordCount\":509,\"publisher\":{\"@id\":\"https:\\\/\\\/www.herzegovinabike.ba\\\/#organization\"},\"image\":{\"@id\":\"https:\\\/\\\/www.herzegovinabike.ba\\\/biciklisti-promovirali-kulturno-povijesnu-bastinu-hercegovine\\\/#primaryimage\"},\"thumbnailUrl\":\"https:\\\/\\\/www.herzegovinabike.ba\\\/wp-content\\\/uploads\\\/2024\\\/09\\\/Ciro-Heritage-2024-slika-6.jpg\",\"articleSection\":[\"Blog\"],\"inLanguage\":\"en-US\"},{\"@type\":\"WebPage\",\"@id\":\"https:\\\/\\\/www.herzegovinabike.ba\\\/biciklisti-promovirali-kulturno-povijesnu-bastinu-hercegovine\\\/\",\"url\":\"https:\\\/\\\/www.herzegovinabike.ba\\\/biciklisti-promovirali-kulturno-povijesnu-bastinu-hercegovine\\\/\",\"name\":\"Biciklisti promovirali kulturno-povijesnu ba\u0161tinu Hercegovine - HerzegovinaBike\",\"isPartOf\":{\"@id\":\"https:\\\/\\\/www.herzegovinabike.ba\\\/#website\"},\"primaryImageOfPage\":{\"@id\":\"https:\\\/\\\/www.herzegovinabike.ba\\\/biciklisti-promovirali-kulturno-povijesnu-bastinu-hercegovine\\\/#primaryimage\"},\"image\":{\"@id\":\"https:\\\/\\\/www.herzegovinabike.ba\\\/biciklisti-promovirali-kulturno-povijesnu-bastinu-hercegovine\\\/#primaryimage\"},\"thumbnailUrl\":\"https:\\\/\\\/www.herzegovinabike.ba\\\/wp-content\\\/uploads\\\/2024\\\/09\\\/Ciro-Heritage-2024-slika-6.jpg\",\"datePublished\":\"2024-09-21T16:39:53+00:00\",\"dateModified\":\"2025-06-24T20:12:06+00:00\",\"description\":\"Danas je odr\u017eana biciklijada \u0106iro Heritage, koja je pro\u0161log vikenda odgo\u0111ena zbog lo\u0161eg vremena. Sudionike je do\u010dekalo sun\u010dano i ...\",\"breadcrumb\":{\"@id\":\"https:\\\/\\\/www.herzegovinabike.ba\\\/biciklisti-promovirali-kulturno-povijesnu-bastinu-hercegovine\\\/#breadcrumb\"},\"inLanguage\":\"en-US\",\"potentialAction\":[{\"@type\":\"ReadAction\",\"target\":[\"https:\\\/\\\/www.herzegovinabike.ba\\\/biciklisti-promovirali-kulturno-povijesnu-bastinu-hercegovine\\\/\"]}]},{\"@type\":\"ImageObject\",\"inLanguage\":\"en-US\",\"@id\":\"https:\\\/\\\/www.herzegovinabike.ba\\\/biciklisti-promovirali-kulturno-povijesnu-bastinu-hercegovine\\\/#primaryimage\",\"url\":\"https:\\\/\\\/www.herzegovinabike.ba\\\/wp-content\\\/uploads\\\/2024\\\/09\\\/Ciro-Heritage-2024-slika-6.jpg\",\"contentUrl\":\"https:\\\/\\\/www.herzegovinabike.ba\\\/wp-content\\\/uploads\\\/2024\\\/09\\\/Ciro-Heritage-2024-slika-6.jpg\",\"width\":1200,\"height\":800},{\"@type\":\"BreadcrumbList\",\"@id\":\"https:\\\/\\\/www.herzegovinabike.ba\\\/biciklisti-promovirali-kulturno-povijesnu-bastinu-hercegovine\\\/#breadcrumb\",\"itemListElement\":[{\"@type\":\"ListItem\",\"position\":1,\"name\":\"Po\u010detna stranica\",\"item\":\"https:\\\/\\\/www.herzegovinabike.ba\\\/\"},{\"@type\":\"ListItem\",\"position\":2,\"name\":\"Biciklisti promovirali kulturno-povijesnu ba\u0161tinu Hercegovine\"}]},{\"@type\":\"WebSite\",\"@id\":\"https:\\\/\\\/www.herzegovinabike.ba\\\/#website\",\"url\":\"https:\\\/\\\/www.herzegovinabike.ba\\\/\",\"name\":\"HerzegovinaBike\",\"description\":\"Your place under the sun\",\"publisher\":{\"@id\":\"https:\\\/\\\/www.herzegovinabike.ba\\\/#organization\"},\"potentialAction\":[{\"@type\":\"SearchAction\",\"target\":{\"@type\":\"EntryPoint\",\"urlTemplate\":\"https:\\\/\\\/www.herzegovinabike.ba\\\/?s={search_term_string}\"},\"query-input\":{\"@type\":\"PropertyValueSpecification\",\"valueRequired\":true,\"valueName\":\"search_term_string\"}}],\"inLanguage\":\"en-US\"},{\"@type\":\"Organization\",\"@id\":\"https:\\\/\\\/www.herzegovinabike.ba\\\/#organization\",\"name\":\"Udruga HerzegovinaBike\",\"url\":\"https:\\\/\\\/www.herzegovinabike.ba\\\/\",\"logo\":{\"@type\":\"ImageObject\",\"inLanguage\":\"en-US\",\"@id\":\"https:\\\/\\\/www.herzegovinabike.ba\\\/#\\\/schema\\\/logo\\\/image\\\/\",\"url\":\"https:\\\/\\\/www.bike.herzegovinabike.ba\\\/wp-content\\\/uploads\\\/2023\\\/11\\\/herzegovina_bike_logo_horizontal.png\",\"contentUrl\":\"https:\\\/\\\/www.bike.herzegovinabike.ba\\\/wp-content\\\/uploads\\\/2023\\\/11\\\/herzegovina_bike_logo_horizontal.png\",\"width\":1757,\"height\":1061,\"caption\":\"Udruga HerzegovinaBike\"},\"image\":{\"@id\":\"https:\\\/\\\/www.herzegovinabike.ba\\\/#\\\/schema\\\/logo\\\/image\\\/\"},\"sameAs\":[\"https:\\\/\\\/www.facebook.com\\\/HerzegovinaBike\",\"https:\\\/\\\/www.instagram.com\\\/herzegovinabike\\\/\"]},{\"@type\":\"Person\",\"@id\":\"https:\\\/\\\/www.herzegovinabike.ba\\\/#\\\/schema\\\/person\\\/1161ca5c7a242dc0e69d24c0fb304ccb\",\"name\":\"Herzegovina Bike\",\"image\":{\"@type\":\"ImageObject\",\"inLanguage\":\"en-US\",\"@id\":\"https:\\\/\\\/secure.gravatar.com\\\/avatar\\\/236a03b53b73db89b68d17aa2f415bb2a2d3b326d0632f3a602c6c9cacba1ff0?s=96&d=mm&r=g\",\"url\":\"https:\\\/\\\/secure.gravatar.com\\\/avatar\\\/236a03b53b73db89b68d17aa2f415bb2a2d3b326d0632f3a602c6c9cacba1ff0?s=96&d=mm&r=g\",\"contentUrl\":\"https:\\\/\\\/secure.gravatar.com\\\/avatar\\\/236a03b53b73db89b68d17aa2f415bb2a2d3b326d0632f3a602c6c9cacba1ff0?s=96&d=mm&r=g\",\"caption\":\"Herzegovina Bike\"},\"description\":\"Udruga \u201cHerzegovinaBike\u201d je pokreta\u010d (i sredi\u0161te) razvoja biciklizma kao cikloturizma, rekreacije i sporta u Hercegovini. CILJ: Hercegovina kao vrhunska cikloturisti\u010dka destinacija. \u2705\",\"sameAs\":[\"https:\\\/\\\/www.herzegovinabike.ba\\\/\",\"https:\\\/\\\/www.facebook.com\\\/HerzegovinaBike\\\/\",\"https:\\\/\\\/www.instagram.com\\\/herzegovinabike\\\/\",\"https:\\\/\\\/www.linkedin.com\\\/in\\\/herzegovina-bike-ba605a29b\\\/\",\"https:\\\/\\\/x.com\\\/https:\\\/\\\/twitter.com\\\/HerzegovinaBike\",\"https:\\\/\\\/www.youtube.com\\\/channel\\\/UCOFGFUHmcGVzVHD9WgOGTrA\"],\"url\":\"https:\\\/\\\/www.herzegovinabike.ba\\\/en\\\/author\\\/toni\\\/\"}]}<\/script>\n<!-- \/ Yoast SEO Premium plugin. -->","yoast_head_json":{"title":"Biciklisti promovirali kulturno-povijesnu ba\u0161tinu Hercegovine - HerzegovinaBike","description":"Danas je odr\u017eana biciklijada \u0106iro Heritage, koja je pro\u0161log vikenda odgo\u0111ena zbog lo\u0161eg vremena. Sudionike je do\u010dekalo sun\u010dano i ...","robots":{"index":"index","follow":"follow","max-snippet":"max-snippet:-1","max-image-preview":"max-image-preview:large","max-video-preview":"max-video-preview:-1"},"canonical":"https:\/\/www.herzegovinabike.ba\/en\/biciklisti-promovirali-kulturno-povijesnu-bastinu-hercegovine\/","og_locale":"en_US","og_type":"article","og_title":"Biciklisti promovirali kulturno-povijesnu ba\u0161tinu Hercegovine","og_description":"Danas je odr\u017eana biciklijada \u0106iro Heritage, koja je pro\u0161log vikenda odgo\u0111ena zbog lo\u0161eg vremena. Sudionike je do\u010dekalo sun\u010dano i ...","og_url":"https:\/\/www.herzegovinabike.ba\/en\/biciklisti-promovirali-kulturno-povijesnu-bastinu-hercegovine\/","og_site_name":"HerzegovinaBike","article_publisher":"https:\/\/www.facebook.com\/HerzegovinaBike","article_author":"https:\/\/www.facebook.com\/HerzegovinaBike\/","article_published_time":"2024-09-21T16:39:53+00:00","article_modified_time":"2025-06-24T20:12:06+00:00","og_image":[{"width":1200,"height":800,"url":"https:\/\/www.herzegovinabike.ba\/wp-content\/uploads\/2024\/09\/Ciro-Heritage-2024-slika-6.jpg","type":"image\/jpeg"}],"author":"Herzegovina Bike","twitter_card":"summary_large_image","twitter_creator":"@https:\/\/twitter.com\/HerzegovinaBike","twitter_misc":{"Written by":"Herzegovina Bike","Est. reading time":"5 minutes"},"schema":{"@context":"https:\/\/schema.org","@graph":[{"@type":"Article","@id":"https:\/\/www.herzegovinabike.ba\/biciklisti-promovirali-kulturno-povijesnu-bastinu-hercegovine\/#article","isPartOf":{"@id":"https:\/\/www.herzegovinabike.ba\/biciklisti-promovirali-kulturno-povijesnu-bastinu-hercegovine\/"},"author":{"name":"Herzegovina Bike","@id":"https:\/\/www.herzegovinabike.ba\/#\/schema\/person\/1161ca5c7a242dc0e69d24c0fb304ccb"},"headline":"Biciklisti promovirali kulturno-povijesnu ba\u0161tinu Hercegovine","datePublished":"2024-09-21T16:39:53+00:00","dateModified":"2025-06-24T20:12:06+00:00","mainEntityOfPage":{"@id":"https:\/\/www.herzegovinabike.ba\/biciklisti-promovirali-kulturno-povijesnu-bastinu-hercegovine\/"},"wordCount":509,"publisher":{"@id":"https:\/\/www.herzegovinabike.ba\/#organization"},"image":{"@id":"https:\/\/www.herzegovinabike.ba\/biciklisti-promovirali-kulturno-povijesnu-bastinu-hercegovine\/#primaryimage"},"thumbnailUrl":"https:\/\/www.herzegovinabike.ba\/wp-content\/uploads\/2024\/09\/Ciro-Heritage-2024-slika-6.jpg","articleSection":["Blog"],"inLanguage":"en-US"},{"@type":"WebPage","@id":"https:\/\/www.herzegovinabike.ba\/biciklisti-promovirali-kulturno-povijesnu-bastinu-hercegovine\/","url":"https:\/\/www.herzegovinabike.ba\/biciklisti-promovirali-kulturno-povijesnu-bastinu-hercegovine\/","name":"Biciklisti promovirali kulturno-povijesnu ba\u0161tinu Hercegovine - HerzegovinaBike","isPartOf":{"@id":"https:\/\/www.herzegovinabike.ba\/#website"},"primaryImageOfPage":{"@id":"https:\/\/www.herzegovinabike.ba\/biciklisti-promovirali-kulturno-povijesnu-bastinu-hercegovine\/#primaryimage"},"image":{"@id":"https:\/\/www.herzegovinabike.ba\/biciklisti-promovirali-kulturno-povijesnu-bastinu-hercegovine\/#primaryimage"},"thumbnailUrl":"https:\/\/www.herzegovinabike.ba\/wp-content\/uploads\/2024\/09\/Ciro-Heritage-2024-slika-6.jpg","datePublished":"2024-09-21T16:39:53+00:00","dateModified":"2025-06-24T20:12:06+00:00","description":"Danas je odr\u017eana biciklijada \u0106iro Heritage, koja je pro\u0161log vikenda odgo\u0111ena zbog lo\u0161eg vremena. Sudionike je do\u010dekalo sun\u010dano i ...","breadcrumb":{"@id":"https:\/\/www.herzegovinabike.ba\/biciklisti-promovirali-kulturno-povijesnu-bastinu-hercegovine\/#breadcrumb"},"inLanguage":"en-US","potentialAction":[{"@type":"ReadAction","target":["https:\/\/www.herzegovinabike.ba\/biciklisti-promovirali-kulturno-povijesnu-bastinu-hercegovine\/"]}]},{"@type":"ImageObject","inLanguage":"en-US","@id":"https:\/\/www.herzegovinabike.ba\/biciklisti-promovirali-kulturno-povijesnu-bastinu-hercegovine\/#primaryimage","url":"https:\/\/www.herzegovinabike.ba\/wp-content\/uploads\/2024\/09\/Ciro-Heritage-2024-slika-6.jpg","contentUrl":"https:\/\/www.herzegovinabike.ba\/wp-content\/uploads\/2024\/09\/Ciro-Heritage-2024-slika-6.jpg","width":1200,"height":800},{"@type":"BreadcrumbList","@id":"https:\/\/www.herzegovinabike.ba\/biciklisti-promovirali-kulturno-povijesnu-bastinu-hercegovine\/#breadcrumb","itemListElement":[{"@type":"ListItem","position":1,"name":"Po\u010detna stranica","item":"https:\/\/www.herzegovinabike.ba\/"},{"@type":"ListItem","position":2,"name":"Biciklisti promovirali kulturno-povijesnu ba\u0161tinu Hercegovine"}]},{"@type":"WebSite","@id":"https:\/\/www.herzegovinabike.ba\/#website","url":"https:\/\/www.herzegovinabike.ba\/","name":"HerzegovinaBike","description":"Your place under the sun","publisher":{"@id":"https:\/\/www.herzegovinabike.ba\/#organization"},"potentialAction":[{"@type":"SearchAction","target":{"@type":"EntryPoint","urlTemplate":"https:\/\/www.herzegovinabike.ba\/?s={search_term_string}"},"query-input":{"@type":"PropertyValueSpecification","valueRequired":true,"valueName":"search_term_string"}}],"inLanguage":"en-US"},{"@type":"Organization","@id":"https:\/\/www.herzegovinabike.ba\/#organization","name":"Association HerzegovinaBike","url":"https:\/\/www.herzegovinabike.ba\/","logo":{"@type":"ImageObject","inLanguage":"en-US","@id":"https:\/\/www.herzegovinabike.ba\/#\/schema\/logo\/image\/","url":"https:\/\/www.bike.herzegovinabike.ba\/wp-content\/uploads\/2023\/11\/herzegovina_bike_logo_horizontal.png","contentUrl":"https:\/\/www.bike.herzegovinabike.ba\/wp-content\/uploads\/2023\/11\/herzegovina_bike_logo_horizontal.png","width":1757,"height":1061,"caption":"Udruga HerzegovinaBike"},"image":{"@id":"https:\/\/www.herzegovinabike.ba\/#\/schema\/logo\/image\/"},"sameAs":["https:\/\/www.facebook.com\/HerzegovinaBike","https:\/\/www.instagram.com\/herzegovinabike\/"]},{"@type":"Person","@id":"https:\/\/www.herzegovinabike.ba\/#\/schema\/person\/1161ca5c7a242dc0e69d24c0fb304ccb","name":"Herzegovina Bike","image":{"@type":"ImageObject","inLanguage":"en-US","@id":"https:\/\/secure.gravatar.com\/avatar\/236a03b53b73db89b68d17aa2f415bb2a2d3b326d0632f3a602c6c9cacba1ff0?s=96&d=mm&r=g","url":"https:\/\/secure.gravatar.com\/avatar\/236a03b53b73db89b68d17aa2f415bb2a2d3b326d0632f3a602c6c9cacba1ff0?s=96&d=mm&r=g","contentUrl":"https:\/\/secure.gravatar.com\/avatar\/236a03b53b73db89b68d17aa2f415bb2a2d3b326d0632f3a602c6c9cacba1ff0?s=96&d=mm&r=g","caption":"Herzegovina Bike"},"description":"Udruga \u201cHerzegovinaBike\u201d je pokreta\u010d (i sredi\u0161te) razvoja biciklizma kao cikloturizma, rekreacije i sporta u Hercegovini. CILJ: Hercegovina kao vrhunska cikloturisti\u010dka destinacija. \u2705","sameAs":["https:\/\/www.herzegovinabike.ba\/","https:\/\/www.facebook.com\/HerzegovinaBike\/","https:\/\/www.instagram.com\/herzegovinabike\/","https:\/\/www.linkedin.com\/in\/herzegovina-bike-ba605a29b\/","https:\/\/x.com\/https:\/\/twitter.com\/HerzegovinaBike","https:\/\/www.youtube.com\/channel\/UCOFGFUHmcGVzVHD9WgOGTrA"],"url":"https:\/\/www.herzegovinabike.ba\/en\/author\/toni\/"}]}},"_links":{"self":[{"href":"https:\/\/www.herzegovinabike.ba\/en\/wp-json\/wp\/v2\/posts\/15226","targetHints":{"allow":["GET"]}}],"collection":[{"href":"https:\/\/www.herzegovinabike.ba\/en\/wp-json\/wp\/v2\/posts"}],"about":[{"href":"https:\/\/www.herzegovinabike.ba\/en\/wp-json\/wp\/v2\/types\/post"}],"author":[{"embeddable":true,"href":"https:\/\/www.herzegovinabike.ba\/en\/wp-json\/wp\/v2\/users\/2"}],"replies":[{"embeddable":true,"href":"https:\/\/www.herzegovinabike.ba\/en\/wp-json\/wp\/v2\/comments?post=15226"}],"version-history":[{"count":5,"href":"https:\/\/www.herzegovinabike.ba\/en\/wp-json\/wp\/v2\/posts\/15226\/revisions"}],"predecessor-version":[{"id":18165,"href":"https:\/\/www.herzegovinabike.ba\/en\/wp-json\/wp\/v2\/posts\/15226\/revisions\/18165"}],"wp:featuredmedia":[{"embeddable":true,"href":"https:\/\/www.herzegovinabike.ba\/en\/wp-json\/wp\/v2\/media\/15234"}],"wp:attachment":[{"href":"https:\/\/www.herzegovinabike.ba\/en\/wp-json\/wp\/v2\/media?parent=15226"}],"wp:term":[{"taxonomy":"category","embeddable":true,"href":"https:\/\/www.herzegovinabike.ba\/en\/wp-json\/wp\/v2\/categories?post=15226"},{"taxonomy":"post_tag","embeddable":true,"href":"https:\/\/www.herzegovinabike.ba\/en\/wp-json\/wp\/v2\/tags?post=15226"}],"curies":[{"name":"wp","href":"https:\/\/api.w.org\/{rel}","templated":true}]}}