{"id":17018,"date":"2025-01-27T09:44:33","date_gmt":"2025-01-27T08:44:33","guid":{"rendered":"https:\/\/www.herzegovinabike.ba\/?p=17018"},"modified":"2025-06-24T22:17:03","modified_gmt":"2025-06-24T20:17:03","slug":"bosna-i-hercegovina-ponovno-domacin-balkanskog-prvenstva-u-brdskom-biciklizmu","status":"publish","type":"post","link":"https:\/\/www.herzegovinabike.ba\/en\/bosna-i-hercegovina-ponovno-domacin-balkanskog-prvenstva-u-brdskom-biciklizmu\/","title":{"rendered":"Bosnia and Herzegovina to Host the Balkan Mountain Bike Championship Again"},"content":{"rendered":"<p>At this year\u2019s General Assembly of the Balkan Cycling Union (BCU), held in Tirana, the capital of Albania, a significant decision was made for the sporting and tourism promotion of Bosnia and Herzegovina. Following the excellent organization of the Balkan Mountain Bike Championship in 2024, Blidinje Nature Park has once again been selected to host this prestigious competition in 2025. The decision reflects unanimous support from BCU member nations and the high ratings awarded to last year\u2019s event by the International Cycling Union (UCI) and participants alike.<\/p>\n\n\n<div class=\"wp-block-image\">\n<figure class=\"aligncenter size-large\"><img loading=\"lazy\" decoding=\"async\" width=\"1024\" height=\"683\" src=\"https:\/\/www.herzegovinabike.ba\/wp-content\/uploads\/2025\/01\/Skupstina-BCU-Tirana-slika-6-1024x683.jpg\" alt=\"\" class=\"wp-image-17019\" srcset=\"https:\/\/www.herzegovinabike.ba\/wp-content\/uploads\/2025\/01\/Skupstina-BCU-Tirana-slika-6-1024x683.jpg 1024w, https:\/\/www.herzegovinabike.ba\/wp-content\/uploads\/2025\/01\/Skupstina-BCU-Tirana-slika-6-300x200.jpg 300w, https:\/\/www.herzegovinabike.ba\/wp-content\/uploads\/2025\/01\/Skupstina-BCU-Tirana-slika-6-768x512.jpg 768w, https:\/\/www.herzegovinabike.ba\/wp-content\/uploads\/2025\/01\/Skupstina-BCU-Tirana-slika-6-18x12.jpg 18w, https:\/\/www.herzegovinabike.ba\/wp-content\/uploads\/2025\/01\/Skupstina-BCU-Tirana-slika-6-600x400.jpg 600w, https:\/\/www.herzegovinabike.ba\/wp-content\/uploads\/2025\/01\/Skupstina-BCU-Tirana-slika-6.jpg 1200w\" sizes=\"auto, (max-width: 1024px) 100vw, 1024px\" \/><\/figure>\n<\/div>\n\n\n<p><strong>A Major Recognition for Bosnia and Herzegovina<\/strong><\/p>\n\n\n\n<p>This achievement is the result of continuous efforts by the Cycling Federation of Bosnia and Herzegovina to promote the country as an ideal destination for top-tier cycling competitions. Toni Zori\u0107, President of the Federation, highlighted the importance of last year\u2019s event in gaining the trust of international institutions:<br>&#8220;<em><a href=\"https:\/\/www.herzegovinabike.ba\/en\/continental-blidinje-bike-festival-2025-uci-c1-rang-i-promocija-na-svjetskoj-sceni\/\">\u201cIn 2024 <\/a>, we invested tremendous effort to deliver exceptional organization and showcase our country in the best possible light. The positive evaluations from UCI and the participants\u2019 words of praise confirm our success. Our challenge now is to exceed expectations in 2025 and maintain the continuity of excellence, with a clear goal of <a href=\"https:\/\/bbf.ba\/\" target=\"_blank\" rel=\"noreferrer noopener\">Blidinje Nature Park<\/a> eventually hosting the European Championship.\u201d<\/em>.&#8221;<\/p>\n\n\n\n<div class=\"wp-block-columns is-layout-flex wp-container-core-columns-is-layout-9d6595d7 wp-block-columns-is-layout-flex\">\n<div class=\"wp-block-column is-layout-flow wp-block-column-is-layout-flow\">\n<figure class=\"wp-block-image size-large\"><img loading=\"lazy\" decoding=\"async\" width=\"1024\" height=\"682\" src=\"https:\/\/www.herzegovinabike.ba\/wp-content\/uploads\/2025\/01\/Skupstina-BCU-Tirana-slika-10-1024x682.jpg\" alt=\"\" class=\"wp-image-17020\" srcset=\"https:\/\/www.herzegovinabike.ba\/wp-content\/uploads\/2025\/01\/Skupstina-BCU-Tirana-slika-10-1024x682.jpg 1024w, https:\/\/www.herzegovinabike.ba\/wp-content\/uploads\/2025\/01\/Skupstina-BCU-Tirana-slika-10-300x200.jpg 300w, https:\/\/www.herzegovinabike.ba\/wp-content\/uploads\/2025\/01\/Skupstina-BCU-Tirana-slika-10-768x511.jpg 768w, https:\/\/www.herzegovinabike.ba\/wp-content\/uploads\/2025\/01\/Skupstina-BCU-Tirana-slika-10-18x12.jpg 18w, https:\/\/www.herzegovinabike.ba\/wp-content\/uploads\/2025\/01\/Skupstina-BCU-Tirana-slika-10-600x400.jpg 600w, https:\/\/www.herzegovinabike.ba\/wp-content\/uploads\/2025\/01\/Skupstina-BCU-Tirana-slika-10.jpg 1200w\" sizes=\"auto, (max-width: 1024px) 100vw, 1024px\" \/><\/figure>\n<\/div>\n\n\n\n<div class=\"wp-block-column is-layout-flow wp-block-column-is-layout-flow\">\n<figure class=\"wp-block-image size-large\"><img loading=\"lazy\" decoding=\"async\" width=\"1024\" height=\"682\" src=\"https:\/\/www.herzegovinabike.ba\/wp-content\/uploads\/2025\/01\/Skupstina-BCU-Tirana-slika-7-1024x682.jpg\" alt=\"\" class=\"wp-image-17021\" srcset=\"https:\/\/www.herzegovinabike.ba\/wp-content\/uploads\/2025\/01\/Skupstina-BCU-Tirana-slika-7-1024x682.jpg 1024w, https:\/\/www.herzegovinabike.ba\/wp-content\/uploads\/2025\/01\/Skupstina-BCU-Tirana-slika-7-300x200.jpg 300w, https:\/\/www.herzegovinabike.ba\/wp-content\/uploads\/2025\/01\/Skupstina-BCU-Tirana-slika-7-768x511.jpg 768w, https:\/\/www.herzegovinabike.ba\/wp-content\/uploads\/2025\/01\/Skupstina-BCU-Tirana-slika-7-18x12.jpg 18w, https:\/\/www.herzegovinabike.ba\/wp-content\/uploads\/2025\/01\/Skupstina-BCU-Tirana-slika-7-600x400.jpg 600w, https:\/\/www.herzegovinabike.ba\/wp-content\/uploads\/2025\/01\/Skupstina-BCU-Tirana-slika-7.jpg 1200w\" sizes=\"auto, (max-width: 1024px) 100vw, 1024px\" \/><\/figure>\n<\/div>\n<\/div>\n\n\n\n<p>Blidinje offers not only spectacular nature and perfect conditions for mountain biking but also serves as a key location for the development of sports and tourism in Bosnia and Herzegovina. Hosting events like this brings not only sporting achievements but also significant international promotion for the region.<\/p>\n\n\n\n<p><strong>Tirana \u2013 A Symbol of Cycling Growth in the Balkans<\/strong><\/p>\n\n\n\n<p>This year\u2019s BCU General Assembly was held in Tirana, a city currently in the global cycling spotlight. Albania is set to host three stages of the prestigious Giro d\u2019Italia, bringing immense media and tourism promotion to the country. Against this backdrop of development and growth, the decision to entrust Bosnia and Herzegovina with hosting the Balkan Championship takes on even greater significance.<\/p>\n\n\n\n<div class=\"wp-block-columns is-layout-flex wp-container-core-columns-is-layout-9d6595d7 wp-block-columns-is-layout-flex\">\n<div class=\"wp-block-column is-layout-flow wp-block-column-is-layout-flow\">\n<figure class=\"wp-block-image size-large\"><img loading=\"lazy\" decoding=\"async\" width=\"1024\" height=\"683\" src=\"https:\/\/www.herzegovinabike.ba\/wp-content\/uploads\/2025\/01\/Skupstina-BCU-Tirana-slika-4-1024x683.jpg\" alt=\"\" class=\"wp-image-17022\" srcset=\"https:\/\/www.herzegovinabike.ba\/wp-content\/uploads\/2025\/01\/Skupstina-BCU-Tirana-slika-4-1024x683.jpg 1024w, https:\/\/www.herzegovinabike.ba\/wp-content\/uploads\/2025\/01\/Skupstina-BCU-Tirana-slika-4-300x200.jpg 300w, https:\/\/www.herzegovinabike.ba\/wp-content\/uploads\/2025\/01\/Skupstina-BCU-Tirana-slika-4-768x512.jpg 768w, https:\/\/www.herzegovinabike.ba\/wp-content\/uploads\/2025\/01\/Skupstina-BCU-Tirana-slika-4-18x12.jpg 18w, https:\/\/www.herzegovinabike.ba\/wp-content\/uploads\/2025\/01\/Skupstina-BCU-Tirana-slika-4-600x400.jpg 600w, https:\/\/www.herzegovinabike.ba\/wp-content\/uploads\/2025\/01\/Skupstina-BCU-Tirana-slika-4.jpg 1200w\" sizes=\"auto, (max-width: 1024px) 100vw, 1024px\" \/><\/figure>\n<\/div>\n\n\n\n<div class=\"wp-block-column is-layout-flow wp-block-column-is-layout-flow\">\n<figure class=\"wp-block-image size-large\"><img loading=\"lazy\" decoding=\"async\" width=\"1024\" height=\"683\" src=\"https:\/\/www.herzegovinabike.ba\/wp-content\/uploads\/2025\/01\/Skupstina-BCU-Tirana-slika-5-1024x683.jpg\" alt=\"\" class=\"wp-image-17023\" srcset=\"https:\/\/www.herzegovinabike.ba\/wp-content\/uploads\/2025\/01\/Skupstina-BCU-Tirana-slika-5-1024x683.jpg 1024w, https:\/\/www.herzegovinabike.ba\/wp-content\/uploads\/2025\/01\/Skupstina-BCU-Tirana-slika-5-300x200.jpg 300w, https:\/\/www.herzegovinabike.ba\/wp-content\/uploads\/2025\/01\/Skupstina-BCU-Tirana-slika-5-768x512.jpg 768w, https:\/\/www.herzegovinabike.ba\/wp-content\/uploads\/2025\/01\/Skupstina-BCU-Tirana-slika-5-18x12.jpg 18w, https:\/\/www.herzegovinabike.ba\/wp-content\/uploads\/2025\/01\/Skupstina-BCU-Tirana-slika-5-600x400.jpg 600w, https:\/\/www.herzegovinabike.ba\/wp-content\/uploads\/2025\/01\/Skupstina-BCU-Tirana-slika-5.jpg 1200w\" sizes=\"auto, (max-width: 1024px) 100vw, 1024px\" \/><\/figure>\n<\/div>\n<\/div>\n\n\n\n<p><strong>Toni Zori\u0107 \u2013 Newly Elected Member of the Balkan Cycling Union Management Board<\/strong><\/p>\n\n\n\n<p>In addition to Bosnia and Herzegovina securing the hosting of the Balkan Championship, the country has received another major recognition. <strong>Toni Zori\u0107<\/strong>, President of the Cycling Federation of Bosnia and Herzegovina, has been elected to the Management Board of the Balkan Cycling Union. Zori\u0107 received the trust of the 12 member countries, recognizing his contributions to cycling development not only in Bosnia and Herzegovina but also on a regional level.<\/p>\n\n\n\n<p>&#8220;<em>It is a great honor and privilege to be elected to the Management Board of the Balkan Cycling Union. This is yet another sign that Bosnia and Herzegovina is doing great work and moving in the right direction. This trust brings added responsibility but also an opportunity to represent the interests of my country and our athletes even more strongly. I thank all member countries for their trust, and it is now my duty to do everything I can to justify it,<\/em>\u201d said Zori\u0107.<\/p>\n\n\n\n<figure class=\"wp-block-image size-large\"><img loading=\"lazy\" decoding=\"async\" width=\"1024\" height=\"683\" src=\"https:\/\/www.herzegovinabike.ba\/wp-content\/uploads\/2025\/01\/Skupstina-BCU-Tirana-slika-2-1024x683.jpg\" alt=\"\" class=\"wp-image-17024\" srcset=\"https:\/\/www.herzegovinabike.ba\/wp-content\/uploads\/2025\/01\/Skupstina-BCU-Tirana-slika-2-1024x683.jpg 1024w, https:\/\/www.herzegovinabike.ba\/wp-content\/uploads\/2025\/01\/Skupstina-BCU-Tirana-slika-2-300x200.jpg 300w, https:\/\/www.herzegovinabike.ba\/wp-content\/uploads\/2025\/01\/Skupstina-BCU-Tirana-slika-2-768x512.jpg 768w, https:\/\/www.herzegovinabike.ba\/wp-content\/uploads\/2025\/01\/Skupstina-BCU-Tirana-slika-2-18x12.jpg 18w, https:\/\/www.herzegovinabike.ba\/wp-content\/uploads\/2025\/01\/Skupstina-BCU-Tirana-slika-2-600x400.jpg 600w, https:\/\/www.herzegovinabike.ba\/wp-content\/uploads\/2025\/01\/Skupstina-BCU-Tirana-slika-2.jpg 1200w\" sizes=\"auto, (max-width: 1024px) 100vw, 1024px\" \/><\/figure>\n\n\n\n<p>President of the Balkan Cycling Union was elected <strong>Emin Muftuoglu<\/strong> (Turkey) for a four-year term.<\/p>\n\n\n\n<p><strong>Support from the European Cycling Federation<\/strong><\/p>\n\n\n\n<p>The General Assembly in Tirana was attended by <strong>Enrico Della Casa<\/strong>, President of the European Cycling Federation, who expressed his satisfaction with the work of the Balkan Cycling Union and its new leadership. In a social media post, the European Cycling Federation emphasized its commitment to continued collaboration with the BCU, expressing confidence in the bright future of cycling in the Balkans.<\/p>\n\n\n\n<p><strong>The Future of Cycling in Bosnia and Herzegovina<\/strong><\/p>\n\n\n\n<p>The decisions made in Tirana confirm that Bosnia and Herzegovina is on the right track in developing cycling. Hosting the Balkan Championship in Blidinje Nature Park in 2025 is not only an opportunity to further promote cycling but also to strengthen the country\u2019s reputation in sports and tourism. With Toni Zori\u0107\u2019s appointment to the BCU Management Board, Bosnia and Herzegovina has gained a strong ambassador and advocate for the interests of its athletes on the international stage.<\/p>\n\n\n<div class=\"wp-block-image\">\n<figure class=\"aligncenter size-large\"><img loading=\"lazy\" decoding=\"async\" width=\"1024\" height=\"683\" src=\"https:\/\/www.herzegovinabike.ba\/wp-content\/uploads\/2025\/01\/Blidinje-Nature-Park-slika-12-1024x683.jpg\" alt=\"\" class=\"wp-image-16625\" srcset=\"https:\/\/www.herzegovinabike.ba\/wp-content\/uploads\/2025\/01\/Blidinje-Nature-Park-slika-12-1024x683.jpg 1024w, https:\/\/www.herzegovinabike.ba\/wp-content\/uploads\/2025\/01\/Blidinje-Nature-Park-slika-12-300x200.jpg 300w, https:\/\/www.herzegovinabike.ba\/wp-content\/uploads\/2025\/01\/Blidinje-Nature-Park-slika-12-768x512.jpg 768w, https:\/\/www.herzegovinabike.ba\/wp-content\/uploads\/2025\/01\/Blidinje-Nature-Park-slika-12-18x12.jpg 18w, https:\/\/www.herzegovinabike.ba\/wp-content\/uploads\/2025\/01\/Blidinje-Nature-Park-slika-12-600x400.jpg 600w, https:\/\/www.herzegovinabike.ba\/wp-content\/uploads\/2025\/01\/Blidinje-Nature-Park-slika-12.jpg 1200w\" sizes=\"auto, (max-width: 1024px) 100vw, 1024px\" \/><\/figure>\n<\/div>\n\n\n<p>With continued effort and dedication, cycling in Bosnia and Herzegovina has the potential to become a model for successful sports development in the Balkans.<\/p>","protected":false},"excerpt":{"rendered":"<p>Na ovogodi\u0161njoj Izbornoj Skup\u0161tini Balkanske biciklisti\u010dke Unije (BCU), koja se odr\u017eala u Tirani, glavnom gradu Albanije, donesena je odluka od zna\u010daja za sportsku i turisti\u010dku promociju Bosne i Hercegovine. Nakon izvrsne organizacije Balkanskog prvenstva u brdskom biciklizmu 2024. godine, Park prirode Blidinje ponovno je odabran kao doma\u0107in ovog presti\u017enog natjecanja 2025. godine. Odluka je rezultat [&hellip;]<\/p>\n","protected":false},"author":2,"featured_media":17020,"comment_status":"closed","ping_status":"open","sticky":false,"template":"","format":"standard","meta":{"footnotes":""},"categories":[2],"tags":[],"class_list":["post-17018","post","type-post","status-publish","format-standard","has-post-thumbnail","hentry","category-blog"],"yoast_head":"<!-- This site is optimized with the Yoast SEO Premium plugin v21.5 (Yoast SEO v27.4) - https:\/\/yoast.com\/product\/yoast-seo-premium-wordpress\/ -->\n<title>Bosna i Hercegovina ponovno doma\u0107in Balkanskog prvenstva u brdskom biciklizmu - HerzegovinaBike<\/title>\n<meta name=\"description\" content=\"Na ovogodi\u0161njoj Izbornoj Skup\u0161tini Balkanske biciklisti\u010dke Unije (BCU), koja se odr\u017eala u Tirani, glavnom gradu Albanije, donesena je...\" \/>\n<meta name=\"robots\" content=\"index, follow, max-snippet:-1, max-image-preview:large, max-video-preview:-1\" \/>\n<link rel=\"canonical\" href=\"https:\/\/www.herzegovinabike.ba\/en\/bosna-i-hercegovina-ponovno-domacin-balkanskog-prvenstva-u-brdskom-biciklizmu\/\" \/>\n<meta property=\"og:locale\" content=\"en_US\" \/>\n<meta property=\"og:type\" content=\"article\" \/>\n<meta property=\"og:title\" content=\"Bosna i Hercegovina ponovno doma\u0107in Balkanskog prvenstva u brdskom biciklizmu\" \/>\n<meta property=\"og:description\" content=\"Na ovogodi\u0161njoj Izbornoj Skup\u0161tini Balkanske biciklisti\u010dke Unije (BCU), koja se odr\u017eala u Tirani, glavnom gradu Albanije, donesena je...\" \/>\n<meta property=\"og:url\" content=\"https:\/\/www.herzegovinabike.ba\/en\/bosna-i-hercegovina-ponovno-domacin-balkanskog-prvenstva-u-brdskom-biciklizmu\/\" \/>\n<meta property=\"og:site_name\" content=\"HerzegovinaBike\" \/>\n<meta property=\"article:publisher\" content=\"https:\/\/www.facebook.com\/HerzegovinaBike\" \/>\n<meta property=\"article:author\" content=\"https:\/\/www.facebook.com\/HerzegovinaBike\/\" \/>\n<meta property=\"article:published_time\" content=\"2025-01-27T08:44:33+00:00\" \/>\n<meta property=\"article:modified_time\" content=\"2025-06-24T20:17:03+00:00\" \/>\n<meta property=\"og:image\" content=\"https:\/\/www.herzegovinabike.ba\/wp-content\/uploads\/2025\/01\/Skupstina-BCU-Tirana-slika-10.jpg\" \/>\n\t<meta property=\"og:image:width\" content=\"1200\" \/>\n\t<meta property=\"og:image:height\" content=\"799\" \/>\n\t<meta property=\"og:image:type\" content=\"image\/jpeg\" \/>\n<meta name=\"author\" content=\"Herzegovina Bike\" \/>\n<meta name=\"twitter:card\" content=\"summary_large_image\" \/>\n<meta name=\"twitter:creator\" content=\"@https:\/\/twitter.com\/HerzegovinaBike\" \/>\n<meta name=\"twitter:label1\" content=\"Written by\" \/>\n\t<meta name=\"twitter:data1\" content=\"Herzegovina Bike\" \/>\n\t<meta name=\"twitter:label2\" content=\"Est. reading time\" \/>\n\t<meta name=\"twitter:data2\" content=\"5 minutes\" \/>\n<script type=\"application\/ld+json\" class=\"yoast-schema-graph\">{\"@context\":\"https:\\\/\\\/schema.org\",\"@graph\":[{\"@type\":\"Article\",\"@id\":\"https:\\\/\\\/www.herzegovinabike.ba\\\/bosna-i-hercegovina-ponovno-domacin-balkanskog-prvenstva-u-brdskom-biciklizmu\\\/#article\",\"isPartOf\":{\"@id\":\"https:\\\/\\\/www.herzegovinabike.ba\\\/bosna-i-hercegovina-ponovno-domacin-balkanskog-prvenstva-u-brdskom-biciklizmu\\\/\"},\"author\":{\"name\":\"Herzegovina Bike\",\"@id\":\"https:\\\/\\\/www.herzegovinabike.ba\\\/#\\\/schema\\\/person\\\/1161ca5c7a242dc0e69d24c0fb304ccb\"},\"headline\":\"Bosna i Hercegovina ponovno doma\u0107in Balkanskog prvenstva u brdskom biciklizmu\",\"datePublished\":\"2025-01-27T08:44:33+00:00\",\"dateModified\":\"2025-06-24T20:17:03+00:00\",\"mainEntityOfPage\":{\"@id\":\"https:\\\/\\\/www.herzegovinabike.ba\\\/bosna-i-hercegovina-ponovno-domacin-balkanskog-prvenstva-u-brdskom-biciklizmu\\\/\"},\"wordCount\":680,\"publisher\":{\"@id\":\"https:\\\/\\\/www.herzegovinabike.ba\\\/#organization\"},\"image\":{\"@id\":\"https:\\\/\\\/www.herzegovinabike.ba\\\/bosna-i-hercegovina-ponovno-domacin-balkanskog-prvenstva-u-brdskom-biciklizmu\\\/#primaryimage\"},\"thumbnailUrl\":\"https:\\\/\\\/www.herzegovinabike.ba\\\/wp-content\\\/uploads\\\/2025\\\/01\\\/Skupstina-BCU-Tirana-slika-10.jpg\",\"articleSection\":[\"Blog\"],\"inLanguage\":\"en-US\"},{\"@type\":\"WebPage\",\"@id\":\"https:\\\/\\\/www.herzegovinabike.ba\\\/bosna-i-hercegovina-ponovno-domacin-balkanskog-prvenstva-u-brdskom-biciklizmu\\\/\",\"url\":\"https:\\\/\\\/www.herzegovinabike.ba\\\/bosna-i-hercegovina-ponovno-domacin-balkanskog-prvenstva-u-brdskom-biciklizmu\\\/\",\"name\":\"Bosna i Hercegovina ponovno doma\u0107in Balkanskog prvenstva u brdskom biciklizmu - HerzegovinaBike\",\"isPartOf\":{\"@id\":\"https:\\\/\\\/www.herzegovinabike.ba\\\/#website\"},\"primaryImageOfPage\":{\"@id\":\"https:\\\/\\\/www.herzegovinabike.ba\\\/bosna-i-hercegovina-ponovno-domacin-balkanskog-prvenstva-u-brdskom-biciklizmu\\\/#primaryimage\"},\"image\":{\"@id\":\"https:\\\/\\\/www.herzegovinabike.ba\\\/bosna-i-hercegovina-ponovno-domacin-balkanskog-prvenstva-u-brdskom-biciklizmu\\\/#primaryimage\"},\"thumbnailUrl\":\"https:\\\/\\\/www.herzegovinabike.ba\\\/wp-content\\\/uploads\\\/2025\\\/01\\\/Skupstina-BCU-Tirana-slika-10.jpg\",\"datePublished\":\"2025-01-27T08:44:33+00:00\",\"dateModified\":\"2025-06-24T20:17:03+00:00\",\"description\":\"Na ovogodi\u0161njoj Izbornoj Skup\u0161tini Balkanske biciklisti\u010dke Unije (BCU), koja se odr\u017eala u Tirani, glavnom gradu Albanije, donesena je...\",\"breadcrumb\":{\"@id\":\"https:\\\/\\\/www.herzegovinabike.ba\\\/bosna-i-hercegovina-ponovno-domacin-balkanskog-prvenstva-u-brdskom-biciklizmu\\\/#breadcrumb\"},\"inLanguage\":\"en-US\",\"potentialAction\":[{\"@type\":\"ReadAction\",\"target\":[\"https:\\\/\\\/www.herzegovinabike.ba\\\/bosna-i-hercegovina-ponovno-domacin-balkanskog-prvenstva-u-brdskom-biciklizmu\\\/\"]}]},{\"@type\":\"ImageObject\",\"inLanguage\":\"en-US\",\"@id\":\"https:\\\/\\\/www.herzegovinabike.ba\\\/bosna-i-hercegovina-ponovno-domacin-balkanskog-prvenstva-u-brdskom-biciklizmu\\\/#primaryimage\",\"url\":\"https:\\\/\\\/www.herzegovinabike.ba\\\/wp-content\\\/uploads\\\/2025\\\/01\\\/Skupstina-BCU-Tirana-slika-10.jpg\",\"contentUrl\":\"https:\\\/\\\/www.herzegovinabike.ba\\\/wp-content\\\/uploads\\\/2025\\\/01\\\/Skupstina-BCU-Tirana-slika-10.jpg\",\"width\":1200,\"height\":799},{\"@type\":\"BreadcrumbList\",\"@id\":\"https:\\\/\\\/www.herzegovinabike.ba\\\/bosna-i-hercegovina-ponovno-domacin-balkanskog-prvenstva-u-brdskom-biciklizmu\\\/#breadcrumb\",\"itemListElement\":[{\"@type\":\"ListItem\",\"position\":1,\"name\":\"Po\u010detna stranica\",\"item\":\"https:\\\/\\\/www.herzegovinabike.ba\\\/\"},{\"@type\":\"ListItem\",\"position\":2,\"name\":\"Bosna i Hercegovina ponovno doma\u0107in Balkanskog prvenstva u brdskom biciklizmu\"}]},{\"@type\":\"WebSite\",\"@id\":\"https:\\\/\\\/www.herzegovinabike.ba\\\/#website\",\"url\":\"https:\\\/\\\/www.herzegovinabike.ba\\\/\",\"name\":\"HerzegovinaBike\",\"description\":\"Your place under the sun\",\"publisher\":{\"@id\":\"https:\\\/\\\/www.herzegovinabike.ba\\\/#organization\"},\"potentialAction\":[{\"@type\":\"SearchAction\",\"target\":{\"@type\":\"EntryPoint\",\"urlTemplate\":\"https:\\\/\\\/www.herzegovinabike.ba\\\/?s={search_term_string}\"},\"query-input\":{\"@type\":\"PropertyValueSpecification\",\"valueRequired\":true,\"valueName\":\"search_term_string\"}}],\"inLanguage\":\"en-US\"},{\"@type\":\"Organization\",\"@id\":\"https:\\\/\\\/www.herzegovinabike.ba\\\/#organization\",\"name\":\"Udruga HerzegovinaBike\",\"url\":\"https:\\\/\\\/www.herzegovinabike.ba\\\/\",\"logo\":{\"@type\":\"ImageObject\",\"inLanguage\":\"en-US\",\"@id\":\"https:\\\/\\\/www.herzegovinabike.ba\\\/#\\\/schema\\\/logo\\\/image\\\/\",\"url\":\"https:\\\/\\\/www.bike.herzegovinabike.ba\\\/wp-content\\\/uploads\\\/2023\\\/11\\\/herzegovina_bike_logo_horizontal.png\",\"contentUrl\":\"https:\\\/\\\/www.bike.herzegovinabike.ba\\\/wp-content\\\/uploads\\\/2023\\\/11\\\/herzegovina_bike_logo_horizontal.png\",\"width\":1757,\"height\":1061,\"caption\":\"Udruga HerzegovinaBike\"},\"image\":{\"@id\":\"https:\\\/\\\/www.herzegovinabike.ba\\\/#\\\/schema\\\/logo\\\/image\\\/\"},\"sameAs\":[\"https:\\\/\\\/www.facebook.com\\\/HerzegovinaBike\",\"https:\\\/\\\/www.instagram.com\\\/herzegovinabike\\\/\"]},{\"@type\":\"Person\",\"@id\":\"https:\\\/\\\/www.herzegovinabike.ba\\\/#\\\/schema\\\/person\\\/1161ca5c7a242dc0e69d24c0fb304ccb\",\"name\":\"Herzegovina Bike\",\"image\":{\"@type\":\"ImageObject\",\"inLanguage\":\"en-US\",\"@id\":\"https:\\\/\\\/secure.gravatar.com\\\/avatar\\\/236a03b53b73db89b68d17aa2f415bb2a2d3b326d0632f3a602c6c9cacba1ff0?s=96&d=mm&r=g\",\"url\":\"https:\\\/\\\/secure.gravatar.com\\\/avatar\\\/236a03b53b73db89b68d17aa2f415bb2a2d3b326d0632f3a602c6c9cacba1ff0?s=96&d=mm&r=g\",\"contentUrl\":\"https:\\\/\\\/secure.gravatar.com\\\/avatar\\\/236a03b53b73db89b68d17aa2f415bb2a2d3b326d0632f3a602c6c9cacba1ff0?s=96&d=mm&r=g\",\"caption\":\"Herzegovina Bike\"},\"description\":\"Udruga \u201cHerzegovinaBike\u201d je pokreta\u010d (i sredi\u0161te) razvoja biciklizma kao cikloturizma, rekreacije i sporta u Hercegovini. CILJ: Hercegovina kao vrhunska cikloturisti\u010dka destinacija. \u2705\",\"sameAs\":[\"https:\\\/\\\/www.herzegovinabike.ba\\\/\",\"https:\\\/\\\/www.facebook.com\\\/HerzegovinaBike\\\/\",\"https:\\\/\\\/www.instagram.com\\\/herzegovinabike\\\/\",\"https:\\\/\\\/www.linkedin.com\\\/in\\\/herzegovina-bike-ba605a29b\\\/\",\"https:\\\/\\\/x.com\\\/https:\\\/\\\/twitter.com\\\/HerzegovinaBike\",\"https:\\\/\\\/www.youtube.com\\\/channel\\\/UCOFGFUHmcGVzVHD9WgOGTrA\"],\"url\":\"https:\\\/\\\/www.herzegovinabike.ba\\\/en\\\/author\\\/toni\\\/\"}]}<\/script>\n<!-- \/ Yoast SEO Premium plugin. -->","yoast_head_json":{"title":"Bosna i Hercegovina ponovno doma\u0107in Balkanskog prvenstva u brdskom biciklizmu - HerzegovinaBike","description":"Na ovogodi\u0161njoj Izbornoj Skup\u0161tini Balkanske biciklisti\u010dke Unije (BCU), koja se odr\u017eala u Tirani, glavnom gradu Albanije, donesena je...","robots":{"index":"index","follow":"follow","max-snippet":"max-snippet:-1","max-image-preview":"max-image-preview:large","max-video-preview":"max-video-preview:-1"},"canonical":"https:\/\/www.herzegovinabike.ba\/en\/bosna-i-hercegovina-ponovno-domacin-balkanskog-prvenstva-u-brdskom-biciklizmu\/","og_locale":"en_US","og_type":"article","og_title":"Bosna i Hercegovina ponovno doma\u0107in Balkanskog prvenstva u brdskom biciklizmu","og_description":"Na ovogodi\u0161njoj Izbornoj Skup\u0161tini Balkanske biciklisti\u010dke Unije (BCU), koja se odr\u017eala u Tirani, glavnom gradu Albanije, donesena je...","og_url":"https:\/\/www.herzegovinabike.ba\/en\/bosna-i-hercegovina-ponovno-domacin-balkanskog-prvenstva-u-brdskom-biciklizmu\/","og_site_name":"HerzegovinaBike","article_publisher":"https:\/\/www.facebook.com\/HerzegovinaBike","article_author":"https:\/\/www.facebook.com\/HerzegovinaBike\/","article_published_time":"2025-01-27T08:44:33+00:00","article_modified_time":"2025-06-24T20:17:03+00:00","og_image":[{"width":1200,"height":799,"url":"https:\/\/www.herzegovinabike.ba\/wp-content\/uploads\/2025\/01\/Skupstina-BCU-Tirana-slika-10.jpg","type":"image\/jpeg"}],"author":"Herzegovina Bike","twitter_card":"summary_large_image","twitter_creator":"@https:\/\/twitter.com\/HerzegovinaBike","twitter_misc":{"Written by":"Herzegovina Bike","Est. reading time":"5 minutes"},"schema":{"@context":"https:\/\/schema.org","@graph":[{"@type":"Article","@id":"https:\/\/www.herzegovinabike.ba\/bosna-i-hercegovina-ponovno-domacin-balkanskog-prvenstva-u-brdskom-biciklizmu\/#article","isPartOf":{"@id":"https:\/\/www.herzegovinabike.ba\/bosna-i-hercegovina-ponovno-domacin-balkanskog-prvenstva-u-brdskom-biciklizmu\/"},"author":{"name":"Herzegovina Bike","@id":"https:\/\/www.herzegovinabike.ba\/#\/schema\/person\/1161ca5c7a242dc0e69d24c0fb304ccb"},"headline":"Bosna i Hercegovina ponovno doma\u0107in Balkanskog prvenstva u brdskom biciklizmu","datePublished":"2025-01-27T08:44:33+00:00","dateModified":"2025-06-24T20:17:03+00:00","mainEntityOfPage":{"@id":"https:\/\/www.herzegovinabike.ba\/bosna-i-hercegovina-ponovno-domacin-balkanskog-prvenstva-u-brdskom-biciklizmu\/"},"wordCount":680,"publisher":{"@id":"https:\/\/www.herzegovinabike.ba\/#organization"},"image":{"@id":"https:\/\/www.herzegovinabike.ba\/bosna-i-hercegovina-ponovno-domacin-balkanskog-prvenstva-u-brdskom-biciklizmu\/#primaryimage"},"thumbnailUrl":"https:\/\/www.herzegovinabike.ba\/wp-content\/uploads\/2025\/01\/Skupstina-BCU-Tirana-slika-10.jpg","articleSection":["Blog"],"inLanguage":"en-US"},{"@type":"WebPage","@id":"https:\/\/www.herzegovinabike.ba\/bosna-i-hercegovina-ponovno-domacin-balkanskog-prvenstva-u-brdskom-biciklizmu\/","url":"https:\/\/www.herzegovinabike.ba\/bosna-i-hercegovina-ponovno-domacin-balkanskog-prvenstva-u-brdskom-biciklizmu\/","name":"Bosna i Hercegovina ponovno doma\u0107in Balkanskog prvenstva u brdskom biciklizmu - HerzegovinaBike","isPartOf":{"@id":"https:\/\/www.herzegovinabike.ba\/#website"},"primaryImageOfPage":{"@id":"https:\/\/www.herzegovinabike.ba\/bosna-i-hercegovina-ponovno-domacin-balkanskog-prvenstva-u-brdskom-biciklizmu\/#primaryimage"},"image":{"@id":"https:\/\/www.herzegovinabike.ba\/bosna-i-hercegovina-ponovno-domacin-balkanskog-prvenstva-u-brdskom-biciklizmu\/#primaryimage"},"thumbnailUrl":"https:\/\/www.herzegovinabike.ba\/wp-content\/uploads\/2025\/01\/Skupstina-BCU-Tirana-slika-10.jpg","datePublished":"2025-01-27T08:44:33+00:00","dateModified":"2025-06-24T20:17:03+00:00","description":"Na ovogodi\u0161njoj Izbornoj Skup\u0161tini Balkanske biciklisti\u010dke Unije (BCU), koja se odr\u017eala u Tirani, glavnom gradu Albanije, donesena je...","breadcrumb":{"@id":"https:\/\/www.herzegovinabike.ba\/bosna-i-hercegovina-ponovno-domacin-balkanskog-prvenstva-u-brdskom-biciklizmu\/#breadcrumb"},"inLanguage":"en-US","potentialAction":[{"@type":"ReadAction","target":["https:\/\/www.herzegovinabike.ba\/bosna-i-hercegovina-ponovno-domacin-balkanskog-prvenstva-u-brdskom-biciklizmu\/"]}]},{"@type":"ImageObject","inLanguage":"en-US","@id":"https:\/\/www.herzegovinabike.ba\/bosna-i-hercegovina-ponovno-domacin-balkanskog-prvenstva-u-brdskom-biciklizmu\/#primaryimage","url":"https:\/\/www.herzegovinabike.ba\/wp-content\/uploads\/2025\/01\/Skupstina-BCU-Tirana-slika-10.jpg","contentUrl":"https:\/\/www.herzegovinabike.ba\/wp-content\/uploads\/2025\/01\/Skupstina-BCU-Tirana-slika-10.jpg","width":1200,"height":799},{"@type":"BreadcrumbList","@id":"https:\/\/www.herzegovinabike.ba\/bosna-i-hercegovina-ponovno-domacin-balkanskog-prvenstva-u-brdskom-biciklizmu\/#breadcrumb","itemListElement":[{"@type":"ListItem","position":1,"name":"Po\u010detna stranica","item":"https:\/\/www.herzegovinabike.ba\/"},{"@type":"ListItem","position":2,"name":"Bosna i Hercegovina ponovno doma\u0107in Balkanskog prvenstva u brdskom biciklizmu"}]},{"@type":"WebSite","@id":"https:\/\/www.herzegovinabike.ba\/#website","url":"https:\/\/www.herzegovinabike.ba\/","name":"HerzegovinaBike","description":"Your place under the sun","publisher":{"@id":"https:\/\/www.herzegovinabike.ba\/#organization"},"potentialAction":[{"@type":"SearchAction","target":{"@type":"EntryPoint","urlTemplate":"https:\/\/www.herzegovinabike.ba\/?s={search_term_string}"},"query-input":{"@type":"PropertyValueSpecification","valueRequired":true,"valueName":"search_term_string"}}],"inLanguage":"en-US"},{"@type":"Organization","@id":"https:\/\/www.herzegovinabike.ba\/#organization","name":"Association HerzegovinaBike","url":"https:\/\/www.herzegovinabike.ba\/","logo":{"@type":"ImageObject","inLanguage":"en-US","@id":"https:\/\/www.herzegovinabike.ba\/#\/schema\/logo\/image\/","url":"https:\/\/www.bike.herzegovinabike.ba\/wp-content\/uploads\/2023\/11\/herzegovina_bike_logo_horizontal.png","contentUrl":"https:\/\/www.bike.herzegovinabike.ba\/wp-content\/uploads\/2023\/11\/herzegovina_bike_logo_horizontal.png","width":1757,"height":1061,"caption":"Udruga HerzegovinaBike"},"image":{"@id":"https:\/\/www.herzegovinabike.ba\/#\/schema\/logo\/image\/"},"sameAs":["https:\/\/www.facebook.com\/HerzegovinaBike","https:\/\/www.instagram.com\/herzegovinabike\/"]},{"@type":"Person","@id":"https:\/\/www.herzegovinabike.ba\/#\/schema\/person\/1161ca5c7a242dc0e69d24c0fb304ccb","name":"Herzegovina Bike","image":{"@type":"ImageObject","inLanguage":"en-US","@id":"https:\/\/secure.gravatar.com\/avatar\/236a03b53b73db89b68d17aa2f415bb2a2d3b326d0632f3a602c6c9cacba1ff0?s=96&d=mm&r=g","url":"https:\/\/secure.gravatar.com\/avatar\/236a03b53b73db89b68d17aa2f415bb2a2d3b326d0632f3a602c6c9cacba1ff0?s=96&d=mm&r=g","contentUrl":"https:\/\/secure.gravatar.com\/avatar\/236a03b53b73db89b68d17aa2f415bb2a2d3b326d0632f3a602c6c9cacba1ff0?s=96&d=mm&r=g","caption":"Herzegovina Bike"},"description":"Udruga \u201cHerzegovinaBike\u201d je pokreta\u010d (i sredi\u0161te) razvoja biciklizma kao cikloturizma, rekreacije i sporta u Hercegovini. CILJ: Hercegovina kao vrhunska cikloturisti\u010dka destinacija. \u2705","sameAs":["https:\/\/www.herzegovinabike.ba\/","https:\/\/www.facebook.com\/HerzegovinaBike\/","https:\/\/www.instagram.com\/herzegovinabike\/","https:\/\/www.linkedin.com\/in\/herzegovina-bike-ba605a29b\/","https:\/\/x.com\/https:\/\/twitter.com\/HerzegovinaBike","https:\/\/www.youtube.com\/channel\/UCOFGFUHmcGVzVHD9WgOGTrA"],"url":"https:\/\/www.herzegovinabike.ba\/en\/author\/toni\/"}]}},"_links":{"self":[{"href":"https:\/\/www.herzegovinabike.ba\/en\/wp-json\/wp\/v2\/posts\/17018","targetHints":{"allow":["GET"]}}],"collection":[{"href":"https:\/\/www.herzegovinabike.ba\/en\/wp-json\/wp\/v2\/posts"}],"about":[{"href":"https:\/\/www.herzegovinabike.ba\/en\/wp-json\/wp\/v2\/types\/post"}],"author":[{"embeddable":true,"href":"https:\/\/www.herzegovinabike.ba\/en\/wp-json\/wp\/v2\/users\/2"}],"replies":[{"embeddable":true,"href":"https:\/\/www.herzegovinabike.ba\/en\/wp-json\/wp\/v2\/comments?post=17018"}],"version-history":[{"count":5,"href":"https:\/\/www.herzegovinabike.ba\/en\/wp-json\/wp\/v2\/posts\/17018\/revisions"}],"predecessor-version":[{"id":18245,"href":"https:\/\/www.herzegovinabike.ba\/en\/wp-json\/wp\/v2\/posts\/17018\/revisions\/18245"}],"wp:featuredmedia":[{"embeddable":true,"href":"https:\/\/www.herzegovinabike.ba\/en\/wp-json\/wp\/v2\/media\/17020"}],"wp:attachment":[{"href":"https:\/\/www.herzegovinabike.ba\/en\/wp-json\/wp\/v2\/media?parent=17018"}],"wp:term":[{"taxonomy":"category","embeddable":true,"href":"https:\/\/www.herzegovinabike.ba\/en\/wp-json\/wp\/v2\/categories?post=17018"},{"taxonomy":"post_tag","embeddable":true,"href":"https:\/\/www.herzegovinabike.ba\/en\/wp-json\/wp\/v2\/tags?post=17018"}],"curies":[{"name":"wp","href":"https:\/\/api.w.org\/{rel}","templated":true}]}}