{"id":17065,"date":"2026-03-08T15:15:00","date_gmt":"2026-03-08T14:15:00","guid":{"rendered":"https:\/\/www.herzegovinabike.ba\/?p=17065"},"modified":"2026-03-16T18:39:21","modified_gmt":"2026-03-16T17:39:21","slug":"otvorene-prijave-za-biciklisticku-karavanu-prijateljstva-mostar-vukovar","status":"publish","type":"post","link":"https:\/\/www.herzegovinabike.ba\/en\/otvorene-prijave-za-biciklisticku-karavanu-prijateljstva-mostar-vukovar\/","title":{"rendered":"Otvorene prijave za 14. Biciklisti\u010dku karavanu prijateljstva Mostar \u2013 Vukovar"},"content":{"rendered":"<p>Udruga za promociju biciklizma &#8220;Hercegovina Bicikl&#8221; u suradnji sa Sportskim savezom Grada Mostara te vi\u0161e biciklisti\u010dkih klubova iz BiH i Hrvatske organizira 14. izdanje Biciklisti\u010dke karavane prijateljstva Mostar \u2013 Vukovar, koja \u0107e se odr\u017eati od 28. travnja do 2. svibnja 2026. godine.<\/p>\n\n\n\n<p>Registrations for this year's cycling caravan are now open, and the organizers emphasize that preparations are in full swing. The goal of this event remains unchanged \u2013 to connect the twin cities of Mostar and Vukovar through sport, remembrance, and unity.<\/p>\n\n\n\n<div class=\"wp-block-buttons is-content-justification-center is-layout-flex wp-container-core-buttons-is-layout-16018d1d wp-block-buttons-is-layout-flex\">\n<div class=\"wp-block-button\"><a class=\"wp-block-button__link wp-element-button\" href=\"https:\/\/forms.gle\/H86UdoabXy4XGotj7\" target=\"_blank\" rel=\"noreferrer noopener\"><strong><mark style=\"background-color:rgba(0, 0, 0, 0)\" class=\"has-inline-color has-white-color\">REGISTER HERE<\/mark><\/strong><\/a><\/div>\n<\/div>\n\n\n\n<p><strong>Five Days, 500 Kilometers \u2013 A Ride in Honor of Remembrance<\/strong><\/p>\n\n\n\n<p>Karavana \u0107e zapo\u010deti u ponedjeljak, 28. travnja 2026., kada \u0107e biciklisti krenuti iz Mostara na put dug 500 kilometara do Vukovara. Planirani povratak sudionika je u petak, 2. svibnja, nakon posjeta Borovu selu i prisustvovanja komemoraciji za 12 poginulih hrvatskih redarstvenika.<\/p>\n\n\n\n<p>Cyclists will once again link Mostar and Vukovar, and the caravan itself carries multiple symbolic meanings. In addition to promoting friendship and sport, the event aims to honor all victims in Croatia and Bosnia and Herzegovina, with a special emphasis on the suffering of Vukovar during the war years. Furthermore, this event contributes to connecting the places along the caravan route, strengthening cooperation among cycling communities, and promoting a healthy lifestyle.<\/p>\n\n\n\n<div class=\"wp-block-columns is-layout-flex wp-container-core-columns-is-layout-9d6595d7 wp-block-columns-is-layout-flex\">\n<div class=\"wp-block-column is-layout-flow wp-block-column-is-layout-flow\">\n<figure class=\"wp-block-image size-large\"><img loading=\"lazy\" decoding=\"async\" width=\"1024\" height=\"683\" src=\"https:\/\/www.herzegovinabike.ba\/wp-content\/uploads\/2024\/04\/Mostar-Vukovar-slika-5-1024x683.jpg\" alt=\"\" class=\"wp-image-14160\" srcset=\"https:\/\/www.herzegovinabike.ba\/wp-content\/uploads\/2024\/04\/Mostar-Vukovar-slika-5-1024x683.jpg 1024w, https:\/\/www.herzegovinabike.ba\/wp-content\/uploads\/2024\/04\/Mostar-Vukovar-slika-5-600x400.jpg 600w, https:\/\/www.herzegovinabike.ba\/wp-content\/uploads\/2024\/04\/Mostar-Vukovar-slika-5-300x200.jpg 300w, https:\/\/www.herzegovinabike.ba\/wp-content\/uploads\/2024\/04\/Mostar-Vukovar-slika-5-768x512.jpg 768w, https:\/\/www.herzegovinabike.ba\/wp-content\/uploads\/2024\/04\/Mostar-Vukovar-slika-5-18x12.jpg 18w, https:\/\/www.herzegovinabike.ba\/wp-content\/uploads\/2024\/04\/Mostar-Vukovar-slika-5.jpg 1200w\" sizes=\"auto, (max-width: 1024px) 100vw, 1024px\" \/><\/figure>\n<\/div>\n\n\n\n<div class=\"wp-block-column is-layout-flow wp-block-column-is-layout-flow\">\n<figure class=\"wp-block-image size-large\"><img loading=\"lazy\" decoding=\"async\" width=\"1024\" height=\"683\" src=\"https:\/\/www.herzegovinabike.ba\/wp-content\/uploads\/2024\/04\/Mostar-Vukovar-slika-10-e1713855096737-1024x683.jpg\" alt=\"\" class=\"wp-image-14165\" srcset=\"https:\/\/www.herzegovinabike.ba\/wp-content\/uploads\/2024\/04\/Mostar-Vukovar-slika-10-e1713855096737-1024x683.jpg 1024w, https:\/\/www.herzegovinabike.ba\/wp-content\/uploads\/2024\/04\/Mostar-Vukovar-slika-10-e1713855096737-600x400.jpg 600w, https:\/\/www.herzegovinabike.ba\/wp-content\/uploads\/2024\/04\/Mostar-Vukovar-slika-10-e1713855096737-300x200.jpg 300w, https:\/\/www.herzegovinabike.ba\/wp-content\/uploads\/2024\/04\/Mostar-Vukovar-slika-10-e1713855096737-768x512.jpg 768w, https:\/\/www.herzegovinabike.ba\/wp-content\/uploads\/2024\/04\/Mostar-Vukovar-slika-10-e1713855096737-18x12.jpg 18w, https:\/\/www.herzegovinabike.ba\/wp-content\/uploads\/2024\/04\/Mostar-Vukovar-slika-10-e1713855096737.jpg 1200w\" sizes=\"auto, (max-width: 1024px) 100vw, 1024px\" \/><\/figure>\n<\/div>\n<\/div>\n\n\n\n<p><strong>Route and Organization<\/strong><\/p>\n\n\n\n<p>Karavana \u0107e trajati pet dana i sastojat \u0107e se od \u010detiri etape koje \u0107e ukupno obuhvatiti vi\u0161e od 500 kilometara. Biciklisti \u0107e se kretati trasom Mostar \u2013 Kiseljak \u2013 \u017dep\u010de \u2013 Ora\u0161je \u2013 \u017dupanja \u2013 Vukovar, bicikliraju\u0107i magistralnim i \u017eupanijskim cestama. Sigurnost sudionika osiguravat \u0107e policijska pratnja, dok \u0107e logisti\u010dka podr\u0161ka uklju\u010divati kombi vozilo s hranom, pi\u0107em i ostalim potrep\u0161tinama.<\/p>\n\n\n\n<p><strong>Who Can Participate?<\/strong><\/p>\n\n\n\n<p>Priority for participation is given to members of the organizing clubs and athletes. Due to limited capacity, the number of participants is restricted to 30 cyclists. All participants must have a suitable bicycle, and registration includes signing a participation agreement. Minor participants under the age of 18 must have parental\/guardian consent, while those under 16 can only participate if accompanied by an adult.<\/p>\n\n\n\n<p>Alongside the cyclists, several support personnel will be present, including two official vehicles providing assistance throughout the route.<\/p>\n\n\n\n<hr class=\"wp-block-separator has-alpha-channel-opacity\"\/>\n\n\n\n<p><strong><a href=\"https:\/\/forms.gle\/H86UdoabXy4XGotj7\" target=\"_blank\" rel=\"noreferrer noopener\">APPLICATION FORM<\/a><\/strong> to participate you can fill out <strong><a href=\"https:\/\/forms.gle\/H86UdoabXy4XGotj7\" target=\"_blank\" rel=\"noreferrer noopener\">HERE.<\/a><\/strong><\/p>\n\n\n\n<hr class=\"wp-block-separator has-alpha-channel-opacity\"\/>\n\n\n\n<p><strong>Registrations Are Open!<\/strong><\/p>\n\n\n\n<p>All interested participants must register by <strong>20. travnja 2026.<\/strong> to finalize the participant list and ensure quality organization. It is important to note that registrations may close earlier if all available spots are filled. <strong>The number of participants is strictly limited to 30.<\/strong><\/p>\n\n\n\n<p>For additional information and registration, please contact the organizers through the official channels of the \"HerzegovinaBike\" Association:<br>\ud83d\udce7 mail: info@herzegovinabike.ba<br>\ud83d\udcde mob: +387 63 400 260<\/p>\n\n\n\n<p><strong><em>Join us and be part of a unique cycling journey that unites sport, friendship, and remembrance!<\/em><\/strong><\/p>\n\n\n\n<p><strong>Registration Fee:<\/strong><\/p>\n\n\n\n<p class=\"translation-block\">The registration fee (which includes a return bus ticket) is <strong>150.00 BAM<\/strong> or <strong>75.00 EUR<\/strong>. <br><strong>PLEASE NOTE: <\/strong> <em>Your registration will only be considered valid once the registration fee has been paid<\/em>.<\/p>\n\n\n\n<p><strong>Payment Methods:<\/strong> You can pay the registration fee via Monry service, bank transfer, or cash payment.<\/p>\n\n\n\n<p><strong>1.Card payment via Monry service:<\/strong><\/p>\n\n\n\n<div class=\"wp-block-buttons is-content-justification-center is-layout-flex wp-container-core-buttons-is-layout-16018d1d wp-block-buttons-is-layout-flex\">\n<div class=\"wp-block-button\"><a class=\"wp-block-button__link wp-element-button\" href=\"https:\/\/www.herzegovinabike.ba\/en\/product\/kotizacija-za-biciklisticku-karavanu-prijateljstva-mostar-vukovar\/\" target=\"_blank\" rel=\"noreferrer noopener\"><strong><mark style=\"background-color:rgba(0, 0, 0, 0)\" class=\"has-inline-color has-white-color\">PAY YOUR REGISTRATION FEE HERE<\/mark><\/strong><\/a><\/div>\n<\/div>\n\n\n\n<p><strong>2.Bank transfer payment - You can make a payment via bank transfer using the following details:<\/strong><\/p>\n\n\n\n<p>Udruga za promociju biciklizma Hercegovina Bicikl<br>dr. Milana \u0160ufflaya 58, Mostar<br>UniCredit Bank<br>Account Nr.: 3381302232463058<\/p>\n\n\n\n<p><strong>2. Cash payment - You can pay the registration fee in cash at <a href=\"https:\/\/maps.app.goo.gl\/pADXYEjqLcbZNPt58\" target=\"_blank\" rel=\"noreferrer noopener\">Capriolo Sport Center Mostar (location)<\/a>.<\/strong><\/p>\n\n\n\n<p>For more information, contact: +387 63 400 260<\/p>\n\n\n\n<p><strong>PLEASE NOTE:<\/strong> <em>Your application forms become valid and we take them into account only upon payment of the registration fee.<\/em><\/p>\n\n\n\n<p>Due to the organization, we ask all those who plan to join one of the sections of the marathon to notify the organizer.<\/p>\n\n\n\n<p><strong>IT IS MANDATORY FOR ALL PARTICIPANTS TO WEAR A HELMET, TO COMPLY WITH THE RULES DURING THE MOVEMENT, AND TO BEHAVIOR IN ACCORDANCE WITH THE ACTIVITY ITSELF AND TO FOLLOW THE INSTRUCTIONS GIVEN BY THE ORGANIZERS.<\/strong><\/p>\n\n\n<div class=\"wp-block-image\">\n<figure class=\"aligncenter size-large\"><img loading=\"lazy\" decoding=\"async\" width=\"1024\" height=\"768\" src=\"https:\/\/www.herzegovinabike.ba\/wp-content\/uploads\/2024\/02\/348314289_975348223612264_5539837164765120627_n-1024x768.jpg\" alt=\"\" class=\"wp-image-13268\" srcset=\"https:\/\/www.herzegovinabike.ba\/wp-content\/uploads\/2024\/02\/348314289_975348223612264_5539837164765120627_n-1024x768.jpg 1024w, https:\/\/www.herzegovinabike.ba\/wp-content\/uploads\/2024\/02\/348314289_975348223612264_5539837164765120627_n-600x450.jpg 600w, https:\/\/www.herzegovinabike.ba\/wp-content\/uploads\/2024\/02\/348314289_975348223612264_5539837164765120627_n-300x225.jpg 300w, https:\/\/www.herzegovinabike.ba\/wp-content\/uploads\/2024\/02\/348314289_975348223612264_5539837164765120627_n-768x576.jpg 768w, https:\/\/www.herzegovinabike.ba\/wp-content\/uploads\/2024\/02\/348314289_975348223612264_5539837164765120627_n-1536x1152.jpg 1536w, https:\/\/www.herzegovinabike.ba\/wp-content\/uploads\/2024\/02\/348314289_975348223612264_5539837164765120627_n-16x12.jpg 16w, https:\/\/www.herzegovinabike.ba\/wp-content\/uploads\/2024\/02\/348314289_975348223612264_5539837164765120627_n.jpg 2048w\" sizes=\"auto, (max-width: 1024px) 100vw, 1024px\" \/><\/figure>\n<\/div>\n\n\n<hr class=\"wp-block-separator has-alpha-channel-opacity\"\/>\n\n\n\n<p class=\"has-text-align-left\"><strong>PROGRAM: Mostar \u2013 Vukovar Cycling Caravan<\/strong><\/p>\n\n\n\n<p>Throughout the ride, we will be accompanied by a support van for personal belongings, a personal vehicle, and a police escort throughout the entire route.<\/p>\n\n\n\n<ol class=\"wp-block-list\">\n<li><strong>dan \u2013 Utorak, 28. travnja 2026. godine (119 km)<\/strong><\/li>\n<\/ol>\n\n\n\n<p>08:00 \u2013 Gathering in front of the Croatian Home of Duke Stjepan Kosa\u010da, group photo, and media statements.<br>08:45 \u2013 Participants will light candles at the memorial for Croatian defenders in front of the Croatian Home of Duke Stjepan Kosa\u010da.<br>09:00 \u2013 Departure of the cycling caravan.<br>17:00 \u2013 Turning towards Lepenica, where fellow cyclists from Kiseljak will welcome and escort us.<br>18:00 \u2013 Arrival in Kiseljak, where we will light candles at the memorial site.<\/p>\n\n\n\n<ol start=\"2\" class=\"wp-block-list\">\n<li><strong>dan \u2013 Srijeda, 29. travnja 2026. godine (90 km) \u2013 Memorijal Ivana \u0160iri\u0107<\/strong><\/li>\n<\/ol>\n\n\n\n<p>09:00 \u2013 Departure from Kiseljak towards \u017dep\u010de (via Busova\u010da and Zenica).<br>17:00 \u2013 Arrival in \u017dep\u010de, where we will be welcomed by local authorities and fellow cyclists.<br>18:00 \u2013 Laying flowers and lighting candles at the site of the tragic death of young Ivana \u0160iri\u0107.<\/p>\n\n\n\n<ol start=\"3\" class=\"wp-block-list\">\n<li><strong>dan \u2013 \u010cetvrtak, 30. travnja 2026. godine (117 km) \u2013 Memorijal Mladen \u0106ati\u0107<\/strong><\/li>\n<\/ol>\n\n\n\n<p>09:00 \u2013 Departure towards Ora\u0161je.<br>17:00 \u2013 Arrival in Ora\u0161je, where we will be welcomed by local authorities.<br>17:30 \u2013 Lighting candles at the central memorial in the city park.<br>18:00 \u2013 Departure towards \u017dupanja.<br>18:30 \u2013 Arrival in \u017dupanja, where we will be welcomed by local authorities and fellow cyclists from \u017dupanja.<\/p>\n\n\n\n<ol start=\"4\" class=\"wp-block-list\">\n<li><strong>dan \u2013 Petak, 01. svibnja 2026. godine (60 km)<\/strong><\/li>\n<\/ol>\n\n\n\n<p>09:00 \u2013 Departure towards Vukovar.<br>12:00 \u2013 Arrival in Vukovar, where we will be greeted by the media and local authorities.<br>12:30 \u2013 Departure from Vukovar towards Ov\u010dara.<br>13:00 \u2013 Arrival at Ov\u010dara, where participants will light candles at the memorial dedicated to the 200 wounded individuals and medical staff from Vukovar Hospital, who were executed at this location by Serbian occupying forces on November 20, 1991. A guide will be present at Ov\u010dara to provide further details about the tragic events that took place there.<\/p>\n\n\n\n<ol start=\"5\" class=\"wp-block-list\">\n<li><strong>dan \u2013 Subota, 02. svibnja 2026. godine<\/strong><\/li>\n<\/ol>\n\n\n\n<p>09:00 - departure to Borovo selo, where the anniversary of the martyrdom of 12 Croatian police officers will be marked.<br>09:15 - The participants of the bicycle caravan will lay flowers and light candles on the memorial, and then attend a memorial mass for the fallen police officers.<br>10:00 a.m. - Joining the procession that will move on foot to the monument to the fallen police officers, where the ceremony will take place<br>13:00 \u2013 Return to Mostar by bus<\/p>\n\n\n\n<hr class=\"wp-block-separator has-alpha-channel-opacity\"\/>\n\n\n\n<p><strong>Important note:<\/strong> When returning, we will put your bikes in the van that will accompany us, and you must sign a statement in which you agree that the van driver can take your bike across the border from Croatia to Bosnia and Herzegovina with your consent. The organizer will draw up a joint statement with your first and last name, registration number, bicycle model and bicycle frame number. This is necessary for customs control, because the van driver will have a van full of bicycles on the way back. The participants of the cycling race return by bus.<\/p>\n\n\n\n<hr class=\"wp-block-separator has-alpha-channel-opacity\"\/>\n\n\n\n<div class=\"wp-block-buttons is-content-justification-center is-layout-flex wp-container-core-buttons-is-layout-16018d1d wp-block-buttons-is-layout-flex\">\n<div class=\"wp-block-button\"><a class=\"wp-block-button__link wp-element-button\" href=\"https:\/\/www.herzegovinabike.ba\/en\/product\/kotizacija-za-biciklisticku-karavanu-prijateljstva-mostar-vukovar\/\" target=\"_blank\" rel=\"noreferrer noopener\"><strong><mark style=\"background-color:rgba(0, 0, 0, 0)\" class=\"has-inline-color has-white-color\">PAY YOUR REGISTRATION FEE HERE<\/mark><\/strong><\/a><\/div>\n<\/div>\n\n\n\n<p><strong>WHAT SHOULD THE PARTICIPANT BRING TO THE BIKE RIDE?<\/strong><\/p>\n\n\n\n<ul class=\"wp-block-list\">\n<li>Personal equipment and belongings<\/li>\n\n\n\n<li>Additional clothing for riding (cycling pants and T-shirts)<\/li>\n\n\n\n<li>Identity card or passport for crossing the border,<\/li>\n\n\n\n<li>Helmet (MANDATORY)<\/li>\n\n\n\n<li>A small backpack or bag for equipment, clothes and personal belongings<\/li>\n\n\n\n<li>Sports clothes (sweatshirt and tans), for sitting and socializing upon arrival at the place where we will spend the night.<\/li>\n\n\n\n<li>Rezervni dijelovi za bicikl za sitne opravke (rezervna unutarnja guma min. 2kom., boca za vodu, reflektirajuci prsluk, prednje i stra\u017enje svjetlo\u2026)<\/li>\n\n\n\n<li>Each participant rides and is responsible for his own bicycle<\/li>\n\n\n\n<li>WE RECOMMEND: It is desirable that each participant of the cycling event takes out or makes travel insurance for himself in one of the insurance companies.<\/li>\n<\/ul>\n\n\n\n<div class=\"wp-block-columns is-layout-flex wp-container-core-columns-is-layout-9d6595d7 wp-block-columns-is-layout-flex\">\n<div class=\"wp-block-column is-layout-flow wp-block-column-is-layout-flow\">\n<figure class=\"wp-block-image size-large\"><img loading=\"lazy\" decoding=\"async\" width=\"1024\" height=\"768\" src=\"https:\/\/www.herzegovinabike.ba\/wp-content\/uploads\/2024\/02\/357803316_656695266501142_6879488962009593811_n-1024x768.jpg\" alt=\"\" class=\"wp-image-13269\" srcset=\"https:\/\/www.herzegovinabike.ba\/wp-content\/uploads\/2024\/02\/357803316_656695266501142_6879488962009593811_n-1024x768.jpg 1024w, https:\/\/www.herzegovinabike.ba\/wp-content\/uploads\/2024\/02\/357803316_656695266501142_6879488962009593811_n-600x450.jpg 600w, https:\/\/www.herzegovinabike.ba\/wp-content\/uploads\/2024\/02\/357803316_656695266501142_6879488962009593811_n-300x225.jpg 300w, https:\/\/www.herzegovinabike.ba\/wp-content\/uploads\/2024\/02\/357803316_656695266501142_6879488962009593811_n-768x576.jpg 768w, https:\/\/www.herzegovinabike.ba\/wp-content\/uploads\/2024\/02\/357803316_656695266501142_6879488962009593811_n-1536x1152.jpg 1536w, https:\/\/www.herzegovinabike.ba\/wp-content\/uploads\/2024\/02\/357803316_656695266501142_6879488962009593811_n-16x12.jpg 16w, https:\/\/www.herzegovinabike.ba\/wp-content\/uploads\/2024\/02\/357803316_656695266501142_6879488962009593811_n.jpg 2048w\" sizes=\"auto, (max-width: 1024px) 100vw, 1024px\" \/><\/figure>\n<\/div>\n\n\n\n<div class=\"wp-block-column is-layout-flow wp-block-column-is-layout-flow\">\n<figure class=\"wp-block-image size-large\"><img loading=\"lazy\" decoding=\"async\" width=\"1024\" height=\"768\" src=\"https:\/\/www.herzegovinabike.ba\/wp-content\/uploads\/2024\/02\/357832634_656695243167811_1341261256925513441_n-1024x768.jpg\" alt=\"\" class=\"wp-image-13270\" srcset=\"https:\/\/www.herzegovinabike.ba\/wp-content\/uploads\/2024\/02\/357832634_656695243167811_1341261256925513441_n-1024x768.jpg 1024w, https:\/\/www.herzegovinabike.ba\/wp-content\/uploads\/2024\/02\/357832634_656695243167811_1341261256925513441_n-600x450.jpg 600w, https:\/\/www.herzegovinabike.ba\/wp-content\/uploads\/2024\/02\/357832634_656695243167811_1341261256925513441_n-300x225.jpg 300w, https:\/\/www.herzegovinabike.ba\/wp-content\/uploads\/2024\/02\/357832634_656695243167811_1341261256925513441_n-768x576.jpg 768w, https:\/\/www.herzegovinabike.ba\/wp-content\/uploads\/2024\/02\/357832634_656695243167811_1341261256925513441_n-1536x1152.jpg 1536w, https:\/\/www.herzegovinabike.ba\/wp-content\/uploads\/2024\/02\/357832634_656695243167811_1341261256925513441_n-16x12.jpg 16w, https:\/\/www.herzegovinabike.ba\/wp-content\/uploads\/2024\/02\/357832634_656695243167811_1341261256925513441_n.jpg 2048w\" sizes=\"auto, (max-width: 1024px) 100vw, 1024px\" \/><\/figure>\n<\/div>\n<\/div>\n\n\n\n<p><strong>WHAT IS INSURED BY THE ORGANIZER<\/strong><\/p>\n\n\n\n<ul class=\"wp-block-list\">\n<li>Two vehicles: Van and accompanying jeep<\/li>\n\n\n\n<li>Tools and mechanics for possible breakdowns on the caravan participant's bicycle<\/li>\n\n\n\n<li>First aid kit and medical staff in case of unforeseen\/unwanted situations<\/li>\n\n\n\n<li>First aid kit and medical staff in case of unforeseen\/unwanted situations<\/li>\n\n\n\n<li>Accommodation: Kiseljak, \u017dep\u010de, \u017dupanja and Vukovar<\/li>\n\n\n\n<li>Bus (Extraordinary ride) for the return of participants of the cycling event to Mostar.<\/li>\n<\/ul>\n\n\n\n<div class=\"wp-block-buttons is-content-justification-center is-layout-flex wp-container-core-buttons-is-layout-16018d1d wp-block-buttons-is-layout-flex\">\n<div class=\"wp-block-button\"><a class=\"wp-block-button__link wp-element-button\" href=\"https:\/\/www.herzegovinabike.ba\/en\/product\/kotizacija-za-biciklisticku-karavanu-prijateljstva-mostar-vukovar\/\" target=\"_blank\" rel=\"noreferrer noopener\"><strong><mark style=\"background-color:rgba(0, 0, 0, 0)\" class=\"has-inline-color has-white-color\">PAY YOUR REGISTRATION FEE HERE<\/mark><\/strong><\/a><\/div>\n<\/div>\n\n\n\n<p>For all other information, you can contact us at:<\/p>\n\n\n\n<p><strong>Toni Zori\u0107<\/strong><br>president of the HerzegovinaBike Association<br>e-mail: toni@herzegovinabike.ba<br>mobile phone: 063\/400-260<\/p>\n\n\n\n<p><strong>Biljana Krtali\u0107<\/strong><br>secretary of BK Mostar<br>e-mail: tajnik@bkmostar.ba<br>mob: 063\/316-729<\/p>\n\n\n\n<hr class=\"wp-block-separator has-alpha-channel-opacity\"\/>\n\n\n\n<p><strong>IMPORTANT:<\/strong> <em>All participants of the cycling event register and ride at their own risk. The organizers of the bike ride are not obligated in any way to the participants of the bike ride, except to be guides on the field. By signing up for the ride, you accept the mentioned conditions and undertake to follow the instructions of the organizer. Minors can register and ride only with the written permission of their guardian stating that the ride organizers are not responsible for their safety.<\/em><\/p>\n\n\n\n<hr class=\"wp-block-separator has-alpha-channel-opacity\"\/>","protected":false},"excerpt":{"rendered":"<p>Udruga za promociju biciklizma &#8220;Hercegovina Bicikl&#8221; u suradnji sa Sportskim savezom Grada Mostara te vi\u0161e biciklisti\u010dkih klubova iz BiH i Hrvatske organizira 14. izdanje Biciklisti\u010dke karavane prijateljstva Mostar \u2013 Vukovar, koja \u0107e se odr\u017eati od 28. travnja do 2. svibnja 2026. godine. Prijave za ovogodi\u0161nju biciklisti\u010dku karavanu su otvorene, a organizatori isti\u010du da su pripreme [&hellip;]<\/p>\n","protected":false},"author":2,"featured_media":14168,"comment_status":"closed","ping_status":"open","sticky":false,"template":"","format":"standard","meta":{"footnotes":""},"categories":[2],"tags":[],"class_list":["post-17065","post","type-post","status-publish","format-standard","has-post-thumbnail","hentry","category-blog"],"yoast_head":"<!-- This site is optimized with the Yoast SEO Premium plugin v21.5 (Yoast SEO v27.4) - https:\/\/yoast.com\/product\/yoast-seo-premium-wordpress\/ -->\n<title>Otvorene prijave za 14. Biciklisti\u010dku karavanu prijateljstva Mostar \u2013 Vukovar - HerzegovinaBike<\/title>\n<meta name=\"description\" content=\"Ovogodi\u0161nje izdanje Biciklisti\u010dke karavane prijateljstva Mostar \u2013 Vukovar \u0107e se odr\u017eati od 28. travnja do 2. svibnja u organizaciji ...\" \/>\n<meta name=\"robots\" content=\"index, follow, max-snippet:-1, max-image-preview:large, max-video-preview:-1\" \/>\n<link rel=\"canonical\" href=\"https:\/\/www.herzegovinabike.ba\/en\/otvorene-prijave-za-biciklisticku-karavanu-prijateljstva-mostar-vukovar\/\" \/>\n<meta property=\"og:locale\" content=\"en_US\" \/>\n<meta property=\"og:type\" content=\"article\" \/>\n<meta property=\"og:title\" content=\"Otvorene prijave za 14. Biciklisti\u010dku karavanu prijateljstva Mostar \u2013 Vukovar\" \/>\n<meta property=\"og:description\" content=\"Ovogodi\u0161nje izdanje Biciklisti\u010dke karavane prijateljstva Mostar \u2013 Vukovar \u0107e se odr\u017eati od 28. travnja do 2. svibnja u organizaciji ...\" \/>\n<meta property=\"og:url\" content=\"https:\/\/www.herzegovinabike.ba\/en\/otvorene-prijave-za-biciklisticku-karavanu-prijateljstva-mostar-vukovar\/\" \/>\n<meta property=\"og:site_name\" content=\"HerzegovinaBike\" \/>\n<meta property=\"article:publisher\" content=\"https:\/\/www.facebook.com\/HerzegovinaBike\" \/>\n<meta property=\"article:author\" content=\"https:\/\/www.facebook.com\/HerzegovinaBike\/\" \/>\n<meta property=\"article:published_time\" content=\"2026-03-08T14:15:00+00:00\" \/>\n<meta property=\"article:modified_time\" content=\"2026-03-16T17:39:21+00:00\" \/>\n<meta property=\"og:image\" content=\"https:\/\/www.herzegovinabike.ba\/wp-content\/uploads\/2024\/04\/Mostar-Vukovar-slika-naslovna.jpg\" \/>\n\t<meta property=\"og:image:width\" content=\"1200\" \/>\n\t<meta property=\"og:image:height\" content=\"800\" \/>\n\t<meta property=\"og:image:type\" content=\"image\/jpeg\" \/>\n<meta name=\"author\" content=\"Herzegovina Bike\" \/>\n<meta name=\"twitter:card\" content=\"summary_large_image\" \/>\n<meta name=\"twitter:creator\" content=\"@https:\/\/twitter.com\/HerzegovinaBike\" \/>\n<meta name=\"twitter:label1\" content=\"Written by\" \/>\n\t<meta name=\"twitter:data1\" content=\"Herzegovina Bike\" \/>\n\t<meta name=\"twitter:label2\" content=\"Est. reading time\" \/>\n\t<meta name=\"twitter:data2\" content=\"9 minutes\" \/>\n<script type=\"application\/ld+json\" class=\"yoast-schema-graph\">{\"@context\":\"https:\\\/\\\/schema.org\",\"@graph\":[{\"@type\":\"Article\",\"@id\":\"https:\\\/\\\/www.herzegovinabike.ba\\\/otvorene-prijave-za-biciklisticku-karavanu-prijateljstva-mostar-vukovar\\\/#article\",\"isPartOf\":{\"@id\":\"https:\\\/\\\/www.herzegovinabike.ba\\\/otvorene-prijave-za-biciklisticku-karavanu-prijateljstva-mostar-vukovar\\\/\"},\"author\":{\"name\":\"Herzegovina Bike\",\"@id\":\"https:\\\/\\\/www.herzegovinabike.ba\\\/#\\\/schema\\\/person\\\/1161ca5c7a242dc0e69d24c0fb304ccb\"},\"headline\":\"Otvorene prijave za 14. Biciklisti\u010dku karavanu prijateljstva Mostar \u2013 Vukovar\",\"datePublished\":\"2026-03-08T14:15:00+00:00\",\"dateModified\":\"2026-03-16T17:39:21+00:00\",\"mainEntityOfPage\":{\"@id\":\"https:\\\/\\\/www.herzegovinabike.ba\\\/otvorene-prijave-za-biciklisticku-karavanu-prijateljstva-mostar-vukovar\\\/\"},\"wordCount\":1359,\"publisher\":{\"@id\":\"https:\\\/\\\/www.herzegovinabike.ba\\\/#organization\"},\"image\":{\"@id\":\"https:\\\/\\\/www.herzegovinabike.ba\\\/otvorene-prijave-za-biciklisticku-karavanu-prijateljstva-mostar-vukovar\\\/#primaryimage\"},\"thumbnailUrl\":\"https:\\\/\\\/www.herzegovinabike.ba\\\/wp-content\\\/uploads\\\/2024\\\/04\\\/Mostar-Vukovar-slika-naslovna.jpg\",\"articleSection\":[\"Blog\"],\"inLanguage\":\"en-US\"},{\"@type\":\"WebPage\",\"@id\":\"https:\\\/\\\/www.herzegovinabike.ba\\\/otvorene-prijave-za-biciklisticku-karavanu-prijateljstva-mostar-vukovar\\\/\",\"url\":\"https:\\\/\\\/www.herzegovinabike.ba\\\/otvorene-prijave-za-biciklisticku-karavanu-prijateljstva-mostar-vukovar\\\/\",\"name\":\"Otvorene prijave za 14. Biciklisti\u010dku karavanu prijateljstva Mostar \u2013 Vukovar - HerzegovinaBike\",\"isPartOf\":{\"@id\":\"https:\\\/\\\/www.herzegovinabike.ba\\\/#website\"},\"primaryImageOfPage\":{\"@id\":\"https:\\\/\\\/www.herzegovinabike.ba\\\/otvorene-prijave-za-biciklisticku-karavanu-prijateljstva-mostar-vukovar\\\/#primaryimage\"},\"image\":{\"@id\":\"https:\\\/\\\/www.herzegovinabike.ba\\\/otvorene-prijave-za-biciklisticku-karavanu-prijateljstva-mostar-vukovar\\\/#primaryimage\"},\"thumbnailUrl\":\"https:\\\/\\\/www.herzegovinabike.ba\\\/wp-content\\\/uploads\\\/2024\\\/04\\\/Mostar-Vukovar-slika-naslovna.jpg\",\"datePublished\":\"2026-03-08T14:15:00+00:00\",\"dateModified\":\"2026-03-16T17:39:21+00:00\",\"description\":\"Ovogodi\u0161nje izdanje Biciklisti\u010dke karavane prijateljstva Mostar \u2013 Vukovar \u0107e se odr\u017eati od 28. travnja do 2. svibnja u organizaciji ...\",\"breadcrumb\":{\"@id\":\"https:\\\/\\\/www.herzegovinabike.ba\\\/otvorene-prijave-za-biciklisticku-karavanu-prijateljstva-mostar-vukovar\\\/#breadcrumb\"},\"inLanguage\":\"en-US\",\"potentialAction\":[{\"@type\":\"ReadAction\",\"target\":[\"https:\\\/\\\/www.herzegovinabike.ba\\\/otvorene-prijave-za-biciklisticku-karavanu-prijateljstva-mostar-vukovar\\\/\"]}]},{\"@type\":\"ImageObject\",\"inLanguage\":\"en-US\",\"@id\":\"https:\\\/\\\/www.herzegovinabike.ba\\\/otvorene-prijave-za-biciklisticku-karavanu-prijateljstva-mostar-vukovar\\\/#primaryimage\",\"url\":\"https:\\\/\\\/www.herzegovinabike.ba\\\/wp-content\\\/uploads\\\/2024\\\/04\\\/Mostar-Vukovar-slika-naslovna.jpg\",\"contentUrl\":\"https:\\\/\\\/www.herzegovinabike.ba\\\/wp-content\\\/uploads\\\/2024\\\/04\\\/Mostar-Vukovar-slika-naslovna.jpg\",\"width\":1200,\"height\":800},{\"@type\":\"BreadcrumbList\",\"@id\":\"https:\\\/\\\/www.herzegovinabike.ba\\\/otvorene-prijave-za-biciklisticku-karavanu-prijateljstva-mostar-vukovar\\\/#breadcrumb\",\"itemListElement\":[{\"@type\":\"ListItem\",\"position\":1,\"name\":\"Po\u010detna stranica\",\"item\":\"https:\\\/\\\/www.herzegovinabike.ba\\\/\"},{\"@type\":\"ListItem\",\"position\":2,\"name\":\"Otvorene prijave za 14. Biciklisti\u010dku karavanu prijateljstva Mostar \u2013 Vukovar\"}]},{\"@type\":\"WebSite\",\"@id\":\"https:\\\/\\\/www.herzegovinabike.ba\\\/#website\",\"url\":\"https:\\\/\\\/www.herzegovinabike.ba\\\/\",\"name\":\"HerzegovinaBike\",\"description\":\"Your place under the sun\",\"publisher\":{\"@id\":\"https:\\\/\\\/www.herzegovinabike.ba\\\/#organization\"},\"potentialAction\":[{\"@type\":\"SearchAction\",\"target\":{\"@type\":\"EntryPoint\",\"urlTemplate\":\"https:\\\/\\\/www.herzegovinabike.ba\\\/?s={search_term_string}\"},\"query-input\":{\"@type\":\"PropertyValueSpecification\",\"valueRequired\":true,\"valueName\":\"search_term_string\"}}],\"inLanguage\":\"en-US\"},{\"@type\":\"Organization\",\"@id\":\"https:\\\/\\\/www.herzegovinabike.ba\\\/#organization\",\"name\":\"Udruga HerzegovinaBike\",\"url\":\"https:\\\/\\\/www.herzegovinabike.ba\\\/\",\"logo\":{\"@type\":\"ImageObject\",\"inLanguage\":\"en-US\",\"@id\":\"https:\\\/\\\/www.herzegovinabike.ba\\\/#\\\/schema\\\/logo\\\/image\\\/\",\"url\":\"https:\\\/\\\/www.bike.herzegovinabike.ba\\\/wp-content\\\/uploads\\\/2023\\\/11\\\/herzegovina_bike_logo_horizontal.png\",\"contentUrl\":\"https:\\\/\\\/www.bike.herzegovinabike.ba\\\/wp-content\\\/uploads\\\/2023\\\/11\\\/herzegovina_bike_logo_horizontal.png\",\"width\":1757,\"height\":1061,\"caption\":\"Udruga HerzegovinaBike\"},\"image\":{\"@id\":\"https:\\\/\\\/www.herzegovinabike.ba\\\/#\\\/schema\\\/logo\\\/image\\\/\"},\"sameAs\":[\"https:\\\/\\\/www.facebook.com\\\/HerzegovinaBike\",\"https:\\\/\\\/www.instagram.com\\\/herzegovinabike\\\/\"]},{\"@type\":\"Person\",\"@id\":\"https:\\\/\\\/www.herzegovinabike.ba\\\/#\\\/schema\\\/person\\\/1161ca5c7a242dc0e69d24c0fb304ccb\",\"name\":\"Herzegovina Bike\",\"image\":{\"@type\":\"ImageObject\",\"inLanguage\":\"en-US\",\"@id\":\"https:\\\/\\\/secure.gravatar.com\\\/avatar\\\/236a03b53b73db89b68d17aa2f415bb2a2d3b326d0632f3a602c6c9cacba1ff0?s=96&d=mm&r=g\",\"url\":\"https:\\\/\\\/secure.gravatar.com\\\/avatar\\\/236a03b53b73db89b68d17aa2f415bb2a2d3b326d0632f3a602c6c9cacba1ff0?s=96&d=mm&r=g\",\"contentUrl\":\"https:\\\/\\\/secure.gravatar.com\\\/avatar\\\/236a03b53b73db89b68d17aa2f415bb2a2d3b326d0632f3a602c6c9cacba1ff0?s=96&d=mm&r=g\",\"caption\":\"Herzegovina Bike\"},\"description\":\"Udruga \u201cHerzegovinaBike\u201d je pokreta\u010d (i sredi\u0161te) razvoja biciklizma kao cikloturizma, rekreacije i sporta u Hercegovini. CILJ: Hercegovina kao vrhunska cikloturisti\u010dka destinacija. \u2705\",\"sameAs\":[\"https:\\\/\\\/www.herzegovinabike.ba\\\/\",\"https:\\\/\\\/www.facebook.com\\\/HerzegovinaBike\\\/\",\"https:\\\/\\\/www.instagram.com\\\/herzegovinabike\\\/\",\"https:\\\/\\\/www.linkedin.com\\\/in\\\/herzegovina-bike-ba605a29b\\\/\",\"https:\\\/\\\/x.com\\\/https:\\\/\\\/twitter.com\\\/HerzegovinaBike\",\"https:\\\/\\\/www.youtube.com\\\/channel\\\/UCOFGFUHmcGVzVHD9WgOGTrA\"],\"url\":\"https:\\\/\\\/www.herzegovinabike.ba\\\/en\\\/author\\\/toni\\\/\"}]}<\/script>\n<!-- \/ Yoast SEO Premium plugin. -->","yoast_head_json":{"title":"Otvorene prijave za 14. Biciklisti\u010dku karavanu prijateljstva Mostar \u2013 Vukovar - HerzegovinaBike","description":"Ovogodi\u0161nje izdanje Biciklisti\u010dke karavane prijateljstva Mostar \u2013 Vukovar \u0107e se odr\u017eati od 28. travnja do 2. svibnja u organizaciji ...","robots":{"index":"index","follow":"follow","max-snippet":"max-snippet:-1","max-image-preview":"max-image-preview:large","max-video-preview":"max-video-preview:-1"},"canonical":"https:\/\/www.herzegovinabike.ba\/en\/otvorene-prijave-za-biciklisticku-karavanu-prijateljstva-mostar-vukovar\/","og_locale":"en_US","og_type":"article","og_title":"Otvorene prijave za 14. Biciklisti\u010dku karavanu prijateljstva Mostar \u2013 Vukovar","og_description":"Ovogodi\u0161nje izdanje Biciklisti\u010dke karavane prijateljstva Mostar \u2013 Vukovar \u0107e se odr\u017eati od 28. travnja do 2. svibnja u organizaciji ...","og_url":"https:\/\/www.herzegovinabike.ba\/en\/otvorene-prijave-za-biciklisticku-karavanu-prijateljstva-mostar-vukovar\/","og_site_name":"HerzegovinaBike","article_publisher":"https:\/\/www.facebook.com\/HerzegovinaBike","article_author":"https:\/\/www.facebook.com\/HerzegovinaBike\/","article_published_time":"2026-03-08T14:15:00+00:00","article_modified_time":"2026-03-16T17:39:21+00:00","og_image":[{"width":1200,"height":800,"url":"https:\/\/www.herzegovinabike.ba\/wp-content\/uploads\/2024\/04\/Mostar-Vukovar-slika-naslovna.jpg","type":"image\/jpeg"}],"author":"Herzegovina Bike","twitter_card":"summary_large_image","twitter_creator":"@https:\/\/twitter.com\/HerzegovinaBike","twitter_misc":{"Written by":"Herzegovina Bike","Est. reading time":"9 minutes"},"schema":{"@context":"https:\/\/schema.org","@graph":[{"@type":"Article","@id":"https:\/\/www.herzegovinabike.ba\/otvorene-prijave-za-biciklisticku-karavanu-prijateljstva-mostar-vukovar\/#article","isPartOf":{"@id":"https:\/\/www.herzegovinabike.ba\/otvorene-prijave-za-biciklisticku-karavanu-prijateljstva-mostar-vukovar\/"},"author":{"name":"Herzegovina Bike","@id":"https:\/\/www.herzegovinabike.ba\/#\/schema\/person\/1161ca5c7a242dc0e69d24c0fb304ccb"},"headline":"Otvorene prijave za 14. Biciklisti\u010dku karavanu prijateljstva Mostar \u2013 Vukovar","datePublished":"2026-03-08T14:15:00+00:00","dateModified":"2026-03-16T17:39:21+00:00","mainEntityOfPage":{"@id":"https:\/\/www.herzegovinabike.ba\/otvorene-prijave-za-biciklisticku-karavanu-prijateljstva-mostar-vukovar\/"},"wordCount":1359,"publisher":{"@id":"https:\/\/www.herzegovinabike.ba\/#organization"},"image":{"@id":"https:\/\/www.herzegovinabike.ba\/otvorene-prijave-za-biciklisticku-karavanu-prijateljstva-mostar-vukovar\/#primaryimage"},"thumbnailUrl":"https:\/\/www.herzegovinabike.ba\/wp-content\/uploads\/2024\/04\/Mostar-Vukovar-slika-naslovna.jpg","articleSection":["Blog"],"inLanguage":"en-US"},{"@type":"WebPage","@id":"https:\/\/www.herzegovinabike.ba\/otvorene-prijave-za-biciklisticku-karavanu-prijateljstva-mostar-vukovar\/","url":"https:\/\/www.herzegovinabike.ba\/otvorene-prijave-za-biciklisticku-karavanu-prijateljstva-mostar-vukovar\/","name":"Otvorene prijave za 14. Biciklisti\u010dku karavanu prijateljstva Mostar \u2013 Vukovar - HerzegovinaBike","isPartOf":{"@id":"https:\/\/www.herzegovinabike.ba\/#website"},"primaryImageOfPage":{"@id":"https:\/\/www.herzegovinabike.ba\/otvorene-prijave-za-biciklisticku-karavanu-prijateljstva-mostar-vukovar\/#primaryimage"},"image":{"@id":"https:\/\/www.herzegovinabike.ba\/otvorene-prijave-za-biciklisticku-karavanu-prijateljstva-mostar-vukovar\/#primaryimage"},"thumbnailUrl":"https:\/\/www.herzegovinabike.ba\/wp-content\/uploads\/2024\/04\/Mostar-Vukovar-slika-naslovna.jpg","datePublished":"2026-03-08T14:15:00+00:00","dateModified":"2026-03-16T17:39:21+00:00","description":"Ovogodi\u0161nje izdanje Biciklisti\u010dke karavane prijateljstva Mostar \u2013 Vukovar \u0107e se odr\u017eati od 28. travnja do 2. svibnja u organizaciji ...","breadcrumb":{"@id":"https:\/\/www.herzegovinabike.ba\/otvorene-prijave-za-biciklisticku-karavanu-prijateljstva-mostar-vukovar\/#breadcrumb"},"inLanguage":"en-US","potentialAction":[{"@type":"ReadAction","target":["https:\/\/www.herzegovinabike.ba\/otvorene-prijave-za-biciklisticku-karavanu-prijateljstva-mostar-vukovar\/"]}]},{"@type":"ImageObject","inLanguage":"en-US","@id":"https:\/\/www.herzegovinabike.ba\/otvorene-prijave-za-biciklisticku-karavanu-prijateljstva-mostar-vukovar\/#primaryimage","url":"https:\/\/www.herzegovinabike.ba\/wp-content\/uploads\/2024\/04\/Mostar-Vukovar-slika-naslovna.jpg","contentUrl":"https:\/\/www.herzegovinabike.ba\/wp-content\/uploads\/2024\/04\/Mostar-Vukovar-slika-naslovna.jpg","width":1200,"height":800},{"@type":"BreadcrumbList","@id":"https:\/\/www.herzegovinabike.ba\/otvorene-prijave-za-biciklisticku-karavanu-prijateljstva-mostar-vukovar\/#breadcrumb","itemListElement":[{"@type":"ListItem","position":1,"name":"Po\u010detna stranica","item":"https:\/\/www.herzegovinabike.ba\/"},{"@type":"ListItem","position":2,"name":"Otvorene prijave za 14. Biciklisti\u010dku karavanu prijateljstva Mostar \u2013 Vukovar"}]},{"@type":"WebSite","@id":"https:\/\/www.herzegovinabike.ba\/#website","url":"https:\/\/www.herzegovinabike.ba\/","name":"HerzegovinaBike","description":"Your place under the sun","publisher":{"@id":"https:\/\/www.herzegovinabike.ba\/#organization"},"potentialAction":[{"@type":"SearchAction","target":{"@type":"EntryPoint","urlTemplate":"https:\/\/www.herzegovinabike.ba\/?s={search_term_string}"},"query-input":{"@type":"PropertyValueSpecification","valueRequired":true,"valueName":"search_term_string"}}],"inLanguage":"en-US"},{"@type":"Organization","@id":"https:\/\/www.herzegovinabike.ba\/#organization","name":"Association HerzegovinaBike","url":"https:\/\/www.herzegovinabike.ba\/","logo":{"@type":"ImageObject","inLanguage":"en-US","@id":"https:\/\/www.herzegovinabike.ba\/#\/schema\/logo\/image\/","url":"https:\/\/www.bike.herzegovinabike.ba\/wp-content\/uploads\/2023\/11\/herzegovina_bike_logo_horizontal.png","contentUrl":"https:\/\/www.bike.herzegovinabike.ba\/wp-content\/uploads\/2023\/11\/herzegovina_bike_logo_horizontal.png","width":1757,"height":1061,"caption":"Udruga HerzegovinaBike"},"image":{"@id":"https:\/\/www.herzegovinabike.ba\/#\/schema\/logo\/image\/"},"sameAs":["https:\/\/www.facebook.com\/HerzegovinaBike","https:\/\/www.instagram.com\/herzegovinabike\/"]},{"@type":"Person","@id":"https:\/\/www.herzegovinabike.ba\/#\/schema\/person\/1161ca5c7a242dc0e69d24c0fb304ccb","name":"Herzegovina Bike","image":{"@type":"ImageObject","inLanguage":"en-US","@id":"https:\/\/secure.gravatar.com\/avatar\/236a03b53b73db89b68d17aa2f415bb2a2d3b326d0632f3a602c6c9cacba1ff0?s=96&d=mm&r=g","url":"https:\/\/secure.gravatar.com\/avatar\/236a03b53b73db89b68d17aa2f415bb2a2d3b326d0632f3a602c6c9cacba1ff0?s=96&d=mm&r=g","contentUrl":"https:\/\/secure.gravatar.com\/avatar\/236a03b53b73db89b68d17aa2f415bb2a2d3b326d0632f3a602c6c9cacba1ff0?s=96&d=mm&r=g","caption":"Herzegovina Bike"},"description":"Udruga \u201cHerzegovinaBike\u201d je pokreta\u010d (i sredi\u0161te) razvoja biciklizma kao cikloturizma, rekreacije i sporta u Hercegovini. CILJ: Hercegovina kao vrhunska cikloturisti\u010dka destinacija. \u2705","sameAs":["https:\/\/www.herzegovinabike.ba\/","https:\/\/www.facebook.com\/HerzegovinaBike\/","https:\/\/www.instagram.com\/herzegovinabike\/","https:\/\/www.linkedin.com\/in\/herzegovina-bike-ba605a29b\/","https:\/\/x.com\/https:\/\/twitter.com\/HerzegovinaBike","https:\/\/www.youtube.com\/channel\/UCOFGFUHmcGVzVHD9WgOGTrA"],"url":"https:\/\/www.herzegovinabike.ba\/en\/author\/toni\/"}]}},"_links":{"self":[{"href":"https:\/\/www.herzegovinabike.ba\/en\/wp-json\/wp\/v2\/posts\/17065","targetHints":{"allow":["GET"]}}],"collection":[{"href":"https:\/\/www.herzegovinabike.ba\/en\/wp-json\/wp\/v2\/posts"}],"about":[{"href":"https:\/\/www.herzegovinabike.ba\/en\/wp-json\/wp\/v2\/types\/post"}],"author":[{"embeddable":true,"href":"https:\/\/www.herzegovinabike.ba\/en\/wp-json\/wp\/v2\/users\/2"}],"replies":[{"embeddable":true,"href":"https:\/\/www.herzegovinabike.ba\/en\/wp-json\/wp\/v2\/comments?post=17065"}],"version-history":[{"count":5,"href":"https:\/\/www.herzegovinabike.ba\/en\/wp-json\/wp\/v2\/posts\/17065\/revisions"}],"predecessor-version":[{"id":19695,"href":"https:\/\/www.herzegovinabike.ba\/en\/wp-json\/wp\/v2\/posts\/17065\/revisions\/19695"}],"wp:featuredmedia":[{"embeddable":true,"href":"https:\/\/www.herzegovinabike.ba\/en\/wp-json\/wp\/v2\/media\/14168"}],"wp:attachment":[{"href":"https:\/\/www.herzegovinabike.ba\/en\/wp-json\/wp\/v2\/media?parent=17065"}],"wp:term":[{"taxonomy":"category","embeddable":true,"href":"https:\/\/www.herzegovinabike.ba\/en\/wp-json\/wp\/v2\/categories?post=17065"},{"taxonomy":"post_tag","embeddable":true,"href":"https:\/\/www.herzegovinabike.ba\/en\/wp-json\/wp\/v2\/tags?post=17065"}],"curies":[{"name":"wp","href":"https:\/\/api.w.org\/{rel}","templated":true}]}}