{"id":17564,"date":"2025-04-13T21:45:55","date_gmt":"2025-04-13T19:45:55","guid":{"rendered":"https:\/\/www.herzegovinabike.ba\/?p=17564"},"modified":"2025-06-24T22:16:49","modified_gmt":"2025-06-24T20:16:49","slug":"180-biciklista-promoviralo-cirinu-rutu-od-mostara-do-capljine","status":"publish","type":"post","link":"https:\/\/www.herzegovinabike.ba\/en\/180-biciklista-promoviralo-cirinu-rutu-od-mostara-do-capljine\/","title":{"rendered":"180 Cyclists Promote the \u0106iro Route from Mostar to \u010capljina"},"content":{"rendered":"<p class=\"has-text-align-center\"><strong>Cycling for a Healthy Lifestyle and Sustainable Tourism<\/strong><\/p>\n\n\n\n<p><strong>Mostar\/\u010capljina<\/strong> \u2013 After two postponements due to bad weather, Sunday finally brought perfect conditions for yet another \u0106iro event, attracting as many as 180 cyclists to the route between Mostar and \u010capljina. Once again, the ride confirmed its status as one of the most beautiful cycle tourism events in the region, promoting a healthy lifestyle, sustainable tourism, and the natural beauty of Herzegovina.<\/p>\n\n\n\n<div class=\"wp-block-columns is-layout-flex wp-container-core-columns-is-layout-9d6595d7 wp-block-columns-is-layout-flex\">\n<div class=\"wp-block-column is-layout-flow wp-block-column-is-layout-flow\">\n<figure class=\"wp-block-image size-large\"><img loading=\"lazy\" decoding=\"async\" width=\"1024\" height=\"768\" src=\"https:\/\/www.herzegovinabike.ba\/wp-content\/uploads\/2025\/04\/Ciro-Mostar-Capljina-2025-slika-2-1-1024x768.jpg\" alt=\"\" class=\"wp-image-17586\" srcset=\"https:\/\/www.herzegovinabike.ba\/wp-content\/uploads\/2025\/04\/Ciro-Mostar-Capljina-2025-slika-2-1-1024x768.jpg 1024w, https:\/\/www.herzegovinabike.ba\/wp-content\/uploads\/2025\/04\/Ciro-Mostar-Capljina-2025-slika-2-1-300x225.jpg 300w, https:\/\/www.herzegovinabike.ba\/wp-content\/uploads\/2025\/04\/Ciro-Mostar-Capljina-2025-slika-2-1-768x576.jpg 768w, https:\/\/www.herzegovinabike.ba\/wp-content\/uploads\/2025\/04\/Ciro-Mostar-Capljina-2025-slika-2-1-16x12.jpg 16w, https:\/\/www.herzegovinabike.ba\/wp-content\/uploads\/2025\/04\/Ciro-Mostar-Capljina-2025-slika-2-1-600x450.jpg 600w, https:\/\/www.herzegovinabike.ba\/wp-content\/uploads\/2025\/04\/Ciro-Mostar-Capljina-2025-slika-2-1.jpg 1200w\" sizes=\"auto, (max-width: 1024px) 100vw, 1024px\" \/><\/figure>\n<\/div>\n\n\n\n<div class=\"wp-block-column is-layout-flow wp-block-column-is-layout-flow\">\n<figure class=\"wp-block-image size-large\"><img decoding=\"async\" src=\"https:\/\/www.herzegovinabike.ba\/wp-content\/uploads\/2025\/04\/Ciro-Mostar-Capljina-2025-slika-5-1024x768.jpg\" alt=\"\" class=\"wp-image-17569\"\/><\/figure>\n<\/div>\n<\/div>\n\n\n\n<p>Today\u2019s ride covered a distance of 35 kilometers along the scenic route that follows the former narrow-gauge railway line of \u0106iro. A photo break and memory-making stop was held at the Buna Channels \u2013 a site whose natural beauty simply calls for a pause. The entire route was picturesque, and the ride along the Neretva River was truly breathtaking, offering pure joy to all nature and cycling enthusiasts.<\/p>\n\n\n\n<div class=\"wp-block-columns is-layout-flex wp-container-core-columns-is-layout-9d6595d7 wp-block-columns-is-layout-flex\">\n<div class=\"wp-block-column is-layout-flow wp-block-column-is-layout-flow\">\n<figure class=\"wp-block-image size-large\"><img loading=\"lazy\" decoding=\"async\" width=\"1024\" height=\"768\" src=\"https:\/\/www.herzegovinabike.ba\/wp-content\/uploads\/2025\/04\/Ciro-Mostar-Capljina-2025-slika-3-1-1024x768.jpg\" alt=\"\" class=\"wp-image-17587\" srcset=\"https:\/\/www.herzegovinabike.ba\/wp-content\/uploads\/2025\/04\/Ciro-Mostar-Capljina-2025-slika-3-1-1024x768.jpg 1024w, https:\/\/www.herzegovinabike.ba\/wp-content\/uploads\/2025\/04\/Ciro-Mostar-Capljina-2025-slika-3-1-300x225.jpg 300w, https:\/\/www.herzegovinabike.ba\/wp-content\/uploads\/2025\/04\/Ciro-Mostar-Capljina-2025-slika-3-1-768x576.jpg 768w, https:\/\/www.herzegovinabike.ba\/wp-content\/uploads\/2025\/04\/Ciro-Mostar-Capljina-2025-slika-3-1-16x12.jpg 16w, https:\/\/www.herzegovinabike.ba\/wp-content\/uploads\/2025\/04\/Ciro-Mostar-Capljina-2025-slika-3-1-600x450.jpg 600w, https:\/\/www.herzegovinabike.ba\/wp-content\/uploads\/2025\/04\/Ciro-Mostar-Capljina-2025-slika-3-1.jpg 1200w\" sizes=\"auto, (max-width: 1024px) 100vw, 1024px\" \/><\/figure>\n<\/div>\n\n\n\n<div class=\"wp-block-column is-layout-flow wp-block-column-is-layout-flow\">\n<figure class=\"wp-block-image size-large\"><img loading=\"lazy\" decoding=\"async\" width=\"1024\" height=\"768\" src=\"https:\/\/www.herzegovinabike.ba\/wp-content\/uploads\/2025\/04\/Ciro-Mostar-Capljina-2025-slika-4-1-1024x768.jpg\" alt=\"\" class=\"wp-image-17588\" srcset=\"https:\/\/www.herzegovinabike.ba\/wp-content\/uploads\/2025\/04\/Ciro-Mostar-Capljina-2025-slika-4-1-1024x768.jpg 1024w, https:\/\/www.herzegovinabike.ba\/wp-content\/uploads\/2025\/04\/Ciro-Mostar-Capljina-2025-slika-4-1-300x225.jpg 300w, https:\/\/www.herzegovinabike.ba\/wp-content\/uploads\/2025\/04\/Ciro-Mostar-Capljina-2025-slika-4-1-768x576.jpg 768w, https:\/\/www.herzegovinabike.ba\/wp-content\/uploads\/2025\/04\/Ciro-Mostar-Capljina-2025-slika-4-1-16x12.jpg 16w, https:\/\/www.herzegovinabike.ba\/wp-content\/uploads\/2025\/04\/Ciro-Mostar-Capljina-2025-slika-4-1-600x450.jpg 600w, https:\/\/www.herzegovinabike.ba\/wp-content\/uploads\/2025\/04\/Ciro-Mostar-Capljina-2025-slika-4-1.jpg 1200w\" sizes=\"auto, (max-width: 1024px) 100vw, 1024px\" \/><\/figure>\n<\/div>\n<\/div>\n\n\n\n<p>Upon arrival in \u010capljina, the cyclists joined the traditional \u201c\u010capljina Bike Ride,\u201d which continued for another 25 kilometers. A particularly memorable part of the day was the ride along the Trebi\u017eat River, whose tranquility and beauty further enriched the cycling experience through Herzegovina. The hosts from \u010capljina provided a warm welcome and organized lunch on the riverbank, rounding off the day in a perfect way.<\/p>\n\n\n\n<div class=\"wp-block-columns is-layout-flex wp-container-core-columns-is-layout-9d6595d7 wp-block-columns-is-layout-flex\">\n<div class=\"wp-block-column is-layout-flow wp-block-column-is-layout-flow\">\n<figure class=\"wp-block-image size-large\"><img loading=\"lazy\" decoding=\"async\" width=\"1024\" height=\"768\" src=\"https:\/\/www.herzegovinabike.ba\/wp-content\/uploads\/2025\/04\/Ciro-Mostar-Capljina-2025-slika-6-1-1024x768.jpg\" alt=\"\" class=\"wp-image-17590\" srcset=\"https:\/\/www.herzegovinabike.ba\/wp-content\/uploads\/2025\/04\/Ciro-Mostar-Capljina-2025-slika-6-1-1024x768.jpg 1024w, https:\/\/www.herzegovinabike.ba\/wp-content\/uploads\/2025\/04\/Ciro-Mostar-Capljina-2025-slika-6-1-300x225.jpg 300w, https:\/\/www.herzegovinabike.ba\/wp-content\/uploads\/2025\/04\/Ciro-Mostar-Capljina-2025-slika-6-1-768x576.jpg 768w, https:\/\/www.herzegovinabike.ba\/wp-content\/uploads\/2025\/04\/Ciro-Mostar-Capljina-2025-slika-6-1-16x12.jpg 16w, https:\/\/www.herzegovinabike.ba\/wp-content\/uploads\/2025\/04\/Ciro-Mostar-Capljina-2025-slika-6-1-600x450.jpg 600w, https:\/\/www.herzegovinabike.ba\/wp-content\/uploads\/2025\/04\/Ciro-Mostar-Capljina-2025-slika-6-1.jpg 1200w\" sizes=\"auto, (max-width: 1024px) 100vw, 1024px\" \/><\/figure>\n<\/div>\n\n\n\n<div class=\"wp-block-column is-layout-flow wp-block-column-is-layout-flow\">\n<figure class=\"wp-block-image size-large\"><img loading=\"lazy\" decoding=\"async\" width=\"1024\" height=\"768\" src=\"https:\/\/www.herzegovinabike.ba\/wp-content\/uploads\/2025\/04\/Ciro-Mostar-Capljina-2025-slika-7-1-1024x768.jpg\" alt=\"\" class=\"wp-image-17591\" srcset=\"https:\/\/www.herzegovinabike.ba\/wp-content\/uploads\/2025\/04\/Ciro-Mostar-Capljina-2025-slika-7-1-1024x768.jpg 1024w, https:\/\/www.herzegovinabike.ba\/wp-content\/uploads\/2025\/04\/Ciro-Mostar-Capljina-2025-slika-7-1-300x225.jpg 300w, https:\/\/www.herzegovinabike.ba\/wp-content\/uploads\/2025\/04\/Ciro-Mostar-Capljina-2025-slika-7-1-768x576.jpg 768w, https:\/\/www.herzegovinabike.ba\/wp-content\/uploads\/2025\/04\/Ciro-Mostar-Capljina-2025-slika-7-1-16x12.jpg 16w, https:\/\/www.herzegovinabike.ba\/wp-content\/uploads\/2025\/04\/Ciro-Mostar-Capljina-2025-slika-7-1-600x450.jpg 600w, https:\/\/www.herzegovinabike.ba\/wp-content\/uploads\/2025\/04\/Ciro-Mostar-Capljina-2025-slika-7-1.jpg 1200w\" sizes=\"auto, (max-width: 1024px) 100vw, 1024px\" \/><\/figure>\n<\/div>\n<\/div>\n\n\n\n<p>The organizers expressed great satisfaction with both the turnout and the overall organization of the event. They were especially pleased with the large number of children who participated, confirming that \u0106iro rides are increasingly becoming family events that bring together all generations.<\/p>\n\n\n\n<div class=\"wp-block-columns is-layout-flex wp-container-core-columns-is-layout-9d6595d7 wp-block-columns-is-layout-flex\">\n<div class=\"wp-block-column is-layout-flow wp-block-column-is-layout-flow\">\n<figure class=\"wp-block-image size-large\"><img loading=\"lazy\" decoding=\"async\" width=\"1024\" height=\"768\" src=\"https:\/\/www.herzegovinabike.ba\/wp-content\/uploads\/2025\/04\/Ciro-Mostar-Capljina-2025-slika-8-1-1024x768.jpg\" alt=\"\" class=\"wp-image-17592\" srcset=\"https:\/\/www.herzegovinabike.ba\/wp-content\/uploads\/2025\/04\/Ciro-Mostar-Capljina-2025-slika-8-1-1024x768.jpg 1024w, https:\/\/www.herzegovinabike.ba\/wp-content\/uploads\/2025\/04\/Ciro-Mostar-Capljina-2025-slika-8-1-300x225.jpg 300w, https:\/\/www.herzegovinabike.ba\/wp-content\/uploads\/2025\/04\/Ciro-Mostar-Capljina-2025-slika-8-1-768x576.jpg 768w, https:\/\/www.herzegovinabike.ba\/wp-content\/uploads\/2025\/04\/Ciro-Mostar-Capljina-2025-slika-8-1-16x12.jpg 16w, https:\/\/www.herzegovinabike.ba\/wp-content\/uploads\/2025\/04\/Ciro-Mostar-Capljina-2025-slika-8-1-600x450.jpg 600w, https:\/\/www.herzegovinabike.ba\/wp-content\/uploads\/2025\/04\/Ciro-Mostar-Capljina-2025-slika-8-1.jpg 1200w\" sizes=\"auto, (max-width: 1024px) 100vw, 1024px\" \/><\/figure>\n<\/div>\n\n\n\n<div class=\"wp-block-column is-layout-flow wp-block-column-is-layout-flow\">\n<figure class=\"wp-block-image size-large\"><img loading=\"lazy\" decoding=\"async\" width=\"1024\" height=\"768\" src=\"https:\/\/www.herzegovinabike.ba\/wp-content\/uploads\/2025\/04\/Ciro-Mostar-Capljina-2025-slika-9-1-1024x768.jpg\" alt=\"\" class=\"wp-image-17593\" srcset=\"https:\/\/www.herzegovinabike.ba\/wp-content\/uploads\/2025\/04\/Ciro-Mostar-Capljina-2025-slika-9-1-1024x768.jpg 1024w, https:\/\/www.herzegovinabike.ba\/wp-content\/uploads\/2025\/04\/Ciro-Mostar-Capljina-2025-slika-9-1-300x225.jpg 300w, https:\/\/www.herzegovinabike.ba\/wp-content\/uploads\/2025\/04\/Ciro-Mostar-Capljina-2025-slika-9-1-768x576.jpg 768w, https:\/\/www.herzegovinabike.ba\/wp-content\/uploads\/2025\/04\/Ciro-Mostar-Capljina-2025-slika-9-1-16x12.jpg 16w, https:\/\/www.herzegovinabike.ba\/wp-content\/uploads\/2025\/04\/Ciro-Mostar-Capljina-2025-slika-9-1-600x450.jpg 600w, https:\/\/www.herzegovinabike.ba\/wp-content\/uploads\/2025\/04\/Ciro-Mostar-Capljina-2025-slika-9-1.jpg 1200w\" sizes=\"auto, (max-width: 1024px) 100vw, 1024px\" \/><\/figure>\n<\/div>\n<\/div>\n\n\n\n<p><strong><em>\u201cAnd that is the best part of these cycle tourism events \u2013 they bring people together: families, generations, and everyone discovers the destination in the most beautiful way. Cycling through nature, visiting cultural and historical sites, socializing, enjoying local food, and above all \u2013 the positive energy that spreads across social media as everyone shares photos and experiences from Herzegovina. It doesn't get better than that,\u201d<\/em><\/strong><strong><em>,<\/em><\/strong> said representatives of the HerzegovinaBike Association.<\/p>\n\n\n\n<div class=\"wp-block-columns is-layout-flex wp-container-core-columns-is-layout-9d6595d7 wp-block-columns-is-layout-flex\">\n<div class=\"wp-block-column is-layout-flow wp-block-column-is-layout-flow\">\n<figure class=\"wp-block-image size-large\"><img loading=\"lazy\" decoding=\"async\" width=\"1024\" height=\"768\" src=\"https:\/\/www.herzegovinabike.ba\/wp-content\/uploads\/2025\/04\/Ciro-Mostar-Capljina-2025-slika-10-1-1024x768.jpg\" alt=\"\" class=\"wp-image-17594\" srcset=\"https:\/\/www.herzegovinabike.ba\/wp-content\/uploads\/2025\/04\/Ciro-Mostar-Capljina-2025-slika-10-1-1024x768.jpg 1024w, https:\/\/www.herzegovinabike.ba\/wp-content\/uploads\/2025\/04\/Ciro-Mostar-Capljina-2025-slika-10-1-300x225.jpg 300w, https:\/\/www.herzegovinabike.ba\/wp-content\/uploads\/2025\/04\/Ciro-Mostar-Capljina-2025-slika-10-1-768x576.jpg 768w, https:\/\/www.herzegovinabike.ba\/wp-content\/uploads\/2025\/04\/Ciro-Mostar-Capljina-2025-slika-10-1-16x12.jpg 16w, https:\/\/www.herzegovinabike.ba\/wp-content\/uploads\/2025\/04\/Ciro-Mostar-Capljina-2025-slika-10-1-600x450.jpg 600w, https:\/\/www.herzegovinabike.ba\/wp-content\/uploads\/2025\/04\/Ciro-Mostar-Capljina-2025-slika-10-1.jpg 1200w\" sizes=\"auto, (max-width: 1024px) 100vw, 1024px\" \/><\/figure>\n<\/div>\n\n\n\n<div class=\"wp-block-column is-layout-flow wp-block-column-is-layout-flow\">\n<figure class=\"wp-block-image size-large\"><img loading=\"lazy\" decoding=\"async\" width=\"1024\" height=\"768\" src=\"https:\/\/www.herzegovinabike.ba\/wp-content\/uploads\/2025\/04\/Ciro-Mostar-Capljina-2025-slika-11-1-1024x768.jpg\" alt=\"\" class=\"wp-image-17595\" srcset=\"https:\/\/www.herzegovinabike.ba\/wp-content\/uploads\/2025\/04\/Ciro-Mostar-Capljina-2025-slika-11-1-1024x768.jpg 1024w, https:\/\/www.herzegovinabike.ba\/wp-content\/uploads\/2025\/04\/Ciro-Mostar-Capljina-2025-slika-11-1-300x225.jpg 300w, https:\/\/www.herzegovinabike.ba\/wp-content\/uploads\/2025\/04\/Ciro-Mostar-Capljina-2025-slika-11-1-768x576.jpg 768w, https:\/\/www.herzegovinabike.ba\/wp-content\/uploads\/2025\/04\/Ciro-Mostar-Capljina-2025-slika-11-1-16x12.jpg 16w, https:\/\/www.herzegovinabike.ba\/wp-content\/uploads\/2025\/04\/Ciro-Mostar-Capljina-2025-slika-11-1-600x450.jpg 600w, https:\/\/www.herzegovinabike.ba\/wp-content\/uploads\/2025\/04\/Ciro-Mostar-Capljina-2025-slika-11-1.jpg 1200w\" sizes=\"auto, (max-width: 1024px) 100vw, 1024px\" \/><\/figure>\n<\/div>\n<\/div>\n\n\n\n<p>The \u0106iro Route, once a narrow-gauge railway line, has now been transformed into a true oasis for cyclists and once again demonstrated how recreation, tourism, nature, and community can come together for an unforgettable experience. Through projects like this one, Herzegovina is becoming an increasingly recognizable cycle tourism destination.<\/p>\n\n\n\n<div class=\"wp-block-columns is-layout-flex wp-container-core-columns-is-layout-9d6595d7 wp-block-columns-is-layout-flex\">\n<div class=\"wp-block-column is-layout-flow wp-block-column-is-layout-flow\">\n<figure class=\"wp-block-image size-large\"><img loading=\"lazy\" decoding=\"async\" width=\"1024\" height=\"768\" src=\"https:\/\/www.herzegovinabike.ba\/wp-content\/uploads\/2025\/04\/Ciro-Mostar-Capljina-2025-slika-12-1-1024x768.jpg\" alt=\"\" class=\"wp-image-17596\" srcset=\"https:\/\/www.herzegovinabike.ba\/wp-content\/uploads\/2025\/04\/Ciro-Mostar-Capljina-2025-slika-12-1-1024x768.jpg 1024w, https:\/\/www.herzegovinabike.ba\/wp-content\/uploads\/2025\/04\/Ciro-Mostar-Capljina-2025-slika-12-1-300x225.jpg 300w, https:\/\/www.herzegovinabike.ba\/wp-content\/uploads\/2025\/04\/Ciro-Mostar-Capljina-2025-slika-12-1-768x576.jpg 768w, https:\/\/www.herzegovinabike.ba\/wp-content\/uploads\/2025\/04\/Ciro-Mostar-Capljina-2025-slika-12-1-16x12.jpg 16w, https:\/\/www.herzegovinabike.ba\/wp-content\/uploads\/2025\/04\/Ciro-Mostar-Capljina-2025-slika-12-1-600x450.jpg 600w, https:\/\/www.herzegovinabike.ba\/wp-content\/uploads\/2025\/04\/Ciro-Mostar-Capljina-2025-slika-12-1.jpg 1200w\" sizes=\"auto, (max-width: 1024px) 100vw, 1024px\" \/><\/figure>\n<\/div>\n\n\n\n<div class=\"wp-block-column is-layout-flow wp-block-column-is-layout-flow\">\n<figure class=\"wp-block-image size-large\"><img loading=\"lazy\" decoding=\"async\" width=\"1024\" height=\"768\" src=\"https:\/\/www.herzegovinabike.ba\/wp-content\/uploads\/2025\/04\/Ciro-Mostar-Capljina-2025-slika-13-1-1024x768.jpg\" alt=\"\" class=\"wp-image-17598\" srcset=\"https:\/\/www.herzegovinabike.ba\/wp-content\/uploads\/2025\/04\/Ciro-Mostar-Capljina-2025-slika-13-1-1024x768.jpg 1024w, https:\/\/www.herzegovinabike.ba\/wp-content\/uploads\/2025\/04\/Ciro-Mostar-Capljina-2025-slika-13-1-300x225.jpg 300w, https:\/\/www.herzegovinabike.ba\/wp-content\/uploads\/2025\/04\/Ciro-Mostar-Capljina-2025-slika-13-1-768x576.jpg 768w, https:\/\/www.herzegovinabike.ba\/wp-content\/uploads\/2025\/04\/Ciro-Mostar-Capljina-2025-slika-13-1-16x12.jpg 16w, https:\/\/www.herzegovinabike.ba\/wp-content\/uploads\/2025\/04\/Ciro-Mostar-Capljina-2025-slika-13-1-600x450.jpg 600w, https:\/\/www.herzegovinabike.ba\/wp-content\/uploads\/2025\/04\/Ciro-Mostar-Capljina-2025-slika-13-1.jpg 1200w\" sizes=\"auto, (max-width: 1024px) 100vw, 1024px\" \/><\/figure>\n<\/div>\n<\/div>\n\n\n\n<p>Once again, Herzegovina showed its heart \u2013 open, welcoming, and ready for all those who wish to explore its beauty on two wheels.<\/p>\n\n\n\n<div class=\"wp-block-columns is-layout-flex wp-container-core-columns-is-layout-9d6595d7 wp-block-columns-is-layout-flex\">\n<div class=\"wp-block-column is-layout-flow wp-block-column-is-layout-flow\">\n<figure class=\"wp-block-image size-large\"><img loading=\"lazy\" decoding=\"async\" width=\"1024\" height=\"768\" src=\"https:\/\/www.herzegovinabike.ba\/wp-content\/uploads\/2025\/04\/Ciro-Mostar-Capljina-2025-slika-15-1-1024x768.jpg\" alt=\"\" class=\"wp-image-17600\" srcset=\"https:\/\/www.herzegovinabike.ba\/wp-content\/uploads\/2025\/04\/Ciro-Mostar-Capljina-2025-slika-15-1-1024x768.jpg 1024w, https:\/\/www.herzegovinabike.ba\/wp-content\/uploads\/2025\/04\/Ciro-Mostar-Capljina-2025-slika-15-1-300x225.jpg 300w, https:\/\/www.herzegovinabike.ba\/wp-content\/uploads\/2025\/04\/Ciro-Mostar-Capljina-2025-slika-15-1-768x576.jpg 768w, https:\/\/www.herzegovinabike.ba\/wp-content\/uploads\/2025\/04\/Ciro-Mostar-Capljina-2025-slika-15-1-16x12.jpg 16w, https:\/\/www.herzegovinabike.ba\/wp-content\/uploads\/2025\/04\/Ciro-Mostar-Capljina-2025-slika-15-1-600x450.jpg 600w, https:\/\/www.herzegovinabike.ba\/wp-content\/uploads\/2025\/04\/Ciro-Mostar-Capljina-2025-slika-15-1.jpg 1200w\" sizes=\"auto, (max-width: 1024px) 100vw, 1024px\" \/><\/figure>\n<\/div>\n\n\n\n<div class=\"wp-block-column is-layout-flow wp-block-column-is-layout-flow\">\n<figure class=\"wp-block-image size-large\"><img loading=\"lazy\" decoding=\"async\" width=\"1024\" height=\"768\" src=\"https:\/\/www.herzegovinabike.ba\/wp-content\/uploads\/2025\/04\/Ciro-Mostar-Capljina-2025-slika-16-1-1024x768.jpg\" alt=\"\" class=\"wp-image-17601\" srcset=\"https:\/\/www.herzegovinabike.ba\/wp-content\/uploads\/2025\/04\/Ciro-Mostar-Capljina-2025-slika-16-1-1024x768.jpg 1024w, https:\/\/www.herzegovinabike.ba\/wp-content\/uploads\/2025\/04\/Ciro-Mostar-Capljina-2025-slika-16-1-300x225.jpg 300w, https:\/\/www.herzegovinabike.ba\/wp-content\/uploads\/2025\/04\/Ciro-Mostar-Capljina-2025-slika-16-1-768x576.jpg 768w, https:\/\/www.herzegovinabike.ba\/wp-content\/uploads\/2025\/04\/Ciro-Mostar-Capljina-2025-slika-16-1-16x12.jpg 16w, https:\/\/www.herzegovinabike.ba\/wp-content\/uploads\/2025\/04\/Ciro-Mostar-Capljina-2025-slika-16-1-600x450.jpg 600w, https:\/\/www.herzegovinabike.ba\/wp-content\/uploads\/2025\/04\/Ciro-Mostar-Capljina-2025-slika-16-1.jpg 1200w\" sizes=\"auto, (max-width: 1024px) 100vw, 1024px\" \/><\/figure>\n<\/div>\n<\/div>\n\n\n\n<p><strong>Next <a href=\"https:\/\/www.herzegovinabike.ba\/en\/event\/biciklijada-cirinom-prugom-hutovo-ravno-in-memoriam-niksa-vuletic\/\">\u0106iro cycling event<\/a> is scheduled for Sunday, May 4, 2025.<\/strong>from Hutovo to Ravno \u2013 considered by many to be one of the most beautiful sections of the \u0106iro Route. The HerzegovinaBike Association invites you to join us for another unforgettable journey through the landscapes of Herzegovina!<\/p>\n\n\n\n<p>Registration is already open, and you can sign up <a href=\"https:\/\/forms.gle\/mG7aYuhDsQq2NZUMA\"><strong>HERE<\/strong><\/a>.<\/p>","protected":false},"excerpt":{"rendered":"<p>Biciklisti u znaku zdravog \u017eivota i odr\u017eivog turizma Mostar\/\u010capljina \u2013 Nakon dva odga\u0111anja zbog lo\u0161ih vremenskih uvjeta, nedjelja nam je kona\u010dno donijela savr\u0161ene uvjete za odr\u017eavanje jo\u0161 jednog \u0106iro doga\u0111aja, koji je na rutu izme\u0111u Mostara i \u010capljine privukao \u010dak 180 biciklista. I ove godine, biciklijada je potvrdila svoj status jednog od najljep\u0161ih cikloturisti\u010dkih doga\u0111aja [&hellip;]<\/p>\n","protected":false},"author":2,"featured_media":17602,"comment_status":"closed","ping_status":"open","sticky":false,"template":"","format":"standard","meta":{"footnotes":""},"categories":[2],"tags":[],"class_list":["post-17564","post","type-post","status-publish","format-standard","has-post-thumbnail","hentry","category-blog"],"yoast_head":"<!-- This site is optimized with the Yoast SEO Premium plugin v21.5 (Yoast SEO v27.4) - https:\/\/yoast.com\/product\/yoast-seo-premium-wordpress\/ -->\n<title>180 biciklista promoviralo \u0106irinu rutu od Mostara do \u010capljine - HerzegovinaBike<\/title>\n<meta name=\"description\" content=\"Nakon dva odga\u0111anja zbog lo\u0161ih vremenskih uvjeta, subota nam je kona\u010dno donijela savr\u0161ene uvjete za odr\u017eavanje jo\u0161 jednog \u0106iro doga\u0111aja ...\" \/>\n<meta name=\"robots\" content=\"index, follow, max-snippet:-1, max-image-preview:large, max-video-preview:-1\" \/>\n<link rel=\"canonical\" href=\"https:\/\/www.herzegovinabike.ba\/en\/180-biciklista-promoviralo-cirinu-rutu-od-mostara-do-capljine\/\" \/>\n<meta property=\"og:locale\" content=\"en_US\" \/>\n<meta property=\"og:type\" content=\"article\" \/>\n<meta property=\"og:title\" content=\"180 biciklista promoviralo \u0106irinu rutu od Mostara do \u010capljine\" \/>\n<meta property=\"og:description\" content=\"Nakon dva odga\u0111anja zbog lo\u0161ih vremenskih uvjeta, subota nam je kona\u010dno donijela savr\u0161ene uvjete za odr\u017eavanje jo\u0161 jednog \u0106iro doga\u0111aja ...\" \/>\n<meta property=\"og:url\" content=\"https:\/\/www.herzegovinabike.ba\/en\/180-biciklista-promoviralo-cirinu-rutu-od-mostara-do-capljine\/\" \/>\n<meta property=\"og:site_name\" content=\"HerzegovinaBike\" \/>\n<meta property=\"article:publisher\" content=\"https:\/\/www.facebook.com\/HerzegovinaBike\" \/>\n<meta property=\"article:author\" content=\"https:\/\/www.facebook.com\/HerzegovinaBike\/\" \/>\n<meta property=\"article:published_time\" content=\"2025-04-13T19:45:55+00:00\" \/>\n<meta property=\"article:modified_time\" content=\"2025-06-24T20:16:49+00:00\" \/>\n<meta property=\"og:image\" content=\"https:\/\/www.herzegovinabike.ba\/wp-content\/uploads\/2025\/04\/Ciro-Mostar-Capljina-2025-slika-naslov.jpg\" \/>\n\t<meta property=\"og:image:width\" content=\"1200\" \/>\n\t<meta property=\"og:image:height\" content=\"801\" \/>\n\t<meta property=\"og:image:type\" content=\"image\/jpeg\" \/>\n<meta name=\"author\" content=\"Herzegovina Bike\" \/>\n<meta name=\"twitter:card\" content=\"summary_large_image\" \/>\n<meta name=\"twitter:creator\" content=\"@https:\/\/twitter.com\/HerzegovinaBike\" \/>\n<meta name=\"twitter:label1\" content=\"Written by\" \/>\n\t<meta name=\"twitter:data1\" content=\"Herzegovina Bike\" \/>\n\t<meta name=\"twitter:label2\" content=\"Est. reading time\" \/>\n\t<meta name=\"twitter:data2\" content=\"6 minutes\" \/>\n<script type=\"application\/ld+json\" class=\"yoast-schema-graph\">{\"@context\":\"https:\\\/\\\/schema.org\",\"@graph\":[{\"@type\":\"Article\",\"@id\":\"https:\\\/\\\/www.herzegovinabike.ba\\\/180-biciklista-promoviralo-cirinu-rutu-od-mostara-do-capljine\\\/#article\",\"isPartOf\":{\"@id\":\"https:\\\/\\\/www.herzegovinabike.ba\\\/180-biciklista-promoviralo-cirinu-rutu-od-mostara-do-capljine\\\/\"},\"author\":{\"name\":\"Herzegovina Bike\",\"@id\":\"https:\\\/\\\/www.herzegovinabike.ba\\\/#\\\/schema\\\/person\\\/1161ca5c7a242dc0e69d24c0fb304ccb\"},\"headline\":\"180 biciklista promoviralo \u0106irinu rutu od Mostara do \u010capljine\",\"datePublished\":\"2025-04-13T19:45:55+00:00\",\"dateModified\":\"2025-06-24T20:16:49+00:00\",\"mainEntityOfPage\":{\"@id\":\"https:\\\/\\\/www.herzegovinabike.ba\\\/180-biciklista-promoviralo-cirinu-rutu-od-mostara-do-capljine\\\/\"},\"wordCount\":469,\"publisher\":{\"@id\":\"https:\\\/\\\/www.herzegovinabike.ba\\\/#organization\"},\"image\":{\"@id\":\"https:\\\/\\\/www.herzegovinabike.ba\\\/180-biciklista-promoviralo-cirinu-rutu-od-mostara-do-capljine\\\/#primaryimage\"},\"thumbnailUrl\":\"https:\\\/\\\/www.herzegovinabike.ba\\\/wp-content\\\/uploads\\\/2025\\\/04\\\/Ciro-Mostar-Capljina-2025-slika-naslov.jpg\",\"articleSection\":[\"Blog\"],\"inLanguage\":\"en-US\"},{\"@type\":\"WebPage\",\"@id\":\"https:\\\/\\\/www.herzegovinabike.ba\\\/180-biciklista-promoviralo-cirinu-rutu-od-mostara-do-capljine\\\/\",\"url\":\"https:\\\/\\\/www.herzegovinabike.ba\\\/180-biciklista-promoviralo-cirinu-rutu-od-mostara-do-capljine\\\/\",\"name\":\"180 biciklista promoviralo \u0106irinu rutu od Mostara do \u010capljine - HerzegovinaBike\",\"isPartOf\":{\"@id\":\"https:\\\/\\\/www.herzegovinabike.ba\\\/#website\"},\"primaryImageOfPage\":{\"@id\":\"https:\\\/\\\/www.herzegovinabike.ba\\\/180-biciklista-promoviralo-cirinu-rutu-od-mostara-do-capljine\\\/#primaryimage\"},\"image\":{\"@id\":\"https:\\\/\\\/www.herzegovinabike.ba\\\/180-biciklista-promoviralo-cirinu-rutu-od-mostara-do-capljine\\\/#primaryimage\"},\"thumbnailUrl\":\"https:\\\/\\\/www.herzegovinabike.ba\\\/wp-content\\\/uploads\\\/2025\\\/04\\\/Ciro-Mostar-Capljina-2025-slika-naslov.jpg\",\"datePublished\":\"2025-04-13T19:45:55+00:00\",\"dateModified\":\"2025-06-24T20:16:49+00:00\",\"description\":\"Nakon dva odga\u0111anja zbog lo\u0161ih vremenskih uvjeta, subota nam je kona\u010dno donijela savr\u0161ene uvjete za odr\u017eavanje jo\u0161 jednog \u0106iro doga\u0111aja ...\",\"breadcrumb\":{\"@id\":\"https:\\\/\\\/www.herzegovinabike.ba\\\/180-biciklista-promoviralo-cirinu-rutu-od-mostara-do-capljine\\\/#breadcrumb\"},\"inLanguage\":\"en-US\",\"potentialAction\":[{\"@type\":\"ReadAction\",\"target\":[\"https:\\\/\\\/www.herzegovinabike.ba\\\/180-biciklista-promoviralo-cirinu-rutu-od-mostara-do-capljine\\\/\"]}]},{\"@type\":\"ImageObject\",\"inLanguage\":\"en-US\",\"@id\":\"https:\\\/\\\/www.herzegovinabike.ba\\\/180-biciklista-promoviralo-cirinu-rutu-od-mostara-do-capljine\\\/#primaryimage\",\"url\":\"https:\\\/\\\/www.herzegovinabike.ba\\\/wp-content\\\/uploads\\\/2025\\\/04\\\/Ciro-Mostar-Capljina-2025-slika-naslov.jpg\",\"contentUrl\":\"https:\\\/\\\/www.herzegovinabike.ba\\\/wp-content\\\/uploads\\\/2025\\\/04\\\/Ciro-Mostar-Capljina-2025-slika-naslov.jpg\",\"width\":1200,\"height\":801},{\"@type\":\"BreadcrumbList\",\"@id\":\"https:\\\/\\\/www.herzegovinabike.ba\\\/180-biciklista-promoviralo-cirinu-rutu-od-mostara-do-capljine\\\/#breadcrumb\",\"itemListElement\":[{\"@type\":\"ListItem\",\"position\":1,\"name\":\"Po\u010detna stranica\",\"item\":\"https:\\\/\\\/www.herzegovinabike.ba\\\/\"},{\"@type\":\"ListItem\",\"position\":2,\"name\":\"180 biciklista promoviralo \u0106irinu rutu od Mostara do \u010capljine\"}]},{\"@type\":\"WebSite\",\"@id\":\"https:\\\/\\\/www.herzegovinabike.ba\\\/#website\",\"url\":\"https:\\\/\\\/www.herzegovinabike.ba\\\/\",\"name\":\"HerzegovinaBike\",\"description\":\"Your place under the sun\",\"publisher\":{\"@id\":\"https:\\\/\\\/www.herzegovinabike.ba\\\/#organization\"},\"potentialAction\":[{\"@type\":\"SearchAction\",\"target\":{\"@type\":\"EntryPoint\",\"urlTemplate\":\"https:\\\/\\\/www.herzegovinabike.ba\\\/?s={search_term_string}\"},\"query-input\":{\"@type\":\"PropertyValueSpecification\",\"valueRequired\":true,\"valueName\":\"search_term_string\"}}],\"inLanguage\":\"en-US\"},{\"@type\":\"Organization\",\"@id\":\"https:\\\/\\\/www.herzegovinabike.ba\\\/#organization\",\"name\":\"Udruga HerzegovinaBike\",\"url\":\"https:\\\/\\\/www.herzegovinabike.ba\\\/\",\"logo\":{\"@type\":\"ImageObject\",\"inLanguage\":\"en-US\",\"@id\":\"https:\\\/\\\/www.herzegovinabike.ba\\\/#\\\/schema\\\/logo\\\/image\\\/\",\"url\":\"https:\\\/\\\/www.bike.herzegovinabike.ba\\\/wp-content\\\/uploads\\\/2023\\\/11\\\/herzegovina_bike_logo_horizontal.png\",\"contentUrl\":\"https:\\\/\\\/www.bike.herzegovinabike.ba\\\/wp-content\\\/uploads\\\/2023\\\/11\\\/herzegovina_bike_logo_horizontal.png\",\"width\":1757,\"height\":1061,\"caption\":\"Udruga HerzegovinaBike\"},\"image\":{\"@id\":\"https:\\\/\\\/www.herzegovinabike.ba\\\/#\\\/schema\\\/logo\\\/image\\\/\"},\"sameAs\":[\"https:\\\/\\\/www.facebook.com\\\/HerzegovinaBike\",\"https:\\\/\\\/www.instagram.com\\\/herzegovinabike\\\/\"]},{\"@type\":\"Person\",\"@id\":\"https:\\\/\\\/www.herzegovinabike.ba\\\/#\\\/schema\\\/person\\\/1161ca5c7a242dc0e69d24c0fb304ccb\",\"name\":\"Herzegovina Bike\",\"image\":{\"@type\":\"ImageObject\",\"inLanguage\":\"en-US\",\"@id\":\"https:\\\/\\\/secure.gravatar.com\\\/avatar\\\/236a03b53b73db89b68d17aa2f415bb2a2d3b326d0632f3a602c6c9cacba1ff0?s=96&d=mm&r=g\",\"url\":\"https:\\\/\\\/secure.gravatar.com\\\/avatar\\\/236a03b53b73db89b68d17aa2f415bb2a2d3b326d0632f3a602c6c9cacba1ff0?s=96&d=mm&r=g\",\"contentUrl\":\"https:\\\/\\\/secure.gravatar.com\\\/avatar\\\/236a03b53b73db89b68d17aa2f415bb2a2d3b326d0632f3a602c6c9cacba1ff0?s=96&d=mm&r=g\",\"caption\":\"Herzegovina Bike\"},\"description\":\"Udruga \u201cHerzegovinaBike\u201d je pokreta\u010d (i sredi\u0161te) razvoja biciklizma kao cikloturizma, rekreacije i sporta u Hercegovini. CILJ: Hercegovina kao vrhunska cikloturisti\u010dka destinacija. \u2705\",\"sameAs\":[\"https:\\\/\\\/www.herzegovinabike.ba\\\/\",\"https:\\\/\\\/www.facebook.com\\\/HerzegovinaBike\\\/\",\"https:\\\/\\\/www.instagram.com\\\/herzegovinabike\\\/\",\"https:\\\/\\\/www.linkedin.com\\\/in\\\/herzegovina-bike-ba605a29b\\\/\",\"https:\\\/\\\/x.com\\\/https:\\\/\\\/twitter.com\\\/HerzegovinaBike\",\"https:\\\/\\\/www.youtube.com\\\/channel\\\/UCOFGFUHmcGVzVHD9WgOGTrA\"],\"url\":\"https:\\\/\\\/www.herzegovinabike.ba\\\/en\\\/author\\\/toni\\\/\"}]}<\/script>\n<!-- \/ Yoast SEO Premium plugin. -->","yoast_head_json":{"title":"180 biciklista promoviralo \u0106irinu rutu od Mostara do \u010capljine - HerzegovinaBike","description":"Nakon dva odga\u0111anja zbog lo\u0161ih vremenskih uvjeta, subota nam je kona\u010dno donijela savr\u0161ene uvjete za odr\u017eavanje jo\u0161 jednog \u0106iro doga\u0111aja ...","robots":{"index":"index","follow":"follow","max-snippet":"max-snippet:-1","max-image-preview":"max-image-preview:large","max-video-preview":"max-video-preview:-1"},"canonical":"https:\/\/www.herzegovinabike.ba\/en\/180-biciklista-promoviralo-cirinu-rutu-od-mostara-do-capljine\/","og_locale":"en_US","og_type":"article","og_title":"180 biciklista promoviralo \u0106irinu rutu od Mostara do \u010capljine","og_description":"Nakon dva odga\u0111anja zbog lo\u0161ih vremenskih uvjeta, subota nam je kona\u010dno donijela savr\u0161ene uvjete za odr\u017eavanje jo\u0161 jednog \u0106iro doga\u0111aja ...","og_url":"https:\/\/www.herzegovinabike.ba\/en\/180-biciklista-promoviralo-cirinu-rutu-od-mostara-do-capljine\/","og_site_name":"HerzegovinaBike","article_publisher":"https:\/\/www.facebook.com\/HerzegovinaBike","article_author":"https:\/\/www.facebook.com\/HerzegovinaBike\/","article_published_time":"2025-04-13T19:45:55+00:00","article_modified_time":"2025-06-24T20:16:49+00:00","og_image":[{"width":1200,"height":801,"url":"https:\/\/www.herzegovinabike.ba\/wp-content\/uploads\/2025\/04\/Ciro-Mostar-Capljina-2025-slika-naslov.jpg","type":"image\/jpeg"}],"author":"Herzegovina Bike","twitter_card":"summary_large_image","twitter_creator":"@https:\/\/twitter.com\/HerzegovinaBike","twitter_misc":{"Written by":"Herzegovina Bike","Est. reading time":"6 minutes"},"schema":{"@context":"https:\/\/schema.org","@graph":[{"@type":"Article","@id":"https:\/\/www.herzegovinabike.ba\/180-biciklista-promoviralo-cirinu-rutu-od-mostara-do-capljine\/#article","isPartOf":{"@id":"https:\/\/www.herzegovinabike.ba\/180-biciklista-promoviralo-cirinu-rutu-od-mostara-do-capljine\/"},"author":{"name":"Herzegovina Bike","@id":"https:\/\/www.herzegovinabike.ba\/#\/schema\/person\/1161ca5c7a242dc0e69d24c0fb304ccb"},"headline":"180 biciklista promoviralo \u0106irinu rutu od Mostara do \u010capljine","datePublished":"2025-04-13T19:45:55+00:00","dateModified":"2025-06-24T20:16:49+00:00","mainEntityOfPage":{"@id":"https:\/\/www.herzegovinabike.ba\/180-biciklista-promoviralo-cirinu-rutu-od-mostara-do-capljine\/"},"wordCount":469,"publisher":{"@id":"https:\/\/www.herzegovinabike.ba\/#organization"},"image":{"@id":"https:\/\/www.herzegovinabike.ba\/180-biciklista-promoviralo-cirinu-rutu-od-mostara-do-capljine\/#primaryimage"},"thumbnailUrl":"https:\/\/www.herzegovinabike.ba\/wp-content\/uploads\/2025\/04\/Ciro-Mostar-Capljina-2025-slika-naslov.jpg","articleSection":["Blog"],"inLanguage":"en-US"},{"@type":"WebPage","@id":"https:\/\/www.herzegovinabike.ba\/180-biciklista-promoviralo-cirinu-rutu-od-mostara-do-capljine\/","url":"https:\/\/www.herzegovinabike.ba\/180-biciklista-promoviralo-cirinu-rutu-od-mostara-do-capljine\/","name":"180 biciklista promoviralo \u0106irinu rutu od Mostara do \u010capljine - HerzegovinaBike","isPartOf":{"@id":"https:\/\/www.herzegovinabike.ba\/#website"},"primaryImageOfPage":{"@id":"https:\/\/www.herzegovinabike.ba\/180-biciklista-promoviralo-cirinu-rutu-od-mostara-do-capljine\/#primaryimage"},"image":{"@id":"https:\/\/www.herzegovinabike.ba\/180-biciklista-promoviralo-cirinu-rutu-od-mostara-do-capljine\/#primaryimage"},"thumbnailUrl":"https:\/\/www.herzegovinabike.ba\/wp-content\/uploads\/2025\/04\/Ciro-Mostar-Capljina-2025-slika-naslov.jpg","datePublished":"2025-04-13T19:45:55+00:00","dateModified":"2025-06-24T20:16:49+00:00","description":"Nakon dva odga\u0111anja zbog lo\u0161ih vremenskih uvjeta, subota nam je kona\u010dno donijela savr\u0161ene uvjete za odr\u017eavanje jo\u0161 jednog \u0106iro doga\u0111aja ...","breadcrumb":{"@id":"https:\/\/www.herzegovinabike.ba\/180-biciklista-promoviralo-cirinu-rutu-od-mostara-do-capljine\/#breadcrumb"},"inLanguage":"en-US","potentialAction":[{"@type":"ReadAction","target":["https:\/\/www.herzegovinabike.ba\/180-biciklista-promoviralo-cirinu-rutu-od-mostara-do-capljine\/"]}]},{"@type":"ImageObject","inLanguage":"en-US","@id":"https:\/\/www.herzegovinabike.ba\/180-biciklista-promoviralo-cirinu-rutu-od-mostara-do-capljine\/#primaryimage","url":"https:\/\/www.herzegovinabike.ba\/wp-content\/uploads\/2025\/04\/Ciro-Mostar-Capljina-2025-slika-naslov.jpg","contentUrl":"https:\/\/www.herzegovinabike.ba\/wp-content\/uploads\/2025\/04\/Ciro-Mostar-Capljina-2025-slika-naslov.jpg","width":1200,"height":801},{"@type":"BreadcrumbList","@id":"https:\/\/www.herzegovinabike.ba\/180-biciklista-promoviralo-cirinu-rutu-od-mostara-do-capljine\/#breadcrumb","itemListElement":[{"@type":"ListItem","position":1,"name":"Po\u010detna stranica","item":"https:\/\/www.herzegovinabike.ba\/"},{"@type":"ListItem","position":2,"name":"180 biciklista promoviralo \u0106irinu rutu od Mostara do \u010capljine"}]},{"@type":"WebSite","@id":"https:\/\/www.herzegovinabike.ba\/#website","url":"https:\/\/www.herzegovinabike.ba\/","name":"HerzegovinaBike","description":"Your place under the sun","publisher":{"@id":"https:\/\/www.herzegovinabike.ba\/#organization"},"potentialAction":[{"@type":"SearchAction","target":{"@type":"EntryPoint","urlTemplate":"https:\/\/www.herzegovinabike.ba\/?s={search_term_string}"},"query-input":{"@type":"PropertyValueSpecification","valueRequired":true,"valueName":"search_term_string"}}],"inLanguage":"en-US"},{"@type":"Organization","@id":"https:\/\/www.herzegovinabike.ba\/#organization","name":"Association HerzegovinaBike","url":"https:\/\/www.herzegovinabike.ba\/","logo":{"@type":"ImageObject","inLanguage":"en-US","@id":"https:\/\/www.herzegovinabike.ba\/#\/schema\/logo\/image\/","url":"https:\/\/www.bike.herzegovinabike.ba\/wp-content\/uploads\/2023\/11\/herzegovina_bike_logo_horizontal.png","contentUrl":"https:\/\/www.bike.herzegovinabike.ba\/wp-content\/uploads\/2023\/11\/herzegovina_bike_logo_horizontal.png","width":1757,"height":1061,"caption":"Udruga HerzegovinaBike"},"image":{"@id":"https:\/\/www.herzegovinabike.ba\/#\/schema\/logo\/image\/"},"sameAs":["https:\/\/www.facebook.com\/HerzegovinaBike","https:\/\/www.instagram.com\/herzegovinabike\/"]},{"@type":"Person","@id":"https:\/\/www.herzegovinabike.ba\/#\/schema\/person\/1161ca5c7a242dc0e69d24c0fb304ccb","name":"Herzegovina Bike","image":{"@type":"ImageObject","inLanguage":"en-US","@id":"https:\/\/secure.gravatar.com\/avatar\/236a03b53b73db89b68d17aa2f415bb2a2d3b326d0632f3a602c6c9cacba1ff0?s=96&d=mm&r=g","url":"https:\/\/secure.gravatar.com\/avatar\/236a03b53b73db89b68d17aa2f415bb2a2d3b326d0632f3a602c6c9cacba1ff0?s=96&d=mm&r=g","contentUrl":"https:\/\/secure.gravatar.com\/avatar\/236a03b53b73db89b68d17aa2f415bb2a2d3b326d0632f3a602c6c9cacba1ff0?s=96&d=mm&r=g","caption":"Herzegovina Bike"},"description":"Udruga \u201cHerzegovinaBike\u201d je pokreta\u010d (i sredi\u0161te) razvoja biciklizma kao cikloturizma, rekreacije i sporta u Hercegovini. CILJ: Hercegovina kao vrhunska cikloturisti\u010dka destinacija. \u2705","sameAs":["https:\/\/www.herzegovinabike.ba\/","https:\/\/www.facebook.com\/HerzegovinaBike\/","https:\/\/www.instagram.com\/herzegovinabike\/","https:\/\/www.linkedin.com\/in\/herzegovina-bike-ba605a29b\/","https:\/\/x.com\/https:\/\/twitter.com\/HerzegovinaBike","https:\/\/www.youtube.com\/channel\/UCOFGFUHmcGVzVHD9WgOGTrA"],"url":"https:\/\/www.herzegovinabike.ba\/en\/author\/toni\/"}]}},"_links":{"self":[{"href":"https:\/\/www.herzegovinabike.ba\/en\/wp-json\/wp\/v2\/posts\/17564","targetHints":{"allow":["GET"]}}],"collection":[{"href":"https:\/\/www.herzegovinabike.ba\/en\/wp-json\/wp\/v2\/posts"}],"about":[{"href":"https:\/\/www.herzegovinabike.ba\/en\/wp-json\/wp\/v2\/types\/post"}],"author":[{"embeddable":true,"href":"https:\/\/www.herzegovinabike.ba\/en\/wp-json\/wp\/v2\/users\/2"}],"replies":[{"embeddable":true,"href":"https:\/\/www.herzegovinabike.ba\/en\/wp-json\/wp\/v2\/comments?post=17564"}],"version-history":[{"count":5,"href":"https:\/\/www.herzegovinabike.ba\/en\/wp-json\/wp\/v2\/posts\/17564\/revisions"}],"predecessor-version":[{"id":18229,"href":"https:\/\/www.herzegovinabike.ba\/en\/wp-json\/wp\/v2\/posts\/17564\/revisions\/18229"}],"wp:featuredmedia":[{"embeddable":true,"href":"https:\/\/www.herzegovinabike.ba\/en\/wp-json\/wp\/v2\/media\/17602"}],"wp:attachment":[{"href":"https:\/\/www.herzegovinabike.ba\/en\/wp-json\/wp\/v2\/media?parent=17564"}],"wp:term":[{"taxonomy":"category","embeddable":true,"href":"https:\/\/www.herzegovinabike.ba\/en\/wp-json\/wp\/v2\/categories?post=17564"},{"taxonomy":"post_tag","embeddable":true,"href":"https:\/\/www.herzegovinabike.ba\/en\/wp-json\/wp\/v2\/tags?post=17564"}],"curies":[{"name":"wp","href":"https:\/\/api.w.org\/{rel}","templated":true}]}}