{"id":17781,"date":"2025-06-04T14:21:08","date_gmt":"2025-06-04T12:21:08","guid":{"rendered":"https:\/\/www.herzegovinabike.ba\/?p=17781"},"modified":"2025-06-24T22:16:39","modified_gmt":"2025-06-24T20:16:39","slug":"bosna-i-hercegovina-dobiva-svoj-veliki-tour-najavljen-tour-of-bosnia-and-herzegovina","status":"publish","type":"post","link":"https:\/\/www.herzegovinabike.ba\/en\/bosna-i-hercegovina-dobiva-svoj-veliki-tour-najavljen-tour-of-bosnia-and-herzegovina\/","title":{"rendered":"Bosnia and Herzegovina Gets Its Grand Tour \u2013 \u201cTour of Bosnia and Herzegovina\u201d Officially Announced"},"content":{"rendered":"<p><em>SARAJEVO \u2013 At today\u2019s press conference held in the capital of Bosnia and Herzegovina, the official organization of the first edition of the international cycling race \u201cTour of Bosnia and Herzegovina\u201d was announced \u2013 a sporting event that will place Bosnia and Herzegovina on the map of major international cycling competitions.<\/em><\/p>\n\n\n\n<p>The race will take place in three stages, with the route symbolically connecting key regions and destinations of our country \u2013 from Sarajevo, through Herzegovina, all the way to the Adriatic Sea. This event unites sport, tourism, culture, and the promotion of Bosnia and Herzegovina\u2019s natural beauty.<\/p>\n\n\n\n<p>\u201c<em>This is a historic moment for our country. I\u2019m happy because when I was appointed as president, I promised that Bosnia and Herzegovina would get its own Grand Tour. We are currently the only country in the region without such a race. With this project, we are not only catching up with the region \u2013 we are showing that we have the capacity, the experts, and the resources to organize top-level international sporting events,<\/em>\u201d said <strong>Toni Zori\u0107<\/strong>, President of the Cycling Federation of Bosnia and Herzegovina.<\/p>\n\n\n\n<div class=\"wp-block-columns is-layout-flex wp-container-core-columns-is-layout-9d6595d7 wp-block-columns-is-layout-flex\">\n<div class=\"wp-block-column is-layout-flow wp-block-column-is-layout-flow\">\n<figure class=\"wp-block-image size-large\"><img loading=\"lazy\" decoding=\"async\" width=\"1024\" height=\"683\" src=\"https:\/\/www.herzegovinabike.ba\/wp-content\/uploads\/2025\/06\/Tour-of-BiH-slika-2-1024x683.jpg\" alt=\"\" class=\"wp-image-17783\" srcset=\"https:\/\/www.herzegovinabike.ba\/wp-content\/uploads\/2025\/06\/Tour-of-BiH-slika-2-1024x683.jpg 1024w, https:\/\/www.herzegovinabike.ba\/wp-content\/uploads\/2025\/06\/Tour-of-BiH-slika-2-300x200.jpg 300w, https:\/\/www.herzegovinabike.ba\/wp-content\/uploads\/2025\/06\/Tour-of-BiH-slika-2-768x512.jpg 768w, https:\/\/www.herzegovinabike.ba\/wp-content\/uploads\/2025\/06\/Tour-of-BiH-slika-2-1536x1024.jpg 1536w, https:\/\/www.herzegovinabike.ba\/wp-content\/uploads\/2025\/06\/Tour-of-BiH-slika-2-18x12.jpg 18w, https:\/\/www.herzegovinabike.ba\/wp-content\/uploads\/2025\/06\/Tour-of-BiH-slika-2-1500x1000.jpg 1500w, https:\/\/www.herzegovinabike.ba\/wp-content\/uploads\/2025\/06\/Tour-of-BiH-slika-2-600x400.jpg 600w, https:\/\/www.herzegovinabike.ba\/wp-content\/uploads\/2025\/06\/Tour-of-BiH-slika-2.jpg 1600w\" sizes=\"auto, (max-width: 1024px) 100vw, 1024px\" \/><\/figure>\n<\/div>\n\n\n\n<div class=\"wp-block-column is-layout-flow wp-block-column-is-layout-flow\">\n<figure class=\"wp-block-image size-large\"><img loading=\"lazy\" decoding=\"async\" width=\"1024\" height=\"683\" src=\"https:\/\/www.herzegovinabike.ba\/wp-content\/uploads\/2025\/06\/Tour-of-BiH-slika-4-1024x683.jpg\" alt=\"\" class=\"wp-image-17785\" srcset=\"https:\/\/www.herzegovinabike.ba\/wp-content\/uploads\/2025\/06\/Tour-of-BiH-slika-4-1024x683.jpg 1024w, https:\/\/www.herzegovinabike.ba\/wp-content\/uploads\/2025\/06\/Tour-of-BiH-slika-4-300x200.jpg 300w, https:\/\/www.herzegovinabike.ba\/wp-content\/uploads\/2025\/06\/Tour-of-BiH-slika-4-768x512.jpg 768w, https:\/\/www.herzegovinabike.ba\/wp-content\/uploads\/2025\/06\/Tour-of-BiH-slika-4-1536x1024.jpg 1536w, https:\/\/www.herzegovinabike.ba\/wp-content\/uploads\/2025\/06\/Tour-of-BiH-slika-4-18x12.jpg 18w, https:\/\/www.herzegovinabike.ba\/wp-content\/uploads\/2025\/06\/Tour-of-BiH-slika-4-1500x1000.jpg 1500w, https:\/\/www.herzegovinabike.ba\/wp-content\/uploads\/2025\/06\/Tour-of-BiH-slika-4-600x400.jpg 600w, https:\/\/www.herzegovinabike.ba\/wp-content\/uploads\/2025\/06\/Tour-of-BiH-slika-4.jpg 1600w\" sizes=\"auto, (max-width: 1024px) 100vw, 1024px\" \/><\/figure>\n<\/div>\n<\/div>\n\n\n\n<p><strong>Three Stages <\/strong><strong>\u2013 Three Storie<\/strong><strong>of Bosnia and Herzegovina<\/strong><strong><\/strong><\/p>\n\n\n\n<p>The first stage of the race starts in Sarajevo, with the cycling caravan passing through Konjic and Jablanica, and finishing in <a href=\"https:\/\/www.herzegovinabike.ba\/en\/mostar\/\">Mostara,<\/a> \u2013 the jewel of Herzegovina. This stage symbolically connects the capital city with the pristine natural beauty of the Neretva Valley.<\/p>\n\n\n\n<p>The second stage begins in Mostar, continues through \u010capljina, and finishes in Ljubu\u0161ki, a town known for its rich cultural heritage and Mediterranean atmosphere.<\/p>\n\n\n\n<p>The final, third stage starts in Ljubu\u0161ki and goes through Stolac all the way to Neum \u2013 the only Bosnian-Herzegovinian town on the Adriatic Sea \u2013 symbolically ending the race at the open sea.<\/p>\n\n\n\n<p><em>\u201cWe\u2019ve already had the opportunity to speak with representatives of these cities, and all of them were thrilled with the idea of hosting the race. This gives us confidence that the entire event will be organized successfully,\u201d added Zori\u0107.<strong> Toni Zori\u0107<\/strong>.<\/em><em><\/em><\/p>\n\n\n<div class=\"wp-block-image\">\n<figure class=\"aligncenter size-large\"><img loading=\"lazy\" decoding=\"async\" width=\"1024\" height=\"683\" src=\"https:\/\/www.herzegovinabike.ba\/wp-content\/uploads\/2025\/06\/Tour-of-BiH-slika-1-1024x683.jpg\" alt=\"\" class=\"wp-image-17782\" srcset=\"https:\/\/www.herzegovinabike.ba\/wp-content\/uploads\/2025\/06\/Tour-of-BiH-slika-1-1024x683.jpg 1024w, https:\/\/www.herzegovinabike.ba\/wp-content\/uploads\/2025\/06\/Tour-of-BiH-slika-1-300x200.jpg 300w, https:\/\/www.herzegovinabike.ba\/wp-content\/uploads\/2025\/06\/Tour-of-BiH-slika-1-768x512.jpg 768w, https:\/\/www.herzegovinabike.ba\/wp-content\/uploads\/2025\/06\/Tour-of-BiH-slika-1-1536x1024.jpg 1536w, https:\/\/www.herzegovinabike.ba\/wp-content\/uploads\/2025\/06\/Tour-of-BiH-slika-1-18x12.jpg 18w, https:\/\/www.herzegovinabike.ba\/wp-content\/uploads\/2025\/06\/Tour-of-BiH-slika-1-1500x1000.jpg 1500w, https:\/\/www.herzegovinabike.ba\/wp-content\/uploads\/2025\/06\/Tour-of-BiH-slika-1-600x400.jpg 600w, https:\/\/www.herzegovinabike.ba\/wp-content\/uploads\/2025\/06\/Tour-of-BiH-slika-1.jpg 1600w\" sizes=\"auto, (max-width: 1024px) 100vw, 1024px\" \/><\/figure>\n<\/div>\n\n\n<p><strong>Podr<\/strong><strong>\u0161<\/strong><strong>ka lokalnih zajednica i me<\/strong><strong>\u0111<\/strong><strong>unarodnih institucija<\/strong><strong><\/strong><\/p>\n\n\n\n<p>Initial meetings have already taken place with the mayors and municipal leaders of the host cities, all of whom expressed great enthusiasm and a willingness to cooperate. Cycling clubs from across the country have also shown unity and readiness to provide logistical and technical support for the project.<\/p>\n\n\n\n<p>\u201cEverything that promotes and integrates the state of Bosnia and Herzegovina, everything that makes its resources visible, is something the Olympic Committee of BiH supports,\u201d said Prof. Dr. Izet Ra\u0111o, President of the Olympic Committee of Bosnia and Herzegovina.<\/p>\n\n\n\n<p><strong>\u201c<\/strong><em>By organizing this top-level cycling event, we will create a platform where our young Olympic hopefuls and elite athletes will have the opportunity to improve and showcase their skills in a competitive international environment on home soil \u2013 and one day, present those same skills at the Olympic Games.<\/em><\/p>\n\n\n\n<p><em>We support Cycling Federation President Toni Zori\u0107 and all future ideas of this kind. Alongside the official support of the Olympic Committee of BiH, we will strive to bring in financial backing from our partners to invest in this project. We will also call on the authorities from regions along the race route to recognize that investing in this project means investing in the promotion of their communities and the treasures they possess.\u201d<\/em><em><\/em><\/p>\n\n\n\n<p>The race already has strong support from the Union Cycliste Internationale (UCI), as well as the European and Balkan Cycling Federations, with <a href=\"https:\/\/bisabih.ba\/\" target=\"_blank\" rel=\"noreferrer noopener\">the Cycling Federation of Bosnia and Herzegovina<\/a> serving as the principal organizer and coordinator of the event.<\/p>\n\n\n<div class=\"wp-block-image\">\n<figure class=\"aligncenter size-large\"><img loading=\"lazy\" decoding=\"async\" width=\"1024\" height=\"683\" src=\"https:\/\/www.herzegovinabike.ba\/wp-content\/uploads\/2025\/06\/Tour-of-BiH-slika-5-1024x683.jpg\" alt=\"\" class=\"wp-image-17786\" srcset=\"https:\/\/www.herzegovinabike.ba\/wp-content\/uploads\/2025\/06\/Tour-of-BiH-slika-5-1024x683.jpg 1024w, https:\/\/www.herzegovinabike.ba\/wp-content\/uploads\/2025\/06\/Tour-of-BiH-slika-5-300x200.jpg 300w, https:\/\/www.herzegovinabike.ba\/wp-content\/uploads\/2025\/06\/Tour-of-BiH-slika-5-768x512.jpg 768w, https:\/\/www.herzegovinabike.ba\/wp-content\/uploads\/2025\/06\/Tour-of-BiH-slika-5-1536x1024.jpg 1536w, https:\/\/www.herzegovinabike.ba\/wp-content\/uploads\/2025\/06\/Tour-of-BiH-slika-5-18x12.jpg 18w, https:\/\/www.herzegovinabike.ba\/wp-content\/uploads\/2025\/06\/Tour-of-BiH-slika-5-1500x1000.jpg 1500w, https:\/\/www.herzegovinabike.ba\/wp-content\/uploads\/2025\/06\/Tour-of-BiH-slika-5-600x400.jpg 600w, https:\/\/www.herzegovinabike.ba\/wp-content\/uploads\/2025\/06\/Tour-of-BiH-slika-5.jpg 1600w\" sizes=\"auto, (max-width: 1024px) 100vw, 1024px\" \/><\/figure>\n<\/div>\n\n\n<p><strong>More Than Just Sport<\/strong><strong><\/strong><\/p>\n\n\n\n<p>The \u201cTour of Bosnia and Herzegovina\u201d is not only a sporting spectacle \u2013 it is a project with the potential to spark a wave of positive promotion for our country throughout Europe and the world. Countries like Albania \u2013 which, in addition to its own tour, is hosting a stage of the legendary Giro d\u2019Italia this year \u2013 are clear examples of how cycling can contribute to tourism, economic growth, and a stronger international image.<\/p>\n\n\n\n<p>\u201c<em>\u201cOur sports professionals have the experience and knowledge to organize events like this. It\u2019s now up to our institutions to recognize the importance of this race and provide their support. Without it, we will not be able to deliver the project at the level Bosnia and Herzegovina deserves<\/em>,\u201d added Zori\u0107.<\/p>\n\n\n\n<p>This is an event where all of Bosnia and Herzegovina becomes one large sporting arena. This race is an opportunity for Bosnia and Herzegovina to tell its story \u2013 of natural beauty, cultural richness, the hospitality of its people, and sporting ambition that knows no bounds.<\/p>","protected":false},"excerpt":{"rendered":"<p>SARAJEVO \u2013 Na danas odr\u017eanoj konferenciji za medije u glavnom gradu Bosne i Hercegovine, slu\u017ebeno je najavljen po\u010detak organizacije prvog izdanja me\u0111unarodne biciklisti\u010dke utrke \u201cTour of Bosnia and Herzegovina\u201d, sportskog doga\u0111aja koji \u0107e Bosnu i Hercegovinu pozicionirati na kartu velikih svjetskih biciklisti\u010dkih natjecanja. Utrka \u0107e se odr\u017eati u tri etape, a njena trasa simboli\u010dno spaja [&hellip;]<\/p>\n","protected":false},"author":2,"featured_media":17784,"comment_status":"closed","ping_status":"open","sticky":false,"template":"","format":"standard","meta":{"footnotes":""},"categories":[2],"tags":[],"class_list":["post-17781","post","type-post","status-publish","format-standard","has-post-thumbnail","hentry","category-blog"],"yoast_head":"<!-- This site is optimized with the Yoast SEO Premium plugin v21.5 (Yoast SEO v27.4) - https:\/\/yoast.com\/product\/yoast-seo-premium-wordpress\/ -->\n<title>Bosna i Hercegovina dobiva svoj veliki Tour \u2013 najavljen \u201cTour of Bosnia and Herzegovina\u201d - HerzegovinaBike<\/title>\n<meta name=\"description\" content=\"Na danas odr\u017eanoj konferenciji za medije u glavnom gradu Bosne i Hercegovine, slu\u017ebeno je najavljen po\u010detak organizacije prvog izdanja ...\" \/>\n<meta name=\"robots\" content=\"index, follow, max-snippet:-1, max-image-preview:large, max-video-preview:-1\" \/>\n<link rel=\"canonical\" href=\"https:\/\/www.herzegovinabike.ba\/en\/bosna-i-hercegovina-dobiva-svoj-veliki-tour-najavljen-tour-of-bosnia-and-herzegovina\/\" \/>\n<meta property=\"og:locale\" content=\"en_US\" \/>\n<meta property=\"og:type\" content=\"article\" \/>\n<meta property=\"og:title\" content=\"Bosna i Hercegovina dobiva svoj veliki Tour \u2013 najavljen \u201cTour of Bosnia and Herzegovina\u201d\" \/>\n<meta property=\"og:description\" content=\"Na danas odr\u017eanoj konferenciji za medije u glavnom gradu Bosne i Hercegovine, slu\u017ebeno je najavljen po\u010detak organizacije prvog izdanja ...\" \/>\n<meta property=\"og:url\" content=\"https:\/\/www.herzegovinabike.ba\/en\/bosna-i-hercegovina-dobiva-svoj-veliki-tour-najavljen-tour-of-bosnia-and-herzegovina\/\" \/>\n<meta property=\"og:site_name\" content=\"HerzegovinaBike\" \/>\n<meta property=\"article:publisher\" content=\"https:\/\/www.facebook.com\/HerzegovinaBike\" \/>\n<meta property=\"article:author\" content=\"https:\/\/www.facebook.com\/HerzegovinaBike\/\" \/>\n<meta property=\"article:published_time\" content=\"2025-06-04T12:21:08+00:00\" \/>\n<meta property=\"article:modified_time\" content=\"2025-06-24T20:16:39+00:00\" \/>\n<meta property=\"og:image\" content=\"https:\/\/www.herzegovinabike.ba\/wp-content\/uploads\/2025\/06\/Tour-of-BiH-slika-3.jpg\" \/>\n\t<meta property=\"og:image:width\" content=\"1600\" \/>\n\t<meta property=\"og:image:height\" content=\"1082\" \/>\n\t<meta property=\"og:image:type\" content=\"image\/jpeg\" \/>\n<meta name=\"author\" content=\"Herzegovina Bike\" \/>\n<meta name=\"twitter:card\" content=\"summary_large_image\" \/>\n<meta name=\"twitter:creator\" content=\"@https:\/\/twitter.com\/HerzegovinaBike\" \/>\n<meta name=\"twitter:label1\" content=\"Written by\" \/>\n\t<meta name=\"twitter:data1\" content=\"Herzegovina Bike\" \/>\n\t<meta name=\"twitter:label2\" content=\"Est. reading time\" \/>\n\t<meta name=\"twitter:data2\" content=\"5 minutes\" \/>\n<script type=\"application\/ld+json\" class=\"yoast-schema-graph\">{\"@context\":\"https:\\\/\\\/schema.org\",\"@graph\":[{\"@type\":\"Article\",\"@id\":\"https:\\\/\\\/www.herzegovinabike.ba\\\/bosna-i-hercegovina-dobiva-svoj-veliki-tour-najavljen-tour-of-bosnia-and-herzegovina\\\/#article\",\"isPartOf\":{\"@id\":\"https:\\\/\\\/www.herzegovinabike.ba\\\/bosna-i-hercegovina-dobiva-svoj-veliki-tour-najavljen-tour-of-bosnia-and-herzegovina\\\/\"},\"author\":{\"name\":\"Herzegovina Bike\",\"@id\":\"https:\\\/\\\/www.herzegovinabike.ba\\\/#\\\/schema\\\/person\\\/1161ca5c7a242dc0e69d24c0fb304ccb\"},\"headline\":\"Bosna i Hercegovina dobiva svoj veliki Tour \u2013 najavljen \u201cTour of Bosnia and Herzegovina\u201d\",\"datePublished\":\"2025-06-04T12:21:08+00:00\",\"dateModified\":\"2025-06-24T20:16:39+00:00\",\"mainEntityOfPage\":{\"@id\":\"https:\\\/\\\/www.herzegovinabike.ba\\\/bosna-i-hercegovina-dobiva-svoj-veliki-tour-najavljen-tour-of-bosnia-and-herzegovina\\\/\"},\"wordCount\":769,\"publisher\":{\"@id\":\"https:\\\/\\\/www.herzegovinabike.ba\\\/#organization\"},\"image\":{\"@id\":\"https:\\\/\\\/www.herzegovinabike.ba\\\/bosna-i-hercegovina-dobiva-svoj-veliki-tour-najavljen-tour-of-bosnia-and-herzegovina\\\/#primaryimage\"},\"thumbnailUrl\":\"https:\\\/\\\/www.herzegovinabike.ba\\\/wp-content\\\/uploads\\\/2025\\\/06\\\/Tour-of-BiH-slika-3.jpg\",\"articleSection\":[\"Blog\"],\"inLanguage\":\"en-US\"},{\"@type\":\"WebPage\",\"@id\":\"https:\\\/\\\/www.herzegovinabike.ba\\\/bosna-i-hercegovina-dobiva-svoj-veliki-tour-najavljen-tour-of-bosnia-and-herzegovina\\\/\",\"url\":\"https:\\\/\\\/www.herzegovinabike.ba\\\/bosna-i-hercegovina-dobiva-svoj-veliki-tour-najavljen-tour-of-bosnia-and-herzegovina\\\/\",\"name\":\"Bosna i Hercegovina dobiva svoj veliki Tour \u2013 najavljen \u201cTour of Bosnia and Herzegovina\u201d - HerzegovinaBike\",\"isPartOf\":{\"@id\":\"https:\\\/\\\/www.herzegovinabike.ba\\\/#website\"},\"primaryImageOfPage\":{\"@id\":\"https:\\\/\\\/www.herzegovinabike.ba\\\/bosna-i-hercegovina-dobiva-svoj-veliki-tour-najavljen-tour-of-bosnia-and-herzegovina\\\/#primaryimage\"},\"image\":{\"@id\":\"https:\\\/\\\/www.herzegovinabike.ba\\\/bosna-i-hercegovina-dobiva-svoj-veliki-tour-najavljen-tour-of-bosnia-and-herzegovina\\\/#primaryimage\"},\"thumbnailUrl\":\"https:\\\/\\\/www.herzegovinabike.ba\\\/wp-content\\\/uploads\\\/2025\\\/06\\\/Tour-of-BiH-slika-3.jpg\",\"datePublished\":\"2025-06-04T12:21:08+00:00\",\"dateModified\":\"2025-06-24T20:16:39+00:00\",\"description\":\"Na danas odr\u017eanoj konferenciji za medije u glavnom gradu Bosne i Hercegovine, slu\u017ebeno je najavljen po\u010detak organizacije prvog izdanja ...\",\"breadcrumb\":{\"@id\":\"https:\\\/\\\/www.herzegovinabike.ba\\\/bosna-i-hercegovina-dobiva-svoj-veliki-tour-najavljen-tour-of-bosnia-and-herzegovina\\\/#breadcrumb\"},\"inLanguage\":\"en-US\",\"potentialAction\":[{\"@type\":\"ReadAction\",\"target\":[\"https:\\\/\\\/www.herzegovinabike.ba\\\/bosna-i-hercegovina-dobiva-svoj-veliki-tour-najavljen-tour-of-bosnia-and-herzegovina\\\/\"]}]},{\"@type\":\"ImageObject\",\"inLanguage\":\"en-US\",\"@id\":\"https:\\\/\\\/www.herzegovinabike.ba\\\/bosna-i-hercegovina-dobiva-svoj-veliki-tour-najavljen-tour-of-bosnia-and-herzegovina\\\/#primaryimage\",\"url\":\"https:\\\/\\\/www.herzegovinabike.ba\\\/wp-content\\\/uploads\\\/2025\\\/06\\\/Tour-of-BiH-slika-3.jpg\",\"contentUrl\":\"https:\\\/\\\/www.herzegovinabike.ba\\\/wp-content\\\/uploads\\\/2025\\\/06\\\/Tour-of-BiH-slika-3.jpg\",\"width\":1600,\"height\":1082},{\"@type\":\"BreadcrumbList\",\"@id\":\"https:\\\/\\\/www.herzegovinabike.ba\\\/bosna-i-hercegovina-dobiva-svoj-veliki-tour-najavljen-tour-of-bosnia-and-herzegovina\\\/#breadcrumb\",\"itemListElement\":[{\"@type\":\"ListItem\",\"position\":1,\"name\":\"Po\u010detna stranica\",\"item\":\"https:\\\/\\\/www.herzegovinabike.ba\\\/\"},{\"@type\":\"ListItem\",\"position\":2,\"name\":\"Bosna i Hercegovina dobiva svoj veliki Tour \u2013 najavljen \u201cTour of Bosnia and Herzegovina\u201d\"}]},{\"@type\":\"WebSite\",\"@id\":\"https:\\\/\\\/www.herzegovinabike.ba\\\/#website\",\"url\":\"https:\\\/\\\/www.herzegovinabike.ba\\\/\",\"name\":\"HerzegovinaBike\",\"description\":\"Your place under the sun\",\"publisher\":{\"@id\":\"https:\\\/\\\/www.herzegovinabike.ba\\\/#organization\"},\"potentialAction\":[{\"@type\":\"SearchAction\",\"target\":{\"@type\":\"EntryPoint\",\"urlTemplate\":\"https:\\\/\\\/www.herzegovinabike.ba\\\/?s={search_term_string}\"},\"query-input\":{\"@type\":\"PropertyValueSpecification\",\"valueRequired\":true,\"valueName\":\"search_term_string\"}}],\"inLanguage\":\"en-US\"},{\"@type\":\"Organization\",\"@id\":\"https:\\\/\\\/www.herzegovinabike.ba\\\/#organization\",\"name\":\"Udruga HerzegovinaBike\",\"url\":\"https:\\\/\\\/www.herzegovinabike.ba\\\/\",\"logo\":{\"@type\":\"ImageObject\",\"inLanguage\":\"en-US\",\"@id\":\"https:\\\/\\\/www.herzegovinabike.ba\\\/#\\\/schema\\\/logo\\\/image\\\/\",\"url\":\"https:\\\/\\\/www.bike.herzegovinabike.ba\\\/wp-content\\\/uploads\\\/2023\\\/11\\\/herzegovina_bike_logo_horizontal.png\",\"contentUrl\":\"https:\\\/\\\/www.bike.herzegovinabike.ba\\\/wp-content\\\/uploads\\\/2023\\\/11\\\/herzegovina_bike_logo_horizontal.png\",\"width\":1757,\"height\":1061,\"caption\":\"Udruga HerzegovinaBike\"},\"image\":{\"@id\":\"https:\\\/\\\/www.herzegovinabike.ba\\\/#\\\/schema\\\/logo\\\/image\\\/\"},\"sameAs\":[\"https:\\\/\\\/www.facebook.com\\\/HerzegovinaBike\",\"https:\\\/\\\/www.instagram.com\\\/herzegovinabike\\\/\"]},{\"@type\":\"Person\",\"@id\":\"https:\\\/\\\/www.herzegovinabike.ba\\\/#\\\/schema\\\/person\\\/1161ca5c7a242dc0e69d24c0fb304ccb\",\"name\":\"Herzegovina Bike\",\"image\":{\"@type\":\"ImageObject\",\"inLanguage\":\"en-US\",\"@id\":\"https:\\\/\\\/secure.gravatar.com\\\/avatar\\\/236a03b53b73db89b68d17aa2f415bb2a2d3b326d0632f3a602c6c9cacba1ff0?s=96&d=mm&r=g\",\"url\":\"https:\\\/\\\/secure.gravatar.com\\\/avatar\\\/236a03b53b73db89b68d17aa2f415bb2a2d3b326d0632f3a602c6c9cacba1ff0?s=96&d=mm&r=g\",\"contentUrl\":\"https:\\\/\\\/secure.gravatar.com\\\/avatar\\\/236a03b53b73db89b68d17aa2f415bb2a2d3b326d0632f3a602c6c9cacba1ff0?s=96&d=mm&r=g\",\"caption\":\"Herzegovina Bike\"},\"description\":\"Udruga \u201cHerzegovinaBike\u201d je pokreta\u010d (i sredi\u0161te) razvoja biciklizma kao cikloturizma, rekreacije i sporta u Hercegovini. CILJ: Hercegovina kao vrhunska cikloturisti\u010dka destinacija. \u2705\",\"sameAs\":[\"https:\\\/\\\/www.herzegovinabike.ba\\\/\",\"https:\\\/\\\/www.facebook.com\\\/HerzegovinaBike\\\/\",\"https:\\\/\\\/www.instagram.com\\\/herzegovinabike\\\/\",\"https:\\\/\\\/www.linkedin.com\\\/in\\\/herzegovina-bike-ba605a29b\\\/\",\"https:\\\/\\\/x.com\\\/https:\\\/\\\/twitter.com\\\/HerzegovinaBike\",\"https:\\\/\\\/www.youtube.com\\\/channel\\\/UCOFGFUHmcGVzVHD9WgOGTrA\"],\"url\":\"https:\\\/\\\/www.herzegovinabike.ba\\\/en\\\/author\\\/toni\\\/\"}]}<\/script>\n<!-- \/ Yoast SEO Premium plugin. -->","yoast_head_json":{"title":"Bosna i Hercegovina dobiva svoj veliki Tour \u2013 najavljen \u201cTour of Bosnia and Herzegovina\u201d - HerzegovinaBike","description":"Na danas odr\u017eanoj konferenciji za medije u glavnom gradu Bosne i Hercegovine, slu\u017ebeno je najavljen po\u010detak organizacije prvog izdanja ...","robots":{"index":"index","follow":"follow","max-snippet":"max-snippet:-1","max-image-preview":"max-image-preview:large","max-video-preview":"max-video-preview:-1"},"canonical":"https:\/\/www.herzegovinabike.ba\/en\/bosna-i-hercegovina-dobiva-svoj-veliki-tour-najavljen-tour-of-bosnia-and-herzegovina\/","og_locale":"en_US","og_type":"article","og_title":"Bosna i Hercegovina dobiva svoj veliki Tour \u2013 najavljen \u201cTour of Bosnia and Herzegovina\u201d","og_description":"Na danas odr\u017eanoj konferenciji za medije u glavnom gradu Bosne i Hercegovine, slu\u017ebeno je najavljen po\u010detak organizacije prvog izdanja ...","og_url":"https:\/\/www.herzegovinabike.ba\/en\/bosna-i-hercegovina-dobiva-svoj-veliki-tour-najavljen-tour-of-bosnia-and-herzegovina\/","og_site_name":"HerzegovinaBike","article_publisher":"https:\/\/www.facebook.com\/HerzegovinaBike","article_author":"https:\/\/www.facebook.com\/HerzegovinaBike\/","article_published_time":"2025-06-04T12:21:08+00:00","article_modified_time":"2025-06-24T20:16:39+00:00","og_image":[{"width":1600,"height":1082,"url":"https:\/\/www.herzegovinabike.ba\/wp-content\/uploads\/2025\/06\/Tour-of-BiH-slika-3.jpg","type":"image\/jpeg"}],"author":"Herzegovina Bike","twitter_card":"summary_large_image","twitter_creator":"@https:\/\/twitter.com\/HerzegovinaBike","twitter_misc":{"Written by":"Herzegovina Bike","Est. reading time":"5 minutes"},"schema":{"@context":"https:\/\/schema.org","@graph":[{"@type":"Article","@id":"https:\/\/www.herzegovinabike.ba\/bosna-i-hercegovina-dobiva-svoj-veliki-tour-najavljen-tour-of-bosnia-and-herzegovina\/#article","isPartOf":{"@id":"https:\/\/www.herzegovinabike.ba\/bosna-i-hercegovina-dobiva-svoj-veliki-tour-najavljen-tour-of-bosnia-and-herzegovina\/"},"author":{"name":"Herzegovina Bike","@id":"https:\/\/www.herzegovinabike.ba\/#\/schema\/person\/1161ca5c7a242dc0e69d24c0fb304ccb"},"headline":"Bosna i Hercegovina dobiva svoj veliki Tour \u2013 najavljen \u201cTour of Bosnia and Herzegovina\u201d","datePublished":"2025-06-04T12:21:08+00:00","dateModified":"2025-06-24T20:16:39+00:00","mainEntityOfPage":{"@id":"https:\/\/www.herzegovinabike.ba\/bosna-i-hercegovina-dobiva-svoj-veliki-tour-najavljen-tour-of-bosnia-and-herzegovina\/"},"wordCount":769,"publisher":{"@id":"https:\/\/www.herzegovinabike.ba\/#organization"},"image":{"@id":"https:\/\/www.herzegovinabike.ba\/bosna-i-hercegovina-dobiva-svoj-veliki-tour-najavljen-tour-of-bosnia-and-herzegovina\/#primaryimage"},"thumbnailUrl":"https:\/\/www.herzegovinabike.ba\/wp-content\/uploads\/2025\/06\/Tour-of-BiH-slika-3.jpg","articleSection":["Blog"],"inLanguage":"en-US"},{"@type":"WebPage","@id":"https:\/\/www.herzegovinabike.ba\/bosna-i-hercegovina-dobiva-svoj-veliki-tour-najavljen-tour-of-bosnia-and-herzegovina\/","url":"https:\/\/www.herzegovinabike.ba\/bosna-i-hercegovina-dobiva-svoj-veliki-tour-najavljen-tour-of-bosnia-and-herzegovina\/","name":"Bosna i Hercegovina dobiva svoj veliki Tour \u2013 najavljen \u201cTour of Bosnia and Herzegovina\u201d - HerzegovinaBike","isPartOf":{"@id":"https:\/\/www.herzegovinabike.ba\/#website"},"primaryImageOfPage":{"@id":"https:\/\/www.herzegovinabike.ba\/bosna-i-hercegovina-dobiva-svoj-veliki-tour-najavljen-tour-of-bosnia-and-herzegovina\/#primaryimage"},"image":{"@id":"https:\/\/www.herzegovinabike.ba\/bosna-i-hercegovina-dobiva-svoj-veliki-tour-najavljen-tour-of-bosnia-and-herzegovina\/#primaryimage"},"thumbnailUrl":"https:\/\/www.herzegovinabike.ba\/wp-content\/uploads\/2025\/06\/Tour-of-BiH-slika-3.jpg","datePublished":"2025-06-04T12:21:08+00:00","dateModified":"2025-06-24T20:16:39+00:00","description":"Na danas odr\u017eanoj konferenciji za medije u glavnom gradu Bosne i Hercegovine, slu\u017ebeno je najavljen po\u010detak organizacije prvog izdanja ...","breadcrumb":{"@id":"https:\/\/www.herzegovinabike.ba\/bosna-i-hercegovina-dobiva-svoj-veliki-tour-najavljen-tour-of-bosnia-and-herzegovina\/#breadcrumb"},"inLanguage":"en-US","potentialAction":[{"@type":"ReadAction","target":["https:\/\/www.herzegovinabike.ba\/bosna-i-hercegovina-dobiva-svoj-veliki-tour-najavljen-tour-of-bosnia-and-herzegovina\/"]}]},{"@type":"ImageObject","inLanguage":"en-US","@id":"https:\/\/www.herzegovinabike.ba\/bosna-i-hercegovina-dobiva-svoj-veliki-tour-najavljen-tour-of-bosnia-and-herzegovina\/#primaryimage","url":"https:\/\/www.herzegovinabike.ba\/wp-content\/uploads\/2025\/06\/Tour-of-BiH-slika-3.jpg","contentUrl":"https:\/\/www.herzegovinabike.ba\/wp-content\/uploads\/2025\/06\/Tour-of-BiH-slika-3.jpg","width":1600,"height":1082},{"@type":"BreadcrumbList","@id":"https:\/\/www.herzegovinabike.ba\/bosna-i-hercegovina-dobiva-svoj-veliki-tour-najavljen-tour-of-bosnia-and-herzegovina\/#breadcrumb","itemListElement":[{"@type":"ListItem","position":1,"name":"Po\u010detna stranica","item":"https:\/\/www.herzegovinabike.ba\/"},{"@type":"ListItem","position":2,"name":"Bosna i Hercegovina dobiva svoj veliki Tour \u2013 najavljen \u201cTour of Bosnia and Herzegovina\u201d"}]},{"@type":"WebSite","@id":"https:\/\/www.herzegovinabike.ba\/#website","url":"https:\/\/www.herzegovinabike.ba\/","name":"HerzegovinaBike","description":"Your place under the sun","publisher":{"@id":"https:\/\/www.herzegovinabike.ba\/#organization"},"potentialAction":[{"@type":"SearchAction","target":{"@type":"EntryPoint","urlTemplate":"https:\/\/www.herzegovinabike.ba\/?s={search_term_string}"},"query-input":{"@type":"PropertyValueSpecification","valueRequired":true,"valueName":"search_term_string"}}],"inLanguage":"en-US"},{"@type":"Organization","@id":"https:\/\/www.herzegovinabike.ba\/#organization","name":"Association HerzegovinaBike","url":"https:\/\/www.herzegovinabike.ba\/","logo":{"@type":"ImageObject","inLanguage":"en-US","@id":"https:\/\/www.herzegovinabike.ba\/#\/schema\/logo\/image\/","url":"https:\/\/www.bike.herzegovinabike.ba\/wp-content\/uploads\/2023\/11\/herzegovina_bike_logo_horizontal.png","contentUrl":"https:\/\/www.bike.herzegovinabike.ba\/wp-content\/uploads\/2023\/11\/herzegovina_bike_logo_horizontal.png","width":1757,"height":1061,"caption":"Udruga HerzegovinaBike"},"image":{"@id":"https:\/\/www.herzegovinabike.ba\/#\/schema\/logo\/image\/"},"sameAs":["https:\/\/www.facebook.com\/HerzegovinaBike","https:\/\/www.instagram.com\/herzegovinabike\/"]},{"@type":"Person","@id":"https:\/\/www.herzegovinabike.ba\/#\/schema\/person\/1161ca5c7a242dc0e69d24c0fb304ccb","name":"Herzegovina Bike","image":{"@type":"ImageObject","inLanguage":"en-US","@id":"https:\/\/secure.gravatar.com\/avatar\/236a03b53b73db89b68d17aa2f415bb2a2d3b326d0632f3a602c6c9cacba1ff0?s=96&d=mm&r=g","url":"https:\/\/secure.gravatar.com\/avatar\/236a03b53b73db89b68d17aa2f415bb2a2d3b326d0632f3a602c6c9cacba1ff0?s=96&d=mm&r=g","contentUrl":"https:\/\/secure.gravatar.com\/avatar\/236a03b53b73db89b68d17aa2f415bb2a2d3b326d0632f3a602c6c9cacba1ff0?s=96&d=mm&r=g","caption":"Herzegovina Bike"},"description":"Udruga \u201cHerzegovinaBike\u201d je pokreta\u010d (i sredi\u0161te) razvoja biciklizma kao cikloturizma, rekreacije i sporta u Hercegovini. CILJ: Hercegovina kao vrhunska cikloturisti\u010dka destinacija. \u2705","sameAs":["https:\/\/www.herzegovinabike.ba\/","https:\/\/www.facebook.com\/HerzegovinaBike\/","https:\/\/www.instagram.com\/herzegovinabike\/","https:\/\/www.linkedin.com\/in\/herzegovina-bike-ba605a29b\/","https:\/\/x.com\/https:\/\/twitter.com\/HerzegovinaBike","https:\/\/www.youtube.com\/channel\/UCOFGFUHmcGVzVHD9WgOGTrA"],"url":"https:\/\/www.herzegovinabike.ba\/en\/author\/toni\/"}]}},"_links":{"self":[{"href":"https:\/\/www.herzegovinabike.ba\/en\/wp-json\/wp\/v2\/posts\/17781","targetHints":{"allow":["GET"]}}],"collection":[{"href":"https:\/\/www.herzegovinabike.ba\/en\/wp-json\/wp\/v2\/posts"}],"about":[{"href":"https:\/\/www.herzegovinabike.ba\/en\/wp-json\/wp\/v2\/types\/post"}],"author":[{"embeddable":true,"href":"https:\/\/www.herzegovinabike.ba\/en\/wp-json\/wp\/v2\/users\/2"}],"replies":[{"embeddable":true,"href":"https:\/\/www.herzegovinabike.ba\/en\/wp-json\/wp\/v2\/comments?post=17781"}],"version-history":[{"count":5,"href":"https:\/\/www.herzegovinabike.ba\/en\/wp-json\/wp\/v2\/posts\/17781\/revisions"}],"predecessor-version":[{"id":18217,"href":"https:\/\/www.herzegovinabike.ba\/en\/wp-json\/wp\/v2\/posts\/17781\/revisions\/18217"}],"wp:featuredmedia":[{"embeddable":true,"href":"https:\/\/www.herzegovinabike.ba\/en\/wp-json\/wp\/v2\/media\/17784"}],"wp:attachment":[{"href":"https:\/\/www.herzegovinabike.ba\/en\/wp-json\/wp\/v2\/media?parent=17781"}],"wp:term":[{"taxonomy":"category","embeddable":true,"href":"https:\/\/www.herzegovinabike.ba\/en\/wp-json\/wp\/v2\/categories?post=17781"},{"taxonomy":"post_tag","embeddable":true,"href":"https:\/\/www.herzegovinabike.ba\/en\/wp-json\/wp\/v2\/tags?post=17781"}],"curies":[{"name":"wp","href":"https:\/\/api.w.org\/{rel}","templated":true}]}}