{"id":18867,"date":"2025-09-04T20:27:12","date_gmt":"2025-09-04T18:27:12","guid":{"rendered":"https:\/\/www.herzegovinabike.ba\/?p=18867"},"modified":"2025-09-04T20:49:09","modified_gmt":"2025-09-04T18:49:09","slug":"eurovelo-inicijativa-u-bosni-i-hercegovini","status":"publish","type":"post","link":"https:\/\/www.herzegovinabike.ba\/en\/eurovelo-inicijativa-u-bosni-i-hercegovini\/","title":{"rendered":"EuroVelo Initiative in Bosnia and Herzegovina"},"content":{"rendered":"<p class=\"has-text-align-center\"><strong>Meeting held on Jahorina to establish an international EuroVelo route through BiH<\/strong><\/p>\n\n\n\n<p>On the initiative of the City of Mostar, the Municipality of Pale, and the Cycling Federation of Bosnia and Herzegovina, an initial meeting was held today at Hotel Termag on Jahorina, hosted by the Municipality of Pale, to discuss the establishment of an international cycling route from Dubrovnik to Belgrade. The planned route would follow the former \u0106iro railway line, crossing the entire territory of Bosnia and Herzegovina \u2013 from the south in the Municipality of Ravno up to the north where it would connect with Serbia in Vi\u0161egrad and continue all the way to Belgrade.<\/p>\n\n\n\n<div class=\"wp-block-columns is-layout-flex wp-container-core-columns-is-layout-9d6595d7 wp-block-columns-is-layout-flex\">\n<div class=\"wp-block-column is-layout-flow wp-block-column-is-layout-flow\">\n<figure class=\"wp-block-image size-large\"><img loading=\"lazy\" decoding=\"async\" width=\"1024\" height=\"576\" src=\"https:\/\/www.herzegovinabike.ba\/wp-content\/uploads\/2025\/09\/EuroVelo-ruta-BiH-slika-1-1024x576.jpg\" alt=\"\" class=\"wp-image-18868\" srcset=\"https:\/\/www.herzegovinabike.ba\/wp-content\/uploads\/2025\/09\/EuroVelo-ruta-BiH-slika-1-1024x576.jpg 1024w, https:\/\/www.herzegovinabike.ba\/wp-content\/uploads\/2025\/09\/EuroVelo-ruta-BiH-slika-1-300x169.jpg 300w, https:\/\/www.herzegovinabike.ba\/wp-content\/uploads\/2025\/09\/EuroVelo-ruta-BiH-slika-1-768x432.jpg 768w, https:\/\/www.herzegovinabike.ba\/wp-content\/uploads\/2025\/09\/EuroVelo-ruta-BiH-slika-1-18x10.jpg 18w, https:\/\/www.herzegovinabike.ba\/wp-content\/uploads\/2025\/09\/EuroVelo-ruta-BiH-slika-1-600x338.jpg 600w, https:\/\/www.herzegovinabike.ba\/wp-content\/uploads\/2025\/09\/EuroVelo-ruta-BiH-slika-1.jpg 1200w\" sizes=\"auto, (max-width: 1024px) 100vw, 1024px\" \/><\/figure>\n<\/div>\n\n\n\n<div class=\"wp-block-column is-layout-flow wp-block-column-is-layout-flow\">\n<figure class=\"wp-block-image size-large\"><img loading=\"lazy\" decoding=\"async\" width=\"1024\" height=\"576\" src=\"https:\/\/www.herzegovinabike.ba\/wp-content\/uploads\/2025\/09\/EuroVelo-ruta-BiH-slika-2-1024x576.jpg\" alt=\"\" class=\"wp-image-18869\" srcset=\"https:\/\/www.herzegovinabike.ba\/wp-content\/uploads\/2025\/09\/EuroVelo-ruta-BiH-slika-2-1024x576.jpg 1024w, https:\/\/www.herzegovinabike.ba\/wp-content\/uploads\/2025\/09\/EuroVelo-ruta-BiH-slika-2-300x169.jpg 300w, https:\/\/www.herzegovinabike.ba\/wp-content\/uploads\/2025\/09\/EuroVelo-ruta-BiH-slika-2-768x432.jpg 768w, https:\/\/www.herzegovinabike.ba\/wp-content\/uploads\/2025\/09\/EuroVelo-ruta-BiH-slika-2-18x10.jpg 18w, https:\/\/www.herzegovinabike.ba\/wp-content\/uploads\/2025\/09\/EuroVelo-ruta-BiH-slika-2-600x338.jpg 600w, https:\/\/www.herzegovinabike.ba\/wp-content\/uploads\/2025\/09\/EuroVelo-ruta-BiH-slika-2.jpg 1200w\" sizes=\"auto, (max-width: 1024px) 100vw, 1024px\" \/><\/figure>\n<\/div>\n<\/div>\n\n\n\n<p>The meeting brought together a large number of dignitaries \u2013 mayors and municipal leaders, directors of tourist boards, representatives of cycling clubs, and esteemed guests from Bosnia and Herzegovina, Serbia, and Montenegro. Participants enthusiastically supported the initiative, emphasizing the importance of sustainable tourism development, the promotion of cycle tourism, and the creation of new development opportunities for local communities.<\/p>\n\n\n\n<p class=\"translation-block\">The Dubrovnik\u2013Belgrade route is planned to be submitted for inclusion in the prestigious European <em>EuroVelo<\/em> cycling network. The project envisions detailed mapping of the route and the establishment of modern supporting infrastructure, including signage, rest areas, and service points to ensure a safer and more enjoyable journey for cyclists. A key aspect of the project is local community involvement \u2013 each municipality and city will take responsibility for the maintenance, promotion, and further development of the section of the route within its territory.<\/p>\n\n\n\n<div class=\"wp-block-columns is-layout-flex wp-container-core-columns-is-layout-9d6595d7 wp-block-columns-is-layout-flex\">\n<div class=\"wp-block-column is-layout-flow wp-block-column-is-layout-flow\">\n<figure class=\"wp-block-image size-large\"><img loading=\"lazy\" decoding=\"async\" width=\"1024\" height=\"576\" src=\"https:\/\/www.herzegovinabike.ba\/wp-content\/uploads\/2025\/09\/EuroVelo-ruta-BiH-slika-3-1024x576.jpg\" alt=\"\" class=\"wp-image-18870\" srcset=\"https:\/\/www.herzegovinabike.ba\/wp-content\/uploads\/2025\/09\/EuroVelo-ruta-BiH-slika-3-1024x576.jpg 1024w, https:\/\/www.herzegovinabike.ba\/wp-content\/uploads\/2025\/09\/EuroVelo-ruta-BiH-slika-3-300x169.jpg 300w, https:\/\/www.herzegovinabike.ba\/wp-content\/uploads\/2025\/09\/EuroVelo-ruta-BiH-slika-3-768x432.jpg 768w, https:\/\/www.herzegovinabike.ba\/wp-content\/uploads\/2025\/09\/EuroVelo-ruta-BiH-slika-3-18x10.jpg 18w, https:\/\/www.herzegovinabike.ba\/wp-content\/uploads\/2025\/09\/EuroVelo-ruta-BiH-slika-3-600x338.jpg 600w, https:\/\/www.herzegovinabike.ba\/wp-content\/uploads\/2025\/09\/EuroVelo-ruta-BiH-slika-3.jpg 1200w\" sizes=\"auto, (max-width: 1024px) 100vw, 1024px\" \/><\/figure>\n<\/div>\n\n\n\n<div class=\"wp-block-column is-layout-flow wp-block-column-is-layout-flow\">\n<figure class=\"wp-block-image size-large\"><img loading=\"lazy\" decoding=\"async\" width=\"1024\" height=\"576\" src=\"https:\/\/www.herzegovinabike.ba\/wp-content\/uploads\/2025\/09\/EuroVelo-ruta-BiH-slika-5-1024x576.jpg\" alt=\"\" class=\"wp-image-18872\" srcset=\"https:\/\/www.herzegovinabike.ba\/wp-content\/uploads\/2025\/09\/EuroVelo-ruta-BiH-slika-5-1024x576.jpg 1024w, https:\/\/www.herzegovinabike.ba\/wp-content\/uploads\/2025\/09\/EuroVelo-ruta-BiH-slika-5-300x169.jpg 300w, https:\/\/www.herzegovinabike.ba\/wp-content\/uploads\/2025\/09\/EuroVelo-ruta-BiH-slika-5-768x432.jpg 768w, https:\/\/www.herzegovinabike.ba\/wp-content\/uploads\/2025\/09\/EuroVelo-ruta-BiH-slika-5-18x10.jpg 18w, https:\/\/www.herzegovinabike.ba\/wp-content\/uploads\/2025\/09\/EuroVelo-ruta-BiH-slika-5-600x338.jpg 600w, https:\/\/www.herzegovinabike.ba\/wp-content\/uploads\/2025\/09\/EuroVelo-ruta-BiH-slika-5.jpg 1200w\" sizes=\"auto, (max-width: 1024px) 100vw, 1024px\" \/><\/figure>\n<\/div>\n<\/div>\n\n\n\n<p>A special significance of the planned EuroVelo route is that it will largely follow the popular \u0106iro railway line, which is already a vital corridor for cycle tourism in Bosnia and Herzegovina and attracts thousands of tourists from around the world. The \u0106iro route is not just a cycling path \u2013 it tells a story, connecting the Adriatic coast with the interior and offering cyclists a unique blend of history, culture, and natural beauty. This potential and popularity will be leveraged to make the EuroVelo route even more attractive and distinctive, providing cyclists with an immersive experience of discovering Bosnia and Herzegovina in all its diversity. Along the entire route, travelers will encounter a wealth of cultural, historical, and tourist attractions, while modern cycle tourists will have all the necessary information available via digital platforms and websites, further facilitating planning and navigation along this unique route.<\/p>\n\n\n\n<div class=\"wp-block-columns is-layout-flex wp-container-core-columns-is-layout-9d6595d7 wp-block-columns-is-layout-flex\">\n<div class=\"wp-block-column is-layout-flow wp-block-column-is-layout-flow\">\n<figure class=\"wp-block-image size-large\"><img loading=\"lazy\" decoding=\"async\" width=\"1024\" height=\"576\" src=\"https:\/\/www.herzegovinabike.ba\/wp-content\/uploads\/2025\/09\/EuroVelo-ruta-BiH-slika-4-1024x576.jpg\" alt=\"\" class=\"wp-image-18871\" srcset=\"https:\/\/www.herzegovinabike.ba\/wp-content\/uploads\/2025\/09\/EuroVelo-ruta-BiH-slika-4-1024x576.jpg 1024w, https:\/\/www.herzegovinabike.ba\/wp-content\/uploads\/2025\/09\/EuroVelo-ruta-BiH-slika-4-300x169.jpg 300w, https:\/\/www.herzegovinabike.ba\/wp-content\/uploads\/2025\/09\/EuroVelo-ruta-BiH-slika-4-768x432.jpg 768w, https:\/\/www.herzegovinabike.ba\/wp-content\/uploads\/2025\/09\/EuroVelo-ruta-BiH-slika-4-18x10.jpg 18w, https:\/\/www.herzegovinabike.ba\/wp-content\/uploads\/2025\/09\/EuroVelo-ruta-BiH-slika-4-600x338.jpg 600w, https:\/\/www.herzegovinabike.ba\/wp-content\/uploads\/2025\/09\/EuroVelo-ruta-BiH-slika-4.jpg 1200w\" sizes=\"auto, (max-width: 1024px) 100vw, 1024px\" \/><\/figure>\n<\/div>\n\n\n\n<div class=\"wp-block-column is-layout-flow wp-block-column-is-layout-flow\">\n<figure class=\"wp-block-image size-large\"><img loading=\"lazy\" decoding=\"async\" width=\"1024\" height=\"576\" src=\"https:\/\/www.herzegovinabike.ba\/wp-content\/uploads\/2025\/09\/EuroVelo-ruta-BiH-slika-6-1024x576.jpg\" alt=\"\" class=\"wp-image-18873\" srcset=\"https:\/\/www.herzegovinabike.ba\/wp-content\/uploads\/2025\/09\/EuroVelo-ruta-BiH-slika-6-1024x576.jpg 1024w, https:\/\/www.herzegovinabike.ba\/wp-content\/uploads\/2025\/09\/EuroVelo-ruta-BiH-slika-6-300x169.jpg 300w, https:\/\/www.herzegovinabike.ba\/wp-content\/uploads\/2025\/09\/EuroVelo-ruta-BiH-slika-6-768x432.jpg 768w, https:\/\/www.herzegovinabike.ba\/wp-content\/uploads\/2025\/09\/EuroVelo-ruta-BiH-slika-6-18x10.jpg 18w, https:\/\/www.herzegovinabike.ba\/wp-content\/uploads\/2025\/09\/EuroVelo-ruta-BiH-slika-6-600x338.jpg 600w, https:\/\/www.herzegovinabike.ba\/wp-content\/uploads\/2025\/09\/EuroVelo-ruta-BiH-slika-6.jpg 1200w\" sizes=\"auto, (max-width: 1024px) 100vw, 1024px\" \/><\/figure>\n<\/div>\n<\/div>\n\n\n\n<p>It was agreed that a Memorandum of Understanding would be prepared in the coming period, committing participants to actively engage in the project\u2019s implementation and ensure all necessary technical requirements. Additionally, a working group will be established to coordinate the process and lead the implementation of this attractive tourism product.<\/p>\n\n\n\n<p class=\"translation-block\">The meeting was also attended online by international guests, including <strong>Peter Janak<\/strong> from London, a representative of the HerzegovinaBike Association and a delegate in the European Cycling Federation (ECF), the organization responsible for developing the EuroVelo network. His role, as highlighted, will be crucial in promoting this initiative within the European federation.<\/p>\n\n\n\n<div class=\"wp-block-columns is-layout-flex wp-container-core-columns-is-layout-9d6595d7 wp-block-columns-is-layout-flex\">\n<div class=\"wp-block-column is-layout-flow wp-block-column-is-layout-flow\">\n<figure class=\"wp-block-image size-large\"><img loading=\"lazy\" decoding=\"async\" width=\"768\" height=\"1024\" src=\"https:\/\/www.herzegovinabike.ba\/wp-content\/uploads\/2025\/09\/EuroVelo-ruta-BiH-slika-7-768x1024.jpg\" alt=\"\" class=\"wp-image-18874\" srcset=\"https:\/\/www.herzegovinabike.ba\/wp-content\/uploads\/2025\/09\/EuroVelo-ruta-BiH-slika-7-768x1024.jpg 768w, https:\/\/www.herzegovinabike.ba\/wp-content\/uploads\/2025\/09\/EuroVelo-ruta-BiH-slika-7-225x300.jpg 225w, https:\/\/www.herzegovinabike.ba\/wp-content\/uploads\/2025\/09\/EuroVelo-ruta-BiH-slika-7-9x12.jpg 9w, https:\/\/www.herzegovinabike.ba\/wp-content\/uploads\/2025\/09\/EuroVelo-ruta-BiH-slika-7-600x800.jpg 600w, https:\/\/www.herzegovinabike.ba\/wp-content\/uploads\/2025\/09\/EuroVelo-ruta-BiH-slika-7.jpg 900w\" sizes=\"auto, (max-width: 768px) 100vw, 768px\" \/><\/figure>\n<\/div>\n\n\n\n<div class=\"wp-block-column is-layout-flow wp-block-column-is-layout-flow\">\n<figure class=\"wp-block-image size-large\"><img loading=\"lazy\" decoding=\"async\" width=\"768\" height=\"1024\" src=\"https:\/\/www.herzegovinabike.ba\/wp-content\/uploads\/2025\/09\/EuroVelo-ruta-BiH-slika-8-768x1024.jpg\" alt=\"\" class=\"wp-image-18875\" srcset=\"https:\/\/www.herzegovinabike.ba\/wp-content\/uploads\/2025\/09\/EuroVelo-ruta-BiH-slika-8-768x1024.jpg 768w, https:\/\/www.herzegovinabike.ba\/wp-content\/uploads\/2025\/09\/EuroVelo-ruta-BiH-slika-8-225x300.jpg 225w, https:\/\/www.herzegovinabike.ba\/wp-content\/uploads\/2025\/09\/EuroVelo-ruta-BiH-slika-8-9x12.jpg 9w, https:\/\/www.herzegovinabike.ba\/wp-content\/uploads\/2025\/09\/EuroVelo-ruta-BiH-slika-8-600x800.jpg 600w, https:\/\/www.herzegovinabike.ba\/wp-content\/uploads\/2025\/09\/EuroVelo-ruta-BiH-slika-8.jpg 900w\" sizes=\"auto, (max-width: 768px) 100vw, 768px\" \/><\/figure>\n<\/div>\n<\/div>\n\n\n\n<p>The conclusions reached at Jahorina open the door for Bosnia and Herzegovina to have its own EuroVelo route for the first time, further strengthening the country\u2019s position on the map of European cycle tourism and creating numerous new opportunities for local communities, the economy, and the tourism sector.<\/p>","protected":false},"excerpt":{"rendered":"<p>Na Jahorini odr\u017ean sastanak o uspostavi me\u0111unarodne EuroVelo rute kroz BiH Na inicijativu Grada Mostara, op\u0107ine Pale i Biciklisti\u010dkog saveza Bosne i Hercegovine, danas je na Jahorini u hotelu Termag, uz gostoprimstvo op\u0107ine Pale, odr\u017ean inicijalni sastanak o uspostavi me\u0111unarodne biciklisti\u010dke rute od Dubrovnika do Beograda. Planirana ruta kretala bi se trasom nekada\u0161nje \u0106irine pruge, [&hellip;]<\/p>\n","protected":false},"author":2,"featured_media":18876,"comment_status":"closed","ping_status":"open","sticky":false,"template":"","format":"standard","meta":{"footnotes":""},"categories":[2],"tags":[],"class_list":["post-18867","post","type-post","status-publish","format-standard","has-post-thumbnail","hentry","category-blog"],"yoast_head":"<!-- This site is optimized with the Yoast SEO Premium plugin v21.5 (Yoast SEO v27.4) - https:\/\/yoast.com\/product\/yoast-seo-premium-wordpress\/ -->\n<title>EuroVelo inicijativa u Bosni i Hercegovini - HerzegovinaBike<\/title>\n<meta name=\"description\" content=\"Na inicijativu Grada Mostara, op\u0107ine Pale i Biciklisti\u010dkog saveza Bosne i Hercegovine, danas je na Jahorini u hotelu Termag, uz gostoprimstvo\" \/>\n<meta name=\"robots\" content=\"index, follow, max-snippet:-1, max-image-preview:large, max-video-preview:-1\" \/>\n<link rel=\"canonical\" href=\"https:\/\/www.herzegovinabike.ba\/en\/eurovelo-inicijativa-u-bosni-i-hercegovini\/\" \/>\n<meta property=\"og:locale\" content=\"en_US\" \/>\n<meta property=\"og:type\" content=\"article\" \/>\n<meta property=\"og:title\" content=\"EuroVelo inicijativa u Bosni i Hercegovini\" \/>\n<meta property=\"og:description\" content=\"Na inicijativu Grada Mostara, op\u0107ine Pale i Biciklisti\u010dkog saveza Bosne i Hercegovine, danas je na Jahorini u hotelu Termag, uz gostoprimstvo\" \/>\n<meta property=\"og:url\" content=\"https:\/\/www.herzegovinabike.ba\/en\/eurovelo-inicijativa-u-bosni-i-hercegovini\/\" \/>\n<meta property=\"og:site_name\" content=\"HerzegovinaBike\" \/>\n<meta property=\"article:publisher\" content=\"https:\/\/www.facebook.com\/HerzegovinaBike\" \/>\n<meta property=\"article:author\" content=\"https:\/\/www.facebook.com\/HerzegovinaBike\/\" \/>\n<meta property=\"article:published_time\" content=\"2025-09-04T18:27:12+00:00\" \/>\n<meta property=\"article:modified_time\" content=\"2025-09-04T18:49:09+00:00\" \/>\n<meta property=\"og:image\" content=\"https:\/\/www.herzegovinabike.ba\/wp-content\/uploads\/2025\/09\/EuroVelo-ruta-BiH-slika-naslovna.jpg\" \/>\n\t<meta property=\"og:image:width\" content=\"1200\" \/>\n\t<meta property=\"og:image:height\" content=\"800\" \/>\n\t<meta property=\"og:image:type\" content=\"image\/jpeg\" \/>\n<meta name=\"author\" content=\"Herzegovina Bike\" \/>\n<meta name=\"twitter:card\" content=\"summary_large_image\" \/>\n<meta name=\"twitter:creator\" content=\"@https:\/\/twitter.com\/HerzegovinaBike\" \/>\n<meta name=\"twitter:label1\" content=\"Written by\" \/>\n\t<meta name=\"twitter:data1\" content=\"Herzegovina Bike\" \/>\n\t<meta name=\"twitter:label2\" content=\"Est. reading time\" \/>\n\t<meta name=\"twitter:data2\" content=\"5 minutes\" \/>\n<script type=\"application\/ld+json\" class=\"yoast-schema-graph\">{\"@context\":\"https:\\\/\\\/schema.org\",\"@graph\":[{\"@type\":\"Article\",\"@id\":\"https:\\\/\\\/www.herzegovinabike.ba\\\/eurovelo-inicijativa-u-bosni-i-hercegovini\\\/#article\",\"isPartOf\":{\"@id\":\"https:\\\/\\\/www.herzegovinabike.ba\\\/eurovelo-inicijativa-u-bosni-i-hercegovini\\\/\"},\"author\":{\"name\":\"Herzegovina Bike\",\"@id\":\"https:\\\/\\\/www.herzegovinabike.ba\\\/#\\\/schema\\\/person\\\/1161ca5c7a242dc0e69d24c0fb304ccb\"},\"headline\":\"EuroVelo inicijativa u Bosni i Hercegovini\",\"datePublished\":\"2025-09-04T18:27:12+00:00\",\"dateModified\":\"2025-09-04T18:49:09+00:00\",\"mainEntityOfPage\":{\"@id\":\"https:\\\/\\\/www.herzegovinabike.ba\\\/eurovelo-inicijativa-u-bosni-i-hercegovini\\\/\"},\"wordCount\":527,\"publisher\":{\"@id\":\"https:\\\/\\\/www.herzegovinabike.ba\\\/#organization\"},\"image\":{\"@id\":\"https:\\\/\\\/www.herzegovinabike.ba\\\/eurovelo-inicijativa-u-bosni-i-hercegovini\\\/#primaryimage\"},\"thumbnailUrl\":\"https:\\\/\\\/www.herzegovinabike.ba\\\/wp-content\\\/uploads\\\/2025\\\/09\\\/EuroVelo-ruta-BiH-slika-naslovna.jpg\",\"articleSection\":[\"Blog\"],\"inLanguage\":\"en-US\"},{\"@type\":\"WebPage\",\"@id\":\"https:\\\/\\\/www.herzegovinabike.ba\\\/eurovelo-inicijativa-u-bosni-i-hercegovini\\\/\",\"url\":\"https:\\\/\\\/www.herzegovinabike.ba\\\/eurovelo-inicijativa-u-bosni-i-hercegovini\\\/\",\"name\":\"EuroVelo inicijativa u Bosni i Hercegovini - HerzegovinaBike\",\"isPartOf\":{\"@id\":\"https:\\\/\\\/www.herzegovinabike.ba\\\/#website\"},\"primaryImageOfPage\":{\"@id\":\"https:\\\/\\\/www.herzegovinabike.ba\\\/eurovelo-inicijativa-u-bosni-i-hercegovini\\\/#primaryimage\"},\"image\":{\"@id\":\"https:\\\/\\\/www.herzegovinabike.ba\\\/eurovelo-inicijativa-u-bosni-i-hercegovini\\\/#primaryimage\"},\"thumbnailUrl\":\"https:\\\/\\\/www.herzegovinabike.ba\\\/wp-content\\\/uploads\\\/2025\\\/09\\\/EuroVelo-ruta-BiH-slika-naslovna.jpg\",\"datePublished\":\"2025-09-04T18:27:12+00:00\",\"dateModified\":\"2025-09-04T18:49:09+00:00\",\"description\":\"Na inicijativu Grada Mostara, op\u0107ine Pale i Biciklisti\u010dkog saveza Bosne i Hercegovine, danas je na Jahorini u hotelu Termag, uz gostoprimstvo\",\"breadcrumb\":{\"@id\":\"https:\\\/\\\/www.herzegovinabike.ba\\\/eurovelo-inicijativa-u-bosni-i-hercegovini\\\/#breadcrumb\"},\"inLanguage\":\"en-US\",\"potentialAction\":[{\"@type\":\"ReadAction\",\"target\":[\"https:\\\/\\\/www.herzegovinabike.ba\\\/eurovelo-inicijativa-u-bosni-i-hercegovini\\\/\"]}]},{\"@type\":\"ImageObject\",\"inLanguage\":\"en-US\",\"@id\":\"https:\\\/\\\/www.herzegovinabike.ba\\\/eurovelo-inicijativa-u-bosni-i-hercegovini\\\/#primaryimage\",\"url\":\"https:\\\/\\\/www.herzegovinabike.ba\\\/wp-content\\\/uploads\\\/2025\\\/09\\\/EuroVelo-ruta-BiH-slika-naslovna.jpg\",\"contentUrl\":\"https:\\\/\\\/www.herzegovinabike.ba\\\/wp-content\\\/uploads\\\/2025\\\/09\\\/EuroVelo-ruta-BiH-slika-naslovna.jpg\",\"width\":1200,\"height\":800},{\"@type\":\"BreadcrumbList\",\"@id\":\"https:\\\/\\\/www.herzegovinabike.ba\\\/eurovelo-inicijativa-u-bosni-i-hercegovini\\\/#breadcrumb\",\"itemListElement\":[{\"@type\":\"ListItem\",\"position\":1,\"name\":\"Po\u010detna stranica\",\"item\":\"https:\\\/\\\/www.herzegovinabike.ba\\\/\"},{\"@type\":\"ListItem\",\"position\":2,\"name\":\"EuroVelo inicijativa u Bosni i Hercegovini\"}]},{\"@type\":\"WebSite\",\"@id\":\"https:\\\/\\\/www.herzegovinabike.ba\\\/#website\",\"url\":\"https:\\\/\\\/www.herzegovinabike.ba\\\/\",\"name\":\"HerzegovinaBike\",\"description\":\"Your place under the sun\",\"publisher\":{\"@id\":\"https:\\\/\\\/www.herzegovinabike.ba\\\/#organization\"},\"potentialAction\":[{\"@type\":\"SearchAction\",\"target\":{\"@type\":\"EntryPoint\",\"urlTemplate\":\"https:\\\/\\\/www.herzegovinabike.ba\\\/?s={search_term_string}\"},\"query-input\":{\"@type\":\"PropertyValueSpecification\",\"valueRequired\":true,\"valueName\":\"search_term_string\"}}],\"inLanguage\":\"en-US\"},{\"@type\":\"Organization\",\"@id\":\"https:\\\/\\\/www.herzegovinabike.ba\\\/#organization\",\"name\":\"Udruga HerzegovinaBike\",\"url\":\"https:\\\/\\\/www.herzegovinabike.ba\\\/\",\"logo\":{\"@type\":\"ImageObject\",\"inLanguage\":\"en-US\",\"@id\":\"https:\\\/\\\/www.herzegovinabike.ba\\\/#\\\/schema\\\/logo\\\/image\\\/\",\"url\":\"https:\\\/\\\/www.bike.herzegovinabike.ba\\\/wp-content\\\/uploads\\\/2023\\\/11\\\/herzegovina_bike_logo_horizontal.png\",\"contentUrl\":\"https:\\\/\\\/www.bike.herzegovinabike.ba\\\/wp-content\\\/uploads\\\/2023\\\/11\\\/herzegovina_bike_logo_horizontal.png\",\"width\":1757,\"height\":1061,\"caption\":\"Udruga HerzegovinaBike\"},\"image\":{\"@id\":\"https:\\\/\\\/www.herzegovinabike.ba\\\/#\\\/schema\\\/logo\\\/image\\\/\"},\"sameAs\":[\"https:\\\/\\\/www.facebook.com\\\/HerzegovinaBike\",\"https:\\\/\\\/www.instagram.com\\\/herzegovinabike\\\/\"]},{\"@type\":\"Person\",\"@id\":\"https:\\\/\\\/www.herzegovinabike.ba\\\/#\\\/schema\\\/person\\\/1161ca5c7a242dc0e69d24c0fb304ccb\",\"name\":\"Herzegovina Bike\",\"image\":{\"@type\":\"ImageObject\",\"inLanguage\":\"en-US\",\"@id\":\"https:\\\/\\\/secure.gravatar.com\\\/avatar\\\/236a03b53b73db89b68d17aa2f415bb2a2d3b326d0632f3a602c6c9cacba1ff0?s=96&d=mm&r=g\",\"url\":\"https:\\\/\\\/secure.gravatar.com\\\/avatar\\\/236a03b53b73db89b68d17aa2f415bb2a2d3b326d0632f3a602c6c9cacba1ff0?s=96&d=mm&r=g\",\"contentUrl\":\"https:\\\/\\\/secure.gravatar.com\\\/avatar\\\/236a03b53b73db89b68d17aa2f415bb2a2d3b326d0632f3a602c6c9cacba1ff0?s=96&d=mm&r=g\",\"caption\":\"Herzegovina Bike\"},\"description\":\"Udruga \u201cHerzegovinaBike\u201d je pokreta\u010d (i sredi\u0161te) razvoja biciklizma kao cikloturizma, rekreacije i sporta u Hercegovini. CILJ: Hercegovina kao vrhunska cikloturisti\u010dka destinacija. \u2705\",\"sameAs\":[\"https:\\\/\\\/www.herzegovinabike.ba\\\/\",\"https:\\\/\\\/www.facebook.com\\\/HerzegovinaBike\\\/\",\"https:\\\/\\\/www.instagram.com\\\/herzegovinabike\\\/\",\"https:\\\/\\\/www.linkedin.com\\\/in\\\/herzegovina-bike-ba605a29b\\\/\",\"https:\\\/\\\/x.com\\\/https:\\\/\\\/twitter.com\\\/HerzegovinaBike\",\"https:\\\/\\\/www.youtube.com\\\/channel\\\/UCOFGFUHmcGVzVHD9WgOGTrA\"],\"url\":\"https:\\\/\\\/www.herzegovinabike.ba\\\/en\\\/author\\\/toni\\\/\"}]}<\/script>\n<!-- \/ Yoast SEO Premium plugin. -->","yoast_head_json":{"title":"EuroVelo inicijativa u Bosni i Hercegovini - HerzegovinaBike","description":"Na inicijativu Grada Mostara, op\u0107ine Pale i Biciklisti\u010dkog saveza Bosne i Hercegovine, danas je na Jahorini u hotelu Termag, uz gostoprimstvo","robots":{"index":"index","follow":"follow","max-snippet":"max-snippet:-1","max-image-preview":"max-image-preview:large","max-video-preview":"max-video-preview:-1"},"canonical":"https:\/\/www.herzegovinabike.ba\/en\/eurovelo-inicijativa-u-bosni-i-hercegovini\/","og_locale":"en_US","og_type":"article","og_title":"EuroVelo inicijativa u Bosni i Hercegovini","og_description":"Na inicijativu Grada Mostara, op\u0107ine Pale i Biciklisti\u010dkog saveza Bosne i Hercegovine, danas je na Jahorini u hotelu Termag, uz gostoprimstvo","og_url":"https:\/\/www.herzegovinabike.ba\/en\/eurovelo-inicijativa-u-bosni-i-hercegovini\/","og_site_name":"HerzegovinaBike","article_publisher":"https:\/\/www.facebook.com\/HerzegovinaBike","article_author":"https:\/\/www.facebook.com\/HerzegovinaBike\/","article_published_time":"2025-09-04T18:27:12+00:00","article_modified_time":"2025-09-04T18:49:09+00:00","og_image":[{"width":1200,"height":800,"url":"https:\/\/www.herzegovinabike.ba\/wp-content\/uploads\/2025\/09\/EuroVelo-ruta-BiH-slika-naslovna.jpg","type":"image\/jpeg"}],"author":"Herzegovina Bike","twitter_card":"summary_large_image","twitter_creator":"@https:\/\/twitter.com\/HerzegovinaBike","twitter_misc":{"Written by":"Herzegovina Bike","Est. reading time":"5 minutes"},"schema":{"@context":"https:\/\/schema.org","@graph":[{"@type":"Article","@id":"https:\/\/www.herzegovinabike.ba\/eurovelo-inicijativa-u-bosni-i-hercegovini\/#article","isPartOf":{"@id":"https:\/\/www.herzegovinabike.ba\/eurovelo-inicijativa-u-bosni-i-hercegovini\/"},"author":{"name":"Herzegovina Bike","@id":"https:\/\/www.herzegovinabike.ba\/#\/schema\/person\/1161ca5c7a242dc0e69d24c0fb304ccb"},"headline":"EuroVelo inicijativa u Bosni i Hercegovini","datePublished":"2025-09-04T18:27:12+00:00","dateModified":"2025-09-04T18:49:09+00:00","mainEntityOfPage":{"@id":"https:\/\/www.herzegovinabike.ba\/eurovelo-inicijativa-u-bosni-i-hercegovini\/"},"wordCount":527,"publisher":{"@id":"https:\/\/www.herzegovinabike.ba\/#organization"},"image":{"@id":"https:\/\/www.herzegovinabike.ba\/eurovelo-inicijativa-u-bosni-i-hercegovini\/#primaryimage"},"thumbnailUrl":"https:\/\/www.herzegovinabike.ba\/wp-content\/uploads\/2025\/09\/EuroVelo-ruta-BiH-slika-naslovna.jpg","articleSection":["Blog"],"inLanguage":"en-US"},{"@type":"WebPage","@id":"https:\/\/www.herzegovinabike.ba\/eurovelo-inicijativa-u-bosni-i-hercegovini\/","url":"https:\/\/www.herzegovinabike.ba\/eurovelo-inicijativa-u-bosni-i-hercegovini\/","name":"EuroVelo inicijativa u Bosni i Hercegovini - HerzegovinaBike","isPartOf":{"@id":"https:\/\/www.herzegovinabike.ba\/#website"},"primaryImageOfPage":{"@id":"https:\/\/www.herzegovinabike.ba\/eurovelo-inicijativa-u-bosni-i-hercegovini\/#primaryimage"},"image":{"@id":"https:\/\/www.herzegovinabike.ba\/eurovelo-inicijativa-u-bosni-i-hercegovini\/#primaryimage"},"thumbnailUrl":"https:\/\/www.herzegovinabike.ba\/wp-content\/uploads\/2025\/09\/EuroVelo-ruta-BiH-slika-naslovna.jpg","datePublished":"2025-09-04T18:27:12+00:00","dateModified":"2025-09-04T18:49:09+00:00","description":"Na inicijativu Grada Mostara, op\u0107ine Pale i Biciklisti\u010dkog saveza Bosne i Hercegovine, danas je na Jahorini u hotelu Termag, uz gostoprimstvo","breadcrumb":{"@id":"https:\/\/www.herzegovinabike.ba\/eurovelo-inicijativa-u-bosni-i-hercegovini\/#breadcrumb"},"inLanguage":"en-US","potentialAction":[{"@type":"ReadAction","target":["https:\/\/www.herzegovinabike.ba\/eurovelo-inicijativa-u-bosni-i-hercegovini\/"]}]},{"@type":"ImageObject","inLanguage":"en-US","@id":"https:\/\/www.herzegovinabike.ba\/eurovelo-inicijativa-u-bosni-i-hercegovini\/#primaryimage","url":"https:\/\/www.herzegovinabike.ba\/wp-content\/uploads\/2025\/09\/EuroVelo-ruta-BiH-slika-naslovna.jpg","contentUrl":"https:\/\/www.herzegovinabike.ba\/wp-content\/uploads\/2025\/09\/EuroVelo-ruta-BiH-slika-naslovna.jpg","width":1200,"height":800},{"@type":"BreadcrumbList","@id":"https:\/\/www.herzegovinabike.ba\/eurovelo-inicijativa-u-bosni-i-hercegovini\/#breadcrumb","itemListElement":[{"@type":"ListItem","position":1,"name":"Po\u010detna stranica","item":"https:\/\/www.herzegovinabike.ba\/"},{"@type":"ListItem","position":2,"name":"EuroVelo inicijativa u Bosni i Hercegovini"}]},{"@type":"WebSite","@id":"https:\/\/www.herzegovinabike.ba\/#website","url":"https:\/\/www.herzegovinabike.ba\/","name":"HerzegovinaBike","description":"Your place under the sun","publisher":{"@id":"https:\/\/www.herzegovinabike.ba\/#organization"},"potentialAction":[{"@type":"SearchAction","target":{"@type":"EntryPoint","urlTemplate":"https:\/\/www.herzegovinabike.ba\/?s={search_term_string}"},"query-input":{"@type":"PropertyValueSpecification","valueRequired":true,"valueName":"search_term_string"}}],"inLanguage":"en-US"},{"@type":"Organization","@id":"https:\/\/www.herzegovinabike.ba\/#organization","name":"Association HerzegovinaBike","url":"https:\/\/www.herzegovinabike.ba\/","logo":{"@type":"ImageObject","inLanguage":"en-US","@id":"https:\/\/www.herzegovinabike.ba\/#\/schema\/logo\/image\/","url":"https:\/\/www.bike.herzegovinabike.ba\/wp-content\/uploads\/2023\/11\/herzegovina_bike_logo_horizontal.png","contentUrl":"https:\/\/www.bike.herzegovinabike.ba\/wp-content\/uploads\/2023\/11\/herzegovina_bike_logo_horizontal.png","width":1757,"height":1061,"caption":"Udruga HerzegovinaBike"},"image":{"@id":"https:\/\/www.herzegovinabike.ba\/#\/schema\/logo\/image\/"},"sameAs":["https:\/\/www.facebook.com\/HerzegovinaBike","https:\/\/www.instagram.com\/herzegovinabike\/"]},{"@type":"Person","@id":"https:\/\/www.herzegovinabike.ba\/#\/schema\/person\/1161ca5c7a242dc0e69d24c0fb304ccb","name":"Herzegovina Bike","image":{"@type":"ImageObject","inLanguage":"en-US","@id":"https:\/\/secure.gravatar.com\/avatar\/236a03b53b73db89b68d17aa2f415bb2a2d3b326d0632f3a602c6c9cacba1ff0?s=96&d=mm&r=g","url":"https:\/\/secure.gravatar.com\/avatar\/236a03b53b73db89b68d17aa2f415bb2a2d3b326d0632f3a602c6c9cacba1ff0?s=96&d=mm&r=g","contentUrl":"https:\/\/secure.gravatar.com\/avatar\/236a03b53b73db89b68d17aa2f415bb2a2d3b326d0632f3a602c6c9cacba1ff0?s=96&d=mm&r=g","caption":"Herzegovina Bike"},"description":"Udruga \u201cHerzegovinaBike\u201d je pokreta\u010d (i sredi\u0161te) razvoja biciklizma kao cikloturizma, rekreacije i sporta u Hercegovini. CILJ: Hercegovina kao vrhunska cikloturisti\u010dka destinacija. \u2705","sameAs":["https:\/\/www.herzegovinabike.ba\/","https:\/\/www.facebook.com\/HerzegovinaBike\/","https:\/\/www.instagram.com\/herzegovinabike\/","https:\/\/www.linkedin.com\/in\/herzegovina-bike-ba605a29b\/","https:\/\/x.com\/https:\/\/twitter.com\/HerzegovinaBike","https:\/\/www.youtube.com\/channel\/UCOFGFUHmcGVzVHD9WgOGTrA"],"url":"https:\/\/www.herzegovinabike.ba\/en\/author\/toni\/"}]}},"_links":{"self":[{"href":"https:\/\/www.herzegovinabike.ba\/en\/wp-json\/wp\/v2\/posts\/18867","targetHints":{"allow":["GET"]}}],"collection":[{"href":"https:\/\/www.herzegovinabike.ba\/en\/wp-json\/wp\/v2\/posts"}],"about":[{"href":"https:\/\/www.herzegovinabike.ba\/en\/wp-json\/wp\/v2\/types\/post"}],"author":[{"embeddable":true,"href":"https:\/\/www.herzegovinabike.ba\/en\/wp-json\/wp\/v2\/users\/2"}],"replies":[{"embeddable":true,"href":"https:\/\/www.herzegovinabike.ba\/en\/wp-json\/wp\/v2\/comments?post=18867"}],"version-history":[{"count":3,"href":"https:\/\/www.herzegovinabike.ba\/en\/wp-json\/wp\/v2\/posts\/18867\/revisions"}],"predecessor-version":[{"id":18879,"href":"https:\/\/www.herzegovinabike.ba\/en\/wp-json\/wp\/v2\/posts\/18867\/revisions\/18879"}],"wp:featuredmedia":[{"embeddable":true,"href":"https:\/\/www.herzegovinabike.ba\/en\/wp-json\/wp\/v2\/media\/18876"}],"wp:attachment":[{"href":"https:\/\/www.herzegovinabike.ba\/en\/wp-json\/wp\/v2\/media?parent=18867"}],"wp:term":[{"taxonomy":"category","embeddable":true,"href":"https:\/\/www.herzegovinabike.ba\/en\/wp-json\/wp\/v2\/categories?post=18867"},{"taxonomy":"post_tag","embeddable":true,"href":"https:\/\/www.herzegovinabike.ba\/en\/wp-json\/wp\/v2\/tags?post=18867"}],"curies":[{"name":"wp","href":"https:\/\/api.w.org\/{rel}","templated":true}]}}