{"id":18881,"date":"2025-09-08T09:49:37","date_gmt":"2025-09-08T07:49:37","guid":{"rendered":"https:\/\/www.herzegovinabike.ba\/?p=18881"},"modified":"2025-09-15T10:49:31","modified_gmt":"2025-09-15T08:49:31","slug":"odrzana-cetvrta-biciklijada-rutom-stecaka-u-ljubuskom","status":"publish","type":"post","link":"https:\/\/www.herzegovinabike.ba\/en\/odrzana-cetvrta-biciklijada-rutom-stecaka-u-ljubuskom\/","title":{"rendered":"The Fourth \u201cRutom ste\u0107aka\u201d Cycling Tour Held in Ljubu\u0161ki"},"content":{"rendered":"<p class=\"has-text-align-center\"><strong><em>Cycling through history, nature, and togetherness<\/em><\/strong><\/p>\n\n\n\n<p>Ljubu\u0161ki je u nedjelju bio doma\u0107in \u010detvrte biciklijade u sklopu projekta \u201cRutom ste\u0107aka\u201d, jo\u0161 jednom potvr\u0111uju\u0107i da biciklizam nije samo sport, ve\u0107 i most izme\u0111u rekreacije, kulturne ba\u0161tine i odr\u017eivog turizma. Doga\u0111aj je organizirao Biciklisti\u010dki klub Ljubu\u0161ki u suradnji s udrugom HerzegovinaBike, a na startu se okupilo oko 200 sudionika svih uzrasta, me\u0111u kojima su bili biciklisti iz brojnih hercegova\u010dkih i dalmatinskih klubova: BK Relax, BK Grude, BK Metkovi\u0107, HBK Drinovci, BK \u010capljina, BK Mostar, BK Posu\u0161je, BK \u0160iroki, BK \u010citluk i BK Imotski.<\/p>\n\n\n\n<div class=\"wp-block-columns is-layout-flex wp-container-core-columns-is-layout-9d6595d7 wp-block-columns-is-layout-flex\">\n<div class=\"wp-block-column is-layout-flow wp-block-column-is-layout-flow\">\n<figure class=\"wp-block-image size-large\"><img loading=\"lazy\" decoding=\"async\" width=\"1024\" height=\"578\" src=\"https:\/\/www.herzegovinabike.ba\/wp-content\/uploads\/2025\/09\/Rutom-Stecaka-slika-2-1024x578.jpg\" alt=\"\" class=\"wp-image-18885\" srcset=\"https:\/\/www.herzegovinabike.ba\/wp-content\/uploads\/2025\/09\/Rutom-Stecaka-slika-2-1024x578.jpg 1024w, https:\/\/www.herzegovinabike.ba\/wp-content\/uploads\/2025\/09\/Rutom-Stecaka-slika-2-300x169.jpg 300w, https:\/\/www.herzegovinabike.ba\/wp-content\/uploads\/2025\/09\/Rutom-Stecaka-slika-2-768x433.jpg 768w, https:\/\/www.herzegovinabike.ba\/wp-content\/uploads\/2025\/09\/Rutom-Stecaka-slika-2-18x10.jpg 18w, https:\/\/www.herzegovinabike.ba\/wp-content\/uploads\/2025\/09\/Rutom-Stecaka-slika-2-600x339.jpg 600w, https:\/\/www.herzegovinabike.ba\/wp-content\/uploads\/2025\/09\/Rutom-Stecaka-slika-2.jpg 1200w\" sizes=\"auto, (max-width: 1024px) 100vw, 1024px\" \/><\/figure>\n<\/div>\n\n\n\n<div class=\"wp-block-column is-layout-flow wp-block-column-is-layout-flow\">\n<figure class=\"wp-block-image size-large\"><img loading=\"lazy\" decoding=\"async\" width=\"1024\" height=\"578\" src=\"https:\/\/www.herzegovinabike.ba\/wp-content\/uploads\/2025\/09\/Rutom-Stecaka-slika-3-1024x578.jpg\" alt=\"\" class=\"wp-image-18886\" srcset=\"https:\/\/www.herzegovinabike.ba\/wp-content\/uploads\/2025\/09\/Rutom-Stecaka-slika-3-1024x578.jpg 1024w, https:\/\/www.herzegovinabike.ba\/wp-content\/uploads\/2025\/09\/Rutom-Stecaka-slika-3-300x169.jpg 300w, https:\/\/www.herzegovinabike.ba\/wp-content\/uploads\/2025\/09\/Rutom-Stecaka-slika-3-768x433.jpg 768w, https:\/\/www.herzegovinabike.ba\/wp-content\/uploads\/2025\/09\/Rutom-Stecaka-slika-3-18x10.jpg 18w, https:\/\/www.herzegovinabike.ba\/wp-content\/uploads\/2025\/09\/Rutom-Stecaka-slika-3-600x339.jpg 600w, https:\/\/www.herzegovinabike.ba\/wp-content\/uploads\/2025\/09\/Rutom-Stecaka-slika-3.jpg 1200w\" sizes=\"auto, (max-width: 1024px) 100vw, 1024px\" \/><\/figure>\n<\/div>\n<\/div>\n\n\n\n<p><strong>Thirty kilometers of history and beauty<\/strong><\/p>\n\n\n\n<p>The cycling route stretched for about 30 kilometers, carefully designed to combine the town\u2019s streets, natural beauty, and the rich historical heritage of the Ljubu\u0161ki area. Cyclists visited several important sites:<\/p>\n\n\n\n<ul class=\"wp-block-list\">\n<li><strong>The necropolis at Bija\u010da<\/strong> \u2013 one of the most renowned archaeological sites in Herzegovina, once home to an early Christian basilica. The ste\u0107ci here testify to the continuity of life from antiquity through the Middle Ages.<\/li>\n\n\n\n<li><strong>Humac<\/strong> \u2013 where the famous Humac tablet is kept, the oldest preserved epigraphic monument written in Bosnian Cyrillic and Old Croatian language. Cyclists visited the necropolis site, a reminder of the thousand-year cultural layers of this region.<\/li>\n\n\n\n<li><strong>Studenci<\/strong> \u2013 a place rich in tradition and faith, where the ste\u0107ci stand as silent witnesses of times past.<\/li>\n\n\n\n<li><strong>Rimski logor Gra\u010din<\/strong>e \u2013 arheolo\u0161ki dragulj gdje se prepli\u0107u rimski i ranokr\u0161\u0107anski ostaci, jedno od najzna\u010dajnijih nalazi\u0161ta na ovim prostorima.<\/li>\n\n\n\n<li><strong>Kravica Waterfall<\/strong> \u2013 an unmissable natural attraction, where cyclists enjoyed the magnificent view and a break in the shade of centuries-old trees.<\/li>\n<\/ul>\n\n\n\n<div class=\"wp-block-columns is-layout-flex wp-container-core-columns-is-layout-9d6595d7 wp-block-columns-is-layout-flex\">\n<div class=\"wp-block-column is-layout-flow wp-block-column-is-layout-flow\">\n<figure class=\"wp-block-image size-large\"><img loading=\"lazy\" decoding=\"async\" width=\"1024\" height=\"578\" src=\"https:\/\/www.herzegovinabike.ba\/wp-content\/uploads\/2025\/09\/Rutom-Stecaka-slika-4-1024x578.jpg\" alt=\"\" class=\"wp-image-18887\" srcset=\"https:\/\/www.herzegovinabike.ba\/wp-content\/uploads\/2025\/09\/Rutom-Stecaka-slika-4-1024x578.jpg 1024w, https:\/\/www.herzegovinabike.ba\/wp-content\/uploads\/2025\/09\/Rutom-Stecaka-slika-4-300x169.jpg 300w, https:\/\/www.herzegovinabike.ba\/wp-content\/uploads\/2025\/09\/Rutom-Stecaka-slika-4-768x433.jpg 768w, https:\/\/www.herzegovinabike.ba\/wp-content\/uploads\/2025\/09\/Rutom-Stecaka-slika-4-18x10.jpg 18w, https:\/\/www.herzegovinabike.ba\/wp-content\/uploads\/2025\/09\/Rutom-Stecaka-slika-4-600x339.jpg 600w, https:\/\/www.herzegovinabike.ba\/wp-content\/uploads\/2025\/09\/Rutom-Stecaka-slika-4.jpg 1200w\" sizes=\"auto, (max-width: 1024px) 100vw, 1024px\" \/><\/figure>\n<\/div>\n\n\n\n<div class=\"wp-block-column is-layout-flow wp-block-column-is-layout-flow\">\n<figure class=\"wp-block-image size-large\"><img loading=\"lazy\" decoding=\"async\" width=\"1024\" height=\"578\" src=\"https:\/\/www.herzegovinabike.ba\/wp-content\/uploads\/2025\/09\/Rutom-Stecaka-slika-5-1024x578.jpg\" alt=\"\" class=\"wp-image-18888\" srcset=\"https:\/\/www.herzegovinabike.ba\/wp-content\/uploads\/2025\/09\/Rutom-Stecaka-slika-5-1024x578.jpg 1024w, https:\/\/www.herzegovinabike.ba\/wp-content\/uploads\/2025\/09\/Rutom-Stecaka-slika-5-300x169.jpg 300w, https:\/\/www.herzegovinabike.ba\/wp-content\/uploads\/2025\/09\/Rutom-Stecaka-slika-5-768x433.jpg 768w, https:\/\/www.herzegovinabike.ba\/wp-content\/uploads\/2025\/09\/Rutom-Stecaka-slika-5-18x10.jpg 18w, https:\/\/www.herzegovinabike.ba\/wp-content\/uploads\/2025\/09\/Rutom-Stecaka-slika-5-600x339.jpg 600w, https:\/\/www.herzegovinabike.ba\/wp-content\/uploads\/2025\/09\/Rutom-Stecaka-slika-5.jpg 1200w\" sizes=\"auto, (max-width: 1024px) 100vw, 1024px\" \/><\/figure>\n<\/div>\n<\/div>\n\n\n\n<p><strong>The Voice of the Hosts<\/strong><\/p>\n\n\n\n<p>The organizers from BK Ljubu\u0161ki expressed their satisfaction with the large turnout and the spirit of togetherness:<\/p>\n\n\n\n<p>\u201c<em>We are proud that so many cyclists gathered today in Ljubu\u0161ki, not only from our town but from across the region. Our goal is to promote a healthy lifestyle, love for nature and heritage, and to connect people and towns through cycling. We thank everyone who contributed to this story with their participation.<\/em>\u201d<\/p>\n\n\n\n<div class=\"wp-block-columns is-layout-flex wp-container-core-columns-is-layout-9d6595d7 wp-block-columns-is-layout-flex\">\n<div class=\"wp-block-column is-layout-flow wp-block-column-is-layout-flow\">\n<figure class=\"wp-block-image size-large\"><img loading=\"lazy\" decoding=\"async\" width=\"1024\" height=\"578\" src=\"https:\/\/www.herzegovinabike.ba\/wp-content\/uploads\/2025\/09\/Rutom-Stecaka-slika-12-1024x578.jpg\" alt=\"\" class=\"wp-image-18895\" srcset=\"https:\/\/www.herzegovinabike.ba\/wp-content\/uploads\/2025\/09\/Rutom-Stecaka-slika-12-1024x578.jpg 1024w, https:\/\/www.herzegovinabike.ba\/wp-content\/uploads\/2025\/09\/Rutom-Stecaka-slika-12-300x169.jpg 300w, https:\/\/www.herzegovinabike.ba\/wp-content\/uploads\/2025\/09\/Rutom-Stecaka-slika-12-768x433.jpg 768w, https:\/\/www.herzegovinabike.ba\/wp-content\/uploads\/2025\/09\/Rutom-Stecaka-slika-12-18x10.jpg 18w, https:\/\/www.herzegovinabike.ba\/wp-content\/uploads\/2025\/09\/Rutom-Stecaka-slika-12-600x339.jpg 600w, https:\/\/www.herzegovinabike.ba\/wp-content\/uploads\/2025\/09\/Rutom-Stecaka-slika-12.jpg 1200w\" sizes=\"auto, (max-width: 1024px) 100vw, 1024px\" \/><\/figure>\n<\/div>\n\n\n\n<div class=\"wp-block-column is-layout-flow wp-block-column-is-layout-flow\">\n<figure class=\"wp-block-image size-large\"><img loading=\"lazy\" decoding=\"async\" width=\"1024\" height=\"578\" src=\"https:\/\/www.herzegovinabike.ba\/wp-content\/uploads\/2025\/09\/Rutom-Stecaka-slika-6-1024x578.jpg\" alt=\"\" class=\"wp-image-18889\" srcset=\"https:\/\/www.herzegovinabike.ba\/wp-content\/uploads\/2025\/09\/Rutom-Stecaka-slika-6-1024x578.jpg 1024w, https:\/\/www.herzegovinabike.ba\/wp-content\/uploads\/2025\/09\/Rutom-Stecaka-slika-6-300x169.jpg 300w, https:\/\/www.herzegovinabike.ba\/wp-content\/uploads\/2025\/09\/Rutom-Stecaka-slika-6-768x433.jpg 768w, https:\/\/www.herzegovinabike.ba\/wp-content\/uploads\/2025\/09\/Rutom-Stecaka-slika-6-18x10.jpg 18w, https:\/\/www.herzegovinabike.ba\/wp-content\/uploads\/2025\/09\/Rutom-Stecaka-slika-6-600x339.jpg 600w, https:\/\/www.herzegovinabike.ba\/wp-content\/uploads\/2025\/09\/Rutom-Stecaka-slika-6.jpg 1200w\" sizes=\"auto, (max-width: 1024px) 100vw, 1024px\" \/><\/figure>\n<\/div>\n<\/div>\n\n\n\n<p><strong>Refreshments and fellowship<\/strong><\/p>\n\n\n\n<p>After completing the route, participants were welcomed at Ljubu\u0161ki\u2019s town square with refreshments and a meal provided by the hosts. With laughter, the sharing of impressions, and group photos, another stage of the \u201cRutom ste\u0107aka\u201d project came to a close \u2013 a project that uniquely combines sport, history, and tourism.<\/p>\n\n\n\n<div class=\"wp-block-columns is-layout-flex wp-container-core-columns-is-layout-9d6595d7 wp-block-columns-is-layout-flex\">\n<div class=\"wp-block-column is-layout-flow wp-block-column-is-layout-flow\">\n<figure class=\"wp-block-image size-large\"><img loading=\"lazy\" decoding=\"async\" width=\"1024\" height=\"578\" src=\"https:\/\/www.herzegovinabike.ba\/wp-content\/uploads\/2025\/09\/Rutom-Stecaka-slika-8-1024x578.jpg\" alt=\"\" class=\"wp-image-18891\" srcset=\"https:\/\/www.herzegovinabike.ba\/wp-content\/uploads\/2025\/09\/Rutom-Stecaka-slika-8-1024x578.jpg 1024w, https:\/\/www.herzegovinabike.ba\/wp-content\/uploads\/2025\/09\/Rutom-Stecaka-slika-8-300x169.jpg 300w, https:\/\/www.herzegovinabike.ba\/wp-content\/uploads\/2025\/09\/Rutom-Stecaka-slika-8-768x433.jpg 768w, https:\/\/www.herzegovinabike.ba\/wp-content\/uploads\/2025\/09\/Rutom-Stecaka-slika-8-18x10.jpg 18w, https:\/\/www.herzegovinabike.ba\/wp-content\/uploads\/2025\/09\/Rutom-Stecaka-slika-8-600x339.jpg 600w, https:\/\/www.herzegovinabike.ba\/wp-content\/uploads\/2025\/09\/Rutom-Stecaka-slika-8.jpg 1200w\" sizes=\"auto, (max-width: 1024px) 100vw, 1024px\" \/><\/figure>\n<\/div>\n\n\n\n<div class=\"wp-block-column is-layout-flow wp-block-column-is-layout-flow\">\n<figure class=\"wp-block-image size-large\"><img loading=\"lazy\" decoding=\"async\" width=\"1024\" height=\"578\" src=\"https:\/\/www.herzegovinabike.ba\/wp-content\/uploads\/2025\/09\/Rutom-Stecaka-slika-9-1024x578.jpg\" alt=\"\" class=\"wp-image-18892\" srcset=\"https:\/\/www.herzegovinabike.ba\/wp-content\/uploads\/2025\/09\/Rutom-Stecaka-slika-9-1024x578.jpg 1024w, https:\/\/www.herzegovinabike.ba\/wp-content\/uploads\/2025\/09\/Rutom-Stecaka-slika-9-300x169.jpg 300w, https:\/\/www.herzegovinabike.ba\/wp-content\/uploads\/2025\/09\/Rutom-Stecaka-slika-9-768x433.jpg 768w, https:\/\/www.herzegovinabike.ba\/wp-content\/uploads\/2025\/09\/Rutom-Stecaka-slika-9-18x10.jpg 18w, https:\/\/www.herzegovinabike.ba\/wp-content\/uploads\/2025\/09\/Rutom-Stecaka-slika-9-600x339.jpg 600w, https:\/\/www.herzegovinabike.ba\/wp-content\/uploads\/2025\/09\/Rutom-Stecaka-slika-9.jpg 1200w\" sizes=\"auto, (max-width: 1024px) 100vw, 1024px\" \/><\/figure>\n<\/div>\n<\/div>\n\n\n\n<p><strong>A project with vision<\/strong><\/p>\n\n\n\n<p>The \u201cRutom ste\u0107aka\u201d project is implemented within the international program <strong>SUSTOUR \u2013 Sustainable Tourism for Local Development<\/strong>, funded through the <strong>Interreg VI-A IPA Programa Croatia \u2013 Bosnia and Herzegovina \u2013 Montenegro 2021 \u2013 2027<\/strong>, with the support <strong>Ministry of Education, Science, Culture, and Sports of the West Herzegovina Canton<\/strong>.<\/p>\n\n\n\n<p>Through this project, the ste\u0107ci are not just stones \u2013 they become stories, lessons, and inspiration for all generations.<\/p>\n\n\n\n<div class=\"wp-block-columns is-layout-flex wp-container-core-columns-is-layout-9d6595d7 wp-block-columns-is-layout-flex\">\n<div class=\"wp-block-column is-layout-flow wp-block-column-is-layout-flow\">\n<figure class=\"wp-block-image size-large\"><img loading=\"lazy\" decoding=\"async\" width=\"1024\" height=\"578\" src=\"https:\/\/www.herzegovinabike.ba\/wp-content\/uploads\/2025\/09\/Rutom-Stecaka-slika-10-1024x578.jpg\" alt=\"\" class=\"wp-image-18893\" srcset=\"https:\/\/www.herzegovinabike.ba\/wp-content\/uploads\/2025\/09\/Rutom-Stecaka-slika-10-1024x578.jpg 1024w, https:\/\/www.herzegovinabike.ba\/wp-content\/uploads\/2025\/09\/Rutom-Stecaka-slika-10-300x169.jpg 300w, https:\/\/www.herzegovinabike.ba\/wp-content\/uploads\/2025\/09\/Rutom-Stecaka-slika-10-768x433.jpg 768w, https:\/\/www.herzegovinabike.ba\/wp-content\/uploads\/2025\/09\/Rutom-Stecaka-slika-10-18x10.jpg 18w, https:\/\/www.herzegovinabike.ba\/wp-content\/uploads\/2025\/09\/Rutom-Stecaka-slika-10-600x339.jpg 600w, https:\/\/www.herzegovinabike.ba\/wp-content\/uploads\/2025\/09\/Rutom-Stecaka-slika-10.jpg 1200w\" sizes=\"auto, (max-width: 1024px) 100vw, 1024px\" \/><\/figure>\n<\/div>\n\n\n\n<div class=\"wp-block-column is-layout-flow wp-block-column-is-layout-flow\">\n<figure class=\"wp-block-image size-large\"><img loading=\"lazy\" decoding=\"async\" width=\"1024\" height=\"578\" src=\"https:\/\/www.herzegovinabike.ba\/wp-content\/uploads\/2025\/09\/Rutom-Stecaka-slika-11-1024x578.jpg\" alt=\"\" class=\"wp-image-18894\" srcset=\"https:\/\/www.herzegovinabike.ba\/wp-content\/uploads\/2025\/09\/Rutom-Stecaka-slika-11-1024x578.jpg 1024w, https:\/\/www.herzegovinabike.ba\/wp-content\/uploads\/2025\/09\/Rutom-Stecaka-slika-11-300x169.jpg 300w, https:\/\/www.herzegovinabike.ba\/wp-content\/uploads\/2025\/09\/Rutom-Stecaka-slika-11-768x433.jpg 768w, https:\/\/www.herzegovinabike.ba\/wp-content\/uploads\/2025\/09\/Rutom-Stecaka-slika-11-18x10.jpg 18w, https:\/\/www.herzegovinabike.ba\/wp-content\/uploads\/2025\/09\/Rutom-Stecaka-slika-11-600x339.jpg 600w, https:\/\/www.herzegovinabike.ba\/wp-content\/uploads\/2025\/09\/Rutom-Stecaka-slika-11.jpg 1200w\" sizes=\"auto, (max-width: 1024px) 100vw, 1024px\" \/><\/figure>\n<\/div>\n<\/div>\n\n\n\n<p><strong>Next stop \u2013 Blidinje<\/strong><\/p>\n\n\n\n<p>The \u201cRutom ste\u0107aka\u201d cycling tour will conclude its journey in Blidinje, as part <strong>Blidinje Gastro Festival<\/strong> where the final ride will take place as part <strong>Sunday, September 14, 2025.<\/strong>.<\/p>\n\n\n\n<p>We invite all lovers of nature, cycling, and cultural heritage to join us for this unique event.<\/p>\n\n\n\n<div class=\"wp-block-columns is-layout-flex wp-container-core-columns-is-layout-9d6595d7 wp-block-columns-is-layout-flex\">\n<div class=\"wp-block-column is-layout-flow wp-block-column-is-layout-flow\">\n<figure class=\"wp-block-image size-large\"><img loading=\"lazy\" decoding=\"async\" width=\"1024\" height=\"578\" src=\"https:\/\/www.herzegovinabike.ba\/wp-content\/uploads\/2025\/09\/Rutom-Stecaka-slika-12-1024x578.jpg\" alt=\"\" class=\"wp-image-18895\" srcset=\"https:\/\/www.herzegovinabike.ba\/wp-content\/uploads\/2025\/09\/Rutom-Stecaka-slika-12-1024x578.jpg 1024w, https:\/\/www.herzegovinabike.ba\/wp-content\/uploads\/2025\/09\/Rutom-Stecaka-slika-12-300x169.jpg 300w, https:\/\/www.herzegovinabike.ba\/wp-content\/uploads\/2025\/09\/Rutom-Stecaka-slika-12-768x433.jpg 768w, https:\/\/www.herzegovinabike.ba\/wp-content\/uploads\/2025\/09\/Rutom-Stecaka-slika-12-18x10.jpg 18w, https:\/\/www.herzegovinabike.ba\/wp-content\/uploads\/2025\/09\/Rutom-Stecaka-slika-12-600x339.jpg 600w, https:\/\/www.herzegovinabike.ba\/wp-content\/uploads\/2025\/09\/Rutom-Stecaka-slika-12.jpg 1200w\" sizes=\"auto, (max-width: 1024px) 100vw, 1024px\" \/><\/figure>\n<\/div>\n\n\n\n<div class=\"wp-block-column is-layout-flow wp-block-column-is-layout-flow\">\n<figure class=\"wp-block-image size-large\"><img loading=\"lazy\" decoding=\"async\" width=\"1024\" height=\"578\" src=\"https:\/\/www.herzegovinabike.ba\/wp-content\/uploads\/2025\/09\/Rutom-Stecaka-slika-7-1024x578.jpg\" alt=\"\" class=\"wp-image-18890\" srcset=\"https:\/\/www.herzegovinabike.ba\/wp-content\/uploads\/2025\/09\/Rutom-Stecaka-slika-7-1024x578.jpg 1024w, https:\/\/www.herzegovinabike.ba\/wp-content\/uploads\/2025\/09\/Rutom-Stecaka-slika-7-300x169.jpg 300w, https:\/\/www.herzegovinabike.ba\/wp-content\/uploads\/2025\/09\/Rutom-Stecaka-slika-7-768x433.jpg 768w, https:\/\/www.herzegovinabike.ba\/wp-content\/uploads\/2025\/09\/Rutom-Stecaka-slika-7-18x10.jpg 18w, https:\/\/www.herzegovinabike.ba\/wp-content\/uploads\/2025\/09\/Rutom-Stecaka-slika-7-600x339.jpg 600w, https:\/\/www.herzegovinabike.ba\/wp-content\/uploads\/2025\/09\/Rutom-Stecaka-slika-7.jpg 1200w\" sizes=\"auto, (max-width: 1024px) 100vw, 1024px\" \/><\/figure>\n<\/div>\n<\/div>\n\n\n\n<p><strong>See you \u2013 on the bike, among the ste\u0107ci, through the timeless landscape of Herzegovina!<\/strong><\/p>\n\n\n<div class=\"wp-block-image\">\n<figure class=\"aligncenter size-full\"><img loading=\"lazy\" decoding=\"async\" width=\"998\" height=\"391\" src=\"https:\/\/www.herzegovinabike.ba\/wp-content\/uploads\/2025\/06\/logo-sustour.jpg\" alt=\"\" class=\"wp-image-17812\" srcset=\"https:\/\/www.herzegovinabike.ba\/wp-content\/uploads\/2025\/06\/logo-sustour.jpg 998w, https:\/\/www.herzegovinabike.ba\/wp-content\/uploads\/2025\/06\/logo-sustour-300x118.jpg 300w, https:\/\/www.herzegovinabike.ba\/wp-content\/uploads\/2025\/06\/logo-sustour-768x301.jpg 768w, https:\/\/www.herzegovinabike.ba\/wp-content\/uploads\/2025\/06\/logo-sustour-18x7.jpg 18w, https:\/\/www.herzegovinabike.ba\/wp-content\/uploads\/2025\/06\/logo-sustour-600x235.jpg 600w\" sizes=\"auto, (max-width: 998px) 100vw, 998px\" \/><\/figure>\n<\/div>","protected":false},"excerpt":{"rendered":"<p>Biciklom kroz povijest, prirodu i zajedni\u0161tvo Ljubu\u0161ki je u nedjelju bio doma\u0107in \u010detvrte biciklijade u sklopu projekta \u201cRutom ste\u0107aka\u201d, jo\u0161 jednom potvr\u0111uju\u0107i da biciklizam nije samo sport, ve\u0107 i most izme\u0111u rekreacije, kulturne ba\u0161tine i odr\u017eivog turizma. Doga\u0111aj je organizirao Biciklisti\u010dki klub Ljubu\u0161ki u suradnji s udrugom HerzegovinaBike, a na startu se okupilo oko 200 [&hellip;]<\/p>\n","protected":false},"author":2,"featured_media":18896,"comment_status":"closed","ping_status":"open","sticky":false,"template":"","format":"standard","meta":{"footnotes":""},"categories":[2],"tags":[],"class_list":["post-18881","post","type-post","status-publish","format-standard","has-post-thumbnail","hentry","category-blog"],"yoast_head":"<!-- This site is optimized with the Yoast SEO Premium plugin v21.5 (Yoast SEO v27.4) - https:\/\/yoast.com\/product\/yoast-seo-premium-wordpress\/ -->\n<title>Odr\u017eana \u010detvrta biciklijada \u201cRutom ste\u0107aka\u201d u Ljubu\u0161kom - HerzegovinaBike<\/title>\n<meta name=\"description\" content=\"Ljubu\u0161ki je u nedjelju bio doma\u0107in \u010detvrte biciklijade u sklopu projekta \u201cRutom ste\u0107aka\u201d, jo\u0161 jednom potvr\u0111uju\u0107i da biciklizam nije samo sport\" \/>\n<meta name=\"robots\" content=\"index, follow, max-snippet:-1, max-image-preview:large, max-video-preview:-1\" \/>\n<link rel=\"canonical\" href=\"https:\/\/www.herzegovinabike.ba\/en\/odrzana-cetvrta-biciklijada-rutom-stecaka-u-ljubuskom\/\" \/>\n<meta property=\"og:locale\" content=\"en_US\" \/>\n<meta property=\"og:type\" content=\"article\" \/>\n<meta property=\"og:title\" content=\"Odr\u017eana \u010detvrta biciklijada \u201cRutom ste\u0107aka\u201d u Ljubu\u0161kom\" \/>\n<meta property=\"og:description\" content=\"Ljubu\u0161ki je u nedjelju bio doma\u0107in \u010detvrte biciklijade u sklopu projekta \u201cRutom ste\u0107aka\u201d, jo\u0161 jednom potvr\u0111uju\u0107i da biciklizam nije samo sport\" \/>\n<meta property=\"og:url\" content=\"https:\/\/www.herzegovinabike.ba\/en\/odrzana-cetvrta-biciklijada-rutom-stecaka-u-ljubuskom\/\" \/>\n<meta property=\"og:site_name\" content=\"HerzegovinaBike\" \/>\n<meta property=\"article:publisher\" content=\"https:\/\/www.facebook.com\/HerzegovinaBike\" \/>\n<meta property=\"article:author\" content=\"https:\/\/www.facebook.com\/HerzegovinaBike\/\" \/>\n<meta property=\"article:published_time\" content=\"2025-09-08T07:49:37+00:00\" \/>\n<meta property=\"article:modified_time\" content=\"2025-09-15T08:49:31+00:00\" \/>\n<meta property=\"og:image\" content=\"https:\/\/www.herzegovinabike.ba\/wp-content\/uploads\/2025\/09\/Rutom-Stecaka-slika-naslovna.jpg\" \/>\n\t<meta property=\"og:image:width\" content=\"1200\" \/>\n\t<meta property=\"og:image:height\" content=\"800\" \/>\n\t<meta property=\"og:image:type\" content=\"image\/jpeg\" \/>\n<meta name=\"author\" content=\"Herzegovina Bike\" \/>\n<meta name=\"twitter:card\" content=\"summary_large_image\" \/>\n<meta name=\"twitter:creator\" content=\"@https:\/\/twitter.com\/HerzegovinaBike\" \/>\n<meta name=\"twitter:label1\" content=\"Written by\" \/>\n\t<meta name=\"twitter:data1\" content=\"Herzegovina Bike\" \/>\n\t<meta name=\"twitter:label2\" content=\"Est. reading time\" \/>\n\t<meta name=\"twitter:data2\" content=\"6 minutes\" \/>\n<script type=\"application\/ld+json\" class=\"yoast-schema-graph\">{\"@context\":\"https:\\\/\\\/schema.org\",\"@graph\":[{\"@type\":\"Article\",\"@id\":\"https:\\\/\\\/www.herzegovinabike.ba\\\/odrzana-cetvrta-biciklijada-rutom-stecaka-u-ljubuskom\\\/#article\",\"isPartOf\":{\"@id\":\"https:\\\/\\\/www.herzegovinabike.ba\\\/odrzana-cetvrta-biciklijada-rutom-stecaka-u-ljubuskom\\\/\"},\"author\":{\"name\":\"Herzegovina Bike\",\"@id\":\"https:\\\/\\\/www.herzegovinabike.ba\\\/#\\\/schema\\\/person\\\/1161ca5c7a242dc0e69d24c0fb304ccb\"},\"headline\":\"Odr\u017eana \u010detvrta biciklijada \u201cRutom ste\u0107aka\u201d u Ljubu\u0161kom\",\"datePublished\":\"2025-09-08T07:49:37+00:00\",\"dateModified\":\"2025-09-15T08:49:31+00:00\",\"mainEntityOfPage\":{\"@id\":\"https:\\\/\\\/www.herzegovinabike.ba\\\/odrzana-cetvrta-biciklijada-rutom-stecaka-u-ljubuskom\\\/\"},\"wordCount\":536,\"publisher\":{\"@id\":\"https:\\\/\\\/www.herzegovinabike.ba\\\/#organization\"},\"image\":{\"@id\":\"https:\\\/\\\/www.herzegovinabike.ba\\\/odrzana-cetvrta-biciklijada-rutom-stecaka-u-ljubuskom\\\/#primaryimage\"},\"thumbnailUrl\":\"https:\\\/\\\/www.herzegovinabike.ba\\\/wp-content\\\/uploads\\\/2025\\\/09\\\/Rutom-Stecaka-slika-naslovna.jpg\",\"articleSection\":[\"Blog\"],\"inLanguage\":\"en-US\"},{\"@type\":\"WebPage\",\"@id\":\"https:\\\/\\\/www.herzegovinabike.ba\\\/odrzana-cetvrta-biciklijada-rutom-stecaka-u-ljubuskom\\\/\",\"url\":\"https:\\\/\\\/www.herzegovinabike.ba\\\/odrzana-cetvrta-biciklijada-rutom-stecaka-u-ljubuskom\\\/\",\"name\":\"Odr\u017eana \u010detvrta biciklijada \u201cRutom ste\u0107aka\u201d u Ljubu\u0161kom - HerzegovinaBike\",\"isPartOf\":{\"@id\":\"https:\\\/\\\/www.herzegovinabike.ba\\\/#website\"},\"primaryImageOfPage\":{\"@id\":\"https:\\\/\\\/www.herzegovinabike.ba\\\/odrzana-cetvrta-biciklijada-rutom-stecaka-u-ljubuskom\\\/#primaryimage\"},\"image\":{\"@id\":\"https:\\\/\\\/www.herzegovinabike.ba\\\/odrzana-cetvrta-biciklijada-rutom-stecaka-u-ljubuskom\\\/#primaryimage\"},\"thumbnailUrl\":\"https:\\\/\\\/www.herzegovinabike.ba\\\/wp-content\\\/uploads\\\/2025\\\/09\\\/Rutom-Stecaka-slika-naslovna.jpg\",\"datePublished\":\"2025-09-08T07:49:37+00:00\",\"dateModified\":\"2025-09-15T08:49:31+00:00\",\"description\":\"Ljubu\u0161ki je u nedjelju bio doma\u0107in \u010detvrte biciklijade u sklopu projekta \u201cRutom ste\u0107aka\u201d, jo\u0161 jednom potvr\u0111uju\u0107i da biciklizam nije samo sport\",\"breadcrumb\":{\"@id\":\"https:\\\/\\\/www.herzegovinabike.ba\\\/odrzana-cetvrta-biciklijada-rutom-stecaka-u-ljubuskom\\\/#breadcrumb\"},\"inLanguage\":\"en-US\",\"potentialAction\":[{\"@type\":\"ReadAction\",\"target\":[\"https:\\\/\\\/www.herzegovinabike.ba\\\/odrzana-cetvrta-biciklijada-rutom-stecaka-u-ljubuskom\\\/\"]}]},{\"@type\":\"ImageObject\",\"inLanguage\":\"en-US\",\"@id\":\"https:\\\/\\\/www.herzegovinabike.ba\\\/odrzana-cetvrta-biciklijada-rutom-stecaka-u-ljubuskom\\\/#primaryimage\",\"url\":\"https:\\\/\\\/www.herzegovinabike.ba\\\/wp-content\\\/uploads\\\/2025\\\/09\\\/Rutom-Stecaka-slika-naslovna.jpg\",\"contentUrl\":\"https:\\\/\\\/www.herzegovinabike.ba\\\/wp-content\\\/uploads\\\/2025\\\/09\\\/Rutom-Stecaka-slika-naslovna.jpg\",\"width\":1200,\"height\":800},{\"@type\":\"BreadcrumbList\",\"@id\":\"https:\\\/\\\/www.herzegovinabike.ba\\\/odrzana-cetvrta-biciklijada-rutom-stecaka-u-ljubuskom\\\/#breadcrumb\",\"itemListElement\":[{\"@type\":\"ListItem\",\"position\":1,\"name\":\"Po\u010detna stranica\",\"item\":\"https:\\\/\\\/www.herzegovinabike.ba\\\/\"},{\"@type\":\"ListItem\",\"position\":2,\"name\":\"Odr\u017eana \u010detvrta biciklijada \u201cRutom ste\u0107aka\u201d u Ljubu\u0161kom\"}]},{\"@type\":\"WebSite\",\"@id\":\"https:\\\/\\\/www.herzegovinabike.ba\\\/#website\",\"url\":\"https:\\\/\\\/www.herzegovinabike.ba\\\/\",\"name\":\"HerzegovinaBike\",\"description\":\"Your place under the sun\",\"publisher\":{\"@id\":\"https:\\\/\\\/www.herzegovinabike.ba\\\/#organization\"},\"potentialAction\":[{\"@type\":\"SearchAction\",\"target\":{\"@type\":\"EntryPoint\",\"urlTemplate\":\"https:\\\/\\\/www.herzegovinabike.ba\\\/?s={search_term_string}\"},\"query-input\":{\"@type\":\"PropertyValueSpecification\",\"valueRequired\":true,\"valueName\":\"search_term_string\"}}],\"inLanguage\":\"en-US\"},{\"@type\":\"Organization\",\"@id\":\"https:\\\/\\\/www.herzegovinabike.ba\\\/#organization\",\"name\":\"Udruga HerzegovinaBike\",\"url\":\"https:\\\/\\\/www.herzegovinabike.ba\\\/\",\"logo\":{\"@type\":\"ImageObject\",\"inLanguage\":\"en-US\",\"@id\":\"https:\\\/\\\/www.herzegovinabike.ba\\\/#\\\/schema\\\/logo\\\/image\\\/\",\"url\":\"https:\\\/\\\/www.bike.herzegovinabike.ba\\\/wp-content\\\/uploads\\\/2023\\\/11\\\/herzegovina_bike_logo_horizontal.png\",\"contentUrl\":\"https:\\\/\\\/www.bike.herzegovinabike.ba\\\/wp-content\\\/uploads\\\/2023\\\/11\\\/herzegovina_bike_logo_horizontal.png\",\"width\":1757,\"height\":1061,\"caption\":\"Udruga HerzegovinaBike\"},\"image\":{\"@id\":\"https:\\\/\\\/www.herzegovinabike.ba\\\/#\\\/schema\\\/logo\\\/image\\\/\"},\"sameAs\":[\"https:\\\/\\\/www.facebook.com\\\/HerzegovinaBike\",\"https:\\\/\\\/www.instagram.com\\\/herzegovinabike\\\/\"]},{\"@type\":\"Person\",\"@id\":\"https:\\\/\\\/www.herzegovinabike.ba\\\/#\\\/schema\\\/person\\\/1161ca5c7a242dc0e69d24c0fb304ccb\",\"name\":\"Herzegovina Bike\",\"image\":{\"@type\":\"ImageObject\",\"inLanguage\":\"en-US\",\"@id\":\"https:\\\/\\\/secure.gravatar.com\\\/avatar\\\/236a03b53b73db89b68d17aa2f415bb2a2d3b326d0632f3a602c6c9cacba1ff0?s=96&d=mm&r=g\",\"url\":\"https:\\\/\\\/secure.gravatar.com\\\/avatar\\\/236a03b53b73db89b68d17aa2f415bb2a2d3b326d0632f3a602c6c9cacba1ff0?s=96&d=mm&r=g\",\"contentUrl\":\"https:\\\/\\\/secure.gravatar.com\\\/avatar\\\/236a03b53b73db89b68d17aa2f415bb2a2d3b326d0632f3a602c6c9cacba1ff0?s=96&d=mm&r=g\",\"caption\":\"Herzegovina Bike\"},\"description\":\"Udruga \u201cHerzegovinaBike\u201d je pokreta\u010d (i sredi\u0161te) razvoja biciklizma kao cikloturizma, rekreacije i sporta u Hercegovini. CILJ: Hercegovina kao vrhunska cikloturisti\u010dka destinacija. \u2705\",\"sameAs\":[\"https:\\\/\\\/www.herzegovinabike.ba\\\/\",\"https:\\\/\\\/www.facebook.com\\\/HerzegovinaBike\\\/\",\"https:\\\/\\\/www.instagram.com\\\/herzegovinabike\\\/\",\"https:\\\/\\\/www.linkedin.com\\\/in\\\/herzegovina-bike-ba605a29b\\\/\",\"https:\\\/\\\/x.com\\\/https:\\\/\\\/twitter.com\\\/HerzegovinaBike\",\"https:\\\/\\\/www.youtube.com\\\/channel\\\/UCOFGFUHmcGVzVHD9WgOGTrA\"],\"url\":\"https:\\\/\\\/www.herzegovinabike.ba\\\/en\\\/author\\\/toni\\\/\"}]}<\/script>\n<!-- \/ Yoast SEO Premium plugin. -->","yoast_head_json":{"title":"Odr\u017eana \u010detvrta biciklijada \u201cRutom ste\u0107aka\u201d u Ljubu\u0161kom - HerzegovinaBike","description":"Ljubu\u0161ki je u nedjelju bio doma\u0107in \u010detvrte biciklijade u sklopu projekta \u201cRutom ste\u0107aka\u201d, jo\u0161 jednom potvr\u0111uju\u0107i da biciklizam nije samo sport","robots":{"index":"index","follow":"follow","max-snippet":"max-snippet:-1","max-image-preview":"max-image-preview:large","max-video-preview":"max-video-preview:-1"},"canonical":"https:\/\/www.herzegovinabike.ba\/en\/odrzana-cetvrta-biciklijada-rutom-stecaka-u-ljubuskom\/","og_locale":"en_US","og_type":"article","og_title":"Odr\u017eana \u010detvrta biciklijada \u201cRutom ste\u0107aka\u201d u Ljubu\u0161kom","og_description":"Ljubu\u0161ki je u nedjelju bio doma\u0107in \u010detvrte biciklijade u sklopu projekta \u201cRutom ste\u0107aka\u201d, jo\u0161 jednom potvr\u0111uju\u0107i da biciklizam nije samo sport","og_url":"https:\/\/www.herzegovinabike.ba\/en\/odrzana-cetvrta-biciklijada-rutom-stecaka-u-ljubuskom\/","og_site_name":"HerzegovinaBike","article_publisher":"https:\/\/www.facebook.com\/HerzegovinaBike","article_author":"https:\/\/www.facebook.com\/HerzegovinaBike\/","article_published_time":"2025-09-08T07:49:37+00:00","article_modified_time":"2025-09-15T08:49:31+00:00","og_image":[{"width":1200,"height":800,"url":"https:\/\/www.herzegovinabike.ba\/wp-content\/uploads\/2025\/09\/Rutom-Stecaka-slika-naslovna.jpg","type":"image\/jpeg"}],"author":"Herzegovina Bike","twitter_card":"summary_large_image","twitter_creator":"@https:\/\/twitter.com\/HerzegovinaBike","twitter_misc":{"Written by":"Herzegovina Bike","Est. reading time":"6 minutes"},"schema":{"@context":"https:\/\/schema.org","@graph":[{"@type":"Article","@id":"https:\/\/www.herzegovinabike.ba\/odrzana-cetvrta-biciklijada-rutom-stecaka-u-ljubuskom\/#article","isPartOf":{"@id":"https:\/\/www.herzegovinabike.ba\/odrzana-cetvrta-biciklijada-rutom-stecaka-u-ljubuskom\/"},"author":{"name":"Herzegovina Bike","@id":"https:\/\/www.herzegovinabike.ba\/#\/schema\/person\/1161ca5c7a242dc0e69d24c0fb304ccb"},"headline":"Odr\u017eana \u010detvrta biciklijada \u201cRutom ste\u0107aka\u201d u Ljubu\u0161kom","datePublished":"2025-09-08T07:49:37+00:00","dateModified":"2025-09-15T08:49:31+00:00","mainEntityOfPage":{"@id":"https:\/\/www.herzegovinabike.ba\/odrzana-cetvrta-biciklijada-rutom-stecaka-u-ljubuskom\/"},"wordCount":536,"publisher":{"@id":"https:\/\/www.herzegovinabike.ba\/#organization"},"image":{"@id":"https:\/\/www.herzegovinabike.ba\/odrzana-cetvrta-biciklijada-rutom-stecaka-u-ljubuskom\/#primaryimage"},"thumbnailUrl":"https:\/\/www.herzegovinabike.ba\/wp-content\/uploads\/2025\/09\/Rutom-Stecaka-slika-naslovna.jpg","articleSection":["Blog"],"inLanguage":"en-US"},{"@type":"WebPage","@id":"https:\/\/www.herzegovinabike.ba\/odrzana-cetvrta-biciklijada-rutom-stecaka-u-ljubuskom\/","url":"https:\/\/www.herzegovinabike.ba\/odrzana-cetvrta-biciklijada-rutom-stecaka-u-ljubuskom\/","name":"Odr\u017eana \u010detvrta biciklijada \u201cRutom ste\u0107aka\u201d u Ljubu\u0161kom - HerzegovinaBike","isPartOf":{"@id":"https:\/\/www.herzegovinabike.ba\/#website"},"primaryImageOfPage":{"@id":"https:\/\/www.herzegovinabike.ba\/odrzana-cetvrta-biciklijada-rutom-stecaka-u-ljubuskom\/#primaryimage"},"image":{"@id":"https:\/\/www.herzegovinabike.ba\/odrzana-cetvrta-biciklijada-rutom-stecaka-u-ljubuskom\/#primaryimage"},"thumbnailUrl":"https:\/\/www.herzegovinabike.ba\/wp-content\/uploads\/2025\/09\/Rutom-Stecaka-slika-naslovna.jpg","datePublished":"2025-09-08T07:49:37+00:00","dateModified":"2025-09-15T08:49:31+00:00","description":"Ljubu\u0161ki je u nedjelju bio doma\u0107in \u010detvrte biciklijade u sklopu projekta \u201cRutom ste\u0107aka\u201d, jo\u0161 jednom potvr\u0111uju\u0107i da biciklizam nije samo sport","breadcrumb":{"@id":"https:\/\/www.herzegovinabike.ba\/odrzana-cetvrta-biciklijada-rutom-stecaka-u-ljubuskom\/#breadcrumb"},"inLanguage":"en-US","potentialAction":[{"@type":"ReadAction","target":["https:\/\/www.herzegovinabike.ba\/odrzana-cetvrta-biciklijada-rutom-stecaka-u-ljubuskom\/"]}]},{"@type":"ImageObject","inLanguage":"en-US","@id":"https:\/\/www.herzegovinabike.ba\/odrzana-cetvrta-biciklijada-rutom-stecaka-u-ljubuskom\/#primaryimage","url":"https:\/\/www.herzegovinabike.ba\/wp-content\/uploads\/2025\/09\/Rutom-Stecaka-slika-naslovna.jpg","contentUrl":"https:\/\/www.herzegovinabike.ba\/wp-content\/uploads\/2025\/09\/Rutom-Stecaka-slika-naslovna.jpg","width":1200,"height":800},{"@type":"BreadcrumbList","@id":"https:\/\/www.herzegovinabike.ba\/odrzana-cetvrta-biciklijada-rutom-stecaka-u-ljubuskom\/#breadcrumb","itemListElement":[{"@type":"ListItem","position":1,"name":"Po\u010detna stranica","item":"https:\/\/www.herzegovinabike.ba\/"},{"@type":"ListItem","position":2,"name":"Odr\u017eana \u010detvrta biciklijada \u201cRutom ste\u0107aka\u201d u Ljubu\u0161kom"}]},{"@type":"WebSite","@id":"https:\/\/www.herzegovinabike.ba\/#website","url":"https:\/\/www.herzegovinabike.ba\/","name":"HerzegovinaBike","description":"Your place under the sun","publisher":{"@id":"https:\/\/www.herzegovinabike.ba\/#organization"},"potentialAction":[{"@type":"SearchAction","target":{"@type":"EntryPoint","urlTemplate":"https:\/\/www.herzegovinabike.ba\/?s={search_term_string}"},"query-input":{"@type":"PropertyValueSpecification","valueRequired":true,"valueName":"search_term_string"}}],"inLanguage":"en-US"},{"@type":"Organization","@id":"https:\/\/www.herzegovinabike.ba\/#organization","name":"Association HerzegovinaBike","url":"https:\/\/www.herzegovinabike.ba\/","logo":{"@type":"ImageObject","inLanguage":"en-US","@id":"https:\/\/www.herzegovinabike.ba\/#\/schema\/logo\/image\/","url":"https:\/\/www.bike.herzegovinabike.ba\/wp-content\/uploads\/2023\/11\/herzegovina_bike_logo_horizontal.png","contentUrl":"https:\/\/www.bike.herzegovinabike.ba\/wp-content\/uploads\/2023\/11\/herzegovina_bike_logo_horizontal.png","width":1757,"height":1061,"caption":"Udruga HerzegovinaBike"},"image":{"@id":"https:\/\/www.herzegovinabike.ba\/#\/schema\/logo\/image\/"},"sameAs":["https:\/\/www.facebook.com\/HerzegovinaBike","https:\/\/www.instagram.com\/herzegovinabike\/"]},{"@type":"Person","@id":"https:\/\/www.herzegovinabike.ba\/#\/schema\/person\/1161ca5c7a242dc0e69d24c0fb304ccb","name":"Herzegovina Bike","image":{"@type":"ImageObject","inLanguage":"en-US","@id":"https:\/\/secure.gravatar.com\/avatar\/236a03b53b73db89b68d17aa2f415bb2a2d3b326d0632f3a602c6c9cacba1ff0?s=96&d=mm&r=g","url":"https:\/\/secure.gravatar.com\/avatar\/236a03b53b73db89b68d17aa2f415bb2a2d3b326d0632f3a602c6c9cacba1ff0?s=96&d=mm&r=g","contentUrl":"https:\/\/secure.gravatar.com\/avatar\/236a03b53b73db89b68d17aa2f415bb2a2d3b326d0632f3a602c6c9cacba1ff0?s=96&d=mm&r=g","caption":"Herzegovina Bike"},"description":"Udruga \u201cHerzegovinaBike\u201d je pokreta\u010d (i sredi\u0161te) razvoja biciklizma kao cikloturizma, rekreacije i sporta u Hercegovini. CILJ: Hercegovina kao vrhunska cikloturisti\u010dka destinacija. \u2705","sameAs":["https:\/\/www.herzegovinabike.ba\/","https:\/\/www.facebook.com\/HerzegovinaBike\/","https:\/\/www.instagram.com\/herzegovinabike\/","https:\/\/www.linkedin.com\/in\/herzegovina-bike-ba605a29b\/","https:\/\/x.com\/https:\/\/twitter.com\/HerzegovinaBike","https:\/\/www.youtube.com\/channel\/UCOFGFUHmcGVzVHD9WgOGTrA"],"url":"https:\/\/www.herzegovinabike.ba\/en\/author\/toni\/"}]}},"_links":{"self":[{"href":"https:\/\/www.herzegovinabike.ba\/en\/wp-json\/wp\/v2\/posts\/18881","targetHints":{"allow":["GET"]}}],"collection":[{"href":"https:\/\/www.herzegovinabike.ba\/en\/wp-json\/wp\/v2\/posts"}],"about":[{"href":"https:\/\/www.herzegovinabike.ba\/en\/wp-json\/wp\/v2\/types\/post"}],"author":[{"embeddable":true,"href":"https:\/\/www.herzegovinabike.ba\/en\/wp-json\/wp\/v2\/users\/2"}],"replies":[{"embeddable":true,"href":"https:\/\/www.herzegovinabike.ba\/en\/wp-json\/wp\/v2\/comments?post=18881"}],"version-history":[{"count":5,"href":"https:\/\/www.herzegovinabike.ba\/en\/wp-json\/wp\/v2\/posts\/18881\/revisions"}],"predecessor-version":[{"id":18923,"href":"https:\/\/www.herzegovinabike.ba\/en\/wp-json\/wp\/v2\/posts\/18881\/revisions\/18923"}],"wp:featuredmedia":[{"embeddable":true,"href":"https:\/\/www.herzegovinabike.ba\/en\/wp-json\/wp\/v2\/media\/18896"}],"wp:attachment":[{"href":"https:\/\/www.herzegovinabike.ba\/en\/wp-json\/wp\/v2\/media?parent=18881"}],"wp:term":[{"taxonomy":"category","embeddable":true,"href":"https:\/\/www.herzegovinabike.ba\/en\/wp-json\/wp\/v2\/categories?post=18881"},{"taxonomy":"post_tag","embeddable":true,"href":"https:\/\/www.herzegovinabike.ba\/en\/wp-json\/wp\/v2\/tags?post=18881"}],"curies":[{"name":"wp","href":"https:\/\/api.w.org\/{rel}","templated":true}]}}