{"id":19201,"date":"2025-12-08T09:26:26","date_gmt":"2025-12-08T08:26:26","guid":{"rendered":"https:\/\/www.herzegovinabike.ba\/?p=19201"},"modified":"2025-12-08T13:54:01","modified_gmt":"2025-12-08T12:54:01","slug":"podrska-opcine-centar-sarajevo-za-tour-of-bosnia-and-herzegovina","status":"publish","type":"post","link":"https:\/\/www.herzegovinabike.ba\/en\/podrska-opcine-centar-sarajevo-za-tour-of-bosnia-and-herzegovina\/","title":{"rendered":"Support of the Municipality of Centar Sarajevo for the \u201cTour of Bosnia and Herzegovina\u201d"},"content":{"rendered":"<p class=\"has-text-align-center\"><strong>With this support, the strengthening of institutional cooperation continues for the largest sporting event of 2026.<\/strong><\/p>\n\n\n\n<p>The Organizing Team of the international cycling race <em>Tour of Bosnia and Herzegovina<\/em> held a working meeting with the Mayor of the Municipality of Centar Sarajevo, Mr. <strong>Sr\u0111an Mandi\u0107<\/strong>. The meeting was attended by <strong>Toni Zori\u0107<\/strong>, Race Director and President of the Cycling Federation of Bosnia and Herzegovina, and <strong>Amar Njem\u010devi\u0107<\/strong>, the Tour\u2019s Sports Director.<\/p>\n\n\n\n<p>In a pleasant and constructive atmosphere, the key elements of the race were presented, including the planned start in Sarajevo in April 2026, as well as the importance of the project for promoting the capital city, developing cycle tourism, and increasing the international visibility of Bosnia and Herzegovina.<\/p>\n\n\n\n<p><strong>A Project of Importance for the Capital and the Country<\/strong><\/p>\n\n\n\n<p>During the meeting, the organizers emphasized that the race has already attracted remarkable interest \u2014 more than 60 teams from nearly 40 countries have expressed their wish to participate in the first edition of the <em>Tour of Bosnia and Herzegovina<\/em>. This level of interest confirms that Bosnia and Herzegovina is ready to host a major international sporting event that brings long-term sporting, tourist, and promotional benefits.<\/p>\n\n\n\n<p>Mayor <strong>Sr\u0111an Mandi\u0107<\/strong> welcomed the project and highlighted that the Municipality of Centar Sarajevo recognizes the value of an event that connects sport, tourism, and the international promotion of the city.<\/p>\n\n\n\n<p><em>\"Ma<\/em><em>ni<\/em><em>cipality of Centar Sarajevo is always ready to support projects that contribute to the development of sport, tourism, and the international reputation of our city and country. The \u2018Tour of Bosnia and Herzegovina\u2019 is much more than a sporting race \u2013 it is an opportunity to showcase the beauty of Sarajevo and Bosnia and Herzegovina to the world and to strengthen cooperation between local communities. I am pleased that the start of this major international event will take place right here in the heart of Sarajevo, and I am confident that together we will set the standard of organization at the highest level.\u201d \u2014 <\/em>stated Mayor<strong> Sr\u0111an Mandi\u0107.<\/strong><strong><\/strong><\/p>\n\n\n<div class=\"wp-block-image\">\n<figure class=\"aligncenter size-large\"><img loading=\"lazy\" decoding=\"async\" width=\"1024\" height=\"683\" src=\"https:\/\/www.herzegovinabike.ba\/wp-content\/uploads\/2025\/12\/Sastanak-Srdjan-Mandic-Tour-of-BiH-naslovna-1024x683.jpg\" alt=\"\" class=\"wp-image-19202\" srcset=\"https:\/\/www.herzegovinabike.ba\/wp-content\/uploads\/2025\/12\/Sastanak-Srdjan-Mandic-Tour-of-BiH-naslovna-1024x683.jpg 1024w, https:\/\/www.herzegovinabike.ba\/wp-content\/uploads\/2025\/12\/Sastanak-Srdjan-Mandic-Tour-of-BiH-naslovna-300x200.jpg 300w, https:\/\/www.herzegovinabike.ba\/wp-content\/uploads\/2025\/12\/Sastanak-Srdjan-Mandic-Tour-of-BiH-naslovna-768x512.jpg 768w, https:\/\/www.herzegovinabike.ba\/wp-content\/uploads\/2025\/12\/Sastanak-Srdjan-Mandic-Tour-of-BiH-naslovna-18x12.jpg 18w, https:\/\/www.herzegovinabike.ba\/wp-content\/uploads\/2025\/12\/Sastanak-Srdjan-Mandic-Tour-of-BiH-naslovna-600x400.jpg 600w, https:\/\/www.herzegovinabike.ba\/wp-content\/uploads\/2025\/12\/Sastanak-Srdjan-Mandic-Tour-of-BiH-naslovna.jpg 1200w\" sizes=\"auto, (max-width: 1024px) 100vw, 1024px\" \/><\/figure>\n<\/div>\n\n\n<p><strong>A Tour that connects Bosnia and Herzegovina<\/strong><\/p>\n\n\n\n<p>The Organizing Team presented the three-day, 450-kilometer route from Sarajevo to Neum, which will connect numerous towns and municipalities, promoting the natural beauty, tourism potential, and cultural heritage of Bosnia and Herzegovina.<\/p>\n\n\n\n<p>Race Director, <strong>Toni Zori\u0107<\/strong>, expressed gratitude for the meeting and support, emphasizing the crucial role of the capital city\u2019s institutions in the successful organization of the race start:<\/p>\n\n\n\n<p><em>\u201cThe support of the Municipality of Centar Sarajevo is another important recognition for this project. The Tour of Bosnia and Herzegovina is not just a sporting event \u2013 it is an international platform for presenting our country, its cities, and its people. I am confident that through our joint efforts we will deliver an event that will leave a lasting positive impact on the development of sport and tourism.\u201d<\/em><\/p>\n\n\n\n<p><strong>Amar Njem\u010devi\u0107, <\/strong>the Sports Director of the Tour of Bosnia and Herzegovina, emphasized the importance of this moment for domestic sport and cycling:<\/p>\n\n\n\n<p><em>\"This is an extremely important moment for sport and cycling in Bosnia and Herzegovina. For the first time, our national team has the opportunity to compete on home soil and collect UCI points that lead towards the Olympic Games. This race represents a powerful motivational tool for the development and affirmation of young athletes, as well as an opportunity to attract children and youth to cycling as a sport. I believe that the Tour of Bosnia and Herzegovina will be a driving force for the further growth of cycling in our country.\"<\/em><\/p>\n\n\n\n<p><strong>Strengthening Institutional Partnerships<\/strong><\/p>\n\n\n\n<p>The Organizing Committee has held a series of important meetings with institutions that have recognized and supported the project, and the support of the Municipality of Centar further strengthens the robust institutional framework being built around this event of national importance.<\/p>\n\n\n\n<p>The organizers continue their activities and preparations to ensure that Bosnia and Herzegovina shines in its full light in 2026 and positions itself among the countries capable of hosting major international cycling competitions.<\/p>","protected":false},"excerpt":{"rendered":"<p>Ovom podr\u0161kom nastavlja se ja\u010danje institucionalne suradnje za najve\u0107i sportski doga\u0111aj u 2026. Organizacijski tim me\u0111unarodne biciklisti\u010dke utrke Tour of Bosnia and Herzegovina odr\u017eao je radni sastanak s na\u010delnikom Op\u0107ine Centar Sarajevo, gdinom Sr\u0111anom Mandi\u0107em. Sastanku su prisustvovali Toni Zori\u0107, direktor utrke i predsjednik Biciklisti\u010dkog saveza Bosne i Hercegovine, te Amar Njem\u010devi\u0107, sportski direktor Toura. [&hellip;]<\/p>\n","protected":false},"author":2,"featured_media":19202,"comment_status":"closed","ping_status":"open","sticky":false,"template":"","format":"standard","meta":{"footnotes":""},"categories":[2],"tags":[],"class_list":["post-19201","post","type-post","status-publish","format-standard","has-post-thumbnail","hentry","category-blog"],"yoast_head":"<!-- This site is optimized with the Yoast SEO Premium plugin v21.5 (Yoast SEO v27.4) - https:\/\/yoast.com\/product\/yoast-seo-premium-wordpress\/ -->\n<title>Podr\u0161ka Op\u0107ine Centar Sarajevo za \u201eTour of Bosnia and Herzegovina\u201c - HerzegovinaBike<\/title>\n<meta name=\"description\" content=\"Organizacijski tim me\u0111unarodne biciklisti\u010dke utrke Tour of Bosnia and Herzegovina odr\u017eao je radni sastanak s na\u010delnikom Op\u0107ine Centar Sarajevo\" \/>\n<meta name=\"robots\" content=\"index, follow, max-snippet:-1, max-image-preview:large, max-video-preview:-1\" \/>\n<link rel=\"canonical\" href=\"https:\/\/www.herzegovinabike.ba\/en\/podrska-opcine-centar-sarajevo-za-tour-of-bosnia-and-herzegovina\/\" \/>\n<meta property=\"og:locale\" content=\"en_US\" \/>\n<meta property=\"og:type\" content=\"article\" \/>\n<meta property=\"og:title\" content=\"Podr\u0161ka Op\u0107ine Centar Sarajevo za \u201eTour of Bosnia and Herzegovina\u201c\" \/>\n<meta property=\"og:description\" content=\"Organizacijski tim me\u0111unarodne biciklisti\u010dke utrke Tour of Bosnia and Herzegovina odr\u017eao je radni sastanak s na\u010delnikom Op\u0107ine Centar Sarajevo\" \/>\n<meta property=\"og:url\" content=\"https:\/\/www.herzegovinabike.ba\/en\/podrska-opcine-centar-sarajevo-za-tour-of-bosnia-and-herzegovina\/\" \/>\n<meta property=\"og:site_name\" content=\"HerzegovinaBike\" \/>\n<meta property=\"article:publisher\" content=\"https:\/\/www.facebook.com\/HerzegovinaBike\" \/>\n<meta property=\"article:author\" content=\"https:\/\/www.facebook.com\/HerzegovinaBike\/\" \/>\n<meta property=\"article:published_time\" content=\"2025-12-08T08:26:26+00:00\" \/>\n<meta property=\"article:modified_time\" content=\"2025-12-08T12:54:01+00:00\" \/>\n<meta property=\"og:image\" content=\"https:\/\/www.herzegovinabike.ba\/wp-content\/uploads\/2025\/12\/Sastanak-Srdjan-Mandic-Tour-of-BiH-naslovna.jpg\" \/>\n\t<meta property=\"og:image:width\" content=\"1200\" \/>\n\t<meta property=\"og:image:height\" content=\"800\" \/>\n\t<meta property=\"og:image:type\" content=\"image\/jpeg\" \/>\n<meta name=\"author\" content=\"Herzegovina Bike\" \/>\n<meta name=\"twitter:card\" content=\"summary_large_image\" \/>\n<meta name=\"twitter:creator\" content=\"@https:\/\/twitter.com\/HerzegovinaBike\" \/>\n<meta name=\"twitter:label1\" content=\"Written by\" \/>\n\t<meta name=\"twitter:data1\" content=\"Herzegovina Bike\" \/>\n\t<meta name=\"twitter:label2\" content=\"Est. reading time\" \/>\n\t<meta name=\"twitter:data2\" content=\"4 minutes\" \/>\n<script type=\"application\/ld+json\" class=\"yoast-schema-graph\">{\"@context\":\"https:\\\/\\\/schema.org\",\"@graph\":[{\"@type\":\"Article\",\"@id\":\"https:\\\/\\\/www.herzegovinabike.ba\\\/podrska-opcine-centar-sarajevo-za-tour-of-bosnia-and-herzegovina\\\/#article\",\"isPartOf\":{\"@id\":\"https:\\\/\\\/www.herzegovinabike.ba\\\/podrska-opcine-centar-sarajevo-za-tour-of-bosnia-and-herzegovina\\\/\"},\"author\":{\"name\":\"Herzegovina Bike\",\"@id\":\"https:\\\/\\\/www.herzegovinabike.ba\\\/#\\\/schema\\\/person\\\/1161ca5c7a242dc0e69d24c0fb304ccb\"},\"headline\":\"Podr\u0161ka Op\u0107ine Centar Sarajevo za \u201eTour of Bosnia and Herzegovina\u201c\",\"datePublished\":\"2025-12-08T08:26:26+00:00\",\"dateModified\":\"2025-12-08T12:54:01+00:00\",\"mainEntityOfPage\":{\"@id\":\"https:\\\/\\\/www.herzegovinabike.ba\\\/podrska-opcine-centar-sarajevo-za-tour-of-bosnia-and-herzegovina\\\/\"},\"wordCount\":621,\"publisher\":{\"@id\":\"https:\\\/\\\/www.herzegovinabike.ba\\\/#organization\"},\"image\":{\"@id\":\"https:\\\/\\\/www.herzegovinabike.ba\\\/podrska-opcine-centar-sarajevo-za-tour-of-bosnia-and-herzegovina\\\/#primaryimage\"},\"thumbnailUrl\":\"https:\\\/\\\/www.herzegovinabike.ba\\\/wp-content\\\/uploads\\\/2025\\\/12\\\/Sastanak-Srdjan-Mandic-Tour-of-BiH-naslovna.jpg\",\"articleSection\":[\"Blog\"],\"inLanguage\":\"en-US\"},{\"@type\":\"WebPage\",\"@id\":\"https:\\\/\\\/www.herzegovinabike.ba\\\/podrska-opcine-centar-sarajevo-za-tour-of-bosnia-and-herzegovina\\\/\",\"url\":\"https:\\\/\\\/www.herzegovinabike.ba\\\/podrska-opcine-centar-sarajevo-za-tour-of-bosnia-and-herzegovina\\\/\",\"name\":\"Podr\u0161ka Op\u0107ine Centar Sarajevo za \u201eTour of Bosnia and Herzegovina\u201c - HerzegovinaBike\",\"isPartOf\":{\"@id\":\"https:\\\/\\\/www.herzegovinabike.ba\\\/#website\"},\"primaryImageOfPage\":{\"@id\":\"https:\\\/\\\/www.herzegovinabike.ba\\\/podrska-opcine-centar-sarajevo-za-tour-of-bosnia-and-herzegovina\\\/#primaryimage\"},\"image\":{\"@id\":\"https:\\\/\\\/www.herzegovinabike.ba\\\/podrska-opcine-centar-sarajevo-za-tour-of-bosnia-and-herzegovina\\\/#primaryimage\"},\"thumbnailUrl\":\"https:\\\/\\\/www.herzegovinabike.ba\\\/wp-content\\\/uploads\\\/2025\\\/12\\\/Sastanak-Srdjan-Mandic-Tour-of-BiH-naslovna.jpg\",\"datePublished\":\"2025-12-08T08:26:26+00:00\",\"dateModified\":\"2025-12-08T12:54:01+00:00\",\"description\":\"Organizacijski tim me\u0111unarodne biciklisti\u010dke utrke Tour of Bosnia and Herzegovina odr\u017eao je radni sastanak s na\u010delnikom Op\u0107ine Centar Sarajevo\",\"breadcrumb\":{\"@id\":\"https:\\\/\\\/www.herzegovinabike.ba\\\/podrska-opcine-centar-sarajevo-za-tour-of-bosnia-and-herzegovina\\\/#breadcrumb\"},\"inLanguage\":\"en-US\",\"potentialAction\":[{\"@type\":\"ReadAction\",\"target\":[\"https:\\\/\\\/www.herzegovinabike.ba\\\/podrska-opcine-centar-sarajevo-za-tour-of-bosnia-and-herzegovina\\\/\"]}]},{\"@type\":\"ImageObject\",\"inLanguage\":\"en-US\",\"@id\":\"https:\\\/\\\/www.herzegovinabike.ba\\\/podrska-opcine-centar-sarajevo-za-tour-of-bosnia-and-herzegovina\\\/#primaryimage\",\"url\":\"https:\\\/\\\/www.herzegovinabike.ba\\\/wp-content\\\/uploads\\\/2025\\\/12\\\/Sastanak-Srdjan-Mandic-Tour-of-BiH-naslovna.jpg\",\"contentUrl\":\"https:\\\/\\\/www.herzegovinabike.ba\\\/wp-content\\\/uploads\\\/2025\\\/12\\\/Sastanak-Srdjan-Mandic-Tour-of-BiH-naslovna.jpg\",\"width\":1200,\"height\":800},{\"@type\":\"BreadcrumbList\",\"@id\":\"https:\\\/\\\/www.herzegovinabike.ba\\\/podrska-opcine-centar-sarajevo-za-tour-of-bosnia-and-herzegovina\\\/#breadcrumb\",\"itemListElement\":[{\"@type\":\"ListItem\",\"position\":1,\"name\":\"Po\u010detna stranica\",\"item\":\"https:\\\/\\\/www.herzegovinabike.ba\\\/\"},{\"@type\":\"ListItem\",\"position\":2,\"name\":\"Podr\u0161ka Op\u0107ine Centar Sarajevo za \u201eTour of Bosnia and Herzegovina\u201c\"}]},{\"@type\":\"WebSite\",\"@id\":\"https:\\\/\\\/www.herzegovinabike.ba\\\/#website\",\"url\":\"https:\\\/\\\/www.herzegovinabike.ba\\\/\",\"name\":\"HerzegovinaBike\",\"description\":\"Your place under the sun\",\"publisher\":{\"@id\":\"https:\\\/\\\/www.herzegovinabike.ba\\\/#organization\"},\"potentialAction\":[{\"@type\":\"SearchAction\",\"target\":{\"@type\":\"EntryPoint\",\"urlTemplate\":\"https:\\\/\\\/www.herzegovinabike.ba\\\/?s={search_term_string}\"},\"query-input\":{\"@type\":\"PropertyValueSpecification\",\"valueRequired\":true,\"valueName\":\"search_term_string\"}}],\"inLanguage\":\"en-US\"},{\"@type\":\"Organization\",\"@id\":\"https:\\\/\\\/www.herzegovinabike.ba\\\/#organization\",\"name\":\"Udruga HerzegovinaBike\",\"url\":\"https:\\\/\\\/www.herzegovinabike.ba\\\/\",\"logo\":{\"@type\":\"ImageObject\",\"inLanguage\":\"en-US\",\"@id\":\"https:\\\/\\\/www.herzegovinabike.ba\\\/#\\\/schema\\\/logo\\\/image\\\/\",\"url\":\"https:\\\/\\\/www.bike.herzegovinabike.ba\\\/wp-content\\\/uploads\\\/2023\\\/11\\\/herzegovina_bike_logo_horizontal.png\",\"contentUrl\":\"https:\\\/\\\/www.bike.herzegovinabike.ba\\\/wp-content\\\/uploads\\\/2023\\\/11\\\/herzegovina_bike_logo_horizontal.png\",\"width\":1757,\"height\":1061,\"caption\":\"Udruga HerzegovinaBike\"},\"image\":{\"@id\":\"https:\\\/\\\/www.herzegovinabike.ba\\\/#\\\/schema\\\/logo\\\/image\\\/\"},\"sameAs\":[\"https:\\\/\\\/www.facebook.com\\\/HerzegovinaBike\",\"https:\\\/\\\/www.instagram.com\\\/herzegovinabike\\\/\"]},{\"@type\":\"Person\",\"@id\":\"https:\\\/\\\/www.herzegovinabike.ba\\\/#\\\/schema\\\/person\\\/1161ca5c7a242dc0e69d24c0fb304ccb\",\"name\":\"Herzegovina Bike\",\"image\":{\"@type\":\"ImageObject\",\"inLanguage\":\"en-US\",\"@id\":\"https:\\\/\\\/secure.gravatar.com\\\/avatar\\\/236a03b53b73db89b68d17aa2f415bb2a2d3b326d0632f3a602c6c9cacba1ff0?s=96&d=mm&r=g\",\"url\":\"https:\\\/\\\/secure.gravatar.com\\\/avatar\\\/236a03b53b73db89b68d17aa2f415bb2a2d3b326d0632f3a602c6c9cacba1ff0?s=96&d=mm&r=g\",\"contentUrl\":\"https:\\\/\\\/secure.gravatar.com\\\/avatar\\\/236a03b53b73db89b68d17aa2f415bb2a2d3b326d0632f3a602c6c9cacba1ff0?s=96&d=mm&r=g\",\"caption\":\"Herzegovina Bike\"},\"description\":\"Udruga \u201cHerzegovinaBike\u201d je pokreta\u010d (i sredi\u0161te) razvoja biciklizma kao cikloturizma, rekreacije i sporta u Hercegovini. CILJ: Hercegovina kao vrhunska cikloturisti\u010dka destinacija. \u2705\",\"sameAs\":[\"https:\\\/\\\/www.herzegovinabike.ba\\\/\",\"https:\\\/\\\/www.facebook.com\\\/HerzegovinaBike\\\/\",\"https:\\\/\\\/www.instagram.com\\\/herzegovinabike\\\/\",\"https:\\\/\\\/www.linkedin.com\\\/in\\\/herzegovina-bike-ba605a29b\\\/\",\"https:\\\/\\\/x.com\\\/https:\\\/\\\/twitter.com\\\/HerzegovinaBike\",\"https:\\\/\\\/www.youtube.com\\\/channel\\\/UCOFGFUHmcGVzVHD9WgOGTrA\"],\"url\":\"https:\\\/\\\/www.herzegovinabike.ba\\\/en\\\/author\\\/toni\\\/\"}]}<\/script>\n<!-- \/ Yoast SEO Premium plugin. -->","yoast_head_json":{"title":"Podr\u0161ka Op\u0107ine Centar Sarajevo za \u201eTour of Bosnia and Herzegovina\u201c - HerzegovinaBike","description":"Organizacijski tim me\u0111unarodne biciklisti\u010dke utrke Tour of Bosnia and Herzegovina odr\u017eao je radni sastanak s na\u010delnikom Op\u0107ine Centar Sarajevo","robots":{"index":"index","follow":"follow","max-snippet":"max-snippet:-1","max-image-preview":"max-image-preview:large","max-video-preview":"max-video-preview:-1"},"canonical":"https:\/\/www.herzegovinabike.ba\/en\/podrska-opcine-centar-sarajevo-za-tour-of-bosnia-and-herzegovina\/","og_locale":"en_US","og_type":"article","og_title":"Podr\u0161ka Op\u0107ine Centar Sarajevo za \u201eTour of Bosnia and Herzegovina\u201c","og_description":"Organizacijski tim me\u0111unarodne biciklisti\u010dke utrke Tour of Bosnia and Herzegovina odr\u017eao je radni sastanak s na\u010delnikom Op\u0107ine Centar Sarajevo","og_url":"https:\/\/www.herzegovinabike.ba\/en\/podrska-opcine-centar-sarajevo-za-tour-of-bosnia-and-herzegovina\/","og_site_name":"HerzegovinaBike","article_publisher":"https:\/\/www.facebook.com\/HerzegovinaBike","article_author":"https:\/\/www.facebook.com\/HerzegovinaBike\/","article_published_time":"2025-12-08T08:26:26+00:00","article_modified_time":"2025-12-08T12:54:01+00:00","og_image":[{"width":1200,"height":800,"url":"https:\/\/www.herzegovinabike.ba\/wp-content\/uploads\/2025\/12\/Sastanak-Srdjan-Mandic-Tour-of-BiH-naslovna.jpg","type":"image\/jpeg"}],"author":"Herzegovina Bike","twitter_card":"summary_large_image","twitter_creator":"@https:\/\/twitter.com\/HerzegovinaBike","twitter_misc":{"Written by":"Herzegovina Bike","Est. reading time":"4 minutes"},"schema":{"@context":"https:\/\/schema.org","@graph":[{"@type":"Article","@id":"https:\/\/www.herzegovinabike.ba\/podrska-opcine-centar-sarajevo-za-tour-of-bosnia-and-herzegovina\/#article","isPartOf":{"@id":"https:\/\/www.herzegovinabike.ba\/podrska-opcine-centar-sarajevo-za-tour-of-bosnia-and-herzegovina\/"},"author":{"name":"Herzegovina Bike","@id":"https:\/\/www.herzegovinabike.ba\/#\/schema\/person\/1161ca5c7a242dc0e69d24c0fb304ccb"},"headline":"Podr\u0161ka Op\u0107ine Centar Sarajevo za \u201eTour of Bosnia and Herzegovina\u201c","datePublished":"2025-12-08T08:26:26+00:00","dateModified":"2025-12-08T12:54:01+00:00","mainEntityOfPage":{"@id":"https:\/\/www.herzegovinabike.ba\/podrska-opcine-centar-sarajevo-za-tour-of-bosnia-and-herzegovina\/"},"wordCount":621,"publisher":{"@id":"https:\/\/www.herzegovinabike.ba\/#organization"},"image":{"@id":"https:\/\/www.herzegovinabike.ba\/podrska-opcine-centar-sarajevo-za-tour-of-bosnia-and-herzegovina\/#primaryimage"},"thumbnailUrl":"https:\/\/www.herzegovinabike.ba\/wp-content\/uploads\/2025\/12\/Sastanak-Srdjan-Mandic-Tour-of-BiH-naslovna.jpg","articleSection":["Blog"],"inLanguage":"en-US"},{"@type":"WebPage","@id":"https:\/\/www.herzegovinabike.ba\/podrska-opcine-centar-sarajevo-za-tour-of-bosnia-and-herzegovina\/","url":"https:\/\/www.herzegovinabike.ba\/podrska-opcine-centar-sarajevo-za-tour-of-bosnia-and-herzegovina\/","name":"Podr\u0161ka Op\u0107ine Centar Sarajevo za \u201eTour of Bosnia and Herzegovina\u201c - HerzegovinaBike","isPartOf":{"@id":"https:\/\/www.herzegovinabike.ba\/#website"},"primaryImageOfPage":{"@id":"https:\/\/www.herzegovinabike.ba\/podrska-opcine-centar-sarajevo-za-tour-of-bosnia-and-herzegovina\/#primaryimage"},"image":{"@id":"https:\/\/www.herzegovinabike.ba\/podrska-opcine-centar-sarajevo-za-tour-of-bosnia-and-herzegovina\/#primaryimage"},"thumbnailUrl":"https:\/\/www.herzegovinabike.ba\/wp-content\/uploads\/2025\/12\/Sastanak-Srdjan-Mandic-Tour-of-BiH-naslovna.jpg","datePublished":"2025-12-08T08:26:26+00:00","dateModified":"2025-12-08T12:54:01+00:00","description":"Organizacijski tim me\u0111unarodne biciklisti\u010dke utrke Tour of Bosnia and Herzegovina odr\u017eao je radni sastanak s na\u010delnikom Op\u0107ine Centar Sarajevo","breadcrumb":{"@id":"https:\/\/www.herzegovinabike.ba\/podrska-opcine-centar-sarajevo-za-tour-of-bosnia-and-herzegovina\/#breadcrumb"},"inLanguage":"en-US","potentialAction":[{"@type":"ReadAction","target":["https:\/\/www.herzegovinabike.ba\/podrska-opcine-centar-sarajevo-za-tour-of-bosnia-and-herzegovina\/"]}]},{"@type":"ImageObject","inLanguage":"en-US","@id":"https:\/\/www.herzegovinabike.ba\/podrska-opcine-centar-sarajevo-za-tour-of-bosnia-and-herzegovina\/#primaryimage","url":"https:\/\/www.herzegovinabike.ba\/wp-content\/uploads\/2025\/12\/Sastanak-Srdjan-Mandic-Tour-of-BiH-naslovna.jpg","contentUrl":"https:\/\/www.herzegovinabike.ba\/wp-content\/uploads\/2025\/12\/Sastanak-Srdjan-Mandic-Tour-of-BiH-naslovna.jpg","width":1200,"height":800},{"@type":"BreadcrumbList","@id":"https:\/\/www.herzegovinabike.ba\/podrska-opcine-centar-sarajevo-za-tour-of-bosnia-and-herzegovina\/#breadcrumb","itemListElement":[{"@type":"ListItem","position":1,"name":"Po\u010detna stranica","item":"https:\/\/www.herzegovinabike.ba\/"},{"@type":"ListItem","position":2,"name":"Podr\u0161ka Op\u0107ine Centar Sarajevo za \u201eTour of Bosnia and Herzegovina\u201c"}]},{"@type":"WebSite","@id":"https:\/\/www.herzegovinabike.ba\/#website","url":"https:\/\/www.herzegovinabike.ba\/","name":"HerzegovinaBike","description":"Your place under the sun","publisher":{"@id":"https:\/\/www.herzegovinabike.ba\/#organization"},"potentialAction":[{"@type":"SearchAction","target":{"@type":"EntryPoint","urlTemplate":"https:\/\/www.herzegovinabike.ba\/?s={search_term_string}"},"query-input":{"@type":"PropertyValueSpecification","valueRequired":true,"valueName":"search_term_string"}}],"inLanguage":"en-US"},{"@type":"Organization","@id":"https:\/\/www.herzegovinabike.ba\/#organization","name":"Association HerzegovinaBike","url":"https:\/\/www.herzegovinabike.ba\/","logo":{"@type":"ImageObject","inLanguage":"en-US","@id":"https:\/\/www.herzegovinabike.ba\/#\/schema\/logo\/image\/","url":"https:\/\/www.bike.herzegovinabike.ba\/wp-content\/uploads\/2023\/11\/herzegovina_bike_logo_horizontal.png","contentUrl":"https:\/\/www.bike.herzegovinabike.ba\/wp-content\/uploads\/2023\/11\/herzegovina_bike_logo_horizontal.png","width":1757,"height":1061,"caption":"Udruga HerzegovinaBike"},"image":{"@id":"https:\/\/www.herzegovinabike.ba\/#\/schema\/logo\/image\/"},"sameAs":["https:\/\/www.facebook.com\/HerzegovinaBike","https:\/\/www.instagram.com\/herzegovinabike\/"]},{"@type":"Person","@id":"https:\/\/www.herzegovinabike.ba\/#\/schema\/person\/1161ca5c7a242dc0e69d24c0fb304ccb","name":"Herzegovina Bike","image":{"@type":"ImageObject","inLanguage":"en-US","@id":"https:\/\/secure.gravatar.com\/avatar\/236a03b53b73db89b68d17aa2f415bb2a2d3b326d0632f3a602c6c9cacba1ff0?s=96&d=mm&r=g","url":"https:\/\/secure.gravatar.com\/avatar\/236a03b53b73db89b68d17aa2f415bb2a2d3b326d0632f3a602c6c9cacba1ff0?s=96&d=mm&r=g","contentUrl":"https:\/\/secure.gravatar.com\/avatar\/236a03b53b73db89b68d17aa2f415bb2a2d3b326d0632f3a602c6c9cacba1ff0?s=96&d=mm&r=g","caption":"Herzegovina Bike"},"description":"Udruga \u201cHerzegovinaBike\u201d je pokreta\u010d (i sredi\u0161te) razvoja biciklizma kao cikloturizma, rekreacije i sporta u Hercegovini. CILJ: Hercegovina kao vrhunska cikloturisti\u010dka destinacija. \u2705","sameAs":["https:\/\/www.herzegovinabike.ba\/","https:\/\/www.facebook.com\/HerzegovinaBike\/","https:\/\/www.instagram.com\/herzegovinabike\/","https:\/\/www.linkedin.com\/in\/herzegovina-bike-ba605a29b\/","https:\/\/x.com\/https:\/\/twitter.com\/HerzegovinaBike","https:\/\/www.youtube.com\/channel\/UCOFGFUHmcGVzVHD9WgOGTrA"],"url":"https:\/\/www.herzegovinabike.ba\/en\/author\/toni\/"}]}},"_links":{"self":[{"href":"https:\/\/www.herzegovinabike.ba\/en\/wp-json\/wp\/v2\/posts\/19201","targetHints":{"allow":["GET"]}}],"collection":[{"href":"https:\/\/www.herzegovinabike.ba\/en\/wp-json\/wp\/v2\/posts"}],"about":[{"href":"https:\/\/www.herzegovinabike.ba\/en\/wp-json\/wp\/v2\/types\/post"}],"author":[{"embeddable":true,"href":"https:\/\/www.herzegovinabike.ba\/en\/wp-json\/wp\/v2\/users\/2"}],"replies":[{"embeddable":true,"href":"https:\/\/www.herzegovinabike.ba\/en\/wp-json\/wp\/v2\/comments?post=19201"}],"version-history":[{"count":5,"href":"https:\/\/www.herzegovinabike.ba\/en\/wp-json\/wp\/v2\/posts\/19201\/revisions"}],"predecessor-version":[{"id":19211,"href":"https:\/\/www.herzegovinabike.ba\/en\/wp-json\/wp\/v2\/posts\/19201\/revisions\/19211"}],"wp:featuredmedia":[{"embeddable":true,"href":"https:\/\/www.herzegovinabike.ba\/en\/wp-json\/wp\/v2\/media\/19202"}],"wp:attachment":[{"href":"https:\/\/www.herzegovinabike.ba\/en\/wp-json\/wp\/v2\/media?parent=19201"}],"wp:term":[{"taxonomy":"category","embeddable":true,"href":"https:\/\/www.herzegovinabike.ba\/en\/wp-json\/wp\/v2\/categories?post=19201"},{"taxonomy":"post_tag","embeddable":true,"href":"https:\/\/www.herzegovinabike.ba\/en\/wp-json\/wp\/v2\/tags?post=19201"}],"curies":[{"name":"wp","href":"https:\/\/api.w.org\/{rel}","templated":true}]}}