{"id":19212,"date":"2025-12-11T15:23:43","date_gmt":"2025-12-11T14:23:43","guid":{"rendered":"https:\/\/www.herzegovinabike.ba\/?p=19212"},"modified":"2025-12-11T15:42:35","modified_gmt":"2025-12-11T14:42:35","slug":"u-mostaru-odrzan-radni-sastanak-o-eurovelo-ruti","status":"publish","type":"post","link":"https:\/\/www.herzegovinabike.ba\/en\/u-mostaru-odrzan-radni-sastanak-o-eurovelo-ruti\/","title":{"rendered":"Working Meeting on the EuroVelo Route Held in Mostar"},"content":{"rendered":"<p>A working meeting on the continuation of activities related to the establishment of an international EuroVelo route through Bosnia and Herzegovina was held yesterday in the premises of the City of Mostar. The meeting was attended by <strong>\u0110ani Rahimi\u0107<\/strong>, <strong>Ivica Sivri\u0107<\/strong> on behalf of REDAH, and <strong>Toni Zori\u0107<\/strong> representing the HerzegovinaBike Association.<\/p>\n\n\n\n<p>The main topic of the meeting was the coordination of further activities in preparing the application to the European Cyclists\u2019 Federation (ECF), through which a new transnational cycling route\u2014based on the former \u0106iro narrow-gauge railway\u2014would be nominated as an official EuroVelo route.<\/p>\n\n\n\n<p><strong>EuroVelo Initiative: From Jahorina to Mostar<\/strong><\/p>\n\n\n\n<p>Earlier this year, an initial meeting was held on Jahorina, bringing together representatives of cities, municipalities, tourist boards, cycling clubs, and international partners from the region. At that meeting, the idea of creating a route connecting Dubrovnik and Belgrade\u2014passing through Ravno, Mostar, Sarajevo, Vi\u0161egrad, and further into Serbia\u2014was officially presented for the first time.<\/p>\n\n\n\n<p>In the months that followed, the initiative has significantly advanced, and a wider transnational route has been defined. The proposed route would extend from Belgrade, through U\u017eice, Sarajevo, Mostar, Trebinje, and Nik\u0161i\u0107, all the way to Podgorica and Shkod\u00ebr, where it would connect with the existing EuroVelo 8 \u2013 Mediterranean Route. The total length of the proposed route is 1,015 km.<\/p>\n\n\n\n<p>A major part of the route relies on the already well-known and popular \u0106iro Trail, which has become a key cycling tourism artery in Bosnia and Herzegovina, attracting thousands of cyclists from all over the world.<\/p>\n\n\n\n<p>At yesterday\u2019s meeting in Mostar, following a proposal by Ivica Sivri\u0107, the idea was raised that the HerzegovinaBike Association should take on the role of main applicant and coordinator of the entire process towards the ECF. This proposal was supported by \u0110ani Rahimi\u0107. The final decision will follow once the president of the association holds a meeting with the other members and allocates human resources, given the scale of this project, which requires time and a highly professional approach. The final decision will be made in the coming days.<\/p>\n\n\n\n<p><strong>Next Steps: Regional Consortium and International Cooperation<\/strong><\/p>\n\n\n\n<p>To meet EuroVelo network criteria, it is necessary to form a transnational consortium consisting of institutions from all four countries through which the route passes\u2014Serbia, Bosnia and Herzegovina, Montenegro, and Albania.<\/p>\n\n\n\n<p>In the coming days, HerzegovinaBike and REDAH will begin formal communication with partners in these countries, with the goal of bringing together competent and engaged institutions that will take responsibility for their segments of the route, contribute to the technical documentation, provide institutional support, and participate in financing the evaluation phase.<\/p>\n\n\n\n<p>Once the consortium is established, a joint meeting will be held to define the final application and operational tasks.<\/p>\n\n\n\n<p><strong>Tight Deadlines and Great Potential<\/strong><\/p>\n\n\n\n<p>The deadline for submitting the application to the European Cyclists\u2019 Federation is January 15, 2026. Considering the upcoming holidays and limited time, activities are being conducted intensively and in parallel across several countries.<\/p>\n\n\n\n<p>Despite the challenges, the project carries enormous potential for:<\/p>\n\n\n\n<ul class=\"wp-block-list\">\n<li>the development of sustainable tourism across the region,<\/li>\n\n\n\n<li>increasing the international visibility of the route,<\/li>\n\n\n\n<li>strengthening cross-border cooperation,<\/li>\n\n\n\n<li>using the heritage of the \u0106iro railway as a foundation for modern cycle tourism,<\/li>\n\n\n\n<li>involving local communities in a new European cycling network.<\/li>\n<\/ul>\n\n\n\n<p>The EuroVelo route through Bosnia and Herzegovina would have a far-reaching impact on the development of cycling tourism, increase the number of visitors, and create numerous economic opportunities\u2014especially in rural areas.<\/p>\n\n\n\n<p>The meeting in Mostar marks a key phase in the candidacy process for the EuroVelo route. The involvement of HerzegovinaBike in this project confirms the significance of the association\u2019s work and gives strong momentum to the transformation of cycling tourism in Bosnia and Herzegovina and the region.<\/p>\n\n\n\n<p>HerzegovinaBike, in cooperation with the City of Mostar, REDAH, and regional partners, continues to work intensively on preparing the application, with the belief that Bosnia and Herzegovina will, for the first time, become part of the prestigious EuroVelo network\u2014a historic step forward for tourism, sport, and regional connectivity.<\/p>","protected":false},"excerpt":{"rendered":"<p>U prostorijama Grada Mostara ju\u010der je odr\u017ean radni sastanak o nastavku aktivnosti vezanih uz uspostavu me\u0111unarodne EuroVelo rute koja bi prolazila kroz Bosnu i Hercegovinu. Sastanku su nazo\u010dili \u0110ani Rahimi\u0107, Ivica Sivri\u0107 ispred REDAH-a, te Toni Zori\u0107 u ime Udruge HerzegovinaBike. Tema sastanka bila je koordinacija daljnjih aktivnosti na pripremi aplikacije prema Europskoj biciklisti\u010dkoj federaciji [&hellip;]<\/p>\n","protected":false},"author":2,"featured_media":19213,"comment_status":"closed","ping_status":"open","sticky":false,"template":"","format":"standard","meta":{"footnotes":""},"categories":[2],"tags":[],"class_list":["post-19212","post","type-post","status-publish","format-standard","has-post-thumbnail","hentry","category-blog"],"yoast_head":"<!-- This site is optimized with the Yoast SEO Premium plugin v21.5 (Yoast SEO v27.4) - https:\/\/yoast.com\/product\/yoast-seo-premium-wordpress\/ -->\n<title>U Mostaru odr\u017ean radni sastanak o EuroVelo ruti - HerzegovinaBike<\/title>\n<meta name=\"description\" content=\"U prostorijama Grada Mostara ju\u010der je odr\u017ean radni sastanak o nastavku aktivnosti vezanih uz uspostavu me\u0111unarodne EuroVelo rute koja bi ...\" \/>\n<meta name=\"robots\" content=\"index, follow, max-snippet:-1, max-image-preview:large, max-video-preview:-1\" \/>\n<link rel=\"canonical\" href=\"https:\/\/www.herzegovinabike.ba\/en\/u-mostaru-odrzan-radni-sastanak-o-eurovelo-ruti\/\" \/>\n<meta property=\"og:locale\" content=\"en_US\" \/>\n<meta property=\"og:type\" content=\"article\" \/>\n<meta property=\"og:title\" content=\"U Mostaru odr\u017ean radni sastanak o EuroVelo ruti\" \/>\n<meta property=\"og:description\" content=\"U prostorijama Grada Mostara ju\u010der je odr\u017ean radni sastanak o nastavku aktivnosti vezanih uz uspostavu me\u0111unarodne EuroVelo rute koja bi ...\" \/>\n<meta property=\"og:url\" content=\"https:\/\/www.herzegovinabike.ba\/en\/u-mostaru-odrzan-radni-sastanak-o-eurovelo-ruti\/\" \/>\n<meta property=\"og:site_name\" content=\"HerzegovinaBike\" \/>\n<meta property=\"article:publisher\" content=\"https:\/\/www.facebook.com\/HerzegovinaBike\" \/>\n<meta property=\"article:author\" content=\"https:\/\/www.facebook.com\/HerzegovinaBike\/\" \/>\n<meta property=\"article:published_time\" content=\"2025-12-11T14:23:43+00:00\" \/>\n<meta property=\"article:modified_time\" content=\"2025-12-11T14:42:35+00:00\" \/>\n<meta property=\"og:image\" content=\"https:\/\/www.herzegovinabike.ba\/wp-content\/uploads\/2025\/12\/Eurovelo-sastanak-Mostar.jpg\" \/>\n\t<meta property=\"og:image:width\" content=\"1200\" \/>\n\t<meta property=\"og:image:height\" content=\"800\" \/>\n\t<meta property=\"og:image:type\" content=\"image\/jpeg\" \/>\n<meta name=\"author\" content=\"Herzegovina Bike\" \/>\n<meta name=\"twitter:card\" content=\"summary_large_image\" \/>\n<meta name=\"twitter:creator\" content=\"@https:\/\/twitter.com\/HerzegovinaBike\" \/>\n<meta name=\"twitter:label1\" content=\"Written by\" \/>\n\t<meta name=\"twitter:data1\" content=\"Herzegovina Bike\" \/>\n\t<meta name=\"twitter:label2\" content=\"Est. reading time\" \/>\n\t<meta name=\"twitter:data2\" content=\"4 minutes\" \/>\n<script type=\"application\/ld+json\" class=\"yoast-schema-graph\">{\"@context\":\"https:\\\/\\\/schema.org\",\"@graph\":[{\"@type\":\"Article\",\"@id\":\"https:\\\/\\\/www.herzegovinabike.ba\\\/u-mostaru-odrzan-radni-sastanak-o-eurovelo-ruti\\\/#article\",\"isPartOf\":{\"@id\":\"https:\\\/\\\/www.herzegovinabike.ba\\\/u-mostaru-odrzan-radni-sastanak-o-eurovelo-ruti\\\/\"},\"author\":{\"name\":\"Herzegovina Bike\",\"@id\":\"https:\\\/\\\/www.herzegovinabike.ba\\\/#\\\/schema\\\/person\\\/1161ca5c7a242dc0e69d24c0fb304ccb\"},\"headline\":\"U Mostaru odr\u017ean radni sastanak o EuroVelo ruti\",\"datePublished\":\"2025-12-11T14:23:43+00:00\",\"dateModified\":\"2025-12-11T14:42:35+00:00\",\"mainEntityOfPage\":{\"@id\":\"https:\\\/\\\/www.herzegovinabike.ba\\\/u-mostaru-odrzan-radni-sastanak-o-eurovelo-ruti\\\/\"},\"wordCount\":636,\"publisher\":{\"@id\":\"https:\\\/\\\/www.herzegovinabike.ba\\\/#organization\"},\"image\":{\"@id\":\"https:\\\/\\\/www.herzegovinabike.ba\\\/u-mostaru-odrzan-radni-sastanak-o-eurovelo-ruti\\\/#primaryimage\"},\"thumbnailUrl\":\"https:\\\/\\\/www.herzegovinabike.ba\\\/wp-content\\\/uploads\\\/2025\\\/12\\\/Eurovelo-sastanak-Mostar.jpg\",\"articleSection\":[\"Blog\"],\"inLanguage\":\"en-US\"},{\"@type\":\"WebPage\",\"@id\":\"https:\\\/\\\/www.herzegovinabike.ba\\\/u-mostaru-odrzan-radni-sastanak-o-eurovelo-ruti\\\/\",\"url\":\"https:\\\/\\\/www.herzegovinabike.ba\\\/u-mostaru-odrzan-radni-sastanak-o-eurovelo-ruti\\\/\",\"name\":\"U Mostaru odr\u017ean radni sastanak o EuroVelo ruti - HerzegovinaBike\",\"isPartOf\":{\"@id\":\"https:\\\/\\\/www.herzegovinabike.ba\\\/#website\"},\"primaryImageOfPage\":{\"@id\":\"https:\\\/\\\/www.herzegovinabike.ba\\\/u-mostaru-odrzan-radni-sastanak-o-eurovelo-ruti\\\/#primaryimage\"},\"image\":{\"@id\":\"https:\\\/\\\/www.herzegovinabike.ba\\\/u-mostaru-odrzan-radni-sastanak-o-eurovelo-ruti\\\/#primaryimage\"},\"thumbnailUrl\":\"https:\\\/\\\/www.herzegovinabike.ba\\\/wp-content\\\/uploads\\\/2025\\\/12\\\/Eurovelo-sastanak-Mostar.jpg\",\"datePublished\":\"2025-12-11T14:23:43+00:00\",\"dateModified\":\"2025-12-11T14:42:35+00:00\",\"description\":\"U prostorijama Grada Mostara ju\u010der je odr\u017ean radni sastanak o nastavku aktivnosti vezanih uz uspostavu me\u0111unarodne EuroVelo rute koja bi ...\",\"breadcrumb\":{\"@id\":\"https:\\\/\\\/www.herzegovinabike.ba\\\/u-mostaru-odrzan-radni-sastanak-o-eurovelo-ruti\\\/#breadcrumb\"},\"inLanguage\":\"en-US\",\"potentialAction\":[{\"@type\":\"ReadAction\",\"target\":[\"https:\\\/\\\/www.herzegovinabike.ba\\\/u-mostaru-odrzan-radni-sastanak-o-eurovelo-ruti\\\/\"]}]},{\"@type\":\"ImageObject\",\"inLanguage\":\"en-US\",\"@id\":\"https:\\\/\\\/www.herzegovinabike.ba\\\/u-mostaru-odrzan-radni-sastanak-o-eurovelo-ruti\\\/#primaryimage\",\"url\":\"https:\\\/\\\/www.herzegovinabike.ba\\\/wp-content\\\/uploads\\\/2025\\\/12\\\/Eurovelo-sastanak-Mostar.jpg\",\"contentUrl\":\"https:\\\/\\\/www.herzegovinabike.ba\\\/wp-content\\\/uploads\\\/2025\\\/12\\\/Eurovelo-sastanak-Mostar.jpg\",\"width\":1200,\"height\":800},{\"@type\":\"BreadcrumbList\",\"@id\":\"https:\\\/\\\/www.herzegovinabike.ba\\\/u-mostaru-odrzan-radni-sastanak-o-eurovelo-ruti\\\/#breadcrumb\",\"itemListElement\":[{\"@type\":\"ListItem\",\"position\":1,\"name\":\"Po\u010detna stranica\",\"item\":\"https:\\\/\\\/www.herzegovinabike.ba\\\/\"},{\"@type\":\"ListItem\",\"position\":2,\"name\":\"U Mostaru odr\u017ean radni sastanak o EuroVelo ruti\"}]},{\"@type\":\"WebSite\",\"@id\":\"https:\\\/\\\/www.herzegovinabike.ba\\\/#website\",\"url\":\"https:\\\/\\\/www.herzegovinabike.ba\\\/\",\"name\":\"HerzegovinaBike\",\"description\":\"Your place under the sun\",\"publisher\":{\"@id\":\"https:\\\/\\\/www.herzegovinabike.ba\\\/#organization\"},\"potentialAction\":[{\"@type\":\"SearchAction\",\"target\":{\"@type\":\"EntryPoint\",\"urlTemplate\":\"https:\\\/\\\/www.herzegovinabike.ba\\\/?s={search_term_string}\"},\"query-input\":{\"@type\":\"PropertyValueSpecification\",\"valueRequired\":true,\"valueName\":\"search_term_string\"}}],\"inLanguage\":\"en-US\"},{\"@type\":\"Organization\",\"@id\":\"https:\\\/\\\/www.herzegovinabike.ba\\\/#organization\",\"name\":\"Udruga HerzegovinaBike\",\"url\":\"https:\\\/\\\/www.herzegovinabike.ba\\\/\",\"logo\":{\"@type\":\"ImageObject\",\"inLanguage\":\"en-US\",\"@id\":\"https:\\\/\\\/www.herzegovinabike.ba\\\/#\\\/schema\\\/logo\\\/image\\\/\",\"url\":\"https:\\\/\\\/www.bike.herzegovinabike.ba\\\/wp-content\\\/uploads\\\/2023\\\/11\\\/herzegovina_bike_logo_horizontal.png\",\"contentUrl\":\"https:\\\/\\\/www.bike.herzegovinabike.ba\\\/wp-content\\\/uploads\\\/2023\\\/11\\\/herzegovina_bike_logo_horizontal.png\",\"width\":1757,\"height\":1061,\"caption\":\"Udruga HerzegovinaBike\"},\"image\":{\"@id\":\"https:\\\/\\\/www.herzegovinabike.ba\\\/#\\\/schema\\\/logo\\\/image\\\/\"},\"sameAs\":[\"https:\\\/\\\/www.facebook.com\\\/HerzegovinaBike\",\"https:\\\/\\\/www.instagram.com\\\/herzegovinabike\\\/\"]},{\"@type\":\"Person\",\"@id\":\"https:\\\/\\\/www.herzegovinabike.ba\\\/#\\\/schema\\\/person\\\/1161ca5c7a242dc0e69d24c0fb304ccb\",\"name\":\"Herzegovina Bike\",\"image\":{\"@type\":\"ImageObject\",\"inLanguage\":\"en-US\",\"@id\":\"https:\\\/\\\/secure.gravatar.com\\\/avatar\\\/236a03b53b73db89b68d17aa2f415bb2a2d3b326d0632f3a602c6c9cacba1ff0?s=96&d=mm&r=g\",\"url\":\"https:\\\/\\\/secure.gravatar.com\\\/avatar\\\/236a03b53b73db89b68d17aa2f415bb2a2d3b326d0632f3a602c6c9cacba1ff0?s=96&d=mm&r=g\",\"contentUrl\":\"https:\\\/\\\/secure.gravatar.com\\\/avatar\\\/236a03b53b73db89b68d17aa2f415bb2a2d3b326d0632f3a602c6c9cacba1ff0?s=96&d=mm&r=g\",\"caption\":\"Herzegovina Bike\"},\"description\":\"Udruga \u201cHerzegovinaBike\u201d je pokreta\u010d (i sredi\u0161te) razvoja biciklizma kao cikloturizma, rekreacije i sporta u Hercegovini. CILJ: Hercegovina kao vrhunska cikloturisti\u010dka destinacija. \u2705\",\"sameAs\":[\"https:\\\/\\\/www.herzegovinabike.ba\\\/\",\"https:\\\/\\\/www.facebook.com\\\/HerzegovinaBike\\\/\",\"https:\\\/\\\/www.instagram.com\\\/herzegovinabike\\\/\",\"https:\\\/\\\/www.linkedin.com\\\/in\\\/herzegovina-bike-ba605a29b\\\/\",\"https:\\\/\\\/x.com\\\/https:\\\/\\\/twitter.com\\\/HerzegovinaBike\",\"https:\\\/\\\/www.youtube.com\\\/channel\\\/UCOFGFUHmcGVzVHD9WgOGTrA\"],\"url\":\"https:\\\/\\\/www.herzegovinabike.ba\\\/en\\\/author\\\/toni\\\/\"}]}<\/script>\n<!-- \/ Yoast SEO Premium plugin. -->","yoast_head_json":{"title":"U Mostaru odr\u017ean radni sastanak o EuroVelo ruti - HerzegovinaBike","description":"U prostorijama Grada Mostara ju\u010der je odr\u017ean radni sastanak o nastavku aktivnosti vezanih uz uspostavu me\u0111unarodne EuroVelo rute koja bi ...","robots":{"index":"index","follow":"follow","max-snippet":"max-snippet:-1","max-image-preview":"max-image-preview:large","max-video-preview":"max-video-preview:-1"},"canonical":"https:\/\/www.herzegovinabike.ba\/en\/u-mostaru-odrzan-radni-sastanak-o-eurovelo-ruti\/","og_locale":"en_US","og_type":"article","og_title":"U Mostaru odr\u017ean radni sastanak o EuroVelo ruti","og_description":"U prostorijama Grada Mostara ju\u010der je odr\u017ean radni sastanak o nastavku aktivnosti vezanih uz uspostavu me\u0111unarodne EuroVelo rute koja bi ...","og_url":"https:\/\/www.herzegovinabike.ba\/en\/u-mostaru-odrzan-radni-sastanak-o-eurovelo-ruti\/","og_site_name":"HerzegovinaBike","article_publisher":"https:\/\/www.facebook.com\/HerzegovinaBike","article_author":"https:\/\/www.facebook.com\/HerzegovinaBike\/","article_published_time":"2025-12-11T14:23:43+00:00","article_modified_time":"2025-12-11T14:42:35+00:00","og_image":[{"width":1200,"height":800,"url":"https:\/\/www.herzegovinabike.ba\/wp-content\/uploads\/2025\/12\/Eurovelo-sastanak-Mostar.jpg","type":"image\/jpeg"}],"author":"Herzegovina Bike","twitter_card":"summary_large_image","twitter_creator":"@https:\/\/twitter.com\/HerzegovinaBike","twitter_misc":{"Written by":"Herzegovina Bike","Est. reading time":"4 minutes"},"schema":{"@context":"https:\/\/schema.org","@graph":[{"@type":"Article","@id":"https:\/\/www.herzegovinabike.ba\/u-mostaru-odrzan-radni-sastanak-o-eurovelo-ruti\/#article","isPartOf":{"@id":"https:\/\/www.herzegovinabike.ba\/u-mostaru-odrzan-radni-sastanak-o-eurovelo-ruti\/"},"author":{"name":"Herzegovina Bike","@id":"https:\/\/www.herzegovinabike.ba\/#\/schema\/person\/1161ca5c7a242dc0e69d24c0fb304ccb"},"headline":"U Mostaru odr\u017ean radni sastanak o EuroVelo ruti","datePublished":"2025-12-11T14:23:43+00:00","dateModified":"2025-12-11T14:42:35+00:00","mainEntityOfPage":{"@id":"https:\/\/www.herzegovinabike.ba\/u-mostaru-odrzan-radni-sastanak-o-eurovelo-ruti\/"},"wordCount":636,"publisher":{"@id":"https:\/\/www.herzegovinabike.ba\/#organization"},"image":{"@id":"https:\/\/www.herzegovinabike.ba\/u-mostaru-odrzan-radni-sastanak-o-eurovelo-ruti\/#primaryimage"},"thumbnailUrl":"https:\/\/www.herzegovinabike.ba\/wp-content\/uploads\/2025\/12\/Eurovelo-sastanak-Mostar.jpg","articleSection":["Blog"],"inLanguage":"en-US"},{"@type":"WebPage","@id":"https:\/\/www.herzegovinabike.ba\/u-mostaru-odrzan-radni-sastanak-o-eurovelo-ruti\/","url":"https:\/\/www.herzegovinabike.ba\/u-mostaru-odrzan-radni-sastanak-o-eurovelo-ruti\/","name":"U Mostaru odr\u017ean radni sastanak o EuroVelo ruti - HerzegovinaBike","isPartOf":{"@id":"https:\/\/www.herzegovinabike.ba\/#website"},"primaryImageOfPage":{"@id":"https:\/\/www.herzegovinabike.ba\/u-mostaru-odrzan-radni-sastanak-o-eurovelo-ruti\/#primaryimage"},"image":{"@id":"https:\/\/www.herzegovinabike.ba\/u-mostaru-odrzan-radni-sastanak-o-eurovelo-ruti\/#primaryimage"},"thumbnailUrl":"https:\/\/www.herzegovinabike.ba\/wp-content\/uploads\/2025\/12\/Eurovelo-sastanak-Mostar.jpg","datePublished":"2025-12-11T14:23:43+00:00","dateModified":"2025-12-11T14:42:35+00:00","description":"U prostorijama Grada Mostara ju\u010der je odr\u017ean radni sastanak o nastavku aktivnosti vezanih uz uspostavu me\u0111unarodne EuroVelo rute koja bi ...","breadcrumb":{"@id":"https:\/\/www.herzegovinabike.ba\/u-mostaru-odrzan-radni-sastanak-o-eurovelo-ruti\/#breadcrumb"},"inLanguage":"en-US","potentialAction":[{"@type":"ReadAction","target":["https:\/\/www.herzegovinabike.ba\/u-mostaru-odrzan-radni-sastanak-o-eurovelo-ruti\/"]}]},{"@type":"ImageObject","inLanguage":"en-US","@id":"https:\/\/www.herzegovinabike.ba\/u-mostaru-odrzan-radni-sastanak-o-eurovelo-ruti\/#primaryimage","url":"https:\/\/www.herzegovinabike.ba\/wp-content\/uploads\/2025\/12\/Eurovelo-sastanak-Mostar.jpg","contentUrl":"https:\/\/www.herzegovinabike.ba\/wp-content\/uploads\/2025\/12\/Eurovelo-sastanak-Mostar.jpg","width":1200,"height":800},{"@type":"BreadcrumbList","@id":"https:\/\/www.herzegovinabike.ba\/u-mostaru-odrzan-radni-sastanak-o-eurovelo-ruti\/#breadcrumb","itemListElement":[{"@type":"ListItem","position":1,"name":"Po\u010detna stranica","item":"https:\/\/www.herzegovinabike.ba\/"},{"@type":"ListItem","position":2,"name":"U Mostaru odr\u017ean radni sastanak o EuroVelo ruti"}]},{"@type":"WebSite","@id":"https:\/\/www.herzegovinabike.ba\/#website","url":"https:\/\/www.herzegovinabike.ba\/","name":"HerzegovinaBike","description":"Your place under the sun","publisher":{"@id":"https:\/\/www.herzegovinabike.ba\/#organization"},"potentialAction":[{"@type":"SearchAction","target":{"@type":"EntryPoint","urlTemplate":"https:\/\/www.herzegovinabike.ba\/?s={search_term_string}"},"query-input":{"@type":"PropertyValueSpecification","valueRequired":true,"valueName":"search_term_string"}}],"inLanguage":"en-US"},{"@type":"Organization","@id":"https:\/\/www.herzegovinabike.ba\/#organization","name":"Association HerzegovinaBike","url":"https:\/\/www.herzegovinabike.ba\/","logo":{"@type":"ImageObject","inLanguage":"en-US","@id":"https:\/\/www.herzegovinabike.ba\/#\/schema\/logo\/image\/","url":"https:\/\/www.bike.herzegovinabike.ba\/wp-content\/uploads\/2023\/11\/herzegovina_bike_logo_horizontal.png","contentUrl":"https:\/\/www.bike.herzegovinabike.ba\/wp-content\/uploads\/2023\/11\/herzegovina_bike_logo_horizontal.png","width":1757,"height":1061,"caption":"Udruga HerzegovinaBike"},"image":{"@id":"https:\/\/www.herzegovinabike.ba\/#\/schema\/logo\/image\/"},"sameAs":["https:\/\/www.facebook.com\/HerzegovinaBike","https:\/\/www.instagram.com\/herzegovinabike\/"]},{"@type":"Person","@id":"https:\/\/www.herzegovinabike.ba\/#\/schema\/person\/1161ca5c7a242dc0e69d24c0fb304ccb","name":"Herzegovina Bike","image":{"@type":"ImageObject","inLanguage":"en-US","@id":"https:\/\/secure.gravatar.com\/avatar\/236a03b53b73db89b68d17aa2f415bb2a2d3b326d0632f3a602c6c9cacba1ff0?s=96&d=mm&r=g","url":"https:\/\/secure.gravatar.com\/avatar\/236a03b53b73db89b68d17aa2f415bb2a2d3b326d0632f3a602c6c9cacba1ff0?s=96&d=mm&r=g","contentUrl":"https:\/\/secure.gravatar.com\/avatar\/236a03b53b73db89b68d17aa2f415bb2a2d3b326d0632f3a602c6c9cacba1ff0?s=96&d=mm&r=g","caption":"Herzegovina Bike"},"description":"Udruga \u201cHerzegovinaBike\u201d je pokreta\u010d (i sredi\u0161te) razvoja biciklizma kao cikloturizma, rekreacije i sporta u Hercegovini. CILJ: Hercegovina kao vrhunska cikloturisti\u010dka destinacija. \u2705","sameAs":["https:\/\/www.herzegovinabike.ba\/","https:\/\/www.facebook.com\/HerzegovinaBike\/","https:\/\/www.instagram.com\/herzegovinabike\/","https:\/\/www.linkedin.com\/in\/herzegovina-bike-ba605a29b\/","https:\/\/x.com\/https:\/\/twitter.com\/HerzegovinaBike","https:\/\/www.youtube.com\/channel\/UCOFGFUHmcGVzVHD9WgOGTrA"],"url":"https:\/\/www.herzegovinabike.ba\/en\/author\/toni\/"}]}},"_links":{"self":[{"href":"https:\/\/www.herzegovinabike.ba\/en\/wp-json\/wp\/v2\/posts\/19212","targetHints":{"allow":["GET"]}}],"collection":[{"href":"https:\/\/www.herzegovinabike.ba\/en\/wp-json\/wp\/v2\/posts"}],"about":[{"href":"https:\/\/www.herzegovinabike.ba\/en\/wp-json\/wp\/v2\/types\/post"}],"author":[{"embeddable":true,"href":"https:\/\/www.herzegovinabike.ba\/en\/wp-json\/wp\/v2\/users\/2"}],"replies":[{"embeddable":true,"href":"https:\/\/www.herzegovinabike.ba\/en\/wp-json\/wp\/v2\/comments?post=19212"}],"version-history":[{"count":5,"href":"https:\/\/www.herzegovinabike.ba\/en\/wp-json\/wp\/v2\/posts\/19212\/revisions"}],"predecessor-version":[{"id":19218,"href":"https:\/\/www.herzegovinabike.ba\/en\/wp-json\/wp\/v2\/posts\/19212\/revisions\/19218"}],"wp:featuredmedia":[{"embeddable":true,"href":"https:\/\/www.herzegovinabike.ba\/en\/wp-json\/wp\/v2\/media\/19213"}],"wp:attachment":[{"href":"https:\/\/www.herzegovinabike.ba\/en\/wp-json\/wp\/v2\/media?parent=19212"}],"wp:term":[{"taxonomy":"category","embeddable":true,"href":"https:\/\/www.herzegovinabike.ba\/en\/wp-json\/wp\/v2\/categories?post=19212"},{"taxonomy":"post_tag","embeddable":true,"href":"https:\/\/www.herzegovinabike.ba\/en\/wp-json\/wp\/v2\/tags?post=19212"}],"curies":[{"name":"wp","href":"https:\/\/api.w.org\/{rel}","templated":true}]}}