{"id":19511,"date":"2026-01-22T17:20:37","date_gmt":"2026-01-22T16:20:37","guid":{"rendered":"https:\/\/www.herzegovinabike.ba\/?p=19511"},"modified":"2026-01-22T17:50:08","modified_gmt":"2026-01-22T16:50:08","slug":"bosna-i-hercegovina-postaje-svjetska-biciklisticka-pozornica","status":"publish","type":"post","link":"https:\/\/www.herzegovinabike.ba\/en\/bosna-i-hercegovina-postaje-svjetska-biciklisticka-pozornica\/","title":{"rendered":"Bosnia and Herzegovina Becomes a Global Cycling Stage"},"content":{"rendered":"<p class=\"has-text-align-center\"><strong>Memorandum of Cooperation for the \"Tour of Bosnia and Herzegovina\" Signed in Mostar<\/strong><\/p>\n\n\n\n<p>Hotel Mostar served as the epicenter of sporting and diplomatic events in Bosnia and Herzegovina today. At a formal press conference gathering prime ministers, mayors, leading business figures, and representatives of sports institutions, a Memorandum of Cooperation was signed for the first international cycling race, the <strong>\u201eTour of Bosnia and Herzegovina 2026\u201c<\/strong>.<\/p>\n\n\n\n<p>This strategically significant project, included in the official calendar of the Union Cycliste Internationale (UCI), represents a turning point for domestic sports and tourism. It unites local communities from Sarajevo to Neum in a shared mission to promote the potential of Bosnia and Herzegovina.<\/p>\n\n\n\n<div class=\"wp-block-columns is-layout-flex wp-container-core-columns-is-layout-9d6595d7 wp-block-columns-is-layout-flex\">\n<div class=\"wp-block-column is-layout-flow wp-block-column-is-layout-flow\">\n<figure class=\"wp-block-image size-large\"><img loading=\"lazy\" decoding=\"async\" width=\"1024\" height=\"683\" src=\"https:\/\/www.herzegovinabike.ba\/wp-content\/uploads\/2026\/01\/Tour-of-BiH-slika-3-1024x683.jpg\" alt=\"\" class=\"wp-image-19514\" srcset=\"https:\/\/www.herzegovinabike.ba\/wp-content\/uploads\/2026\/01\/Tour-of-BiH-slika-3-1024x683.jpg 1024w, https:\/\/www.herzegovinabike.ba\/wp-content\/uploads\/2026\/01\/Tour-of-BiH-slika-3-300x200.jpg 300w, https:\/\/www.herzegovinabike.ba\/wp-content\/uploads\/2026\/01\/Tour-of-BiH-slika-3-768x512.jpg 768w, https:\/\/www.herzegovinabike.ba\/wp-content\/uploads\/2026\/01\/Tour-of-BiH-slika-3-18x12.jpg 18w, https:\/\/www.herzegovinabike.ba\/wp-content\/uploads\/2026\/01\/Tour-of-BiH-slika-3-600x400.jpg 600w, https:\/\/www.herzegovinabike.ba\/wp-content\/uploads\/2026\/01\/Tour-of-BiH-slika-3.jpg 1200w\" sizes=\"auto, (max-width: 1024px) 100vw, 1024px\" \/><\/figure>\n<\/div>\n\n\n\n<div class=\"wp-block-column is-layout-flow wp-block-column-is-layout-flow\">\n<figure class=\"wp-block-image size-large\"><img loading=\"lazy\" decoding=\"async\" width=\"1024\" height=\"683\" src=\"https:\/\/www.herzegovinabike.ba\/wp-content\/uploads\/2026\/01\/Tour-of-BiH-slika-5-1024x683.jpg\" alt=\"\" class=\"wp-image-19516\" srcset=\"https:\/\/www.herzegovinabike.ba\/wp-content\/uploads\/2026\/01\/Tour-of-BiH-slika-5-1024x683.jpg 1024w, https:\/\/www.herzegovinabike.ba\/wp-content\/uploads\/2026\/01\/Tour-of-BiH-slika-5-300x200.jpg 300w, https:\/\/www.herzegovinabike.ba\/wp-content\/uploads\/2026\/01\/Tour-of-BiH-slika-5-768x512.jpg 768w, https:\/\/www.herzegovinabike.ba\/wp-content\/uploads\/2026\/01\/Tour-of-BiH-slika-5-18x12.jpg 18w, https:\/\/www.herzegovinabike.ba\/wp-content\/uploads\/2026\/01\/Tour-of-BiH-slika-5-600x400.jpg 600w, https:\/\/www.herzegovinabike.ba\/wp-content\/uploads\/2026\/01\/Tour-of-BiH-slika-5.jpg 1200w\" sizes=\"auto, (max-width: 1024px) 100vw, 1024px\" \/><\/figure>\n<\/div>\n<\/div>\n\n\n\n<p><strong><em>\"Writing the First Pages of History\"<\/em><\/strong> Race Director, <strong>Toni Zori\u0107<\/strong>, expressed deep gratitude to the partners who recognized the vision of a project that puts the country on the map of world-class cycling.<\/p>\n\n\n\n<p><em>\"It is an honor that we will join forces to write the first pages of this event's history. Bosnia and Herzegovina is a land of incredible contrasts, rich history, and untouched nature, and we have prepared a stage worthy of the world\u2019s best riders coming to us from 38 countries across five continents,\"<\/em>Zori\u0107 pointed out.<\/p>\n\n\n\n<p>He emphasized that the three-day route combines symbolism with a sporting challenge: <em>\"Starting from Sarajevo, our capital and a symbol of the meeting of cultures, we will compete all the way to the pearl of the Adriatic coast, the city of Neum. Our goal is not only to organize a sporting and tourist event but to create a lasting partnership and tradition that will promote healthy living, sportsmanship, and the natural wealth of our country to the entire world\".<\/em><\/p>\n\n\n\n<div class=\"wp-block-columns is-layout-flex wp-container-core-columns-is-layout-9d6595d7 wp-block-columns-is-layout-flex\">\n<div class=\"wp-block-column is-layout-flow wp-block-column-is-layout-flow\">\n<figure class=\"wp-block-image size-large\"><img loading=\"lazy\" decoding=\"async\" width=\"1024\" height=\"683\" src=\"https:\/\/www.herzegovinabike.ba\/wp-content\/uploads\/2026\/01\/Tour-of-BiH-slika-1-1024x683.jpg\" alt=\"\" class=\"wp-image-19512\" srcset=\"https:\/\/www.herzegovinabike.ba\/wp-content\/uploads\/2026\/01\/Tour-of-BiH-slika-1-1024x683.jpg 1024w, https:\/\/www.herzegovinabike.ba\/wp-content\/uploads\/2026\/01\/Tour-of-BiH-slika-1-300x200.jpg 300w, https:\/\/www.herzegovinabike.ba\/wp-content\/uploads\/2026\/01\/Tour-of-BiH-slika-1-768x512.jpg 768w, https:\/\/www.herzegovinabike.ba\/wp-content\/uploads\/2026\/01\/Tour-of-BiH-slika-1-18x12.jpg 18w, https:\/\/www.herzegovinabike.ba\/wp-content\/uploads\/2026\/01\/Tour-of-BiH-slika-1-600x400.jpg 600w, https:\/\/www.herzegovinabike.ba\/wp-content\/uploads\/2026\/01\/Tour-of-BiH-slika-1.jpg 1200w\" sizes=\"auto, (max-width: 1024px) 100vw, 1024px\" \/><\/figure>\n<\/div>\n\n\n\n<div class=\"wp-block-column is-layout-flow wp-block-column-is-layout-flow\">\n<figure class=\"wp-block-image size-large\"><img loading=\"lazy\" decoding=\"async\" width=\"1024\" height=\"683\" src=\"https:\/\/www.herzegovinabike.ba\/wp-content\/uploads\/2026\/01\/Tour-of-BiH-slika-4-1024x683.jpg\" alt=\"\" class=\"wp-image-19515\" srcset=\"https:\/\/www.herzegovinabike.ba\/wp-content\/uploads\/2026\/01\/Tour-of-BiH-slika-4-1024x683.jpg 1024w, https:\/\/www.herzegovinabike.ba\/wp-content\/uploads\/2026\/01\/Tour-of-BiH-slika-4-300x200.jpg 300w, https:\/\/www.herzegovinabike.ba\/wp-content\/uploads\/2026\/01\/Tour-of-BiH-slika-4-768x512.jpg 768w, https:\/\/www.herzegovinabike.ba\/wp-content\/uploads\/2026\/01\/Tour-of-BiH-slika-4-18x12.jpg 18w, https:\/\/www.herzegovinabike.ba\/wp-content\/uploads\/2026\/01\/Tour-of-BiH-slika-4-600x400.jpg 600w, https:\/\/www.herzegovinabike.ba\/wp-content\/uploads\/2026\/01\/Tour-of-BiH-slika-4.jpg 1200w\" sizes=\"auto, (max-width: 1024px) 100vw, 1024px\" \/><\/figure>\n<\/div>\n<\/div>\n\n\n\n<p><strong>Strategic Support from the Olympic Committee and Experts<\/strong> As a special partner of the race, the President of the Olympic Committee of BiH, <strong>Izet Ra\u0111o<\/strong>, attended the conference, representing an institution that provides full support for the development of this project as a key element in strengthening the state's sporting identity. Sport's Director of the Race, <strong>Amar Njem\u010devi\u0107<\/strong>, provided an overview of the technical segment, the quality of the teams, and the demanding nature of the route, confirming that the interest from international teams has exceeded all expectations.<br><br>\u201c<em>For BiH, this race has an even deeper meaning\u2014it opens space for young people to dream, for athletes to establish themselves on home soil, and for local communities to be part of a positive, connected, and recognizable story. With its unique energy as a meeting point of different cultures, BiH is a natural host and a powerful message of what this race aspires to be<\/em>,\" stated <strong>Izet Ra\u0111o<\/strong>, President of the Olympic Committee of BiH.<br><br>\u201c<em>Lejla and I have had the opportunity to travel the whole world, competing and performing at the biggest races, often watching world tours as spectators. Although we were always excited, there was always a sense of regret that we didn't have such an event in BiH. To our great happiness and joy, that moment has finally arrived, and we cannot wait for April 2026<\/em>,\" stated <strong>Amar Njem\u010devi\u0107<\/strong>, the Tour\u2019s Sports Director.<\/p>\n\n\n\n<p><strong>Unity of Cities and Patrons<\/strong> The highlight of the conference was the signing of the Memorandum of Cooperation with representatives of the cantons, cities, and municipalities through which the race passes, as well as with key sponsors. This act confirmed that the \"Tour of Bosnia and Herzegovina\" is not just a cycling race, but a platform for strengthening cooperation between local communities and a national project that will send an image of a modern, active, and hospitable Bosnia and Herzegovina to the world.<\/p>\n\n\n\n<p>The race starts on April 17, 2026, in Sarajevo. Over three days of top-tier competition, the caravan will pass through Mostar and Ljubu\u0161ki, reaching the final finish line in Neum on April 19.<\/p>\n\n\n\n<p>For more information on the stages, teams, and schedule, visit the official website: <a href=\"http:\/\/www.tourbih.ba\"><strong>www.tourbih.ba<\/strong><\/a><\/p>","protected":false},"excerpt":{"rendered":"<p>U Mostaru potpisan Memorandum o suradnji za \u201eTour of Bosnia and Herzegovina\u201c Hotel Mostar danas je bio sredi\u0161te sportskih i diplomatskih zbivanja u Bosni i Hercegovini. Na sve\u010danoj konferenciji za medije, koja je okupila premijere, gradona\u010delnike, vode\u0107e gospodarstvenike i predstavnike sportskih institucija, potpisan je Memorandum o suradnji na projektu prve me\u0111unarodne biciklisti\u010dke utrke \u201eTour of [&hellip;]<\/p>\n","protected":false},"author":2,"featured_media":19513,"comment_status":"closed","ping_status":"open","sticky":false,"template":"","format":"standard","meta":{"footnotes":""},"categories":[2],"tags":[],"class_list":["post-19511","post","type-post","status-publish","format-standard","has-post-thumbnail","hentry","category-blog"],"yoast_head":"<!-- This site is optimized with the Yoast SEO Premium plugin v21.5 (Yoast SEO v27.4) - https:\/\/yoast.com\/product\/yoast-seo-premium-wordpress\/ -->\n<title>Bosna i Hercegovina postaje svjetska biciklisti\u010dka pozornica - HerzegovinaBike<\/title>\n<meta name=\"description\" content=\"Hotel Mostar danas je bio sredi\u0161te sportskih i diplomatskih zbivanja u Bosni i Hercegovini. Na sve\u010danoj konferenciji za medije, koja je ...\" \/>\n<meta name=\"robots\" content=\"index, follow, max-snippet:-1, max-image-preview:large, max-video-preview:-1\" \/>\n<link rel=\"canonical\" href=\"https:\/\/www.herzegovinabike.ba\/en\/bosna-i-hercegovina-postaje-svjetska-biciklisticka-pozornica\/\" \/>\n<meta property=\"og:locale\" content=\"en_US\" \/>\n<meta property=\"og:type\" content=\"article\" \/>\n<meta property=\"og:title\" content=\"Bosna i Hercegovina postaje svjetska biciklisti\u010dka pozornica\" \/>\n<meta property=\"og:description\" content=\"Hotel Mostar danas je bio sredi\u0161te sportskih i diplomatskih zbivanja u Bosni i Hercegovini. Na sve\u010danoj konferenciji za medije, koja je ...\" \/>\n<meta property=\"og:url\" content=\"https:\/\/www.herzegovinabike.ba\/en\/bosna-i-hercegovina-postaje-svjetska-biciklisticka-pozornica\/\" \/>\n<meta property=\"og:site_name\" content=\"HerzegovinaBike\" \/>\n<meta property=\"article:publisher\" content=\"https:\/\/www.facebook.com\/HerzegovinaBike\" \/>\n<meta property=\"article:author\" content=\"https:\/\/www.facebook.com\/HerzegovinaBike\/\" \/>\n<meta property=\"article:published_time\" content=\"2026-01-22T16:20:37+00:00\" \/>\n<meta property=\"article:modified_time\" content=\"2026-01-22T16:50:08+00:00\" \/>\n<meta property=\"og:image\" content=\"https:\/\/www.herzegovinabike.ba\/wp-content\/uploads\/2026\/01\/Tour-of-BiH-slika-2.jpg\" \/>\n\t<meta property=\"og:image:width\" content=\"1200\" \/>\n\t<meta property=\"og:image:height\" content=\"800\" \/>\n\t<meta property=\"og:image:type\" content=\"image\/jpeg\" \/>\n<meta name=\"author\" content=\"Herzegovina Bike\" \/>\n<meta name=\"twitter:card\" content=\"summary_large_image\" \/>\n<meta name=\"twitter:creator\" content=\"@https:\/\/twitter.com\/HerzegovinaBike\" \/>\n<meta name=\"twitter:label1\" content=\"Written by\" \/>\n\t<meta name=\"twitter:data1\" content=\"Herzegovina Bike\" \/>\n\t<meta name=\"twitter:label2\" content=\"Est. reading time\" \/>\n\t<meta name=\"twitter:data2\" content=\"4 minutes\" \/>\n<script type=\"application\/ld+json\" class=\"yoast-schema-graph\">{\"@context\":\"https:\\\/\\\/schema.org\",\"@graph\":[{\"@type\":\"Article\",\"@id\":\"https:\\\/\\\/www.herzegovinabike.ba\\\/bosna-i-hercegovina-postaje-svjetska-biciklisticka-pozornica\\\/#article\",\"isPartOf\":{\"@id\":\"https:\\\/\\\/www.herzegovinabike.ba\\\/bosna-i-hercegovina-postaje-svjetska-biciklisticka-pozornica\\\/\"},\"author\":{\"name\":\"Herzegovina Bike\",\"@id\":\"https:\\\/\\\/www.herzegovinabike.ba\\\/#\\\/schema\\\/person\\\/1161ca5c7a242dc0e69d24c0fb304ccb\"},\"headline\":\"Bosna i Hercegovina postaje svjetska biciklisti\u010dka pozornica\",\"datePublished\":\"2026-01-22T16:20:37+00:00\",\"dateModified\":\"2026-01-22T16:50:08+00:00\",\"mainEntityOfPage\":{\"@id\":\"https:\\\/\\\/www.herzegovinabike.ba\\\/bosna-i-hercegovina-postaje-svjetska-biciklisticka-pozornica\\\/\"},\"wordCount\":602,\"publisher\":{\"@id\":\"https:\\\/\\\/www.herzegovinabike.ba\\\/#organization\"},\"image\":{\"@id\":\"https:\\\/\\\/www.herzegovinabike.ba\\\/bosna-i-hercegovina-postaje-svjetska-biciklisticka-pozornica\\\/#primaryimage\"},\"thumbnailUrl\":\"https:\\\/\\\/www.herzegovinabike.ba\\\/wp-content\\\/uploads\\\/2026\\\/01\\\/Tour-of-BiH-slika-2.jpg\",\"articleSection\":[\"Blog\"],\"inLanguage\":\"en-US\"},{\"@type\":\"WebPage\",\"@id\":\"https:\\\/\\\/www.herzegovinabike.ba\\\/bosna-i-hercegovina-postaje-svjetska-biciklisticka-pozornica\\\/\",\"url\":\"https:\\\/\\\/www.herzegovinabike.ba\\\/bosna-i-hercegovina-postaje-svjetska-biciklisticka-pozornica\\\/\",\"name\":\"Bosna i Hercegovina postaje svjetska biciklisti\u010dka pozornica - HerzegovinaBike\",\"isPartOf\":{\"@id\":\"https:\\\/\\\/www.herzegovinabike.ba\\\/#website\"},\"primaryImageOfPage\":{\"@id\":\"https:\\\/\\\/www.herzegovinabike.ba\\\/bosna-i-hercegovina-postaje-svjetska-biciklisticka-pozornica\\\/#primaryimage\"},\"image\":{\"@id\":\"https:\\\/\\\/www.herzegovinabike.ba\\\/bosna-i-hercegovina-postaje-svjetska-biciklisticka-pozornica\\\/#primaryimage\"},\"thumbnailUrl\":\"https:\\\/\\\/www.herzegovinabike.ba\\\/wp-content\\\/uploads\\\/2026\\\/01\\\/Tour-of-BiH-slika-2.jpg\",\"datePublished\":\"2026-01-22T16:20:37+00:00\",\"dateModified\":\"2026-01-22T16:50:08+00:00\",\"description\":\"Hotel Mostar danas je bio sredi\u0161te sportskih i diplomatskih zbivanja u Bosni i Hercegovini. Na sve\u010danoj konferenciji za medije, koja je ...\",\"breadcrumb\":{\"@id\":\"https:\\\/\\\/www.herzegovinabike.ba\\\/bosna-i-hercegovina-postaje-svjetska-biciklisticka-pozornica\\\/#breadcrumb\"},\"inLanguage\":\"en-US\",\"potentialAction\":[{\"@type\":\"ReadAction\",\"target\":[\"https:\\\/\\\/www.herzegovinabike.ba\\\/bosna-i-hercegovina-postaje-svjetska-biciklisticka-pozornica\\\/\"]}]},{\"@type\":\"ImageObject\",\"inLanguage\":\"en-US\",\"@id\":\"https:\\\/\\\/www.herzegovinabike.ba\\\/bosna-i-hercegovina-postaje-svjetska-biciklisticka-pozornica\\\/#primaryimage\",\"url\":\"https:\\\/\\\/www.herzegovinabike.ba\\\/wp-content\\\/uploads\\\/2026\\\/01\\\/Tour-of-BiH-slika-2.jpg\",\"contentUrl\":\"https:\\\/\\\/www.herzegovinabike.ba\\\/wp-content\\\/uploads\\\/2026\\\/01\\\/Tour-of-BiH-slika-2.jpg\",\"width\":1200,\"height\":800},{\"@type\":\"BreadcrumbList\",\"@id\":\"https:\\\/\\\/www.herzegovinabike.ba\\\/bosna-i-hercegovina-postaje-svjetska-biciklisticka-pozornica\\\/#breadcrumb\",\"itemListElement\":[{\"@type\":\"ListItem\",\"position\":1,\"name\":\"Po\u010detna stranica\",\"item\":\"https:\\\/\\\/www.herzegovinabike.ba\\\/\"},{\"@type\":\"ListItem\",\"position\":2,\"name\":\"Bosna i Hercegovina postaje svjetska biciklisti\u010dka pozornica\"}]},{\"@type\":\"WebSite\",\"@id\":\"https:\\\/\\\/www.herzegovinabike.ba\\\/#website\",\"url\":\"https:\\\/\\\/www.herzegovinabike.ba\\\/\",\"name\":\"HerzegovinaBike\",\"description\":\"Your place under the sun\",\"publisher\":{\"@id\":\"https:\\\/\\\/www.herzegovinabike.ba\\\/#organization\"},\"potentialAction\":[{\"@type\":\"SearchAction\",\"target\":{\"@type\":\"EntryPoint\",\"urlTemplate\":\"https:\\\/\\\/www.herzegovinabike.ba\\\/?s={search_term_string}\"},\"query-input\":{\"@type\":\"PropertyValueSpecification\",\"valueRequired\":true,\"valueName\":\"search_term_string\"}}],\"inLanguage\":\"en-US\"},{\"@type\":\"Organization\",\"@id\":\"https:\\\/\\\/www.herzegovinabike.ba\\\/#organization\",\"name\":\"Udruga HerzegovinaBike\",\"url\":\"https:\\\/\\\/www.herzegovinabike.ba\\\/\",\"logo\":{\"@type\":\"ImageObject\",\"inLanguage\":\"en-US\",\"@id\":\"https:\\\/\\\/www.herzegovinabike.ba\\\/#\\\/schema\\\/logo\\\/image\\\/\",\"url\":\"https:\\\/\\\/www.bike.herzegovinabike.ba\\\/wp-content\\\/uploads\\\/2023\\\/11\\\/herzegovina_bike_logo_horizontal.png\",\"contentUrl\":\"https:\\\/\\\/www.bike.herzegovinabike.ba\\\/wp-content\\\/uploads\\\/2023\\\/11\\\/herzegovina_bike_logo_horizontal.png\",\"width\":1757,\"height\":1061,\"caption\":\"Udruga HerzegovinaBike\"},\"image\":{\"@id\":\"https:\\\/\\\/www.herzegovinabike.ba\\\/#\\\/schema\\\/logo\\\/image\\\/\"},\"sameAs\":[\"https:\\\/\\\/www.facebook.com\\\/HerzegovinaBike\",\"https:\\\/\\\/www.instagram.com\\\/herzegovinabike\\\/\"]},{\"@type\":\"Person\",\"@id\":\"https:\\\/\\\/www.herzegovinabike.ba\\\/#\\\/schema\\\/person\\\/1161ca5c7a242dc0e69d24c0fb304ccb\",\"name\":\"Herzegovina Bike\",\"image\":{\"@type\":\"ImageObject\",\"inLanguage\":\"en-US\",\"@id\":\"https:\\\/\\\/secure.gravatar.com\\\/avatar\\\/236a03b53b73db89b68d17aa2f415bb2a2d3b326d0632f3a602c6c9cacba1ff0?s=96&d=mm&r=g\",\"url\":\"https:\\\/\\\/secure.gravatar.com\\\/avatar\\\/236a03b53b73db89b68d17aa2f415bb2a2d3b326d0632f3a602c6c9cacba1ff0?s=96&d=mm&r=g\",\"contentUrl\":\"https:\\\/\\\/secure.gravatar.com\\\/avatar\\\/236a03b53b73db89b68d17aa2f415bb2a2d3b326d0632f3a602c6c9cacba1ff0?s=96&d=mm&r=g\",\"caption\":\"Herzegovina Bike\"},\"description\":\"Udruga \u201cHerzegovinaBike\u201d je pokreta\u010d (i sredi\u0161te) razvoja biciklizma kao cikloturizma, rekreacije i sporta u Hercegovini. CILJ: Hercegovina kao vrhunska cikloturisti\u010dka destinacija. \u2705\",\"sameAs\":[\"https:\\\/\\\/www.herzegovinabike.ba\\\/\",\"https:\\\/\\\/www.facebook.com\\\/HerzegovinaBike\\\/\",\"https:\\\/\\\/www.instagram.com\\\/herzegovinabike\\\/\",\"https:\\\/\\\/www.linkedin.com\\\/in\\\/herzegovina-bike-ba605a29b\\\/\",\"https:\\\/\\\/x.com\\\/https:\\\/\\\/twitter.com\\\/HerzegovinaBike\",\"https:\\\/\\\/www.youtube.com\\\/channel\\\/UCOFGFUHmcGVzVHD9WgOGTrA\"],\"url\":\"https:\\\/\\\/www.herzegovinabike.ba\\\/en\\\/author\\\/toni\\\/\"}]}<\/script>\n<!-- \/ Yoast SEO Premium plugin. -->","yoast_head_json":{"title":"Bosna i Hercegovina postaje svjetska biciklisti\u010dka pozornica - HerzegovinaBike","description":"Hotel Mostar danas je bio sredi\u0161te sportskih i diplomatskih zbivanja u Bosni i Hercegovini. Na sve\u010danoj konferenciji za medije, koja je ...","robots":{"index":"index","follow":"follow","max-snippet":"max-snippet:-1","max-image-preview":"max-image-preview:large","max-video-preview":"max-video-preview:-1"},"canonical":"https:\/\/www.herzegovinabike.ba\/en\/bosna-i-hercegovina-postaje-svjetska-biciklisticka-pozornica\/","og_locale":"en_US","og_type":"article","og_title":"Bosna i Hercegovina postaje svjetska biciklisti\u010dka pozornica","og_description":"Hotel Mostar danas je bio sredi\u0161te sportskih i diplomatskih zbivanja u Bosni i Hercegovini. Na sve\u010danoj konferenciji za medije, koja je ...","og_url":"https:\/\/www.herzegovinabike.ba\/en\/bosna-i-hercegovina-postaje-svjetska-biciklisticka-pozornica\/","og_site_name":"HerzegovinaBike","article_publisher":"https:\/\/www.facebook.com\/HerzegovinaBike","article_author":"https:\/\/www.facebook.com\/HerzegovinaBike\/","article_published_time":"2026-01-22T16:20:37+00:00","article_modified_time":"2026-01-22T16:50:08+00:00","og_image":[{"width":1200,"height":800,"url":"https:\/\/www.herzegovinabike.ba\/wp-content\/uploads\/2026\/01\/Tour-of-BiH-slika-2.jpg","type":"image\/jpeg"}],"author":"Herzegovina Bike","twitter_card":"summary_large_image","twitter_creator":"@https:\/\/twitter.com\/HerzegovinaBike","twitter_misc":{"Written by":"Herzegovina Bike","Est. reading time":"4 minutes"},"schema":{"@context":"https:\/\/schema.org","@graph":[{"@type":"Article","@id":"https:\/\/www.herzegovinabike.ba\/bosna-i-hercegovina-postaje-svjetska-biciklisticka-pozornica\/#article","isPartOf":{"@id":"https:\/\/www.herzegovinabike.ba\/bosna-i-hercegovina-postaje-svjetska-biciklisticka-pozornica\/"},"author":{"name":"Herzegovina Bike","@id":"https:\/\/www.herzegovinabike.ba\/#\/schema\/person\/1161ca5c7a242dc0e69d24c0fb304ccb"},"headline":"Bosna i Hercegovina postaje svjetska biciklisti\u010dka pozornica","datePublished":"2026-01-22T16:20:37+00:00","dateModified":"2026-01-22T16:50:08+00:00","mainEntityOfPage":{"@id":"https:\/\/www.herzegovinabike.ba\/bosna-i-hercegovina-postaje-svjetska-biciklisticka-pozornica\/"},"wordCount":602,"publisher":{"@id":"https:\/\/www.herzegovinabike.ba\/#organization"},"image":{"@id":"https:\/\/www.herzegovinabike.ba\/bosna-i-hercegovina-postaje-svjetska-biciklisticka-pozornica\/#primaryimage"},"thumbnailUrl":"https:\/\/www.herzegovinabike.ba\/wp-content\/uploads\/2026\/01\/Tour-of-BiH-slika-2.jpg","articleSection":["Blog"],"inLanguage":"en-US"},{"@type":"WebPage","@id":"https:\/\/www.herzegovinabike.ba\/bosna-i-hercegovina-postaje-svjetska-biciklisticka-pozornica\/","url":"https:\/\/www.herzegovinabike.ba\/bosna-i-hercegovina-postaje-svjetska-biciklisticka-pozornica\/","name":"Bosna i Hercegovina postaje svjetska biciklisti\u010dka pozornica - HerzegovinaBike","isPartOf":{"@id":"https:\/\/www.herzegovinabike.ba\/#website"},"primaryImageOfPage":{"@id":"https:\/\/www.herzegovinabike.ba\/bosna-i-hercegovina-postaje-svjetska-biciklisticka-pozornica\/#primaryimage"},"image":{"@id":"https:\/\/www.herzegovinabike.ba\/bosna-i-hercegovina-postaje-svjetska-biciklisticka-pozornica\/#primaryimage"},"thumbnailUrl":"https:\/\/www.herzegovinabike.ba\/wp-content\/uploads\/2026\/01\/Tour-of-BiH-slika-2.jpg","datePublished":"2026-01-22T16:20:37+00:00","dateModified":"2026-01-22T16:50:08+00:00","description":"Hotel Mostar danas je bio sredi\u0161te sportskih i diplomatskih zbivanja u Bosni i Hercegovini. Na sve\u010danoj konferenciji za medije, koja je ...","breadcrumb":{"@id":"https:\/\/www.herzegovinabike.ba\/bosna-i-hercegovina-postaje-svjetska-biciklisticka-pozornica\/#breadcrumb"},"inLanguage":"en-US","potentialAction":[{"@type":"ReadAction","target":["https:\/\/www.herzegovinabike.ba\/bosna-i-hercegovina-postaje-svjetska-biciklisticka-pozornica\/"]}]},{"@type":"ImageObject","inLanguage":"en-US","@id":"https:\/\/www.herzegovinabike.ba\/bosna-i-hercegovina-postaje-svjetska-biciklisticka-pozornica\/#primaryimage","url":"https:\/\/www.herzegovinabike.ba\/wp-content\/uploads\/2026\/01\/Tour-of-BiH-slika-2.jpg","contentUrl":"https:\/\/www.herzegovinabike.ba\/wp-content\/uploads\/2026\/01\/Tour-of-BiH-slika-2.jpg","width":1200,"height":800},{"@type":"BreadcrumbList","@id":"https:\/\/www.herzegovinabike.ba\/bosna-i-hercegovina-postaje-svjetska-biciklisticka-pozornica\/#breadcrumb","itemListElement":[{"@type":"ListItem","position":1,"name":"Po\u010detna stranica","item":"https:\/\/www.herzegovinabike.ba\/"},{"@type":"ListItem","position":2,"name":"Bosna i Hercegovina postaje svjetska biciklisti\u010dka pozornica"}]},{"@type":"WebSite","@id":"https:\/\/www.herzegovinabike.ba\/#website","url":"https:\/\/www.herzegovinabike.ba\/","name":"HerzegovinaBike","description":"Your place under the sun","publisher":{"@id":"https:\/\/www.herzegovinabike.ba\/#organization"},"potentialAction":[{"@type":"SearchAction","target":{"@type":"EntryPoint","urlTemplate":"https:\/\/www.herzegovinabike.ba\/?s={search_term_string}"},"query-input":{"@type":"PropertyValueSpecification","valueRequired":true,"valueName":"search_term_string"}}],"inLanguage":"en-US"},{"@type":"Organization","@id":"https:\/\/www.herzegovinabike.ba\/#organization","name":"Association HerzegovinaBike","url":"https:\/\/www.herzegovinabike.ba\/","logo":{"@type":"ImageObject","inLanguage":"en-US","@id":"https:\/\/www.herzegovinabike.ba\/#\/schema\/logo\/image\/","url":"https:\/\/www.bike.herzegovinabike.ba\/wp-content\/uploads\/2023\/11\/herzegovina_bike_logo_horizontal.png","contentUrl":"https:\/\/www.bike.herzegovinabike.ba\/wp-content\/uploads\/2023\/11\/herzegovina_bike_logo_horizontal.png","width":1757,"height":1061,"caption":"Udruga HerzegovinaBike"},"image":{"@id":"https:\/\/www.herzegovinabike.ba\/#\/schema\/logo\/image\/"},"sameAs":["https:\/\/www.facebook.com\/HerzegovinaBike","https:\/\/www.instagram.com\/herzegovinabike\/"]},{"@type":"Person","@id":"https:\/\/www.herzegovinabike.ba\/#\/schema\/person\/1161ca5c7a242dc0e69d24c0fb304ccb","name":"Herzegovina Bike","image":{"@type":"ImageObject","inLanguage":"en-US","@id":"https:\/\/secure.gravatar.com\/avatar\/236a03b53b73db89b68d17aa2f415bb2a2d3b326d0632f3a602c6c9cacba1ff0?s=96&d=mm&r=g","url":"https:\/\/secure.gravatar.com\/avatar\/236a03b53b73db89b68d17aa2f415bb2a2d3b326d0632f3a602c6c9cacba1ff0?s=96&d=mm&r=g","contentUrl":"https:\/\/secure.gravatar.com\/avatar\/236a03b53b73db89b68d17aa2f415bb2a2d3b326d0632f3a602c6c9cacba1ff0?s=96&d=mm&r=g","caption":"Herzegovina Bike"},"description":"Udruga \u201cHerzegovinaBike\u201d je pokreta\u010d (i sredi\u0161te) razvoja biciklizma kao cikloturizma, rekreacije i sporta u Hercegovini. CILJ: Hercegovina kao vrhunska cikloturisti\u010dka destinacija. \u2705","sameAs":["https:\/\/www.herzegovinabike.ba\/","https:\/\/www.facebook.com\/HerzegovinaBike\/","https:\/\/www.instagram.com\/herzegovinabike\/","https:\/\/www.linkedin.com\/in\/herzegovina-bike-ba605a29b\/","https:\/\/x.com\/https:\/\/twitter.com\/HerzegovinaBike","https:\/\/www.youtube.com\/channel\/UCOFGFUHmcGVzVHD9WgOGTrA"],"url":"https:\/\/www.herzegovinabike.ba\/en\/author\/toni\/"}]}},"_links":{"self":[{"href":"https:\/\/www.herzegovinabike.ba\/en\/wp-json\/wp\/v2\/posts\/19511","targetHints":{"allow":["GET"]}}],"collection":[{"href":"https:\/\/www.herzegovinabike.ba\/en\/wp-json\/wp\/v2\/posts"}],"about":[{"href":"https:\/\/www.herzegovinabike.ba\/en\/wp-json\/wp\/v2\/types\/post"}],"author":[{"embeddable":true,"href":"https:\/\/www.herzegovinabike.ba\/en\/wp-json\/wp\/v2\/users\/2"}],"replies":[{"embeddable":true,"href":"https:\/\/www.herzegovinabike.ba\/en\/wp-json\/wp\/v2\/comments?post=19511"}],"version-history":[{"count":5,"href":"https:\/\/www.herzegovinabike.ba\/en\/wp-json\/wp\/v2\/posts\/19511\/revisions"}],"predecessor-version":[{"id":19522,"href":"https:\/\/www.herzegovinabike.ba\/en\/wp-json\/wp\/v2\/posts\/19511\/revisions\/19522"}],"wp:featuredmedia":[{"embeddable":true,"href":"https:\/\/www.herzegovinabike.ba\/en\/wp-json\/wp\/v2\/media\/19513"}],"wp:attachment":[{"href":"https:\/\/www.herzegovinabike.ba\/en\/wp-json\/wp\/v2\/media?parent=19511"}],"wp:term":[{"taxonomy":"category","embeddable":true,"href":"https:\/\/www.herzegovinabike.ba\/en\/wp-json\/wp\/v2\/categories?post=19511"},{"taxonomy":"post_tag","embeddable":true,"href":"https:\/\/www.herzegovinabike.ba\/en\/wp-json\/wp\/v2\/tags?post=19511"}],"curies":[{"name":"wp","href":"https:\/\/api.w.org\/{rel}","templated":true}]}}