{"id":19649,"date":"2026-03-10T22:31:45","date_gmt":"2026-03-10T21:31:45","guid":{"rendered":"https:\/\/www.herzegovinabike.ba\/?p=19649"},"modified":"2026-03-10T22:59:08","modified_gmt":"2026-03-10T21:59:08","slug":"priznanje-iz-francuske-za-bisabih","status":"publish","type":"post","link":"https:\/\/www.herzegovinabike.ba\/en\/priznanje-iz-francuske-za-bisabih\/","title":{"rendered":"RECOGNITION FROM FRANCE: Cycling Federation of BiH highlighted as a European model for successful UCI project implementation"},"content":{"rendered":"<p><strong>AVIGNON<\/strong> \u2013 This past weekend, within the historic walls of the Palais des Papes in Avignon, the annual Congress of the <strong>European Cycling Union (UEC) took place<\/strong>. At this prestigious gathering, which brought together delegates from 50 national federations in the presence of the President of the Union Cycliste Internationale (UCI), David Lappartient, Bosnia and Herzegovina was represented by the President of the national federation, <strong>Toni Zori\u0107<\/strong>.<\/p>\n\n\n\n<p>The work <a href=\"https:\/\/bisabih.ba\/priznanje-iz-francuske-biciklisticki-savez-bih-istaknut-kao-europski-primjer-uspjesne-realizacije-uci-projekata\/\" target=\"_blank\" rel=\"noreferrer noopener\">of the Cycling Federation Bosnia and Herzegovina<\/a> has once again been recognized at the highest international level. For the second consecutive year, Bosnia and Herzegovina has received accolades for excellence in organizing the key developmental pillars of the sport.<\/p>\n\n\n<div class=\"wp-block-image\">\n<figure class=\"aligncenter size-large\"><img loading=\"lazy\" decoding=\"async\" width=\"1024\" height=\"576\" src=\"https:\/\/www.herzegovinabike.ba\/wp-content\/uploads\/2026\/03\/UEC-Skupstina-France-slika-7-1024x576.jpg\" alt=\"\" class=\"wp-image-19655\" srcset=\"https:\/\/www.herzegovinabike.ba\/wp-content\/uploads\/2026\/03\/UEC-Skupstina-France-slika-7-1024x576.jpg 1024w, https:\/\/www.herzegovinabike.ba\/wp-content\/uploads\/2026\/03\/UEC-Skupstina-France-slika-7-300x169.jpg 300w, https:\/\/www.herzegovinabike.ba\/wp-content\/uploads\/2026\/03\/UEC-Skupstina-France-slika-7-768x432.jpg 768w, https:\/\/www.herzegovinabike.ba\/wp-content\/uploads\/2026\/03\/UEC-Skupstina-France-slika-7-18x10.jpg 18w, https:\/\/www.herzegovinabike.ba\/wp-content\/uploads\/2026\/03\/UEC-Skupstina-France-slika-7-600x338.jpg 600w, https:\/\/www.herzegovinabike.ba\/wp-content\/uploads\/2026\/03\/UEC-Skupstina-France-slika-7.jpg 1200w\" sizes=\"auto, (max-width: 1024px) 100vw, 1024px\" \/><\/figure>\n<\/div>\n\n\n<p><strong>Consistent success in the spotlight<\/strong><\/p>\n\n\n\n<p>This is not merely a formal commendation but a confirmation of strategic investment in infrastructure and professional staff. Representatives of the European Federation's member countries had the opportunity to hear about the efforts of the BiH Federation, which resulted in public praise for:<\/p>\n\n\n\n<ul class=\"wp-block-list\">\n<li><strong>Excellent organization of National Team training camps;<\/strong>;<\/li>\n\n\n\n<li><strong>High-quality implementation of educational workshops<\/strong> for coaches and commissaires (officials);<\/li>\n\n\n\n<li><strong>Effective and transparent management of funds<\/strong> within the <em>UCI Solidarity<\/em> programme.<\/li>\n<\/ul>\n\n\n\n<p>The fact that both the European (UEC) and World (UCI) governing bodies of cycling are highlighting this Federation as a model for the proper utilization of development funds ensures immense credibility for future projects. It is worth noting that the Federation previously received identical recognition at the UCI global congress held in Zurich, Switzerland, in front of 197 member countries.<\/p>\n\n\n\n<div class=\"wp-block-columns is-layout-flex wp-container-core-columns-is-layout-9d6595d7 wp-block-columns-is-layout-flex\">\n<div class=\"wp-block-column is-layout-flow wp-block-column-is-layout-flow\">\n<figure class=\"wp-block-image size-large\"><img loading=\"lazy\" decoding=\"async\" width=\"1024\" height=\"683\" src=\"https:\/\/www.herzegovinabike.ba\/wp-content\/uploads\/2026\/03\/UEC-Skupstina-France-slika-3-1024x683.jpg\" alt=\"\" class=\"wp-image-19651\" srcset=\"https:\/\/www.herzegovinabike.ba\/wp-content\/uploads\/2026\/03\/UEC-Skupstina-France-slika-3-1024x683.jpg 1024w, https:\/\/www.herzegovinabike.ba\/wp-content\/uploads\/2026\/03\/UEC-Skupstina-France-slika-3-300x200.jpg 300w, https:\/\/www.herzegovinabike.ba\/wp-content\/uploads\/2026\/03\/UEC-Skupstina-France-slika-3-768x512.jpg 768w, https:\/\/www.herzegovinabike.ba\/wp-content\/uploads\/2026\/03\/UEC-Skupstina-France-slika-3-18x12.jpg 18w, https:\/\/www.herzegovinabike.ba\/wp-content\/uploads\/2026\/03\/UEC-Skupstina-France-slika-3-600x400.jpg 600w, https:\/\/www.herzegovinabike.ba\/wp-content\/uploads\/2026\/03\/UEC-Skupstina-France-slika-3.jpg 1200w\" sizes=\"auto, (max-width: 1024px) 100vw, 1024px\" \/><\/figure>\n<\/div>\n\n\n\n<div class=\"wp-block-column is-layout-flow wp-block-column-is-layout-flow\">\n<figure class=\"wp-block-image size-large\"><img loading=\"lazy\" decoding=\"async\" width=\"1024\" height=\"683\" src=\"https:\/\/www.herzegovinabike.ba\/wp-content\/uploads\/2026\/03\/UEC-Skupstina-France-slika-2-1024x683.jpg\" alt=\"\" class=\"wp-image-19650\" srcset=\"https:\/\/www.herzegovinabike.ba\/wp-content\/uploads\/2026\/03\/UEC-Skupstina-France-slika-2-1024x683.jpg 1024w, https:\/\/www.herzegovinabike.ba\/wp-content\/uploads\/2026\/03\/UEC-Skupstina-France-slika-2-300x200.jpg 300w, https:\/\/www.herzegovinabike.ba\/wp-content\/uploads\/2026\/03\/UEC-Skupstina-France-slika-2-768x512.jpg 768w, https:\/\/www.herzegovinabike.ba\/wp-content\/uploads\/2026\/03\/UEC-Skupstina-France-slika-2-18x12.jpg 18w, https:\/\/www.herzegovinabike.ba\/wp-content\/uploads\/2026\/03\/UEC-Skupstina-France-slika-2-600x400.jpg 600w, https:\/\/www.herzegovinabike.ba\/wp-content\/uploads\/2026\/03\/UEC-Skupstina-France-slika-2.jpg 1200w\" sizes=\"auto, (max-width: 1024px) 100vw, 1024px\" \/><\/figure>\n<\/div>\n<\/div>\n\n\n\n<p><strong>Focus on sustainable development and the future of sport<\/strong><\/p>\n\n\n\n<p>During the sessions in Avignon, led by UEC President <strong>Enrico Della Casa<\/strong>, priorities such as the development of women's cycling and investment in young talents were emphasized. The recognition awarded to Bosnia and Herzegovina aligns directly with these goals. Without professional coaches and top-tier preparation conditions, long-term sporting success is not possible.<\/p>\n\n\n\n<div class=\"wp-block-columns is-layout-flex wp-container-core-columns-is-layout-9d6595d7 wp-block-columns-is-layout-flex\">\n<div class=\"wp-block-column is-layout-flow wp-block-column-is-layout-flow\">\n<figure class=\"wp-block-image size-large\"><img loading=\"lazy\" decoding=\"async\" width=\"1024\" height=\"576\" src=\"https:\/\/www.herzegovinabike.ba\/wp-content\/uploads\/2026\/03\/UEC-Skupstina-France-slika-5-1024x576.jpg\" alt=\"\" class=\"wp-image-19653\" srcset=\"https:\/\/www.herzegovinabike.ba\/wp-content\/uploads\/2026\/03\/UEC-Skupstina-France-slika-5-1024x576.jpg 1024w, https:\/\/www.herzegovinabike.ba\/wp-content\/uploads\/2026\/03\/UEC-Skupstina-France-slika-5-300x169.jpg 300w, https:\/\/www.herzegovinabike.ba\/wp-content\/uploads\/2026\/03\/UEC-Skupstina-France-slika-5-768x432.jpg 768w, https:\/\/www.herzegovinabike.ba\/wp-content\/uploads\/2026\/03\/UEC-Skupstina-France-slika-5-18x10.jpg 18w, https:\/\/www.herzegovinabike.ba\/wp-content\/uploads\/2026\/03\/UEC-Skupstina-France-slika-5-600x338.jpg 600w, https:\/\/www.herzegovinabike.ba\/wp-content\/uploads\/2026\/03\/UEC-Skupstina-France-slika-5.jpg 1200w\" sizes=\"auto, (max-width: 1024px) 100vw, 1024px\" \/><\/figure>\n<\/div>\n\n\n\n<div class=\"wp-block-column is-layout-flow wp-block-column-is-layout-flow\">\n<figure class=\"wp-block-image size-large\"><img loading=\"lazy\" decoding=\"async\" width=\"1024\" height=\"576\" src=\"https:\/\/www.herzegovinabike.ba\/wp-content\/uploads\/2026\/03\/UEC-Skupstina-France-slika-4-1024x576.jpg\" alt=\"\" class=\"wp-image-19652\" srcset=\"https:\/\/www.herzegovinabike.ba\/wp-content\/uploads\/2026\/03\/UEC-Skupstina-France-slika-4-1024x576.jpg 1024w, https:\/\/www.herzegovinabike.ba\/wp-content\/uploads\/2026\/03\/UEC-Skupstina-France-slika-4-300x169.jpg 300w, https:\/\/www.herzegovinabike.ba\/wp-content\/uploads\/2026\/03\/UEC-Skupstina-France-slika-4-768x432.jpg 768w, https:\/\/www.herzegovinabike.ba\/wp-content\/uploads\/2026\/03\/UEC-Skupstina-France-slika-4-18x10.jpg 18w, https:\/\/www.herzegovinabike.ba\/wp-content\/uploads\/2026\/03\/UEC-Skupstina-France-slika-4-600x338.jpg 600w, https:\/\/www.herzegovinabike.ba\/wp-content\/uploads\/2026\/03\/UEC-Skupstina-France-slika-4.jpg 1200w\" sizes=\"auto, (max-width: 1024px) 100vw, 1024px\" \/><\/figure>\n<\/div>\n<\/div>\n\n\n\n<p>\u201e<em>We continue to work diligently, step by step, aware that good organization and education are the foundations upon which our future sporting results will grow<\/em>,\" stated the Federation's President <strong>Toni Zori\u0107<\/strong>, emphasizing that this success belongs to all members, clubs, and athletes who work tirelessly to promote cycling.<\/p>\n\n\n\n<p>Following this double international recognition, the eyes of the European and global cycling community remains, with good reason, fixed on the projects coming out of Bosnia and Herzegovina.<\/p>\n\n\n<div class=\"wp-block-image\">\n<figure class=\"aligncenter size-large\"><img loading=\"lazy\" decoding=\"async\" width=\"1024\" height=\"576\" src=\"https:\/\/www.herzegovinabike.ba\/wp-content\/uploads\/2026\/03\/UEC-Skupstina-France-slika-6-1024x576.jpg\" alt=\"\" class=\"wp-image-19654\" srcset=\"https:\/\/www.herzegovinabike.ba\/wp-content\/uploads\/2026\/03\/UEC-Skupstina-France-slika-6-1024x576.jpg 1024w, https:\/\/www.herzegovinabike.ba\/wp-content\/uploads\/2026\/03\/UEC-Skupstina-France-slika-6-300x169.jpg 300w, https:\/\/www.herzegovinabike.ba\/wp-content\/uploads\/2026\/03\/UEC-Skupstina-France-slika-6-768x432.jpg 768w, https:\/\/www.herzegovinabike.ba\/wp-content\/uploads\/2026\/03\/UEC-Skupstina-France-slika-6-18x10.jpg 18w, https:\/\/www.herzegovinabike.ba\/wp-content\/uploads\/2026\/03\/UEC-Skupstina-France-slika-6-600x338.jpg 600w, https:\/\/www.herzegovinabike.ba\/wp-content\/uploads\/2026\/03\/UEC-Skupstina-France-slika-6.jpg 1200w\" sizes=\"auto, (max-width: 1024px) 100vw, 1024px\" \/><\/figure>\n<\/div>","protected":false},"excerpt":{"rendered":"<p>AVIGNON \u2013 Proteklog vikenda, unutar povijesnih zidina Papinske pala\u010de u Avignonu, odr\u017ean je godi\u0161nji kongres Europske biciklisti\u010dke federacije (UEC). Na ovom presti\u017enom skupu, koji je okupio delegate iz 50 nacionalnih saveza uz nazo\u010dnost predsjednika Me\u0111unarodne biciklisti\u010dke federacije (UCI) Davida Lappartienta, Bosnu i Hercegovinu predstavljao je predsjednik krovnog saveza, Toni Zori\u0107. Rad Biciklisti\u010dkog saveza Bosne i [&hellip;]<\/p>\n","protected":false},"author":2,"featured_media":19658,"comment_status":"closed","ping_status":"open","sticky":false,"template":"","format":"standard","meta":{"footnotes":""},"categories":[2],"tags":[],"class_list":["post-19649","post","type-post","status-publish","format-standard","has-post-thumbnail","hentry","category-blog"],"yoast_head":"<!-- This site is optimized with the Yoast SEO Premium plugin v21.5 (Yoast SEO v27.4) - https:\/\/yoast.com\/product\/yoast-seo-premium-wordpress\/ -->\n<title>PRIZNANJE IZ FRANCUSKE: Biciklisti\u010dki savez BiH istaknut kao europski primjer uspje\u0161ne realizacije UCI projekata - HerzegovinaBike<\/title>\n<meta name=\"description\" content=\"Proteklog vikenda, unutar povijesnih zidina Papinske pala\u010de u Avignonu, odr\u017ean je godi\u0161nji kongres Europske biciklisti\u010dke federacije (UEC).\" \/>\n<meta name=\"robots\" content=\"index, follow, max-snippet:-1, max-image-preview:large, max-video-preview:-1\" \/>\n<link rel=\"canonical\" href=\"https:\/\/www.herzegovinabike.ba\/en\/priznanje-iz-francuske-za-bisabih\/\" \/>\n<meta property=\"og:locale\" content=\"en_US\" \/>\n<meta property=\"og:type\" content=\"article\" \/>\n<meta property=\"og:title\" content=\"PRIZNANJE IZ FRANCUSKE: Biciklisti\u010dki savez BiH istaknut kao europski primjer uspje\u0161ne realizacije UCI projekata\" \/>\n<meta property=\"og:description\" content=\"Proteklog vikenda, unutar povijesnih zidina Papinske pala\u010de u Avignonu, odr\u017ean je godi\u0161nji kongres Europske biciklisti\u010dke federacije (UEC).\" \/>\n<meta property=\"og:url\" content=\"https:\/\/www.herzegovinabike.ba\/en\/priznanje-iz-francuske-za-bisabih\/\" \/>\n<meta property=\"og:site_name\" content=\"HerzegovinaBike\" \/>\n<meta property=\"article:publisher\" content=\"https:\/\/www.facebook.com\/HerzegovinaBike\" \/>\n<meta property=\"article:author\" content=\"https:\/\/www.facebook.com\/HerzegovinaBike\/\" \/>\n<meta property=\"article:published_time\" content=\"2026-03-10T21:31:45+00:00\" \/>\n<meta property=\"article:modified_time\" content=\"2026-03-10T21:59:08+00:00\" \/>\n<meta property=\"og:image\" content=\"https:\/\/www.herzegovinabike.ba\/wp-content\/uploads\/2026\/03\/UEC-Skupstina-France-slika-1.jpg\" \/>\n\t<meta property=\"og:image:width\" content=\"1200\" \/>\n\t<meta property=\"og:image:height\" content=\"800\" \/>\n\t<meta property=\"og:image:type\" content=\"image\/jpeg\" \/>\n<meta name=\"author\" content=\"Herzegovina Bike\" \/>\n<meta name=\"twitter:card\" content=\"summary_large_image\" \/>\n<meta name=\"twitter:creator\" content=\"@https:\/\/twitter.com\/HerzegovinaBike\" \/>\n<meta name=\"twitter:label1\" content=\"Written by\" \/>\n\t<meta name=\"twitter:data1\" content=\"Herzegovina Bike\" \/>\n\t<meta name=\"twitter:label2\" content=\"Est. reading time\" \/>\n\t<meta name=\"twitter:data2\" content=\"4 minutes\" \/>\n<script type=\"application\/ld+json\" class=\"yoast-schema-graph\">{\"@context\":\"https:\\\/\\\/schema.org\",\"@graph\":[{\"@type\":\"Article\",\"@id\":\"https:\\\/\\\/www.herzegovinabike.ba\\\/priznanje-iz-francuske-za-bisabih\\\/#article\",\"isPartOf\":{\"@id\":\"https:\\\/\\\/www.herzegovinabike.ba\\\/priznanje-iz-francuske-za-bisabih\\\/\"},\"author\":{\"name\":\"Herzegovina Bike\",\"@id\":\"https:\\\/\\\/www.herzegovinabike.ba\\\/#\\\/schema\\\/person\\\/1161ca5c7a242dc0e69d24c0fb304ccb\"},\"headline\":\"PRIZNANJE IZ FRANCUSKE: Biciklisti\u010dki savez BiH istaknut kao europski primjer uspje\u0161ne realizacije UCI projekata\",\"datePublished\":\"2026-03-10T21:31:45+00:00\",\"dateModified\":\"2026-03-10T21:59:08+00:00\",\"mainEntityOfPage\":{\"@id\":\"https:\\\/\\\/www.herzegovinabike.ba\\\/priznanje-iz-francuske-za-bisabih\\\/\"},\"wordCount\":360,\"publisher\":{\"@id\":\"https:\\\/\\\/www.herzegovinabike.ba\\\/#organization\"},\"image\":{\"@id\":\"https:\\\/\\\/www.herzegovinabike.ba\\\/priznanje-iz-francuske-za-bisabih\\\/#primaryimage\"},\"thumbnailUrl\":\"https:\\\/\\\/www.herzegovinabike.ba\\\/wp-content\\\/uploads\\\/2026\\\/03\\\/UEC-Skupstina-France-slika-1.jpg\",\"articleSection\":[\"Blog\"],\"inLanguage\":\"en-US\"},{\"@type\":\"WebPage\",\"@id\":\"https:\\\/\\\/www.herzegovinabike.ba\\\/priznanje-iz-francuske-za-bisabih\\\/\",\"url\":\"https:\\\/\\\/www.herzegovinabike.ba\\\/priznanje-iz-francuske-za-bisabih\\\/\",\"name\":\"PRIZNANJE IZ FRANCUSKE: Biciklisti\u010dki savez BiH istaknut kao europski primjer uspje\u0161ne realizacije UCI projekata - HerzegovinaBike\",\"isPartOf\":{\"@id\":\"https:\\\/\\\/www.herzegovinabike.ba\\\/#website\"},\"primaryImageOfPage\":{\"@id\":\"https:\\\/\\\/www.herzegovinabike.ba\\\/priznanje-iz-francuske-za-bisabih\\\/#primaryimage\"},\"image\":{\"@id\":\"https:\\\/\\\/www.herzegovinabike.ba\\\/priznanje-iz-francuske-za-bisabih\\\/#primaryimage\"},\"thumbnailUrl\":\"https:\\\/\\\/www.herzegovinabike.ba\\\/wp-content\\\/uploads\\\/2026\\\/03\\\/UEC-Skupstina-France-slika-1.jpg\",\"datePublished\":\"2026-03-10T21:31:45+00:00\",\"dateModified\":\"2026-03-10T21:59:08+00:00\",\"description\":\"Proteklog vikenda, unutar povijesnih zidina Papinske pala\u010de u Avignonu, odr\u017ean je godi\u0161nji kongres Europske biciklisti\u010dke federacije (UEC).\",\"breadcrumb\":{\"@id\":\"https:\\\/\\\/www.herzegovinabike.ba\\\/priznanje-iz-francuske-za-bisabih\\\/#breadcrumb\"},\"inLanguage\":\"en-US\",\"potentialAction\":[{\"@type\":\"ReadAction\",\"target\":[\"https:\\\/\\\/www.herzegovinabike.ba\\\/priznanje-iz-francuske-za-bisabih\\\/\"]}]},{\"@type\":\"ImageObject\",\"inLanguage\":\"en-US\",\"@id\":\"https:\\\/\\\/www.herzegovinabike.ba\\\/priznanje-iz-francuske-za-bisabih\\\/#primaryimage\",\"url\":\"https:\\\/\\\/www.herzegovinabike.ba\\\/wp-content\\\/uploads\\\/2026\\\/03\\\/UEC-Skupstina-France-slika-1.jpg\",\"contentUrl\":\"https:\\\/\\\/www.herzegovinabike.ba\\\/wp-content\\\/uploads\\\/2026\\\/03\\\/UEC-Skupstina-France-slika-1.jpg\",\"width\":1200,\"height\":800},{\"@type\":\"BreadcrumbList\",\"@id\":\"https:\\\/\\\/www.herzegovinabike.ba\\\/priznanje-iz-francuske-za-bisabih\\\/#breadcrumb\",\"itemListElement\":[{\"@type\":\"ListItem\",\"position\":1,\"name\":\"Po\u010detna stranica\",\"item\":\"https:\\\/\\\/www.herzegovinabike.ba\\\/\"},{\"@type\":\"ListItem\",\"position\":2,\"name\":\"PRIZNANJE IZ FRANCUSKE: Biciklisti\u010dki savez BiH istaknut kao europski primjer uspje\u0161ne realizacije UCI projekata\"}]},{\"@type\":\"WebSite\",\"@id\":\"https:\\\/\\\/www.herzegovinabike.ba\\\/#website\",\"url\":\"https:\\\/\\\/www.herzegovinabike.ba\\\/\",\"name\":\"HerzegovinaBike\",\"description\":\"Your place under the sun\",\"publisher\":{\"@id\":\"https:\\\/\\\/www.herzegovinabike.ba\\\/#organization\"},\"potentialAction\":[{\"@type\":\"SearchAction\",\"target\":{\"@type\":\"EntryPoint\",\"urlTemplate\":\"https:\\\/\\\/www.herzegovinabike.ba\\\/?s={search_term_string}\"},\"query-input\":{\"@type\":\"PropertyValueSpecification\",\"valueRequired\":true,\"valueName\":\"search_term_string\"}}],\"inLanguage\":\"en-US\"},{\"@type\":\"Organization\",\"@id\":\"https:\\\/\\\/www.herzegovinabike.ba\\\/#organization\",\"name\":\"Udruga HerzegovinaBike\",\"url\":\"https:\\\/\\\/www.herzegovinabike.ba\\\/\",\"logo\":{\"@type\":\"ImageObject\",\"inLanguage\":\"en-US\",\"@id\":\"https:\\\/\\\/www.herzegovinabike.ba\\\/#\\\/schema\\\/logo\\\/image\\\/\",\"url\":\"https:\\\/\\\/www.bike.herzegovinabike.ba\\\/wp-content\\\/uploads\\\/2023\\\/11\\\/herzegovina_bike_logo_horizontal.png\",\"contentUrl\":\"https:\\\/\\\/www.bike.herzegovinabike.ba\\\/wp-content\\\/uploads\\\/2023\\\/11\\\/herzegovina_bike_logo_horizontal.png\",\"width\":1757,\"height\":1061,\"caption\":\"Udruga HerzegovinaBike\"},\"image\":{\"@id\":\"https:\\\/\\\/www.herzegovinabike.ba\\\/#\\\/schema\\\/logo\\\/image\\\/\"},\"sameAs\":[\"https:\\\/\\\/www.facebook.com\\\/HerzegovinaBike\",\"https:\\\/\\\/www.instagram.com\\\/herzegovinabike\\\/\"]},{\"@type\":\"Person\",\"@id\":\"https:\\\/\\\/www.herzegovinabike.ba\\\/#\\\/schema\\\/person\\\/1161ca5c7a242dc0e69d24c0fb304ccb\",\"name\":\"Herzegovina Bike\",\"image\":{\"@type\":\"ImageObject\",\"inLanguage\":\"en-US\",\"@id\":\"https:\\\/\\\/secure.gravatar.com\\\/avatar\\\/236a03b53b73db89b68d17aa2f415bb2a2d3b326d0632f3a602c6c9cacba1ff0?s=96&d=mm&r=g\",\"url\":\"https:\\\/\\\/secure.gravatar.com\\\/avatar\\\/236a03b53b73db89b68d17aa2f415bb2a2d3b326d0632f3a602c6c9cacba1ff0?s=96&d=mm&r=g\",\"contentUrl\":\"https:\\\/\\\/secure.gravatar.com\\\/avatar\\\/236a03b53b73db89b68d17aa2f415bb2a2d3b326d0632f3a602c6c9cacba1ff0?s=96&d=mm&r=g\",\"caption\":\"Herzegovina Bike\"},\"description\":\"Udruga \u201cHerzegovinaBike\u201d je pokreta\u010d (i sredi\u0161te) razvoja biciklizma kao cikloturizma, rekreacije i sporta u Hercegovini. CILJ: Hercegovina kao vrhunska cikloturisti\u010dka destinacija. \u2705\",\"sameAs\":[\"https:\\\/\\\/www.herzegovinabike.ba\\\/\",\"https:\\\/\\\/www.facebook.com\\\/HerzegovinaBike\\\/\",\"https:\\\/\\\/www.instagram.com\\\/herzegovinabike\\\/\",\"https:\\\/\\\/www.linkedin.com\\\/in\\\/herzegovina-bike-ba605a29b\\\/\",\"https:\\\/\\\/x.com\\\/https:\\\/\\\/twitter.com\\\/HerzegovinaBike\",\"https:\\\/\\\/www.youtube.com\\\/channel\\\/UCOFGFUHmcGVzVHD9WgOGTrA\"],\"url\":\"https:\\\/\\\/www.herzegovinabike.ba\\\/en\\\/author\\\/toni\\\/\"}]}<\/script>\n<!-- \/ Yoast SEO Premium plugin. -->","yoast_head_json":{"title":"PRIZNANJE IZ FRANCUSKE: Biciklisti\u010dki savez BiH istaknut kao europski primjer uspje\u0161ne realizacije UCI projekata - HerzegovinaBike","description":"Proteklog vikenda, unutar povijesnih zidina Papinske pala\u010de u Avignonu, odr\u017ean je godi\u0161nji kongres Europske biciklisti\u010dke federacije (UEC).","robots":{"index":"index","follow":"follow","max-snippet":"max-snippet:-1","max-image-preview":"max-image-preview:large","max-video-preview":"max-video-preview:-1"},"canonical":"https:\/\/www.herzegovinabike.ba\/en\/priznanje-iz-francuske-za-bisabih\/","og_locale":"en_US","og_type":"article","og_title":"PRIZNANJE IZ FRANCUSKE: Biciklisti\u010dki savez BiH istaknut kao europski primjer uspje\u0161ne realizacije UCI projekata","og_description":"Proteklog vikenda, unutar povijesnih zidina Papinske pala\u010de u Avignonu, odr\u017ean je godi\u0161nji kongres Europske biciklisti\u010dke federacije (UEC).","og_url":"https:\/\/www.herzegovinabike.ba\/en\/priznanje-iz-francuske-za-bisabih\/","og_site_name":"HerzegovinaBike","article_publisher":"https:\/\/www.facebook.com\/HerzegovinaBike","article_author":"https:\/\/www.facebook.com\/HerzegovinaBike\/","article_published_time":"2026-03-10T21:31:45+00:00","article_modified_time":"2026-03-10T21:59:08+00:00","og_image":[{"width":1200,"height":800,"url":"https:\/\/www.herzegovinabike.ba\/wp-content\/uploads\/2026\/03\/UEC-Skupstina-France-slika-1.jpg","type":"image\/jpeg"}],"author":"Herzegovina Bike","twitter_card":"summary_large_image","twitter_creator":"@https:\/\/twitter.com\/HerzegovinaBike","twitter_misc":{"Written by":"Herzegovina Bike","Est. reading time":"4 minutes"},"schema":{"@context":"https:\/\/schema.org","@graph":[{"@type":"Article","@id":"https:\/\/www.herzegovinabike.ba\/priznanje-iz-francuske-za-bisabih\/#article","isPartOf":{"@id":"https:\/\/www.herzegovinabike.ba\/priznanje-iz-francuske-za-bisabih\/"},"author":{"name":"Herzegovina Bike","@id":"https:\/\/www.herzegovinabike.ba\/#\/schema\/person\/1161ca5c7a242dc0e69d24c0fb304ccb"},"headline":"PRIZNANJE IZ FRANCUSKE: Biciklisti\u010dki savez BiH istaknut kao europski primjer uspje\u0161ne realizacije UCI projekata","datePublished":"2026-03-10T21:31:45+00:00","dateModified":"2026-03-10T21:59:08+00:00","mainEntityOfPage":{"@id":"https:\/\/www.herzegovinabike.ba\/priznanje-iz-francuske-za-bisabih\/"},"wordCount":360,"publisher":{"@id":"https:\/\/www.herzegovinabike.ba\/#organization"},"image":{"@id":"https:\/\/www.herzegovinabike.ba\/priznanje-iz-francuske-za-bisabih\/#primaryimage"},"thumbnailUrl":"https:\/\/www.herzegovinabike.ba\/wp-content\/uploads\/2026\/03\/UEC-Skupstina-France-slika-1.jpg","articleSection":["Blog"],"inLanguage":"en-US"},{"@type":"WebPage","@id":"https:\/\/www.herzegovinabike.ba\/priznanje-iz-francuske-za-bisabih\/","url":"https:\/\/www.herzegovinabike.ba\/priznanje-iz-francuske-za-bisabih\/","name":"PRIZNANJE IZ FRANCUSKE: Biciklisti\u010dki savez BiH istaknut kao europski primjer uspje\u0161ne realizacije UCI projekata - HerzegovinaBike","isPartOf":{"@id":"https:\/\/www.herzegovinabike.ba\/#website"},"primaryImageOfPage":{"@id":"https:\/\/www.herzegovinabike.ba\/priznanje-iz-francuske-za-bisabih\/#primaryimage"},"image":{"@id":"https:\/\/www.herzegovinabike.ba\/priznanje-iz-francuske-za-bisabih\/#primaryimage"},"thumbnailUrl":"https:\/\/www.herzegovinabike.ba\/wp-content\/uploads\/2026\/03\/UEC-Skupstina-France-slika-1.jpg","datePublished":"2026-03-10T21:31:45+00:00","dateModified":"2026-03-10T21:59:08+00:00","description":"Proteklog vikenda, unutar povijesnih zidina Papinske pala\u010de u Avignonu, odr\u017ean je godi\u0161nji kongres Europske biciklisti\u010dke federacije (UEC).","breadcrumb":{"@id":"https:\/\/www.herzegovinabike.ba\/priznanje-iz-francuske-za-bisabih\/#breadcrumb"},"inLanguage":"en-US","potentialAction":[{"@type":"ReadAction","target":["https:\/\/www.herzegovinabike.ba\/priznanje-iz-francuske-za-bisabih\/"]}]},{"@type":"ImageObject","inLanguage":"en-US","@id":"https:\/\/www.herzegovinabike.ba\/priznanje-iz-francuske-za-bisabih\/#primaryimage","url":"https:\/\/www.herzegovinabike.ba\/wp-content\/uploads\/2026\/03\/UEC-Skupstina-France-slika-1.jpg","contentUrl":"https:\/\/www.herzegovinabike.ba\/wp-content\/uploads\/2026\/03\/UEC-Skupstina-France-slika-1.jpg","width":1200,"height":800},{"@type":"BreadcrumbList","@id":"https:\/\/www.herzegovinabike.ba\/priznanje-iz-francuske-za-bisabih\/#breadcrumb","itemListElement":[{"@type":"ListItem","position":1,"name":"Po\u010detna stranica","item":"https:\/\/www.herzegovinabike.ba\/"},{"@type":"ListItem","position":2,"name":"PRIZNANJE IZ FRANCUSKE: Biciklisti\u010dki savez BiH istaknut kao europski primjer uspje\u0161ne realizacije UCI projekata"}]},{"@type":"WebSite","@id":"https:\/\/www.herzegovinabike.ba\/#website","url":"https:\/\/www.herzegovinabike.ba\/","name":"HerzegovinaBike","description":"Your place under the sun","publisher":{"@id":"https:\/\/www.herzegovinabike.ba\/#organization"},"potentialAction":[{"@type":"SearchAction","target":{"@type":"EntryPoint","urlTemplate":"https:\/\/www.herzegovinabike.ba\/?s={search_term_string}"},"query-input":{"@type":"PropertyValueSpecification","valueRequired":true,"valueName":"search_term_string"}}],"inLanguage":"en-US"},{"@type":"Organization","@id":"https:\/\/www.herzegovinabike.ba\/#organization","name":"Association HerzegovinaBike","url":"https:\/\/www.herzegovinabike.ba\/","logo":{"@type":"ImageObject","inLanguage":"en-US","@id":"https:\/\/www.herzegovinabike.ba\/#\/schema\/logo\/image\/","url":"https:\/\/www.bike.herzegovinabike.ba\/wp-content\/uploads\/2023\/11\/herzegovina_bike_logo_horizontal.png","contentUrl":"https:\/\/www.bike.herzegovinabike.ba\/wp-content\/uploads\/2023\/11\/herzegovina_bike_logo_horizontal.png","width":1757,"height":1061,"caption":"Udruga HerzegovinaBike"},"image":{"@id":"https:\/\/www.herzegovinabike.ba\/#\/schema\/logo\/image\/"},"sameAs":["https:\/\/www.facebook.com\/HerzegovinaBike","https:\/\/www.instagram.com\/herzegovinabike\/"]},{"@type":"Person","@id":"https:\/\/www.herzegovinabike.ba\/#\/schema\/person\/1161ca5c7a242dc0e69d24c0fb304ccb","name":"Herzegovina Bike","image":{"@type":"ImageObject","inLanguage":"en-US","@id":"https:\/\/secure.gravatar.com\/avatar\/236a03b53b73db89b68d17aa2f415bb2a2d3b326d0632f3a602c6c9cacba1ff0?s=96&d=mm&r=g","url":"https:\/\/secure.gravatar.com\/avatar\/236a03b53b73db89b68d17aa2f415bb2a2d3b326d0632f3a602c6c9cacba1ff0?s=96&d=mm&r=g","contentUrl":"https:\/\/secure.gravatar.com\/avatar\/236a03b53b73db89b68d17aa2f415bb2a2d3b326d0632f3a602c6c9cacba1ff0?s=96&d=mm&r=g","caption":"Herzegovina Bike"},"description":"Udruga \u201cHerzegovinaBike\u201d je pokreta\u010d (i sredi\u0161te) razvoja biciklizma kao cikloturizma, rekreacije i sporta u Hercegovini. CILJ: Hercegovina kao vrhunska cikloturisti\u010dka destinacija. \u2705","sameAs":["https:\/\/www.herzegovinabike.ba\/","https:\/\/www.facebook.com\/HerzegovinaBike\/","https:\/\/www.instagram.com\/herzegovinabike\/","https:\/\/www.linkedin.com\/in\/herzegovina-bike-ba605a29b\/","https:\/\/x.com\/https:\/\/twitter.com\/HerzegovinaBike","https:\/\/www.youtube.com\/channel\/UCOFGFUHmcGVzVHD9WgOGTrA"],"url":"https:\/\/www.herzegovinabike.ba\/en\/author\/toni\/"}]}},"_links":{"self":[{"href":"https:\/\/www.herzegovinabike.ba\/en\/wp-json\/wp\/v2\/posts\/19649","targetHints":{"allow":["GET"]}}],"collection":[{"href":"https:\/\/www.herzegovinabike.ba\/en\/wp-json\/wp\/v2\/posts"}],"about":[{"href":"https:\/\/www.herzegovinabike.ba\/en\/wp-json\/wp\/v2\/types\/post"}],"author":[{"embeddable":true,"href":"https:\/\/www.herzegovinabike.ba\/en\/wp-json\/wp\/v2\/users\/2"}],"replies":[{"embeddable":true,"href":"https:\/\/www.herzegovinabike.ba\/en\/wp-json\/wp\/v2\/comments?post=19649"}],"version-history":[{"count":5,"href":"https:\/\/www.herzegovinabike.ba\/en\/wp-json\/wp\/v2\/posts\/19649\/revisions"}],"predecessor-version":[{"id":19664,"href":"https:\/\/www.herzegovinabike.ba\/en\/wp-json\/wp\/v2\/posts\/19649\/revisions\/19664"}],"wp:featuredmedia":[{"embeddable":true,"href":"https:\/\/www.herzegovinabike.ba\/en\/wp-json\/wp\/v2\/media\/19658"}],"wp:attachment":[{"href":"https:\/\/www.herzegovinabike.ba\/en\/wp-json\/wp\/v2\/media?parent=19649"}],"wp:term":[{"taxonomy":"category","embeddable":true,"href":"https:\/\/www.herzegovinabike.ba\/en\/wp-json\/wp\/v2\/categories?post=19649"},{"taxonomy":"post_tag","embeddable":true,"href":"https:\/\/www.herzegovinabike.ba\/en\/wp-json\/wp\/v2\/tags?post=19649"}],"curies":[{"name":"wp","href":"https:\/\/api.w.org\/{rel}","templated":true}]}}