{"id":19698,"date":"2026-03-18T22:48:44","date_gmt":"2026-03-18T21:48:44","guid":{"rendered":"https:\/\/www.herzegovinabike.ba\/?p=19698"},"modified":"2026-03-19T08:54:15","modified_gmt":"2026-03-19T07:54:15","slug":"sastanak-u-sarajevu-nasiha-pozder","status":"publish","type":"post","link":"https:\/\/www.herzegovinabike.ba\/en\/sastanak-u-sarajevu-nasiha-pozder\/","title":{"rendered":"Meeting in Sarajevo: Support for Cycling Tourism Development and the \"Tour of BiH\" Race"},"content":{"rendered":"<p>A working meeting was held at the headquarters of the Federal Ministry of Environment and Tourism in Sarajevo between the Federal Minister, Dr. <strong>Nasiha Pozder<\/strong> , and the President of the HerzegovinaBike Association, <strong>Toni Zori\u0107<\/strong>. The meeting focused on key projects set to transform Bosnia and Herzegovina into a globally recognized cycling tourism destination in 2026.<\/p>\n\n\n\n<p><strong>World Elite Arriving in Sarajevo<\/strong><\/p>\n\n\n\n<p>The central topic of discussion was the first international stage cycling race, <strong>&#8220;Tour of Bosnia and Herzegovina&#8221;<\/strong>. President Zori\u0107 briefed the Minister on the intensive final activities, emphasizing that everything is proceeding according to plan. In less than 30 days, the race will see a spectacular start right from Sarajevo.<\/p>\n\n\n<div class=\"wp-block-image\">\n<figure class=\"aligncenter size-large\"><img loading=\"lazy\" decoding=\"async\" width=\"1024\" height=\"683\" src=\"https:\/\/www.herzegovinabike.ba\/wp-content\/uploads\/2025\/10\/UCI-kalendar-BiH-slika-1-1024x683.jpg\" alt=\"\" class=\"wp-image-19034\" srcset=\"https:\/\/www.herzegovinabike.ba\/wp-content\/uploads\/2025\/10\/UCI-kalendar-BiH-slika-1-1024x683.jpg 1024w, https:\/\/www.herzegovinabike.ba\/wp-content\/uploads\/2025\/10\/UCI-kalendar-BiH-slika-1-300x200.jpg 300w, https:\/\/www.herzegovinabike.ba\/wp-content\/uploads\/2025\/10\/UCI-kalendar-BiH-slika-1-768x512.jpg 768w, https:\/\/www.herzegovinabike.ba\/wp-content\/uploads\/2025\/10\/UCI-kalendar-BiH-slika-1-18x12.jpg 18w, https:\/\/www.herzegovinabike.ba\/wp-content\/uploads\/2025\/10\/UCI-kalendar-BiH-slika-1-600x400.jpg 600w, https:\/\/www.herzegovinabike.ba\/wp-content\/uploads\/2025\/10\/UCI-kalendar-BiH-slika-1.jpg 1200w\" sizes=\"auto, (max-width: 1024px) 100vw, 1024px\" \/><\/figure>\n<\/div>\n\n\n<p>The race, already registered in the official calendar of the Union Cycliste Internationale (UCI), will gather the cycling elite from 38 countries across five continents, representing an unprecedented sporting and tourism promotion for Bosnia and Herzegovina.<\/p>\n\n\n\n<p>\u201e<em>\"This is a historic moment for our sport and tourism. The Tour of Bosnia and Herzegovina is more than just a race; it is a traveling postcard of our homeland that will travel the world. We are pleased that the Ministry recognizes this immense potential,\" Zori\u0107 stated.<\/em>\u201c, izjavio je Zori\u0107.<\/p>\n\n\n\n<p>As a prelude to the main event, Zori\u0107 announced a collaboration with the Olympic Committee of Bosnia and Herzegovina. One week before the race starts in Sarajevo, an official UCI training camp for the Junior and Senior National Teams of BiH will be held in Mostar. The senior team will use this camp for final preparations, training, and a detailed route inspection before the start of the Tour of BiH, further strengthening domestic cycling capacities.<\/p>\n\n\n\n<p><strong>Cycling Tourism as a Driver of Sustainable Development<\/strong><\/p>\n\n\n\n<div class=\"wp-block-columns is-layout-flex wp-container-core-columns-is-layout-9d6595d7 wp-block-columns-is-layout-flex\">\n<div class=\"wp-block-column is-layout-flow wp-block-column-is-layout-flow\">\n<figure class=\"wp-block-image size-large\"><img loading=\"lazy\" decoding=\"async\" width=\"1024\" height=\"683\" src=\"https:\/\/www.herzegovinabike.ba\/wp-content\/uploads\/2025\/12\/HerzegovinaBike-i-Komoot-slika-4-1024x683.jpg\" alt=\"\" class=\"wp-image-19457\" srcset=\"https:\/\/www.herzegovinabike.ba\/wp-content\/uploads\/2025\/12\/HerzegovinaBike-i-Komoot-slika-4-1024x683.jpg 1024w, https:\/\/www.herzegovinabike.ba\/wp-content\/uploads\/2025\/12\/HerzegovinaBike-i-Komoot-slika-4-300x200.jpg 300w, https:\/\/www.herzegovinabike.ba\/wp-content\/uploads\/2025\/12\/HerzegovinaBike-i-Komoot-slika-4-768x512.jpg 768w, https:\/\/www.herzegovinabike.ba\/wp-content\/uploads\/2025\/12\/HerzegovinaBike-i-Komoot-slika-4-18x12.jpg 18w, https:\/\/www.herzegovinabike.ba\/wp-content\/uploads\/2025\/12\/HerzegovinaBike-i-Komoot-slika-4-600x400.jpg 600w, https:\/\/www.herzegovinabike.ba\/wp-content\/uploads\/2025\/12\/HerzegovinaBike-i-Komoot-slika-4.jpg 1200w\" sizes=\"auto, (max-width: 1024px) 100vw, 1024px\" \/><\/figure>\n<\/div>\n\n\n\n<div class=\"wp-block-column is-layout-flow wp-block-column-is-layout-flow\">\n<figure class=\"wp-block-image size-large\"><img loading=\"lazy\" decoding=\"async\" width=\"1024\" height=\"683\" src=\"https:\/\/www.herzegovinabike.ba\/wp-content\/uploads\/2025\/12\/Franciscana-Herzegovina-slika-1-1024x683.jpg\" alt=\"\" class=\"wp-image-19449\" srcset=\"https:\/\/www.herzegovinabike.ba\/wp-content\/uploads\/2025\/12\/Franciscana-Herzegovina-slika-1-1024x683.jpg 1024w, https:\/\/www.herzegovinabike.ba\/wp-content\/uploads\/2025\/12\/Franciscana-Herzegovina-slika-1-300x200.jpg 300w, https:\/\/www.herzegovinabike.ba\/wp-content\/uploads\/2025\/12\/Franciscana-Herzegovina-slika-1-768x512.jpg 768w, https:\/\/www.herzegovinabike.ba\/wp-content\/uploads\/2025\/12\/Franciscana-Herzegovina-slika-1-18x12.jpg 18w, https:\/\/www.herzegovinabike.ba\/wp-content\/uploads\/2025\/12\/Franciscana-Herzegovina-slika-1-600x400.jpg 600w, https:\/\/www.herzegovinabike.ba\/wp-content\/uploads\/2025\/12\/Franciscana-Herzegovina-slika-1.jpg 1200w\" sizes=\"auto, (max-width: 1024px) 100vw, 1024px\" \/><\/figure>\n<\/div>\n<\/div>\n\n\n\n<p>Beyond the Tour, the meeting covered long-term strategic projects. Zori\u0107 informed the Minister about the Association's activities regarding the development of official <strong>EuroVelo route<\/strong> through Bosnia and Herzegovina and the ongoing application process with the European Cyclists' Federation (ECF). Success in this application would formally place BiH on the most important network of cycling routes in Europe, attracting thousands of new visitors.<\/p>\n\n\n\n<p>Additionally, the <strong>&#8220;Giro di Ciro&#8221;<\/strong>project, developed with the support of the World Bank, was presented. This project focuses on the further revitalization and promotion of the historic narrow-gauge railway as a \"greenway\"\u2014a unique cycling path integrating local communities and cultural heritage into a sustainable tourism offer.<\/p>\n\n\n<div class=\"wp-block-image\">\n<figure class=\"aligncenter size-large\"><img loading=\"lazy\" decoding=\"async\" width=\"1024\" height=\"683\" src=\"https:\/\/www.herzegovinabike.ba\/wp-content\/uploads\/2026\/03\/Nasiha-Pozder-i-Toni-sastanak-naslovna-1024x683.jpg\" alt=\"\" class=\"wp-image-19699\" srcset=\"https:\/\/www.herzegovinabike.ba\/wp-content\/uploads\/2026\/03\/Nasiha-Pozder-i-Toni-sastanak-naslovna-1024x683.jpg 1024w, https:\/\/www.herzegovinabike.ba\/wp-content\/uploads\/2026\/03\/Nasiha-Pozder-i-Toni-sastanak-naslovna-300x200.jpg 300w, https:\/\/www.herzegovinabike.ba\/wp-content\/uploads\/2026\/03\/Nasiha-Pozder-i-Toni-sastanak-naslovna-768x512.jpg 768w, https:\/\/www.herzegovinabike.ba\/wp-content\/uploads\/2026\/03\/Nasiha-Pozder-i-Toni-sastanak-naslovna-18x12.jpg 18w, https:\/\/www.herzegovinabike.ba\/wp-content\/uploads\/2026\/03\/Nasiha-Pozder-i-Toni-sastanak-naslovna-600x400.jpg 600w, https:\/\/www.herzegovinabike.ba\/wp-content\/uploads\/2026\/03\/Nasiha-Pozder-i-Toni-sastanak-naslovna.jpg 1200w\" sizes=\"auto, (max-width: 1024px) 100vw, 1024px\" \/><\/figure>\n<\/div>\n\n\n<p><strong>A Vision for a Green Future<\/strong><\/p>\n\n\n\n<p>The activities of the HerzegovinaBike Association have been recognized as a key driver of sustainable tourism in the Federation of BiH. The development of cycling infrastructure is not merely a sporting matter but a strategic tool that brings multiple benefits:<\/p>\n\n\n\n<ul class=\"wp-block-list\">\n<li><strong>Economic Empowerment:<\/strong> Growth of small businesses through hospitality and accommodation services along the routes.<\/li>\n\n\n\n<li><strong>Ecology and Health:<\/strong> Promotion of clean transport and a healthy lifestyle.<\/li>\n\n\n\n<li><strong>International Affirmation:<\/strong> Positioning BiH as a modern and ecologically conscious destination.<\/li>\n<\/ul>\n\n\n\n<p>It was concluded that the synergy between professional organizations and institutions will be crucial in transforming Bosnia and Herzegovina into a regional leader in cycling tourism, creating new opportunities for local communities through the preservation of natural heritage.<\/p>\n\n\n\n<p><strong>Association HerzegovinaBike<\/strong><\/p>","protected":false},"excerpt":{"rendered":"<p>U sjedi\u0161tu Federalnog ministarstva okoli\u0161a i turizma u Sarajevu odr\u017ean je radni sastanak izme\u0111u federalne ministrice dr. sc. Nasihe Pozder i predsjednika udruge HerzegovinaBike, Tonija Zori\u0107a. Sastanak je bio fokusiran na klju\u010dne projekte koji \u0107e u 2026. godini transformirati Bosnu i Hercegovinu u globalno prepoznatljivu cikloturisti\u010dku destinaciju. Svjetska elita sti\u017ee u Sarajevo Sredi\u0161nja tema razgovora [&hellip;]<\/p>\n","protected":false},"author":2,"featured_media":19699,"comment_status":"closed","ping_status":"open","sticky":false,"template":"","format":"standard","meta":{"footnotes":""},"categories":[2],"tags":[],"class_list":["post-19698","post","type-post","status-publish","format-standard","has-post-thumbnail","hentry","category-blog"],"yoast_head":"<!-- This site is optimized with the Yoast SEO Premium plugin v21.5 (Yoast SEO v27.4) - https:\/\/yoast.com\/product\/yoast-seo-premium-wordpress\/ -->\n<title>Sastanak u Sarajevu: Podr\u0161ka razvoju cikloturizma i utrci &quot;Tour of BiH&quot; - HerzegovinaBike<\/title>\n<meta name=\"description\" content=\"U sjedi\u0161tu Federalnog ministarstva okoli\u0161a i turizma u Sarajevu odr\u017ean je radni sastanak izme\u0111u federalne ministrice dr. sc. Nasihe Pozder\" \/>\n<meta name=\"robots\" content=\"index, follow, max-snippet:-1, max-image-preview:large, max-video-preview:-1\" \/>\n<link rel=\"canonical\" href=\"https:\/\/www.herzegovinabike.ba\/en\/sastanak-u-sarajevu-nasiha-pozder\/\" \/>\n<meta property=\"og:locale\" content=\"en_US\" \/>\n<meta property=\"og:type\" content=\"article\" \/>\n<meta property=\"og:title\" content=\"Sastanak u Sarajevu: Podr\u0161ka razvoju cikloturizma i utrci &quot;Tour of BiH&quot;\" \/>\n<meta property=\"og:description\" content=\"U sjedi\u0161tu Federalnog ministarstva okoli\u0161a i turizma u Sarajevu odr\u017ean je radni sastanak izme\u0111u federalne ministrice dr. sc. Nasihe Pozder\" \/>\n<meta property=\"og:url\" content=\"https:\/\/www.herzegovinabike.ba\/en\/sastanak-u-sarajevu-nasiha-pozder\/\" \/>\n<meta property=\"og:site_name\" content=\"HerzegovinaBike\" \/>\n<meta property=\"article:publisher\" content=\"https:\/\/www.facebook.com\/HerzegovinaBike\" \/>\n<meta property=\"article:author\" content=\"https:\/\/www.facebook.com\/HerzegovinaBike\/\" \/>\n<meta property=\"article:published_time\" content=\"2026-03-18T21:48:44+00:00\" \/>\n<meta property=\"article:modified_time\" content=\"2026-03-19T07:54:15+00:00\" \/>\n<meta property=\"og:image\" content=\"https:\/\/www.herzegovinabike.ba\/wp-content\/uploads\/2026\/03\/Nasiha-Pozder-i-Toni-sastanak-naslovna.jpg\" \/>\n\t<meta property=\"og:image:width\" content=\"1200\" \/>\n\t<meta property=\"og:image:height\" content=\"800\" \/>\n\t<meta property=\"og:image:type\" content=\"image\/jpeg\" \/>\n<meta name=\"author\" content=\"Herzegovina Bike\" \/>\n<meta name=\"twitter:card\" content=\"summary_large_image\" \/>\n<meta name=\"twitter:creator\" content=\"@https:\/\/twitter.com\/HerzegovinaBike\" \/>\n<meta name=\"twitter:label1\" content=\"Written by\" \/>\n\t<meta name=\"twitter:data1\" content=\"Herzegovina Bike\" \/>\n\t<meta name=\"twitter:label2\" content=\"Est. reading time\" \/>\n\t<meta name=\"twitter:data2\" content=\"4 minutes\" \/>\n<script type=\"application\/ld+json\" class=\"yoast-schema-graph\">{\"@context\":\"https:\\\/\\\/schema.org\",\"@graph\":[{\"@type\":\"Article\",\"@id\":\"https:\\\/\\\/www.herzegovinabike.ba\\\/sastanak-u-sarajevu-nasiha-pozder\\\/#article\",\"isPartOf\":{\"@id\":\"https:\\\/\\\/www.herzegovinabike.ba\\\/sastanak-u-sarajevu-nasiha-pozder\\\/\"},\"author\":{\"name\":\"Herzegovina Bike\",\"@id\":\"https:\\\/\\\/www.herzegovinabike.ba\\\/#\\\/schema\\\/person\\\/1161ca5c7a242dc0e69d24c0fb304ccb\"},\"headline\":\"Sastanak u Sarajevu: Podr\u0161ka razvoju cikloturizma i utrci &#8220;Tour of BiH&#8221;\",\"datePublished\":\"2026-03-18T21:48:44+00:00\",\"dateModified\":\"2026-03-19T07:54:15+00:00\",\"mainEntityOfPage\":{\"@id\":\"https:\\\/\\\/www.herzegovinabike.ba\\\/sastanak-u-sarajevu-nasiha-pozder\\\/\"},\"wordCount\":504,\"publisher\":{\"@id\":\"https:\\\/\\\/www.herzegovinabike.ba\\\/#organization\"},\"image\":{\"@id\":\"https:\\\/\\\/www.herzegovinabike.ba\\\/sastanak-u-sarajevu-nasiha-pozder\\\/#primaryimage\"},\"thumbnailUrl\":\"https:\\\/\\\/www.herzegovinabike.ba\\\/wp-content\\\/uploads\\\/2026\\\/03\\\/Nasiha-Pozder-i-Toni-sastanak-naslovna.jpg\",\"articleSection\":[\"Blog\"],\"inLanguage\":\"en-US\"},{\"@type\":\"WebPage\",\"@id\":\"https:\\\/\\\/www.herzegovinabike.ba\\\/sastanak-u-sarajevu-nasiha-pozder\\\/\",\"url\":\"https:\\\/\\\/www.herzegovinabike.ba\\\/sastanak-u-sarajevu-nasiha-pozder\\\/\",\"name\":\"Sastanak u Sarajevu: Podr\u0161ka razvoju cikloturizma i utrci \\\"Tour of BiH\\\" - HerzegovinaBike\",\"isPartOf\":{\"@id\":\"https:\\\/\\\/www.herzegovinabike.ba\\\/#website\"},\"primaryImageOfPage\":{\"@id\":\"https:\\\/\\\/www.herzegovinabike.ba\\\/sastanak-u-sarajevu-nasiha-pozder\\\/#primaryimage\"},\"image\":{\"@id\":\"https:\\\/\\\/www.herzegovinabike.ba\\\/sastanak-u-sarajevu-nasiha-pozder\\\/#primaryimage\"},\"thumbnailUrl\":\"https:\\\/\\\/www.herzegovinabike.ba\\\/wp-content\\\/uploads\\\/2026\\\/03\\\/Nasiha-Pozder-i-Toni-sastanak-naslovna.jpg\",\"datePublished\":\"2026-03-18T21:48:44+00:00\",\"dateModified\":\"2026-03-19T07:54:15+00:00\",\"description\":\"U sjedi\u0161tu Federalnog ministarstva okoli\u0161a i turizma u Sarajevu odr\u017ean je radni sastanak izme\u0111u federalne ministrice dr. sc. Nasihe Pozder\",\"breadcrumb\":{\"@id\":\"https:\\\/\\\/www.herzegovinabike.ba\\\/sastanak-u-sarajevu-nasiha-pozder\\\/#breadcrumb\"},\"inLanguage\":\"en-US\",\"potentialAction\":[{\"@type\":\"ReadAction\",\"target\":[\"https:\\\/\\\/www.herzegovinabike.ba\\\/sastanak-u-sarajevu-nasiha-pozder\\\/\"]}]},{\"@type\":\"ImageObject\",\"inLanguage\":\"en-US\",\"@id\":\"https:\\\/\\\/www.herzegovinabike.ba\\\/sastanak-u-sarajevu-nasiha-pozder\\\/#primaryimage\",\"url\":\"https:\\\/\\\/www.herzegovinabike.ba\\\/wp-content\\\/uploads\\\/2026\\\/03\\\/Nasiha-Pozder-i-Toni-sastanak-naslovna.jpg\",\"contentUrl\":\"https:\\\/\\\/www.herzegovinabike.ba\\\/wp-content\\\/uploads\\\/2026\\\/03\\\/Nasiha-Pozder-i-Toni-sastanak-naslovna.jpg\",\"width\":1200,\"height\":800},{\"@type\":\"BreadcrumbList\",\"@id\":\"https:\\\/\\\/www.herzegovinabike.ba\\\/sastanak-u-sarajevu-nasiha-pozder\\\/#breadcrumb\",\"itemListElement\":[{\"@type\":\"ListItem\",\"position\":1,\"name\":\"Po\u010detna stranica\",\"item\":\"https:\\\/\\\/www.herzegovinabike.ba\\\/\"},{\"@type\":\"ListItem\",\"position\":2,\"name\":\"Sastanak u Sarajevu: Podr\u0161ka razvoju cikloturizma i utrci &#8220;Tour of BiH&#8221;\"}]},{\"@type\":\"WebSite\",\"@id\":\"https:\\\/\\\/www.herzegovinabike.ba\\\/#website\",\"url\":\"https:\\\/\\\/www.herzegovinabike.ba\\\/\",\"name\":\"HerzegovinaBike\",\"description\":\"Your place under the sun\",\"publisher\":{\"@id\":\"https:\\\/\\\/www.herzegovinabike.ba\\\/#organization\"},\"potentialAction\":[{\"@type\":\"SearchAction\",\"target\":{\"@type\":\"EntryPoint\",\"urlTemplate\":\"https:\\\/\\\/www.herzegovinabike.ba\\\/?s={search_term_string}\"},\"query-input\":{\"@type\":\"PropertyValueSpecification\",\"valueRequired\":true,\"valueName\":\"search_term_string\"}}],\"inLanguage\":\"en-US\"},{\"@type\":\"Organization\",\"@id\":\"https:\\\/\\\/www.herzegovinabike.ba\\\/#organization\",\"name\":\"Udruga HerzegovinaBike\",\"url\":\"https:\\\/\\\/www.herzegovinabike.ba\\\/\",\"logo\":{\"@type\":\"ImageObject\",\"inLanguage\":\"en-US\",\"@id\":\"https:\\\/\\\/www.herzegovinabike.ba\\\/#\\\/schema\\\/logo\\\/image\\\/\",\"url\":\"https:\\\/\\\/www.bike.herzegovinabike.ba\\\/wp-content\\\/uploads\\\/2023\\\/11\\\/herzegovina_bike_logo_horizontal.png\",\"contentUrl\":\"https:\\\/\\\/www.bike.herzegovinabike.ba\\\/wp-content\\\/uploads\\\/2023\\\/11\\\/herzegovina_bike_logo_horizontal.png\",\"width\":1757,\"height\":1061,\"caption\":\"Udruga HerzegovinaBike\"},\"image\":{\"@id\":\"https:\\\/\\\/www.herzegovinabike.ba\\\/#\\\/schema\\\/logo\\\/image\\\/\"},\"sameAs\":[\"https:\\\/\\\/www.facebook.com\\\/HerzegovinaBike\",\"https:\\\/\\\/www.instagram.com\\\/herzegovinabike\\\/\"]},{\"@type\":\"Person\",\"@id\":\"https:\\\/\\\/www.herzegovinabike.ba\\\/#\\\/schema\\\/person\\\/1161ca5c7a242dc0e69d24c0fb304ccb\",\"name\":\"Herzegovina Bike\",\"image\":{\"@type\":\"ImageObject\",\"inLanguage\":\"en-US\",\"@id\":\"https:\\\/\\\/secure.gravatar.com\\\/avatar\\\/236a03b53b73db89b68d17aa2f415bb2a2d3b326d0632f3a602c6c9cacba1ff0?s=96&d=mm&r=g\",\"url\":\"https:\\\/\\\/secure.gravatar.com\\\/avatar\\\/236a03b53b73db89b68d17aa2f415bb2a2d3b326d0632f3a602c6c9cacba1ff0?s=96&d=mm&r=g\",\"contentUrl\":\"https:\\\/\\\/secure.gravatar.com\\\/avatar\\\/236a03b53b73db89b68d17aa2f415bb2a2d3b326d0632f3a602c6c9cacba1ff0?s=96&d=mm&r=g\",\"caption\":\"Herzegovina Bike\"},\"description\":\"Udruga \u201cHerzegovinaBike\u201d je pokreta\u010d (i sredi\u0161te) razvoja biciklizma kao cikloturizma, rekreacije i sporta u Hercegovini. CILJ: Hercegovina kao vrhunska cikloturisti\u010dka destinacija. \u2705\",\"sameAs\":[\"https:\\\/\\\/www.herzegovinabike.ba\\\/\",\"https:\\\/\\\/www.facebook.com\\\/HerzegovinaBike\\\/\",\"https:\\\/\\\/www.instagram.com\\\/herzegovinabike\\\/\",\"https:\\\/\\\/www.linkedin.com\\\/in\\\/herzegovina-bike-ba605a29b\\\/\",\"https:\\\/\\\/x.com\\\/https:\\\/\\\/twitter.com\\\/HerzegovinaBike\",\"https:\\\/\\\/www.youtube.com\\\/channel\\\/UCOFGFUHmcGVzVHD9WgOGTrA\"],\"url\":\"https:\\\/\\\/www.herzegovinabike.ba\\\/en\\\/author\\\/toni\\\/\"}]}<\/script>\n<!-- \/ Yoast SEO Premium plugin. -->","yoast_head_json":{"title":"Sastanak u Sarajevu: Podr\u0161ka razvoju cikloturizma i utrci \"Tour of BiH\" - HerzegovinaBike","description":"U sjedi\u0161tu Federalnog ministarstva okoli\u0161a i turizma u Sarajevu odr\u017ean je radni sastanak izme\u0111u federalne ministrice dr. sc. Nasihe Pozder","robots":{"index":"index","follow":"follow","max-snippet":"max-snippet:-1","max-image-preview":"max-image-preview:large","max-video-preview":"max-video-preview:-1"},"canonical":"https:\/\/www.herzegovinabike.ba\/en\/sastanak-u-sarajevu-nasiha-pozder\/","og_locale":"en_US","og_type":"article","og_title":"Sastanak u Sarajevu: Podr\u0161ka razvoju cikloturizma i utrci \"Tour of BiH\"","og_description":"U sjedi\u0161tu Federalnog ministarstva okoli\u0161a i turizma u Sarajevu odr\u017ean je radni sastanak izme\u0111u federalne ministrice dr. sc. Nasihe Pozder","og_url":"https:\/\/www.herzegovinabike.ba\/en\/sastanak-u-sarajevu-nasiha-pozder\/","og_site_name":"HerzegovinaBike","article_publisher":"https:\/\/www.facebook.com\/HerzegovinaBike","article_author":"https:\/\/www.facebook.com\/HerzegovinaBike\/","article_published_time":"2026-03-18T21:48:44+00:00","article_modified_time":"2026-03-19T07:54:15+00:00","og_image":[{"width":1200,"height":800,"url":"https:\/\/www.herzegovinabike.ba\/wp-content\/uploads\/2026\/03\/Nasiha-Pozder-i-Toni-sastanak-naslovna.jpg","type":"image\/jpeg"}],"author":"Herzegovina Bike","twitter_card":"summary_large_image","twitter_creator":"@https:\/\/twitter.com\/HerzegovinaBike","twitter_misc":{"Written by":"Herzegovina Bike","Est. reading time":"4 minutes"},"schema":{"@context":"https:\/\/schema.org","@graph":[{"@type":"Article","@id":"https:\/\/www.herzegovinabike.ba\/sastanak-u-sarajevu-nasiha-pozder\/#article","isPartOf":{"@id":"https:\/\/www.herzegovinabike.ba\/sastanak-u-sarajevu-nasiha-pozder\/"},"author":{"name":"Herzegovina Bike","@id":"https:\/\/www.herzegovinabike.ba\/#\/schema\/person\/1161ca5c7a242dc0e69d24c0fb304ccb"},"headline":"Sastanak u Sarajevu: Podr\u0161ka razvoju cikloturizma i utrci &#8220;Tour of BiH&#8221;","datePublished":"2026-03-18T21:48:44+00:00","dateModified":"2026-03-19T07:54:15+00:00","mainEntityOfPage":{"@id":"https:\/\/www.herzegovinabike.ba\/sastanak-u-sarajevu-nasiha-pozder\/"},"wordCount":504,"publisher":{"@id":"https:\/\/www.herzegovinabike.ba\/#organization"},"image":{"@id":"https:\/\/www.herzegovinabike.ba\/sastanak-u-sarajevu-nasiha-pozder\/#primaryimage"},"thumbnailUrl":"https:\/\/www.herzegovinabike.ba\/wp-content\/uploads\/2026\/03\/Nasiha-Pozder-i-Toni-sastanak-naslovna.jpg","articleSection":["Blog"],"inLanguage":"en-US"},{"@type":"WebPage","@id":"https:\/\/www.herzegovinabike.ba\/sastanak-u-sarajevu-nasiha-pozder\/","url":"https:\/\/www.herzegovinabike.ba\/sastanak-u-sarajevu-nasiha-pozder\/","name":"Sastanak u Sarajevu: Podr\u0161ka razvoju cikloturizma i utrci \"Tour of BiH\" - HerzegovinaBike","isPartOf":{"@id":"https:\/\/www.herzegovinabike.ba\/#website"},"primaryImageOfPage":{"@id":"https:\/\/www.herzegovinabike.ba\/sastanak-u-sarajevu-nasiha-pozder\/#primaryimage"},"image":{"@id":"https:\/\/www.herzegovinabike.ba\/sastanak-u-sarajevu-nasiha-pozder\/#primaryimage"},"thumbnailUrl":"https:\/\/www.herzegovinabike.ba\/wp-content\/uploads\/2026\/03\/Nasiha-Pozder-i-Toni-sastanak-naslovna.jpg","datePublished":"2026-03-18T21:48:44+00:00","dateModified":"2026-03-19T07:54:15+00:00","description":"U sjedi\u0161tu Federalnog ministarstva okoli\u0161a i turizma u Sarajevu odr\u017ean je radni sastanak izme\u0111u federalne ministrice dr. sc. Nasihe Pozder","breadcrumb":{"@id":"https:\/\/www.herzegovinabike.ba\/sastanak-u-sarajevu-nasiha-pozder\/#breadcrumb"},"inLanguage":"en-US","potentialAction":[{"@type":"ReadAction","target":["https:\/\/www.herzegovinabike.ba\/sastanak-u-sarajevu-nasiha-pozder\/"]}]},{"@type":"ImageObject","inLanguage":"en-US","@id":"https:\/\/www.herzegovinabike.ba\/sastanak-u-sarajevu-nasiha-pozder\/#primaryimage","url":"https:\/\/www.herzegovinabike.ba\/wp-content\/uploads\/2026\/03\/Nasiha-Pozder-i-Toni-sastanak-naslovna.jpg","contentUrl":"https:\/\/www.herzegovinabike.ba\/wp-content\/uploads\/2026\/03\/Nasiha-Pozder-i-Toni-sastanak-naslovna.jpg","width":1200,"height":800},{"@type":"BreadcrumbList","@id":"https:\/\/www.herzegovinabike.ba\/sastanak-u-sarajevu-nasiha-pozder\/#breadcrumb","itemListElement":[{"@type":"ListItem","position":1,"name":"Po\u010detna stranica","item":"https:\/\/www.herzegovinabike.ba\/"},{"@type":"ListItem","position":2,"name":"Sastanak u Sarajevu: Podr\u0161ka razvoju cikloturizma i utrci &#8220;Tour of BiH&#8221;"}]},{"@type":"WebSite","@id":"https:\/\/www.herzegovinabike.ba\/#website","url":"https:\/\/www.herzegovinabike.ba\/","name":"HerzegovinaBike","description":"Your place under the sun","publisher":{"@id":"https:\/\/www.herzegovinabike.ba\/#organization"},"potentialAction":[{"@type":"SearchAction","target":{"@type":"EntryPoint","urlTemplate":"https:\/\/www.herzegovinabike.ba\/?s={search_term_string}"},"query-input":{"@type":"PropertyValueSpecification","valueRequired":true,"valueName":"search_term_string"}}],"inLanguage":"en-US"},{"@type":"Organization","@id":"https:\/\/www.herzegovinabike.ba\/#organization","name":"Association HerzegovinaBike","url":"https:\/\/www.herzegovinabike.ba\/","logo":{"@type":"ImageObject","inLanguage":"en-US","@id":"https:\/\/www.herzegovinabike.ba\/#\/schema\/logo\/image\/","url":"https:\/\/www.bike.herzegovinabike.ba\/wp-content\/uploads\/2023\/11\/herzegovina_bike_logo_horizontal.png","contentUrl":"https:\/\/www.bike.herzegovinabike.ba\/wp-content\/uploads\/2023\/11\/herzegovina_bike_logo_horizontal.png","width":1757,"height":1061,"caption":"Udruga HerzegovinaBike"},"image":{"@id":"https:\/\/www.herzegovinabike.ba\/#\/schema\/logo\/image\/"},"sameAs":["https:\/\/www.facebook.com\/HerzegovinaBike","https:\/\/www.instagram.com\/herzegovinabike\/"]},{"@type":"Person","@id":"https:\/\/www.herzegovinabike.ba\/#\/schema\/person\/1161ca5c7a242dc0e69d24c0fb304ccb","name":"Herzegovina Bike","image":{"@type":"ImageObject","inLanguage":"en-US","@id":"https:\/\/secure.gravatar.com\/avatar\/236a03b53b73db89b68d17aa2f415bb2a2d3b326d0632f3a602c6c9cacba1ff0?s=96&d=mm&r=g","url":"https:\/\/secure.gravatar.com\/avatar\/236a03b53b73db89b68d17aa2f415bb2a2d3b326d0632f3a602c6c9cacba1ff0?s=96&d=mm&r=g","contentUrl":"https:\/\/secure.gravatar.com\/avatar\/236a03b53b73db89b68d17aa2f415bb2a2d3b326d0632f3a602c6c9cacba1ff0?s=96&d=mm&r=g","caption":"Herzegovina Bike"},"description":"Udruga \u201cHerzegovinaBike\u201d je pokreta\u010d (i sredi\u0161te) razvoja biciklizma kao cikloturizma, rekreacije i sporta u Hercegovini. CILJ: Hercegovina kao vrhunska cikloturisti\u010dka destinacija. \u2705","sameAs":["https:\/\/www.herzegovinabike.ba\/","https:\/\/www.facebook.com\/HerzegovinaBike\/","https:\/\/www.instagram.com\/herzegovinabike\/","https:\/\/www.linkedin.com\/in\/herzegovina-bike-ba605a29b\/","https:\/\/x.com\/https:\/\/twitter.com\/HerzegovinaBike","https:\/\/www.youtube.com\/channel\/UCOFGFUHmcGVzVHD9WgOGTrA"],"url":"https:\/\/www.herzegovinabike.ba\/en\/author\/toni\/"}]}},"_links":{"self":[{"href":"https:\/\/www.herzegovinabike.ba\/en\/wp-json\/wp\/v2\/posts\/19698","targetHints":{"allow":["GET"]}}],"collection":[{"href":"https:\/\/www.herzegovinabike.ba\/en\/wp-json\/wp\/v2\/posts"}],"about":[{"href":"https:\/\/www.herzegovinabike.ba\/en\/wp-json\/wp\/v2\/types\/post"}],"author":[{"embeddable":true,"href":"https:\/\/www.herzegovinabike.ba\/en\/wp-json\/wp\/v2\/users\/2"}],"replies":[{"embeddable":true,"href":"https:\/\/www.herzegovinabike.ba\/en\/wp-json\/wp\/v2\/comments?post=19698"}],"version-history":[{"count":5,"href":"https:\/\/www.herzegovinabike.ba\/en\/wp-json\/wp\/v2\/posts\/19698\/revisions"}],"predecessor-version":[{"id":19707,"href":"https:\/\/www.herzegovinabike.ba\/en\/wp-json\/wp\/v2\/posts\/19698\/revisions\/19707"}],"wp:featuredmedia":[{"embeddable":true,"href":"https:\/\/www.herzegovinabike.ba\/en\/wp-json\/wp\/v2\/media\/19699"}],"wp:attachment":[{"href":"https:\/\/www.herzegovinabike.ba\/en\/wp-json\/wp\/v2\/media?parent=19698"}],"wp:term":[{"taxonomy":"category","embeddable":true,"href":"https:\/\/www.herzegovinabike.ba\/en\/wp-json\/wp\/v2\/categories?post=19698"},{"taxonomy":"post_tag","embeddable":true,"href":"https:\/\/www.herzegovinabike.ba\/en\/wp-json\/wp\/v2\/tags?post=19698"}],"curies":[{"name":"wp","href":"https:\/\/api.w.org\/{rel}","templated":true}]}}