{"id":19755,"date":"2026-04-26T19:16:50","date_gmt":"2026-04-26T17:16:50","guid":{"rendered":"https:\/\/www.herzegovinabike.ba\/?p=19755"},"modified":"2026-04-26T21:50:39","modified_gmt":"2026-04-26T19:50:39","slug":"proljece-na-pedalama","status":"publish","type":"post","link":"https:\/\/www.herzegovinabike.ba\/en\/proljece-na-pedalama\/","title":{"rendered":"Prolje\u0107e na pedalama: Vi\u0161e od 200 biciklista o\u017eivjelo \u0106irinu prugu od Mostara do \u010capljine"},"content":{"rendered":"<p>Danas je Hercegovina jo\u0161 jednom potvrdila za\u0161to postaje nezaobilazna to\u010dka na europskoj cikloturisti\u010dkoj karti. Sun\u010dana nedjelja bila je savr\u0161ena kulisa za tradicionalnu biciklijadu <strong>&#8220;\u0106irinom prugom: Mostar \u2013 \u010capljina&#8221;<\/strong>, koja je na startu ispred mostarskog Ronda okupila vi\u0161e od <strong>200 sudionika<\/strong> pristiglih iz cijele Bosne i Hercegovine, Hrvatske, Slovenije, Crne Gore i regije.<\/p>\n\n\n\n<p><strong>Povijest, priroda i zajedni\u0161tvo<\/strong><strong><\/strong><\/p>\n\n\n\n<p>Vo\u017enja duga 35 kilometara (u jednom smjeru) vodila nas je trasom legendarne uskotra\u010dne pruge, spajaju\u0107i simbole Hercegovine. Od mostarskog <strong>Old bridge<\/strong>, preko <strong>\u017ditomisli\u0107a<\/strong>, pa sve do <strong>\u010capljine<\/strong>, biciklisti su u\u017eivali u svakom kilometru. Vo\u017enja uz rijeku Neretvu, kroz \u0160urmance i slikovite krajolike, ponudila je sudionicima priliku za stvaranje nezaboravnih fotografija i uspomena.<\/p>\n\n\n\n<div class=\"wp-block-columns is-layout-flex wp-container-core-columns-is-layout-9d6595d7 wp-block-columns-is-layout-flex\">\n<div class=\"wp-block-column is-layout-flow wp-block-column-is-layout-flow\">\n<figure class=\"wp-block-image size-large\"><img loading=\"lazy\" decoding=\"async\" width=\"1024\" height=\"578\" src=\"https:\/\/www.herzegovinabike.ba\/wp-content\/uploads\/2026\/04\/Ciro-biciklijada-MO-CP-1-1024x578.jpg\" alt=\"\" class=\"wp-image-19756\" srcset=\"https:\/\/www.herzegovinabike.ba\/wp-content\/uploads\/2026\/04\/Ciro-biciklijada-MO-CP-1-1024x578.jpg 1024w, https:\/\/www.herzegovinabike.ba\/wp-content\/uploads\/2026\/04\/Ciro-biciklijada-MO-CP-1-300x169.jpg 300w, https:\/\/www.herzegovinabike.ba\/wp-content\/uploads\/2026\/04\/Ciro-biciklijada-MO-CP-1-768x433.jpg 768w, https:\/\/www.herzegovinabike.ba\/wp-content\/uploads\/2026\/04\/Ciro-biciklijada-MO-CP-1-18x10.jpg 18w, https:\/\/www.herzegovinabike.ba\/wp-content\/uploads\/2026\/04\/Ciro-biciklijada-MO-CP-1-600x339.jpg 600w, https:\/\/www.herzegovinabike.ba\/wp-content\/uploads\/2026\/04\/Ciro-biciklijada-MO-CP-1.jpg 1200w\" sizes=\"auto, (max-width: 1024px) 100vw, 1024px\" \/><\/figure>\n<\/div>\n\n\n\n<div class=\"wp-block-column is-layout-flow wp-block-column-is-layout-flow\">\n<figure class=\"wp-block-image size-large\"><img loading=\"lazy\" decoding=\"async\" width=\"1024\" height=\"578\" src=\"https:\/\/www.herzegovinabike.ba\/wp-content\/uploads\/2026\/04\/Ciro-biciklijada-MO-CP-2-1024x578.jpg\" alt=\"\" class=\"wp-image-19757\" srcset=\"https:\/\/www.herzegovinabike.ba\/wp-content\/uploads\/2026\/04\/Ciro-biciklijada-MO-CP-2-1024x578.jpg 1024w, https:\/\/www.herzegovinabike.ba\/wp-content\/uploads\/2026\/04\/Ciro-biciklijada-MO-CP-2-300x169.jpg 300w, https:\/\/www.herzegovinabike.ba\/wp-content\/uploads\/2026\/04\/Ciro-biciklijada-MO-CP-2-768x433.jpg 768w, https:\/\/www.herzegovinabike.ba\/wp-content\/uploads\/2026\/04\/Ciro-biciklijada-MO-CP-2-18x10.jpg 18w, https:\/\/www.herzegovinabike.ba\/wp-content\/uploads\/2026\/04\/Ciro-biciklijada-MO-CP-2-600x339.jpg 600w, https:\/\/www.herzegovinabike.ba\/wp-content\/uploads\/2026\/04\/Ciro-biciklijada-MO-CP-2.jpg 1200w\" sizes=\"auto, (max-width: 1024px) 100vw, 1024px\" \/><\/figure>\n<\/div>\n<\/div>\n\n\n\n<p>Posebno nas raduje \u0161to je ove godine sudjelovao jo\u0161 ve\u0107i broj me\u0111unarodnih gostiju, ali i obitelji s djecom, \u0161to dokazuje da \u0106irina ruta nije samo sportski izazov, ve\u0107 istinski obiteljski do\u017eivljaj dostupan svima.<\/p>\n\n\n\n<p><strong>Vrhunski do\u010dek u \u010capljini i u\u017eivanje na Trebi\u017eatu<\/strong><strong><\/strong><\/p>\n\n\n\n<p>Po dolasku u \u010capljinu, na\u0161a karavana se spojila s <strong>&#8220;\u010capljinskom biciklijadom&#8221;<\/strong>. Doma\u0107ini iz BK \u010capljina priredili su nam vrhunski do\u010dek i proveli nas kroz kulturne i povijesne znamenitosti svog grada, pokazuju\u0107i bogatstvo &#8220;hercegova\u010dke Floride&#8221;.<\/p>\n\n\n\n<div class=\"wp-block-columns is-layout-flex wp-container-core-columns-is-layout-9d6595d7 wp-block-columns-is-layout-flex\">\n<div class=\"wp-block-column is-layout-flow wp-block-column-is-layout-flow\">\n<figure class=\"wp-block-image size-large\"><img loading=\"lazy\" decoding=\"async\" width=\"1024\" height=\"578\" src=\"https:\/\/www.herzegovinabike.ba\/wp-content\/uploads\/2026\/04\/Ciro-biciklijada-MO-CP-6-1024x578.jpg\" alt=\"\" class=\"wp-image-19761\" srcset=\"https:\/\/www.herzegovinabike.ba\/wp-content\/uploads\/2026\/04\/Ciro-biciklijada-MO-CP-6-1024x578.jpg 1024w, https:\/\/www.herzegovinabike.ba\/wp-content\/uploads\/2026\/04\/Ciro-biciklijada-MO-CP-6-300x169.jpg 300w, https:\/\/www.herzegovinabike.ba\/wp-content\/uploads\/2026\/04\/Ciro-biciklijada-MO-CP-6-768x433.jpg 768w, https:\/\/www.herzegovinabike.ba\/wp-content\/uploads\/2026\/04\/Ciro-biciklijada-MO-CP-6-18x10.jpg 18w, https:\/\/www.herzegovinabike.ba\/wp-content\/uploads\/2026\/04\/Ciro-biciklijada-MO-CP-6-600x339.jpg 600w, https:\/\/www.herzegovinabike.ba\/wp-content\/uploads\/2026\/04\/Ciro-biciklijada-MO-CP-6.jpg 1200w\" sizes=\"auto, (max-width: 1024px) 100vw, 1024px\" \/><\/figure>\n<\/div>\n\n\n\n<div class=\"wp-block-column is-layout-flow wp-block-column-is-layout-flow\">\n<figure class=\"wp-block-image size-large\"><img loading=\"lazy\" decoding=\"async\" width=\"1024\" height=\"578\" src=\"https:\/\/www.herzegovinabike.ba\/wp-content\/uploads\/2026\/04\/Ciro-biciklijada-MO-CP-9-1024x578.jpg\" alt=\"\" class=\"wp-image-19764\" srcset=\"https:\/\/www.herzegovinabike.ba\/wp-content\/uploads\/2026\/04\/Ciro-biciklijada-MO-CP-9-1024x578.jpg 1024w, https:\/\/www.herzegovinabike.ba\/wp-content\/uploads\/2026\/04\/Ciro-biciklijada-MO-CP-9-300x169.jpg 300w, https:\/\/www.herzegovinabike.ba\/wp-content\/uploads\/2026\/04\/Ciro-biciklijada-MO-CP-9-768x433.jpg 768w, https:\/\/www.herzegovinabike.ba\/wp-content\/uploads\/2026\/04\/Ciro-biciklijada-MO-CP-9-18x10.jpg 18w, https:\/\/www.herzegovinabike.ba\/wp-content\/uploads\/2026\/04\/Ciro-biciklijada-MO-CP-9-600x339.jpg 600w, https:\/\/www.herzegovinabike.ba\/wp-content\/uploads\/2026\/04\/Ciro-biciklijada-MO-CP-9.jpg 1200w\" sizes=\"auto, (max-width: 1024px) 100vw, 1024px\" \/><\/figure>\n<\/div>\n<\/div>\n\n\n\n<p>Vrhunac dana bio je dolazak na obalu rijeke <strong>Trebi\u017eat<\/strong>. Uz \u0161um vode i hladovinu drve\u0107a, u\u017eivali smo u doma\u0107im delicijama i zaslu\u017eenom odmoru. Upravo je to bit na\u0161ih doga\u0111aja \u2013 spoj rekreacije, promocije doma\u0107e kuhinje i dru\u017eenja koje bri\u0161e sve granice.<\/p>\n\n\n\n<p><strong>Vi\u0161e od biciklizma: Promocija destinacije<\/strong><strong><\/strong><\/p>\n\n\n\n<p><em>&#8220;Danas smo poslali najljep\u0161u sliku Hercegovine u svijet. Gledati preko 200 biciklista kako u\u017eivaju u na\u0161oj povijesti i prirodi, od Mostara do \u010capljine, ispunjava nas ponosom. Na\u0161 cilj je jasan \u2013 pozicionirati ju\u017enu Hercegovinu kao vrhunsku destinaciju za aktivni turizam, a osmijesi na licima sudionika govore nam da smo na pravom putu&#8221;<\/em>, poru\u010dili su iz <strong>of the HerzegovinaBike Association<\/strong>.<\/p>\n\n\n\n<div class=\"wp-block-columns is-layout-flex wp-container-core-columns-is-layout-9d6595d7 wp-block-columns-is-layout-flex\">\n<div class=\"wp-block-column is-layout-flow wp-block-column-is-layout-flow\">\n<figure class=\"wp-block-image size-large\"><img loading=\"lazy\" decoding=\"async\" width=\"1024\" height=\"578\" src=\"https:\/\/www.herzegovinabike.ba\/wp-content\/uploads\/2026\/04\/Ciro-biciklijada-MO-CP-3-1024x578.jpg\" alt=\"\" class=\"wp-image-19758\" srcset=\"https:\/\/www.herzegovinabike.ba\/wp-content\/uploads\/2026\/04\/Ciro-biciklijada-MO-CP-3-1024x578.jpg 1024w, https:\/\/www.herzegovinabike.ba\/wp-content\/uploads\/2026\/04\/Ciro-biciklijada-MO-CP-3-300x169.jpg 300w, https:\/\/www.herzegovinabike.ba\/wp-content\/uploads\/2026\/04\/Ciro-biciklijada-MO-CP-3-768x433.jpg 768w, https:\/\/www.herzegovinabike.ba\/wp-content\/uploads\/2026\/04\/Ciro-biciklijada-MO-CP-3-18x10.jpg 18w, https:\/\/www.herzegovinabike.ba\/wp-content\/uploads\/2026\/04\/Ciro-biciklijada-MO-CP-3-600x339.jpg 600w, https:\/\/www.herzegovinabike.ba\/wp-content\/uploads\/2026\/04\/Ciro-biciklijada-MO-CP-3.jpg 1200w\" sizes=\"auto, (max-width: 1024px) 100vw, 1024px\" \/><\/figure>\n<\/div>\n\n\n\n<div class=\"wp-block-column is-layout-flow wp-block-column-is-layout-flow\">\n<figure class=\"wp-block-image size-large\"><img loading=\"lazy\" decoding=\"async\" width=\"1024\" height=\"578\" src=\"https:\/\/www.herzegovinabike.ba\/wp-content\/uploads\/2026\/04\/Ciro-biciklijada-MO-CP-10-1024x578.jpg\" alt=\"\" class=\"wp-image-19765\" srcset=\"https:\/\/www.herzegovinabike.ba\/wp-content\/uploads\/2026\/04\/Ciro-biciklijada-MO-CP-10-1024x578.jpg 1024w, https:\/\/www.herzegovinabike.ba\/wp-content\/uploads\/2026\/04\/Ciro-biciklijada-MO-CP-10-300x169.jpg 300w, https:\/\/www.herzegovinabike.ba\/wp-content\/uploads\/2026\/04\/Ciro-biciklijada-MO-CP-10-768x433.jpg 768w, https:\/\/www.herzegovinabike.ba\/wp-content\/uploads\/2026\/04\/Ciro-biciklijada-MO-CP-10-18x10.jpg 18w, https:\/\/www.herzegovinabike.ba\/wp-content\/uploads\/2026\/04\/Ciro-biciklijada-MO-CP-10-600x339.jpg 600w, https:\/\/www.herzegovinabike.ba\/wp-content\/uploads\/2026\/04\/Ciro-biciklijada-MO-CP-10.jpg 1200w\" sizes=\"auto, (max-width: 1024px) 100vw, 1024px\" \/><\/figure>\n<\/div>\n<\/div>\n\n\n\n<p>Projekt se realizira uz podr\u0161ku partnera: Grada Mostara, Grada \u010capljine, HT Eroneta, Turisti\u010dke zajednice HN\u017d\/K i GumaM, kojima se ovim putem zahvaljujemo na podr\u0161ci u razvoju cikloturizma.<\/p>\n\n\n\n<p><strong>Ne stajemo ovdje \u2013 Vidimo se na sljede\u0107oj postaji!<\/strong><strong><\/strong><\/p>\n\n\n<div class=\"wp-block-image\">\n<figure class=\"aligncenter size-large\"><img loading=\"lazy\" decoding=\"async\" width=\"1024\" height=\"683\" src=\"https:\/\/www.herzegovinabike.ba\/wp-content\/uploads\/2026\/04\/Ciro-biciklijada-MO-CP-naslovna-1024x683.jpg\" alt=\"\" class=\"wp-image-19766\" srcset=\"https:\/\/www.herzegovinabike.ba\/wp-content\/uploads\/2026\/04\/Ciro-biciklijada-MO-CP-naslovna-1024x683.jpg 1024w, https:\/\/www.herzegovinabike.ba\/wp-content\/uploads\/2026\/04\/Ciro-biciklijada-MO-CP-naslovna-300x200.jpg 300w, https:\/\/www.herzegovinabike.ba\/wp-content\/uploads\/2026\/04\/Ciro-biciklijada-MO-CP-naslovna-768x512.jpg 768w, https:\/\/www.herzegovinabike.ba\/wp-content\/uploads\/2026\/04\/Ciro-biciklijada-MO-CP-naslovna-18x12.jpg 18w, https:\/\/www.herzegovinabike.ba\/wp-content\/uploads\/2026\/04\/Ciro-biciklijada-MO-CP-naslovna-600x400.jpg 600w, https:\/\/www.herzegovinabike.ba\/wp-content\/uploads\/2026\/04\/Ciro-biciklijada-MO-CP-naslovna.jpg 1200w\" sizes=\"auto, (max-width: 1024px) 100vw, 1024px\" \/><\/figure>\n<\/div>\n\n\n<p>Ovo je bio tek po\u010detak proljetne sezone. Ve\u0107 sada vas pozivamo da nam se pridru\u017eite na sljede\u0107oj \u0106iro avanturi!<\/p>\n\n\n\n<p><strong>Sljede\u0107a stanica:<\/strong> Nedjelja, <strong>10.05.2026.<\/strong><br><strong>Relacija:<\/strong> Hutovo \u2013 Ravno (dionica kroz Popovo polje)<\/p>\n\n\n\n<p>Prijave su otvorene i prijaviti se mo\u017eete ovdje: <a href=\"https:\/\/forms.gle\/hYMV4uHvoKHg68az6\" target=\"_blank\" rel=\"noreferrer noopener\"><strong>https:\/\/forms.gle\/hYMV4uHvoKHg68az6<\/strong><\/a> <\/p>\n\n\n\n<p><strong>Ne propustite priliku da s nama pedalirate kroz povijest!<\/strong><\/p>","protected":false},"excerpt":{"rendered":"<p>Danas je Hercegovina jo\u0161 jednom potvrdila za\u0161to postaje nezaobilazna to\u010dka na europskoj cikloturisti\u010dkoj karti. Sun\u010dana nedjelja bila je savr\u0161ena kulisa za tradicionalnu biciklijadu &#8220;\u0106irinom prugom: Mostar \u2013 \u010capljina&#8221;, koja je na startu ispred mostarskog Ronda okupila vi\u0161e od 200 sudionika pristiglih iz cijele Bosne i Hercegovine, Hrvatske, Slovenije, Crne Gore i regije. Povijest, priroda i [&hellip;]<\/p>\n","protected":false},"author":2,"featured_media":19766,"comment_status":"closed","ping_status":"open","sticky":false,"template":"","format":"standard","meta":{"footnotes":""},"categories":[2],"tags":[],"class_list":["post-19755","post","type-post","status-publish","format-standard","has-post-thumbnail","hentry","category-blog"],"yoast_head":"<!-- This site is optimized with the Yoast SEO Premium plugin v21.5 (Yoast SEO v27.4) - https:\/\/yoast.com\/product\/yoast-seo-premium-wordpress\/ -->\n<title>Prolje\u0107e na pedalama: Vi\u0161e od 200 biciklista o\u017eivjelo \u0106irinu prugu od Mostara do \u010capljine - HerzegovinaBike<\/title>\n<meta name=\"description\" content=\"Danas je Hercegovina jo\u0161 jednom potvrdila za\u0161to postaje nezaobilazna to\u010dka na europskoj cikloturisti\u010dkoj karti.\" \/>\n<meta name=\"robots\" content=\"index, follow, max-snippet:-1, max-image-preview:large, max-video-preview:-1\" \/>\n<link rel=\"canonical\" href=\"https:\/\/www.herzegovinabike.ba\/en\/proljece-na-pedalama\/\" \/>\n<meta property=\"og:locale\" content=\"en_US\" \/>\n<meta property=\"og:type\" content=\"article\" \/>\n<meta property=\"og:title\" content=\"Prolje\u0107e na pedalama: Vi\u0161e od 200 biciklista o\u017eivjelo \u0106irinu prugu od Mostara do \u010capljine\" \/>\n<meta property=\"og:description\" content=\"Danas je Hercegovina jo\u0161 jednom potvrdila za\u0161to postaje nezaobilazna to\u010dka na europskoj cikloturisti\u010dkoj karti.\" \/>\n<meta property=\"og:url\" content=\"https:\/\/www.herzegovinabike.ba\/en\/proljece-na-pedalama\/\" \/>\n<meta property=\"og:site_name\" content=\"HerzegovinaBike\" \/>\n<meta property=\"article:publisher\" content=\"https:\/\/www.facebook.com\/HerzegovinaBike\" \/>\n<meta property=\"article:author\" content=\"https:\/\/www.facebook.com\/HerzegovinaBike\/\" \/>\n<meta property=\"article:published_time\" content=\"2026-04-26T17:16:50+00:00\" \/>\n<meta property=\"article:modified_time\" content=\"2026-04-26T19:50:39+00:00\" \/>\n<meta property=\"og:image\" content=\"https:\/\/www.herzegovinabike.ba\/wp-content\/uploads\/2026\/04\/Ciro-biciklijada-MO-CP-naslovna.jpg\" \/>\n\t<meta property=\"og:image:width\" content=\"1200\" \/>\n\t<meta property=\"og:image:height\" content=\"800\" \/>\n\t<meta property=\"og:image:type\" content=\"image\/jpeg\" \/>\n<meta name=\"author\" content=\"Herzegovina Bike\" \/>\n<meta name=\"twitter:card\" content=\"summary_large_image\" \/>\n<meta name=\"twitter:creator\" content=\"@https:\/\/twitter.com\/HerzegovinaBike\" \/>\n<meta name=\"twitter:label1\" content=\"Written by\" \/>\n\t<meta name=\"twitter:data1\" content=\"Herzegovina Bike\" \/>\n\t<meta name=\"twitter:label2\" content=\"Est. reading time\" \/>\n\t<meta name=\"twitter:data2\" content=\"4 minutes\" \/>\n<script type=\"application\/ld+json\" class=\"yoast-schema-graph\">{\"@context\":\"https:\\\/\\\/schema.org\",\"@graph\":[{\"@type\":\"Article\",\"@id\":\"https:\\\/\\\/www.herzegovinabike.ba\\\/proljece-na-pedalama\\\/#article\",\"isPartOf\":{\"@id\":\"https:\\\/\\\/www.herzegovinabike.ba\\\/proljece-na-pedalama\\\/\"},\"author\":{\"name\":\"Herzegovina Bike\",\"@id\":\"https:\\\/\\\/www.herzegovinabike.ba\\\/#\\\/schema\\\/person\\\/1161ca5c7a242dc0e69d24c0fb304ccb\"},\"headline\":\"Prolje\u0107e na pedalama: Vi\u0161e od 200 biciklista o\u017eivjelo \u0106irinu prugu od Mostara do \u010capljine\",\"datePublished\":\"2026-04-26T17:16:50+00:00\",\"dateModified\":\"2026-04-26T19:50:39+00:00\",\"mainEntityOfPage\":{\"@id\":\"https:\\\/\\\/www.herzegovinabike.ba\\\/proljece-na-pedalama\\\/\"},\"wordCount\":433,\"publisher\":{\"@id\":\"https:\\\/\\\/www.herzegovinabike.ba\\\/#organization\"},\"image\":{\"@id\":\"https:\\\/\\\/www.herzegovinabike.ba\\\/proljece-na-pedalama\\\/#primaryimage\"},\"thumbnailUrl\":\"https:\\\/\\\/www.herzegovinabike.ba\\\/wp-content\\\/uploads\\\/2026\\\/04\\\/Ciro-biciklijada-MO-CP-naslovna.jpg\",\"articleSection\":[\"Blog\"],\"inLanguage\":\"en-US\"},{\"@type\":\"WebPage\",\"@id\":\"https:\\\/\\\/www.herzegovinabike.ba\\\/proljece-na-pedalama\\\/\",\"url\":\"https:\\\/\\\/www.herzegovinabike.ba\\\/proljece-na-pedalama\\\/\",\"name\":\"Prolje\u0107e na pedalama: Vi\u0161e od 200 biciklista o\u017eivjelo \u0106irinu prugu od Mostara do \u010capljine - HerzegovinaBike\",\"isPartOf\":{\"@id\":\"https:\\\/\\\/www.herzegovinabike.ba\\\/#website\"},\"primaryImageOfPage\":{\"@id\":\"https:\\\/\\\/www.herzegovinabike.ba\\\/proljece-na-pedalama\\\/#primaryimage\"},\"image\":{\"@id\":\"https:\\\/\\\/www.herzegovinabike.ba\\\/proljece-na-pedalama\\\/#primaryimage\"},\"thumbnailUrl\":\"https:\\\/\\\/www.herzegovinabike.ba\\\/wp-content\\\/uploads\\\/2026\\\/04\\\/Ciro-biciklijada-MO-CP-naslovna.jpg\",\"datePublished\":\"2026-04-26T17:16:50+00:00\",\"dateModified\":\"2026-04-26T19:50:39+00:00\",\"description\":\"Danas je Hercegovina jo\u0161 jednom potvrdila za\u0161to postaje nezaobilazna to\u010dka na europskoj cikloturisti\u010dkoj karti.\",\"breadcrumb\":{\"@id\":\"https:\\\/\\\/www.herzegovinabike.ba\\\/proljece-na-pedalama\\\/#breadcrumb\"},\"inLanguage\":\"en-US\",\"potentialAction\":[{\"@type\":\"ReadAction\",\"target\":[\"https:\\\/\\\/www.herzegovinabike.ba\\\/proljece-na-pedalama\\\/\"]}]},{\"@type\":\"ImageObject\",\"inLanguage\":\"en-US\",\"@id\":\"https:\\\/\\\/www.herzegovinabike.ba\\\/proljece-na-pedalama\\\/#primaryimage\",\"url\":\"https:\\\/\\\/www.herzegovinabike.ba\\\/wp-content\\\/uploads\\\/2026\\\/04\\\/Ciro-biciklijada-MO-CP-naslovna.jpg\",\"contentUrl\":\"https:\\\/\\\/www.herzegovinabike.ba\\\/wp-content\\\/uploads\\\/2026\\\/04\\\/Ciro-biciklijada-MO-CP-naslovna.jpg\",\"width\":1200,\"height\":800},{\"@type\":\"BreadcrumbList\",\"@id\":\"https:\\\/\\\/www.herzegovinabike.ba\\\/proljece-na-pedalama\\\/#breadcrumb\",\"itemListElement\":[{\"@type\":\"ListItem\",\"position\":1,\"name\":\"Po\u010detna stranica\",\"item\":\"https:\\\/\\\/www.herzegovinabike.ba\\\/\"},{\"@type\":\"ListItem\",\"position\":2,\"name\":\"Prolje\u0107e na pedalama: Vi\u0161e od 200 biciklista o\u017eivjelo \u0106irinu prugu od Mostara do \u010capljine\"}]},{\"@type\":\"WebSite\",\"@id\":\"https:\\\/\\\/www.herzegovinabike.ba\\\/#website\",\"url\":\"https:\\\/\\\/www.herzegovinabike.ba\\\/\",\"name\":\"HerzegovinaBike\",\"description\":\"Your place under the sun\",\"publisher\":{\"@id\":\"https:\\\/\\\/www.herzegovinabike.ba\\\/#organization\"},\"potentialAction\":[{\"@type\":\"SearchAction\",\"target\":{\"@type\":\"EntryPoint\",\"urlTemplate\":\"https:\\\/\\\/www.herzegovinabike.ba\\\/?s={search_term_string}\"},\"query-input\":{\"@type\":\"PropertyValueSpecification\",\"valueRequired\":true,\"valueName\":\"search_term_string\"}}],\"inLanguage\":\"en-US\"},{\"@type\":\"Organization\",\"@id\":\"https:\\\/\\\/www.herzegovinabike.ba\\\/#organization\",\"name\":\"Udruga HerzegovinaBike\",\"url\":\"https:\\\/\\\/www.herzegovinabike.ba\\\/\",\"logo\":{\"@type\":\"ImageObject\",\"inLanguage\":\"en-US\",\"@id\":\"https:\\\/\\\/www.herzegovinabike.ba\\\/#\\\/schema\\\/logo\\\/image\\\/\",\"url\":\"https:\\\/\\\/www.bike.herzegovinabike.ba\\\/wp-content\\\/uploads\\\/2023\\\/11\\\/herzegovina_bike_logo_horizontal.png\",\"contentUrl\":\"https:\\\/\\\/www.bike.herzegovinabike.ba\\\/wp-content\\\/uploads\\\/2023\\\/11\\\/herzegovina_bike_logo_horizontal.png\",\"width\":1757,\"height\":1061,\"caption\":\"Udruga HerzegovinaBike\"},\"image\":{\"@id\":\"https:\\\/\\\/www.herzegovinabike.ba\\\/#\\\/schema\\\/logo\\\/image\\\/\"},\"sameAs\":[\"https:\\\/\\\/www.facebook.com\\\/HerzegovinaBike\",\"https:\\\/\\\/www.instagram.com\\\/herzegovinabike\\\/\"]},{\"@type\":\"Person\",\"@id\":\"https:\\\/\\\/www.herzegovinabike.ba\\\/#\\\/schema\\\/person\\\/1161ca5c7a242dc0e69d24c0fb304ccb\",\"name\":\"Herzegovina Bike\",\"image\":{\"@type\":\"ImageObject\",\"inLanguage\":\"en-US\",\"@id\":\"https:\\\/\\\/secure.gravatar.com\\\/avatar\\\/236a03b53b73db89b68d17aa2f415bb2a2d3b326d0632f3a602c6c9cacba1ff0?s=96&d=mm&r=g\",\"url\":\"https:\\\/\\\/secure.gravatar.com\\\/avatar\\\/236a03b53b73db89b68d17aa2f415bb2a2d3b326d0632f3a602c6c9cacba1ff0?s=96&d=mm&r=g\",\"contentUrl\":\"https:\\\/\\\/secure.gravatar.com\\\/avatar\\\/236a03b53b73db89b68d17aa2f415bb2a2d3b326d0632f3a602c6c9cacba1ff0?s=96&d=mm&r=g\",\"caption\":\"Herzegovina Bike\"},\"description\":\"Udruga \u201cHerzegovinaBike\u201d je pokreta\u010d (i sredi\u0161te) razvoja biciklizma kao cikloturizma, rekreacije i sporta u Hercegovini. CILJ: Hercegovina kao vrhunska cikloturisti\u010dka destinacija. \u2705\",\"sameAs\":[\"https:\\\/\\\/www.herzegovinabike.ba\\\/\",\"https:\\\/\\\/www.facebook.com\\\/HerzegovinaBike\\\/\",\"https:\\\/\\\/www.instagram.com\\\/herzegovinabike\\\/\",\"https:\\\/\\\/www.linkedin.com\\\/in\\\/herzegovina-bike-ba605a29b\\\/\",\"https:\\\/\\\/x.com\\\/https:\\\/\\\/twitter.com\\\/HerzegovinaBike\",\"https:\\\/\\\/www.youtube.com\\\/channel\\\/UCOFGFUHmcGVzVHD9WgOGTrA\"],\"url\":\"https:\\\/\\\/www.herzegovinabike.ba\\\/en\\\/author\\\/toni\\\/\"}]}<\/script>\n<!-- \/ Yoast SEO Premium plugin. -->","yoast_head_json":{"title":"Prolje\u0107e na pedalama: Vi\u0161e od 200 biciklista o\u017eivjelo \u0106irinu prugu od Mostara do \u010capljine - HerzegovinaBike","description":"Danas je Hercegovina jo\u0161 jednom potvrdila za\u0161to postaje nezaobilazna to\u010dka na europskoj cikloturisti\u010dkoj karti.","robots":{"index":"index","follow":"follow","max-snippet":"max-snippet:-1","max-image-preview":"max-image-preview:large","max-video-preview":"max-video-preview:-1"},"canonical":"https:\/\/www.herzegovinabike.ba\/en\/proljece-na-pedalama\/","og_locale":"en_US","og_type":"article","og_title":"Prolje\u0107e na pedalama: Vi\u0161e od 200 biciklista o\u017eivjelo \u0106irinu prugu od Mostara do \u010capljine","og_description":"Danas je Hercegovina jo\u0161 jednom potvrdila za\u0161to postaje nezaobilazna to\u010dka na europskoj cikloturisti\u010dkoj karti.","og_url":"https:\/\/www.herzegovinabike.ba\/en\/proljece-na-pedalama\/","og_site_name":"HerzegovinaBike","article_publisher":"https:\/\/www.facebook.com\/HerzegovinaBike","article_author":"https:\/\/www.facebook.com\/HerzegovinaBike\/","article_published_time":"2026-04-26T17:16:50+00:00","article_modified_time":"2026-04-26T19:50:39+00:00","og_image":[{"width":1200,"height":800,"url":"https:\/\/www.herzegovinabike.ba\/wp-content\/uploads\/2026\/04\/Ciro-biciklijada-MO-CP-naslovna.jpg","type":"image\/jpeg"}],"author":"Herzegovina Bike","twitter_card":"summary_large_image","twitter_creator":"@https:\/\/twitter.com\/HerzegovinaBike","twitter_misc":{"Written by":"Herzegovina Bike","Est. reading time":"4 minutes"},"schema":{"@context":"https:\/\/schema.org","@graph":[{"@type":"Article","@id":"https:\/\/www.herzegovinabike.ba\/proljece-na-pedalama\/#article","isPartOf":{"@id":"https:\/\/www.herzegovinabike.ba\/proljece-na-pedalama\/"},"author":{"name":"Herzegovina Bike","@id":"https:\/\/www.herzegovinabike.ba\/#\/schema\/person\/1161ca5c7a242dc0e69d24c0fb304ccb"},"headline":"Prolje\u0107e na pedalama: Vi\u0161e od 200 biciklista o\u017eivjelo \u0106irinu prugu od Mostara do \u010capljine","datePublished":"2026-04-26T17:16:50+00:00","dateModified":"2026-04-26T19:50:39+00:00","mainEntityOfPage":{"@id":"https:\/\/www.herzegovinabike.ba\/proljece-na-pedalama\/"},"wordCount":433,"publisher":{"@id":"https:\/\/www.herzegovinabike.ba\/#organization"},"image":{"@id":"https:\/\/www.herzegovinabike.ba\/proljece-na-pedalama\/#primaryimage"},"thumbnailUrl":"https:\/\/www.herzegovinabike.ba\/wp-content\/uploads\/2026\/04\/Ciro-biciklijada-MO-CP-naslovna.jpg","articleSection":["Blog"],"inLanguage":"en-US"},{"@type":"WebPage","@id":"https:\/\/www.herzegovinabike.ba\/proljece-na-pedalama\/","url":"https:\/\/www.herzegovinabike.ba\/proljece-na-pedalama\/","name":"Prolje\u0107e na pedalama: Vi\u0161e od 200 biciklista o\u017eivjelo \u0106irinu prugu od Mostara do \u010capljine - HerzegovinaBike","isPartOf":{"@id":"https:\/\/www.herzegovinabike.ba\/#website"},"primaryImageOfPage":{"@id":"https:\/\/www.herzegovinabike.ba\/proljece-na-pedalama\/#primaryimage"},"image":{"@id":"https:\/\/www.herzegovinabike.ba\/proljece-na-pedalama\/#primaryimage"},"thumbnailUrl":"https:\/\/www.herzegovinabike.ba\/wp-content\/uploads\/2026\/04\/Ciro-biciklijada-MO-CP-naslovna.jpg","datePublished":"2026-04-26T17:16:50+00:00","dateModified":"2026-04-26T19:50:39+00:00","description":"Danas je Hercegovina jo\u0161 jednom potvrdila za\u0161to postaje nezaobilazna to\u010dka na europskoj cikloturisti\u010dkoj karti.","breadcrumb":{"@id":"https:\/\/www.herzegovinabike.ba\/proljece-na-pedalama\/#breadcrumb"},"inLanguage":"en-US","potentialAction":[{"@type":"ReadAction","target":["https:\/\/www.herzegovinabike.ba\/proljece-na-pedalama\/"]}]},{"@type":"ImageObject","inLanguage":"en-US","@id":"https:\/\/www.herzegovinabike.ba\/proljece-na-pedalama\/#primaryimage","url":"https:\/\/www.herzegovinabike.ba\/wp-content\/uploads\/2026\/04\/Ciro-biciklijada-MO-CP-naslovna.jpg","contentUrl":"https:\/\/www.herzegovinabike.ba\/wp-content\/uploads\/2026\/04\/Ciro-biciklijada-MO-CP-naslovna.jpg","width":1200,"height":800},{"@type":"BreadcrumbList","@id":"https:\/\/www.herzegovinabike.ba\/proljece-na-pedalama\/#breadcrumb","itemListElement":[{"@type":"ListItem","position":1,"name":"Po\u010detna stranica","item":"https:\/\/www.herzegovinabike.ba\/"},{"@type":"ListItem","position":2,"name":"Prolje\u0107e na pedalama: Vi\u0161e od 200 biciklista o\u017eivjelo \u0106irinu prugu od Mostara do \u010capljine"}]},{"@type":"WebSite","@id":"https:\/\/www.herzegovinabike.ba\/#website","url":"https:\/\/www.herzegovinabike.ba\/","name":"HerzegovinaBike","description":"Your place under the sun","publisher":{"@id":"https:\/\/www.herzegovinabike.ba\/#organization"},"potentialAction":[{"@type":"SearchAction","target":{"@type":"EntryPoint","urlTemplate":"https:\/\/www.herzegovinabike.ba\/?s={search_term_string}"},"query-input":{"@type":"PropertyValueSpecification","valueRequired":true,"valueName":"search_term_string"}}],"inLanguage":"en-US"},{"@type":"Organization","@id":"https:\/\/www.herzegovinabike.ba\/#organization","name":"Association HerzegovinaBike","url":"https:\/\/www.herzegovinabike.ba\/","logo":{"@type":"ImageObject","inLanguage":"en-US","@id":"https:\/\/www.herzegovinabike.ba\/#\/schema\/logo\/image\/","url":"https:\/\/www.bike.herzegovinabike.ba\/wp-content\/uploads\/2023\/11\/herzegovina_bike_logo_horizontal.png","contentUrl":"https:\/\/www.bike.herzegovinabike.ba\/wp-content\/uploads\/2023\/11\/herzegovina_bike_logo_horizontal.png","width":1757,"height":1061,"caption":"Udruga HerzegovinaBike"},"image":{"@id":"https:\/\/www.herzegovinabike.ba\/#\/schema\/logo\/image\/"},"sameAs":["https:\/\/www.facebook.com\/HerzegovinaBike","https:\/\/www.instagram.com\/herzegovinabike\/"]},{"@type":"Person","@id":"https:\/\/www.herzegovinabike.ba\/#\/schema\/person\/1161ca5c7a242dc0e69d24c0fb304ccb","name":"Herzegovina Bike","image":{"@type":"ImageObject","inLanguage":"en-US","@id":"https:\/\/secure.gravatar.com\/avatar\/236a03b53b73db89b68d17aa2f415bb2a2d3b326d0632f3a602c6c9cacba1ff0?s=96&d=mm&r=g","url":"https:\/\/secure.gravatar.com\/avatar\/236a03b53b73db89b68d17aa2f415bb2a2d3b326d0632f3a602c6c9cacba1ff0?s=96&d=mm&r=g","contentUrl":"https:\/\/secure.gravatar.com\/avatar\/236a03b53b73db89b68d17aa2f415bb2a2d3b326d0632f3a602c6c9cacba1ff0?s=96&d=mm&r=g","caption":"Herzegovina Bike"},"description":"Udruga \u201cHerzegovinaBike\u201d je pokreta\u010d (i sredi\u0161te) razvoja biciklizma kao cikloturizma, rekreacije i sporta u Hercegovini. CILJ: Hercegovina kao vrhunska cikloturisti\u010dka destinacija. \u2705","sameAs":["https:\/\/www.herzegovinabike.ba\/","https:\/\/www.facebook.com\/HerzegovinaBike\/","https:\/\/www.instagram.com\/herzegovinabike\/","https:\/\/www.linkedin.com\/in\/herzegovina-bike-ba605a29b\/","https:\/\/x.com\/https:\/\/twitter.com\/HerzegovinaBike","https:\/\/www.youtube.com\/channel\/UCOFGFUHmcGVzVHD9WgOGTrA"],"url":"https:\/\/www.herzegovinabike.ba\/en\/author\/toni\/"}]}},"_links":{"self":[{"href":"https:\/\/www.herzegovinabike.ba\/en\/wp-json\/wp\/v2\/posts\/19755","targetHints":{"allow":["GET"]}}],"collection":[{"href":"https:\/\/www.herzegovinabike.ba\/en\/wp-json\/wp\/v2\/posts"}],"about":[{"href":"https:\/\/www.herzegovinabike.ba\/en\/wp-json\/wp\/v2\/types\/post"}],"author":[{"embeddable":true,"href":"https:\/\/www.herzegovinabike.ba\/en\/wp-json\/wp\/v2\/users\/2"}],"replies":[{"embeddable":true,"href":"https:\/\/www.herzegovinabike.ba\/en\/wp-json\/wp\/v2\/comments?post=19755"}],"version-history":[{"count":3,"href":"https:\/\/www.herzegovinabike.ba\/en\/wp-json\/wp\/v2\/posts\/19755\/revisions"}],"predecessor-version":[{"id":19769,"href":"https:\/\/www.herzegovinabike.ba\/en\/wp-json\/wp\/v2\/posts\/19755\/revisions\/19769"}],"wp:featuredmedia":[{"embeddable":true,"href":"https:\/\/www.herzegovinabike.ba\/en\/wp-json\/wp\/v2\/media\/19766"}],"wp:attachment":[{"href":"https:\/\/www.herzegovinabike.ba\/en\/wp-json\/wp\/v2\/media?parent=19755"}],"wp:term":[{"taxonomy":"category","embeddable":true,"href":"https:\/\/www.herzegovinabike.ba\/en\/wp-json\/wp\/v2\/categories?post=19755"},{"taxonomy":"post_tag","embeddable":true,"href":"https:\/\/www.herzegovinabike.ba\/en\/wp-json\/wp\/v2\/tags?post=19755"}],"curies":[{"name":"wp","href":"https:\/\/api.w.org\/{rel}","templated":true}]}}