{"id":9048,"date":"2023-11-10T23:44:37","date_gmt":"2023-11-10T22:44:37","guid":{"rendered":"https:\/\/www.bike.herzegovinabike.ba\/?p=9048"},"modified":"2025-06-25T03:17:14","modified_gmt":"2025-06-25T01:17:14","slug":"drugi-po-redu-blidinje-bike-festival-uspjesno-realiziran","status":"publish","type":"post","link":"https:\/\/www.herzegovinabike.ba\/en\/drugi-po-redu-blidinje-bike-festival-uspjesno-realiziran\/","title":{"rendered":"Drugi po redu Blidinje BIKE Festival uspje\u0161no realiziran"},"content":{"rendered":"<p>Iza nas je jo\u0161 jedan prelijep vikend u Parku prirode Bidinje koji je privukao mno\u0161tvo zaljubljenika u outdoor sportove, ali i cijele obitelji koje su u\u017eivale u doga\u0111aju Blidinje BIKE Festival.<\/p>\n\n\n\n<p>Ve\u0107 drugu godinu za redom Blidinje BIKE Festival odu\u0161evljava svoje sudionike, pa i ne \u010dudi \u0161to i ove godine doga\u0111aj zaprima sve pohvale na dru\u0161tvenim mre\u017eama i medijima koji su pratili doga\u0111aj. Ina\u010de ovaj trodnevni doga\u0111aj zapo\u0161eo je ve\u0107 u petak sa edukacijom najmla\u0111ih \u010dlanova kluba i prezentacijom doga\u0111aja, subota je rezervirana za rekreativnu vo\u017enju &#8220;Stazom &#8216;Ajduka&#8221; po nekim od najljep\u0161ih predjela Blidinja, dok je nedjelja bila u znaku profesionalne utrke \u201cXCM Herzegovina 2020\u201d.<\/p>\n\n\n\n<p>&#8220;<em>Jo\u0161 jednom smo zakucali! Jo\u0161 jedan savr\u0161eno organiziran doga\u0111aj je iza nas i iskren da budem jo\u0161 uvijek sam u nevjerici da smo uspijeli. Cijela ova situacija uveliko je odnemogla i bili smo na rubu \u017eivaca, no danas jednostavno smo sretni \u0161to nismo odustali i \u0161to smo bili u mogu\u0107nosti da jo\u0161 jednom prika\u017eemo na\u0161u zemlju kao po\u017eeljnu cikloturisti\u010dku destinaciju. Zaprimamo pohvale svih sudionika koji nam \u0161alju poruke ili jednostavno objavljuju fotografije na svojim dru\u0161tvenim mre\u017eama i ne \u0161tede na rije\u010dima hvale po pitanju organizacije. Doista, sretno smo zbog toga i jo\u0161 jednom zahvaljujemo se svima koju su prisustvom uveli\u010dali ovaj doga\u0111aj, kao i naravno svim na\u0161im sponzorima i prijateljima koji su ovo i omogu\u0107ili<\/em>&#8220;, izjavio je Toni Zori\u0107.<\/p>\n\n\n\n<p>&#8220;<em>Naravno, svjesni situacije u kojoj se nalazimo po\u0161tivali smo sve naredbe i preporuke Federalnog sto\u017eera civilne za\u0161tite, kao i mjere Biciklisti\u010dkog Saveza BiH kako bi smo za\u0161titili i o\u010duvali zdravlje svih sudionika, pa i organizatora i sudija na doga\u0111aju. Ispred Saveza smo imali nadle\u017ena tijela koja su pratila provo\u0111enje ovih mjera i dobili smo pozitivne ocjene i po ovom pitanju<\/em>\", Zori\u0107 added.<\/p>\n\n\n\n<p>Subota ni ove godine nije iznenadila, upravo kao i lani nad planinu su se navukli oblaci i ki\u0161a je ubrzo po\u010dela da pada sve do popodnevnih sati kada je krenula prezentacija i kada su po\u010dele neke od najljep\u0161ih pri\u010da legendarnog Stipe Bo\u017ei\u0107a. No, bez obzira na oblake dan je doista krenuo u vrhunskom raspolo\u017eenju svih 60 sudionika biciklijade \u201cStazom \u2018Ajduka\u201d, koji su u\u017eivali &nbsp;u zapanjuju\u0107im krajolicima koje nudi Blidinje, a koje opet najbolje poznaje i rije\u010dima predstavlja vodi\u010d biciklijade <strong>Ante Bagari\u0107 &#8211; MTB Blidinje<\/strong>.<\/p>\n\n\n\n<p>&#8220;<em>Pa moramo priznati da nas ki\u0161a nije iznenadila i nije pokvarila raspolo\u017eenje, kako nama tako ni sudionicima. Imali smo tu 60 gostiju koju su do\u0161li provesti ugodan vikend na Blidinju, prihvatili su vrijeme kakvo jeste, ljetna ki\u0161a je tu, navukli su jakne, nabacili osmjeh i krenuli na vo\u017enju. Grupa je odvozila cijeli krug oko Vran planine, da bi se u popodnevnim satima vratili do restorana Staza, gdje ih je \u010dekala radionica &#8220;Kako do Vrha&#8221; koju je odr\u017eao legendarni alpinist i putopisac Stipe Bo\u017ei\u0107<\/em>\", Zori\u0107 added.<\/p>\n\n\n\n<p>Bitno je napomenuti kako se ova radionica organizirala u okviru projekta &#8220;Biciklisti\u010dke rute za unapre\u0111enje prirodne i kulturne ba\u0161tine Hercegovine i Crne Gore \u2013 Cycling Rural&#8221;.<\/p>\n\n\n\n<p>Nedelja je bila u znaku profesionalne utrke \u201cXCM Herzegovina 2020\u201d koja je privukla sporta\u0161e i profesionalne bicikliste iz 5 zemalja kako bi oku\u0161ali snagu na stazama Blidinja. U ponudi su bile dvije staze: 52 km s 1.000 mnv i 85 km sa 1.700 mnv koja je rezervirana za Elitne voza\u010de i sve one koji se tako osje\u0107aju.<\/p>\n\n\n\n<p>Najbr\u017ei na maloj stazi bio je <strong>Dejan Gavri\u0107<\/strong>&nbsp;(BK Summit) koji je test dug 52 km savladao za 2:18:16. U kategoriji Elite \u017dene najbr\u017ea je bila&nbsp;<strong>Lejla Tanovi\u0107<\/strong>&nbsp;(BBK Puls Sarajevo) koja je svoju utrku zavr\u0161ila u vremenu 2:18:49 dok je u iznimno zahtjevnoj utrci koja je bila namijenjena za profesionalne Elite voza\u010de kao najbr\u017ei pokazao se&nbsp;<strong>Vedad Kari\u0107<\/strong>&nbsp;(BK Rotacija Spin) koji je 85 km i 1700 mnv pre\u0161ao za 3:37:06&nbsp; s prosje\u010dnom brzinom od 22.1 km\/h, te je tako zauzeo izvojevao pobjedu u ukupnom poretku. Slijede ga&nbsp;<strong>Marko Fr\u017eop<\/strong>&nbsp;(BK Top Sport) na drugom mjestu sa vremenom 3:43:10&nbsp;i&nbsp;<strong>Goran Cerovi\u0107<\/strong> (Pljevlja XC Team) na tre\u0107em mjestu sa vremenom 3:50:46.<\/p>\n\n\n\n<p>&#8220;<em>Napravili smo nemogu\u0107e i ovim putem se \u017eelim zahvaliti ekipi koja stoji iza ovog projekta i sve ovo bi bilo nemogu\u0107e bez svih tih divnih 40 ljudi koji su neumorno radili i davali sebe kako bi poslali jo\u0161 jednu prelijepu razglednicu svoje zemlje. \u010cak su mnogi od sudionika doga\u0111aja komentirali kako ne mogu vjerovati da netko u ovako te\u0161kim vremenima mo\u017ee napraviti ovako dobru i uspje\u0161nu organizaciju doga\u0111aja i sretni smo zbog toga. Doista smo sretni<\/em>.&#8221;, kazao je Zori\u0107.<\/p>\n\n\n\n<p>Park prirode Blidinje je doista jedna fascinantna lokacija i koja ima toliko za ponuditi, te pravo mjesto za odmor. U posljednje vrijeme postaje i pravom mekom za sve ljubitelje outdoor sportova \u010demu je i dokaz vrhunski organiziran Blidinje BIKE Festival doga\u0111aj. Nadamo se da \u0107e ovaj doga\u0111aj izrasti u jednu manifestaciju koja \u0107e se godinama ispred nas odr\u017eavati na Blidinju.<\/p>\n\n\n\n<p>Kompletne rezultate mo\u017eete pogledati na stranicama&nbsp;<a href=\"https:\/\/www.stoperica.live\/races\/157?\"><strong>\u0160TOPERICA.LIVE<\/strong><\/a><\/p>\n\n\n\n<p>Ovom prilikom organizatori se \u017eele zahvaliti svim spozorima i prijateljima, svima onima koji omogu\u0107uju i podr\u017eavaju ovaj zdravi na\u010din \u017eivota, te otvaraju vrata Bosne i Hercegovine prema svijetu.<\/p>\n\n\n\n<p><strong>Pokrovitelji doga\u0111aja<\/strong>: Vlada \u017dupanije Zapadnohercegova\u010dke i Sportski Savez Grada Mostara<\/p>\n\n\n\n<p><strong>ZLATNI SPONZOR<\/strong>&nbsp;\u2013&nbsp;<a href=\"https:\/\/www.hteronet.ba\/privatni-korisnici\/\" target=\"_blank\" rel=\"noreferrer noopener\">HT Eronet<\/a><br><strong>SILVER SPONSOR<\/strong>&nbsp;&#8211;&nbsp;<a href=\"https:\/\/www.facebook.com\/Giant-Bosna-i-Hercegovina-106604594362121\/?ref=br_rs\" target=\"_blank\" rel=\"noreferrer noopener\">Giant (Bosna i Hercegovina)<\/a><br><strong>BRONZE SPONSOR<\/strong>&nbsp;&#8211;&nbsp;<a href=\"https:\/\/www.rolla.app\/\" target=\"_blank\" rel=\"noreferrer noopener\">Rolla.App<\/a><\/p>\n\n\n\n<p><strong>Sponzori<\/strong>:<br>Nekretnine INN, Autoservis \u010cip, Voda Leda, HercegovinaVino, Pekare Mlinar, Bernina, RedBull, Adventure Blidinje, Visit Blidinje, Hajdu\u010dke Vrleti Blidinje, Restoran Staza Blidinje, MTB &#8211; Blidinje, GBT &#8211; Grafo Balkan Tisak, Andrea&amp;Giovanni, BOLT<\/p>\n\n\n\n<figure class=\"wp-block-embed aligncenter is-type-rich is-provider-upravlja-ki-sklop-ugradbenog-koda wp-block-embed-upravlja-ki-sklop-ugradbenog-koda wp-embed-aspect-16-9 wp-has-aspect-ratio\"><div class=\"wp-block-embed__wrapper\">\n<iframe loading=\"lazy\" title=\"Blidinje BIKE festival 2020\" width=\"1150\" height=\"647\" src=\"https:\/\/www.youtube.com\/embed\/00R5yubSbdU?feature=oembed\" frameborder=\"0\" allow=\"accelerometer; autoplay; clipboard-write; encrypted-media; gyroscope; picture-in-picture; web-share\" allowfullscreen><\/iframe>\n<\/div><\/figure>","protected":false},"excerpt":{"rendered":"<p>Iza nas je jo\u0161 jedan prelijep vikend u Parku prirode Bidinje koji je privukao mno\u0161tvo zaljubljenika u outdoor sportove, ali i cijele obitelji koje su u\u017eivale u doga\u0111aju Blidinje BIKE Festival. Ve\u0107 drugu godinu za redom Blidinje BIKE Festival odu\u0161evljava svoje sudionike, pa i ne \u010dudi \u0161to i ove godine doga\u0111aj zaprima sve pohvale na [&hellip;]<\/p>\n","protected":false},"author":2,"featured_media":9049,"comment_status":"closed","ping_status":"open","sticky":false,"template":"","format":"standard","meta":{"footnotes":""},"categories":[76],"tags":[],"class_list":["post-9048","post","type-post","status-publish","format-standard","has-post-thumbnail","hentry","category-novosti"],"yoast_head":"<!-- This site is optimized with the Yoast SEO Premium plugin v21.5 (Yoast SEO v27.4) - https:\/\/yoast.com\/product\/yoast-seo-premium-wordpress\/ -->\n<title>Drugi po redu Blidinje BIKE Festival uspje\u0161no realiziran - HerzegovinaBike<\/title>\n<meta name=\"description\" content=\"Iza nas je jo\u0161 jedan prelijep vikend u Parku prirode Bidinje koji je privukao mno\u0161tvo zaljubljenika u outdoor sportove, ali i cijele obitelji\" \/>\n<meta name=\"robots\" content=\"index, follow, max-snippet:-1, max-image-preview:large, max-video-preview:-1\" \/>\n<link rel=\"canonical\" href=\"https:\/\/www.herzegovinabike.ba\/en\/drugi-po-redu-blidinje-bike-festival-uspjesno-realiziran\/\" \/>\n<meta property=\"og:locale\" content=\"en_US\" \/>\n<meta property=\"og:type\" content=\"article\" \/>\n<meta property=\"og:title\" content=\"Drugi po redu Blidinje BIKE Festival uspje\u0161no realiziran\" \/>\n<meta property=\"og:description\" content=\"Iza nas je jo\u0161 jedan prelijep vikend u Parku prirode Bidinje koji je privukao mno\u0161tvo zaljubljenika u outdoor sportove, ali i cijele obitelji\" \/>\n<meta property=\"og:url\" content=\"https:\/\/www.herzegovinabike.ba\/en\/drugi-po-redu-blidinje-bike-festival-uspjesno-realiziran\/\" \/>\n<meta property=\"og:site_name\" content=\"HerzegovinaBike\" \/>\n<meta property=\"article:publisher\" content=\"https:\/\/www.facebook.com\/HerzegovinaBike\" \/>\n<meta property=\"article:author\" content=\"https:\/\/www.facebook.com\/HerzegovinaBike\/\" \/>\n<meta property=\"article:published_time\" content=\"2023-11-10T22:44:37+00:00\" \/>\n<meta property=\"article:modified_time\" content=\"2025-06-25T01:17:14+00:00\" \/>\n<meta property=\"og:image\" content=\"https:\/\/www.herzegovinabike.ba\/wp-content\/uploads\/2023\/11\/2e08acc038af54f4d387e4eea82480a7_XL.jpg\" \/>\n\t<meta property=\"og:image:width\" content=\"920\" \/>\n\t<meta property=\"og:image:height\" content=\"511\" \/>\n\t<meta property=\"og:image:type\" content=\"image\/jpeg\" \/>\n<meta name=\"author\" content=\"Herzegovina Bike\" \/>\n<meta name=\"twitter:card\" content=\"summary_large_image\" \/>\n<meta name=\"twitter:creator\" content=\"@https:\/\/twitter.com\/HerzegovinaBike\" \/>\n<meta name=\"twitter:label1\" content=\"Written by\" \/>\n\t<meta name=\"twitter:data1\" content=\"Herzegovina Bike\" \/>\n\t<meta name=\"twitter:label2\" content=\"Est. reading time\" \/>\n\t<meta name=\"twitter:data2\" content=\"5 minutes\" \/>\n<script type=\"application\/ld+json\" class=\"yoast-schema-graph\">{\"@context\":\"https:\\\/\\\/schema.org\",\"@graph\":[{\"@type\":\"Article\",\"@id\":\"https:\\\/\\\/www.herzegovinabike.ba\\\/drugi-po-redu-blidinje-bike-festival-uspjesno-realiziran\\\/#article\",\"isPartOf\":{\"@id\":\"https:\\\/\\\/www.herzegovinabike.ba\\\/drugi-po-redu-blidinje-bike-festival-uspjesno-realiziran\\\/\"},\"author\":{\"name\":\"Herzegovina Bike\",\"@id\":\"https:\\\/\\\/www.herzegovinabike.ba\\\/#\\\/schema\\\/person\\\/1161ca5c7a242dc0e69d24c0fb304ccb\"},\"headline\":\"Drugi po redu Blidinje BIKE Festival uspje\u0161no realiziran\",\"datePublished\":\"2023-11-10T22:44:37+00:00\",\"dateModified\":\"2025-06-25T01:17:14+00:00\",\"mainEntityOfPage\":{\"@id\":\"https:\\\/\\\/www.herzegovinabike.ba\\\/drugi-po-redu-blidinje-bike-festival-uspjesno-realiziran\\\/\"},\"wordCount\":992,\"publisher\":{\"@id\":\"https:\\\/\\\/www.herzegovinabike.ba\\\/#organization\"},\"image\":{\"@id\":\"https:\\\/\\\/www.herzegovinabike.ba\\\/drugi-po-redu-blidinje-bike-festival-uspjesno-realiziran\\\/#primaryimage\"},\"thumbnailUrl\":\"https:\\\/\\\/www.herzegovinabike.ba\\\/wp-content\\\/uploads\\\/2023\\\/11\\\/2e08acc038af54f4d387e4eea82480a7_XL.jpg\",\"articleSection\":[\"Novosti\"],\"inLanguage\":\"en-US\"},{\"@type\":\"WebPage\",\"@id\":\"https:\\\/\\\/www.herzegovinabike.ba\\\/drugi-po-redu-blidinje-bike-festival-uspjesno-realiziran\\\/\",\"url\":\"https:\\\/\\\/www.herzegovinabike.ba\\\/drugi-po-redu-blidinje-bike-festival-uspjesno-realiziran\\\/\",\"name\":\"Drugi po redu Blidinje BIKE Festival uspje\u0161no realiziran - HerzegovinaBike\",\"isPartOf\":{\"@id\":\"https:\\\/\\\/www.herzegovinabike.ba\\\/#website\"},\"primaryImageOfPage\":{\"@id\":\"https:\\\/\\\/www.herzegovinabike.ba\\\/drugi-po-redu-blidinje-bike-festival-uspjesno-realiziran\\\/#primaryimage\"},\"image\":{\"@id\":\"https:\\\/\\\/www.herzegovinabike.ba\\\/drugi-po-redu-blidinje-bike-festival-uspjesno-realiziran\\\/#primaryimage\"},\"thumbnailUrl\":\"https:\\\/\\\/www.herzegovinabike.ba\\\/wp-content\\\/uploads\\\/2023\\\/11\\\/2e08acc038af54f4d387e4eea82480a7_XL.jpg\",\"datePublished\":\"2023-11-10T22:44:37+00:00\",\"dateModified\":\"2025-06-25T01:17:14+00:00\",\"description\":\"Iza nas je jo\u0161 jedan prelijep vikend u Parku prirode Bidinje koji je privukao mno\u0161tvo zaljubljenika u outdoor sportove, ali i cijele obitelji\",\"breadcrumb\":{\"@id\":\"https:\\\/\\\/www.herzegovinabike.ba\\\/drugi-po-redu-blidinje-bike-festival-uspjesno-realiziran\\\/#breadcrumb\"},\"inLanguage\":\"en-US\",\"potentialAction\":[{\"@type\":\"ReadAction\",\"target\":[\"https:\\\/\\\/www.herzegovinabike.ba\\\/drugi-po-redu-blidinje-bike-festival-uspjesno-realiziran\\\/\"]}]},{\"@type\":\"ImageObject\",\"inLanguage\":\"en-US\",\"@id\":\"https:\\\/\\\/www.herzegovinabike.ba\\\/drugi-po-redu-blidinje-bike-festival-uspjesno-realiziran\\\/#primaryimage\",\"url\":\"https:\\\/\\\/www.herzegovinabike.ba\\\/wp-content\\\/uploads\\\/2023\\\/11\\\/2e08acc038af54f4d387e4eea82480a7_XL.jpg\",\"contentUrl\":\"https:\\\/\\\/www.herzegovinabike.ba\\\/wp-content\\\/uploads\\\/2023\\\/11\\\/2e08acc038af54f4d387e4eea82480a7_XL.jpg\",\"width\":920,\"height\":511},{\"@type\":\"BreadcrumbList\",\"@id\":\"https:\\\/\\\/www.herzegovinabike.ba\\\/drugi-po-redu-blidinje-bike-festival-uspjesno-realiziran\\\/#breadcrumb\",\"itemListElement\":[{\"@type\":\"ListItem\",\"position\":1,\"name\":\"Po\u010detna stranica\",\"item\":\"https:\\\/\\\/www.herzegovinabike.ba\\\/\"},{\"@type\":\"ListItem\",\"position\":2,\"name\":\"Drugi po redu Blidinje BIKE Festival uspje\u0161no realiziran\"}]},{\"@type\":\"WebSite\",\"@id\":\"https:\\\/\\\/www.herzegovinabike.ba\\\/#website\",\"url\":\"https:\\\/\\\/www.herzegovinabike.ba\\\/\",\"name\":\"HerzegovinaBike\",\"description\":\"Your place under the sun\",\"publisher\":{\"@id\":\"https:\\\/\\\/www.herzegovinabike.ba\\\/#organization\"},\"potentialAction\":[{\"@type\":\"SearchAction\",\"target\":{\"@type\":\"EntryPoint\",\"urlTemplate\":\"https:\\\/\\\/www.herzegovinabike.ba\\\/?s={search_term_string}\"},\"query-input\":{\"@type\":\"PropertyValueSpecification\",\"valueRequired\":true,\"valueName\":\"search_term_string\"}}],\"inLanguage\":\"en-US\"},{\"@type\":\"Organization\",\"@id\":\"https:\\\/\\\/www.herzegovinabike.ba\\\/#organization\",\"name\":\"Udruga HerzegovinaBike\",\"url\":\"https:\\\/\\\/www.herzegovinabike.ba\\\/\",\"logo\":{\"@type\":\"ImageObject\",\"inLanguage\":\"en-US\",\"@id\":\"https:\\\/\\\/www.herzegovinabike.ba\\\/#\\\/schema\\\/logo\\\/image\\\/\",\"url\":\"https:\\\/\\\/www.bike.herzegovinabike.ba\\\/wp-content\\\/uploads\\\/2023\\\/11\\\/herzegovina_bike_logo_horizontal.png\",\"contentUrl\":\"https:\\\/\\\/www.bike.herzegovinabike.ba\\\/wp-content\\\/uploads\\\/2023\\\/11\\\/herzegovina_bike_logo_horizontal.png\",\"width\":1757,\"height\":1061,\"caption\":\"Udruga HerzegovinaBike\"},\"image\":{\"@id\":\"https:\\\/\\\/www.herzegovinabike.ba\\\/#\\\/schema\\\/logo\\\/image\\\/\"},\"sameAs\":[\"https:\\\/\\\/www.facebook.com\\\/HerzegovinaBike\",\"https:\\\/\\\/www.instagram.com\\\/herzegovinabike\\\/\"]},{\"@type\":\"Person\",\"@id\":\"https:\\\/\\\/www.herzegovinabike.ba\\\/#\\\/schema\\\/person\\\/1161ca5c7a242dc0e69d24c0fb304ccb\",\"name\":\"Herzegovina Bike\",\"image\":{\"@type\":\"ImageObject\",\"inLanguage\":\"en-US\",\"@id\":\"https:\\\/\\\/secure.gravatar.com\\\/avatar\\\/236a03b53b73db89b68d17aa2f415bb2a2d3b326d0632f3a602c6c9cacba1ff0?s=96&d=mm&r=g\",\"url\":\"https:\\\/\\\/secure.gravatar.com\\\/avatar\\\/236a03b53b73db89b68d17aa2f415bb2a2d3b326d0632f3a602c6c9cacba1ff0?s=96&d=mm&r=g\",\"contentUrl\":\"https:\\\/\\\/secure.gravatar.com\\\/avatar\\\/236a03b53b73db89b68d17aa2f415bb2a2d3b326d0632f3a602c6c9cacba1ff0?s=96&d=mm&r=g\",\"caption\":\"Herzegovina Bike\"},\"description\":\"Udruga \u201cHerzegovinaBike\u201d je pokreta\u010d (i sredi\u0161te) razvoja biciklizma kao cikloturizma, rekreacije i sporta u Hercegovini. CILJ: Hercegovina kao vrhunska cikloturisti\u010dka destinacija. \u2705\",\"sameAs\":[\"https:\\\/\\\/www.herzegovinabike.ba\\\/\",\"https:\\\/\\\/www.facebook.com\\\/HerzegovinaBike\\\/\",\"https:\\\/\\\/www.instagram.com\\\/herzegovinabike\\\/\",\"https:\\\/\\\/www.linkedin.com\\\/in\\\/herzegovina-bike-ba605a29b\\\/\",\"https:\\\/\\\/x.com\\\/https:\\\/\\\/twitter.com\\\/HerzegovinaBike\",\"https:\\\/\\\/www.youtube.com\\\/channel\\\/UCOFGFUHmcGVzVHD9WgOGTrA\"],\"url\":\"https:\\\/\\\/www.herzegovinabike.ba\\\/en\\\/author\\\/toni\\\/\"}]}<\/script>\n<!-- \/ Yoast SEO Premium plugin. -->","yoast_head_json":{"title":"Drugi po redu Blidinje BIKE Festival uspje\u0161no realiziran - HerzegovinaBike","description":"Iza nas je jo\u0161 jedan prelijep vikend u Parku prirode Bidinje koji je privukao mno\u0161tvo zaljubljenika u outdoor sportove, ali i cijele obitelji","robots":{"index":"index","follow":"follow","max-snippet":"max-snippet:-1","max-image-preview":"max-image-preview:large","max-video-preview":"max-video-preview:-1"},"canonical":"https:\/\/www.herzegovinabike.ba\/en\/drugi-po-redu-blidinje-bike-festival-uspjesno-realiziran\/","og_locale":"en_US","og_type":"article","og_title":"Drugi po redu Blidinje BIKE Festival uspje\u0161no realiziran","og_description":"Iza nas je jo\u0161 jedan prelijep vikend u Parku prirode Bidinje koji je privukao mno\u0161tvo zaljubljenika u outdoor sportove, ali i cijele obitelji","og_url":"https:\/\/www.herzegovinabike.ba\/en\/drugi-po-redu-blidinje-bike-festival-uspjesno-realiziran\/","og_site_name":"HerzegovinaBike","article_publisher":"https:\/\/www.facebook.com\/HerzegovinaBike","article_author":"https:\/\/www.facebook.com\/HerzegovinaBike\/","article_published_time":"2023-11-10T22:44:37+00:00","article_modified_time":"2025-06-25T01:17:14+00:00","og_image":[{"width":920,"height":511,"url":"https:\/\/www.herzegovinabike.ba\/wp-content\/uploads\/2023\/11\/2e08acc038af54f4d387e4eea82480a7_XL.jpg","type":"image\/jpeg"}],"author":"Herzegovina Bike","twitter_card":"summary_large_image","twitter_creator":"@https:\/\/twitter.com\/HerzegovinaBike","twitter_misc":{"Written by":"Herzegovina Bike","Est. reading time":"5 minutes"},"schema":{"@context":"https:\/\/schema.org","@graph":[{"@type":"Article","@id":"https:\/\/www.herzegovinabike.ba\/drugi-po-redu-blidinje-bike-festival-uspjesno-realiziran\/#article","isPartOf":{"@id":"https:\/\/www.herzegovinabike.ba\/drugi-po-redu-blidinje-bike-festival-uspjesno-realiziran\/"},"author":{"name":"Herzegovina Bike","@id":"https:\/\/www.herzegovinabike.ba\/#\/schema\/person\/1161ca5c7a242dc0e69d24c0fb304ccb"},"headline":"Drugi po redu Blidinje BIKE Festival uspje\u0161no realiziran","datePublished":"2023-11-10T22:44:37+00:00","dateModified":"2025-06-25T01:17:14+00:00","mainEntityOfPage":{"@id":"https:\/\/www.herzegovinabike.ba\/drugi-po-redu-blidinje-bike-festival-uspjesno-realiziran\/"},"wordCount":992,"publisher":{"@id":"https:\/\/www.herzegovinabike.ba\/#organization"},"image":{"@id":"https:\/\/www.herzegovinabike.ba\/drugi-po-redu-blidinje-bike-festival-uspjesno-realiziran\/#primaryimage"},"thumbnailUrl":"https:\/\/www.herzegovinabike.ba\/wp-content\/uploads\/2023\/11\/2e08acc038af54f4d387e4eea82480a7_XL.jpg","articleSection":["Novosti"],"inLanguage":"en-US"},{"@type":"WebPage","@id":"https:\/\/www.herzegovinabike.ba\/drugi-po-redu-blidinje-bike-festival-uspjesno-realiziran\/","url":"https:\/\/www.herzegovinabike.ba\/drugi-po-redu-blidinje-bike-festival-uspjesno-realiziran\/","name":"Drugi po redu Blidinje BIKE Festival uspje\u0161no realiziran - HerzegovinaBike","isPartOf":{"@id":"https:\/\/www.herzegovinabike.ba\/#website"},"primaryImageOfPage":{"@id":"https:\/\/www.herzegovinabike.ba\/drugi-po-redu-blidinje-bike-festival-uspjesno-realiziran\/#primaryimage"},"image":{"@id":"https:\/\/www.herzegovinabike.ba\/drugi-po-redu-blidinje-bike-festival-uspjesno-realiziran\/#primaryimage"},"thumbnailUrl":"https:\/\/www.herzegovinabike.ba\/wp-content\/uploads\/2023\/11\/2e08acc038af54f4d387e4eea82480a7_XL.jpg","datePublished":"2023-11-10T22:44:37+00:00","dateModified":"2025-06-25T01:17:14+00:00","description":"Iza nas je jo\u0161 jedan prelijep vikend u Parku prirode Bidinje koji je privukao mno\u0161tvo zaljubljenika u outdoor sportove, ali i cijele obitelji","breadcrumb":{"@id":"https:\/\/www.herzegovinabike.ba\/drugi-po-redu-blidinje-bike-festival-uspjesno-realiziran\/#breadcrumb"},"inLanguage":"en-US","potentialAction":[{"@type":"ReadAction","target":["https:\/\/www.herzegovinabike.ba\/drugi-po-redu-blidinje-bike-festival-uspjesno-realiziran\/"]}]},{"@type":"ImageObject","inLanguage":"en-US","@id":"https:\/\/www.herzegovinabike.ba\/drugi-po-redu-blidinje-bike-festival-uspjesno-realiziran\/#primaryimage","url":"https:\/\/www.herzegovinabike.ba\/wp-content\/uploads\/2023\/11\/2e08acc038af54f4d387e4eea82480a7_XL.jpg","contentUrl":"https:\/\/www.herzegovinabike.ba\/wp-content\/uploads\/2023\/11\/2e08acc038af54f4d387e4eea82480a7_XL.jpg","width":920,"height":511},{"@type":"BreadcrumbList","@id":"https:\/\/www.herzegovinabike.ba\/drugi-po-redu-blidinje-bike-festival-uspjesno-realiziran\/#breadcrumb","itemListElement":[{"@type":"ListItem","position":1,"name":"Po\u010detna stranica","item":"https:\/\/www.herzegovinabike.ba\/"},{"@type":"ListItem","position":2,"name":"Drugi po redu Blidinje BIKE Festival uspje\u0161no realiziran"}]},{"@type":"WebSite","@id":"https:\/\/www.herzegovinabike.ba\/#website","url":"https:\/\/www.herzegovinabike.ba\/","name":"HerzegovinaBike","description":"Your place under the sun","publisher":{"@id":"https:\/\/www.herzegovinabike.ba\/#organization"},"potentialAction":[{"@type":"SearchAction","target":{"@type":"EntryPoint","urlTemplate":"https:\/\/www.herzegovinabike.ba\/?s={search_term_string}"},"query-input":{"@type":"PropertyValueSpecification","valueRequired":true,"valueName":"search_term_string"}}],"inLanguage":"en-US"},{"@type":"Organization","@id":"https:\/\/www.herzegovinabike.ba\/#organization","name":"Association HerzegovinaBike","url":"https:\/\/www.herzegovinabike.ba\/","logo":{"@type":"ImageObject","inLanguage":"en-US","@id":"https:\/\/www.herzegovinabike.ba\/#\/schema\/logo\/image\/","url":"https:\/\/www.bike.herzegovinabike.ba\/wp-content\/uploads\/2023\/11\/herzegovina_bike_logo_horizontal.png","contentUrl":"https:\/\/www.bike.herzegovinabike.ba\/wp-content\/uploads\/2023\/11\/herzegovina_bike_logo_horizontal.png","width":1757,"height":1061,"caption":"Udruga HerzegovinaBike"},"image":{"@id":"https:\/\/www.herzegovinabike.ba\/#\/schema\/logo\/image\/"},"sameAs":["https:\/\/www.facebook.com\/HerzegovinaBike","https:\/\/www.instagram.com\/herzegovinabike\/"]},{"@type":"Person","@id":"https:\/\/www.herzegovinabike.ba\/#\/schema\/person\/1161ca5c7a242dc0e69d24c0fb304ccb","name":"Herzegovina Bike","image":{"@type":"ImageObject","inLanguage":"en-US","@id":"https:\/\/secure.gravatar.com\/avatar\/236a03b53b73db89b68d17aa2f415bb2a2d3b326d0632f3a602c6c9cacba1ff0?s=96&d=mm&r=g","url":"https:\/\/secure.gravatar.com\/avatar\/236a03b53b73db89b68d17aa2f415bb2a2d3b326d0632f3a602c6c9cacba1ff0?s=96&d=mm&r=g","contentUrl":"https:\/\/secure.gravatar.com\/avatar\/236a03b53b73db89b68d17aa2f415bb2a2d3b326d0632f3a602c6c9cacba1ff0?s=96&d=mm&r=g","caption":"Herzegovina Bike"},"description":"Udruga \u201cHerzegovinaBike\u201d je pokreta\u010d (i sredi\u0161te) razvoja biciklizma kao cikloturizma, rekreacije i sporta u Hercegovini. CILJ: Hercegovina kao vrhunska cikloturisti\u010dka destinacija. \u2705","sameAs":["https:\/\/www.herzegovinabike.ba\/","https:\/\/www.facebook.com\/HerzegovinaBike\/","https:\/\/www.instagram.com\/herzegovinabike\/","https:\/\/www.linkedin.com\/in\/herzegovina-bike-ba605a29b\/","https:\/\/x.com\/https:\/\/twitter.com\/HerzegovinaBike","https:\/\/www.youtube.com\/channel\/UCOFGFUHmcGVzVHD9WgOGTrA"],"url":"https:\/\/www.herzegovinabike.ba\/en\/author\/toni\/"}]}},"_links":{"self":[{"href":"https:\/\/www.herzegovinabike.ba\/en\/wp-json\/wp\/v2\/posts\/9048","targetHints":{"allow":["GET"]}}],"collection":[{"href":"https:\/\/www.herzegovinabike.ba\/en\/wp-json\/wp\/v2\/posts"}],"about":[{"href":"https:\/\/www.herzegovinabike.ba\/en\/wp-json\/wp\/v2\/types\/post"}],"author":[{"embeddable":true,"href":"https:\/\/www.herzegovinabike.ba\/en\/wp-json\/wp\/v2\/users\/2"}],"replies":[{"embeddable":true,"href":"https:\/\/www.herzegovinabike.ba\/en\/wp-json\/wp\/v2\/comments?post=9048"}],"version-history":[{"count":5,"href":"https:\/\/www.herzegovinabike.ba\/en\/wp-json\/wp\/v2\/posts\/9048\/revisions"}],"predecessor-version":[{"id":18521,"href":"https:\/\/www.herzegovinabike.ba\/en\/wp-json\/wp\/v2\/posts\/9048\/revisions\/18521"}],"wp:featuredmedia":[{"embeddable":true,"href":"https:\/\/www.herzegovinabike.ba\/en\/wp-json\/wp\/v2\/media\/9049"}],"wp:attachment":[{"href":"https:\/\/www.herzegovinabike.ba\/en\/wp-json\/wp\/v2\/media?parent=9048"}],"wp:term":[{"taxonomy":"category","embeddable":true,"href":"https:\/\/www.herzegovinabike.ba\/en\/wp-json\/wp\/v2\/categories?post=9048"},{"taxonomy":"post_tag","embeddable":true,"href":"https:\/\/www.herzegovinabike.ba\/en\/wp-json\/wp\/v2\/tags?post=9048"}],"curies":[{"name":"wp","href":"https:\/\/api.w.org\/{rel}","templated":true}]}}