{"id":9092,"date":"2023-11-11T00:22:22","date_gmt":"2023-11-10T23:22:22","guid":{"rendered":"https:\/\/www.bike.herzegovinabike.ba\/?p=9092"},"modified":"2025-06-25T03:17:12","modified_gmt":"2025-06-25T01:17:12","slug":"poziv-na-radionicu-razvoj-biciklistickog-turizma-u-zzh","status":"publish","type":"post","link":"https:\/\/www.herzegovinabike.ba\/en\/poziv-na-radionicu-razvoj-biciklistickog-turizma-u-zzh\/","title":{"rendered":"Poziv na radionicu &#8220;Razvoj biciklisti\u010dkog turizma u \u017dZH&#8221;"},"content":{"rendered":"<p>Ured Vlade \u017dZH za EU integracije objavio je poziv na radionicu &#8221;Razvoj biciklisti\u010dkog turizma u \u017dZH&#8221; povodom provedbe projekta &#8221;Biciklisti\u010dke rute za unapre\u0111enje prirodne i kulturne ba\u0161tine Hercegovine i Crne Gore \u2013 Cycling Rural&#8221;. Cilj ove radionice je upoznavanje lokalnog stanovni\u0161tva s trendovima u biciklisti\u010dkom turizmu kao i sa zahtjevima tr\u017ei\u0161ta i onoga \u010dega bi svaki pru\u017eatelj usluga trebao biti svjestan. Ove radionice \u0107e biti posebno usmjerene na Bike Friendly Standard.<\/p>\n\n\n\n<p>Radionice \u0107e se odr\u017eati za svaku jedinicu lokalne samouprave kako slijedi:<\/p>\n\n\n\n<ol class=\"wp-block-list\">\n<li><strong>\u0160iroki Brijeg &#8211; 14. sije\u010dnja 2021. godine u 09:00h, u Konferencijskoj dvorani Ureda Vlade \u017dupanije Zapadnohercegova\u010dke za europske integracije, Fra. Didaka Bunti\u0107a 14, \u0160iroki Brijeg;<\/strong><\/li>\n\n\n\n<li><strong>Posu\u0161je \u2013 14. sije\u010dnja 2021. godine u 12:00h u prostorijama Op\u0107inske vije\u0107nice, Fra. Grge Marti\u0107a 30, Posu\u0161je;<\/strong><\/li>\n\n\n\n<li><strong>Ljubu\u0161ki &#8211; 15. sije\u010dnja 2021. godine u 09:00h u prostorijama Gradske vije\u0107nice, Trg dr. Franje Tu\u0111mana 1, Ljubu\u0161ki;<\/strong><\/li>\n\n\n\n<li><strong>Grude &#8211; 15. sije\u010dnja 2021. godine u 12:00h u prostorijama Op\u0107inske vije\u0107nice, Fra. Gabre Grubi\u0161i\u0107a 4, Grude.<\/strong><\/li>\n<\/ol>\n\n\n\n<p>Projekt \u201eBiciklisti\u010dke rute za unapre\u0111enje prirodne i kulturne ba\u0161tine Hercegovine i Crne Gore \u2013 Cycling Rural\u201d&nbsp; provodi se u okviru 2. poziva Programa prekograni\u010dne suradnje Bosna i Hercegovina &#8211; Crna Gora 2014-2020. Zapo\u010deo je 1. listopada 2019. godine, a provedba \u0107e trajati 18 mjeseci. Ukupna vrijednost projekta iznosi 495.000,00 eura, od \u010dega Europska unija financira 400.000,00 eura.<\/p>\n\n\n\n<p>Partneri na projektu su Ured Vlade \u017dupanije Zapadnohercegova\u010dke za europske integracije kao nositelj projekta, gradovi &nbsp;\u0160iroki Brijeg i Ljubu\u0161ki, op\u0107ine Posu\u0161je i Grude, te Turisti\u010dka organizacija Herceg Novi (CG).<\/p>\n\n\n\n<p>Europska unija financira ovaj projekt&nbsp; s ciljem ja\u010danja i diversifikacije kvalitete turisti\u010dke ponude, te razvoja i promocije biciklisti\u010dke i turisti\u010dke ponude na otvorenom, u ruralnim podru\u010djima prekograni\u010dnih regija Crne Gore i Bosne i Hercegovine.&nbsp; Projekt \u0107e rezultirati stvaranjem nove i atraktivnije turisti\u010dke ponude pod brendom \u201eCYCLING RURAL&#8221; koja \u0107e biti uklju\u010dena u turisti\u010dku ponudu obje zemlje, kao i u ukupnu turisti\u010dku ponudu Jadranskog zale\u0111a.<\/p>\n\n\n\n<p>Kako bismo pravodobno pripremili sve organizacijske detalje molimo Vas da svoj dolazak potvrdite na e-mail adresu&nbsp;<a href=\"mailto:info@eui-zzh.ba\" target=\"_blank\" rel=\"noreferrer noopener\">info@eui-zzh.ba<\/a>&nbsp;ili na broj telefona 039\/703-100 do 13.01.2021. godine s naznakom o lokaciji radionice na kojoj \u0107ete sudjelovati.<\/p>\n\n\n\n<p><strong><em>Note:<\/em><\/strong><em>&nbsp;U kontekstu epidemiolo\u0161kih mjera za\u0161tite, skre\u0107emo pozornost sudionicima na po\u0161tivanje distance uz obavezno no\u0161enje za\u0161titnih maski.<\/em><\/p>\n\n\n\n<p>Za vi\u0161e informacija, molimo kontaktirajte:<\/p>\n\n\n\n<p>Ana Soldo, projektna koordinatorica<\/p>\n\n\n\n<p>T:&nbsp;+387 39 703 100<br>E:&nbsp;<a href=\"mailto:ana@eui-zzh.ba\" target=\"_blank\" rel=\"noreferrer noopener\">ana@eui-zzh.ba<\/a><\/p>","protected":false},"excerpt":{"rendered":"<p>Ured Vlade \u017dZH za EU integracije objavio je poziv na radionicu &#8221;Razvoj biciklisti\u010dkog turizma u \u017dZH&#8221; povodom provedbe projekta &#8221;Biciklisti\u010dke rute za unapre\u0111enje prirodne i kulturne ba\u0161tine Hercegovine i Crne Gore \u2013 Cycling Rural&#8221;. Cilj ove radionice je upoznavanje lokalnog stanovni\u0161tva s trendovima u biciklisti\u010dkom turizmu kao i sa zahtjevima tr\u017ei\u0161ta i onoga \u010dega bi [&hellip;]<\/p>\n","protected":false},"author":2,"featured_media":9093,"comment_status":"closed","ping_status":"open","sticky":false,"template":"","format":"standard","meta":{"footnotes":""},"categories":[76],"tags":[],"class_list":["post-9092","post","type-post","status-publish","format-standard","has-post-thumbnail","hentry","category-novosti"],"yoast_head":"<!-- This site is optimized with the Yoast SEO Premium plugin v21.5 (Yoast SEO v27.4) - https:\/\/yoast.com\/product\/yoast-seo-premium-wordpress\/ -->\n<title>Poziv na radionicu &quot;Razvoj biciklisti\u010dkog turizma u \u017dZH&quot; - HerzegovinaBike<\/title>\n<meta name=\"description\" content=\"Ured Vlade \u017dZH za EU integracije objavio je poziv na radionicu &#039;&#039;Razvoj biciklisti\u010dkog turizma u \u017dZH&#039;&#039; povodom provedbe projekta ...\" \/>\n<meta name=\"robots\" content=\"index, follow, max-snippet:-1, max-image-preview:large, max-video-preview:-1\" \/>\n<link rel=\"canonical\" href=\"https:\/\/www.herzegovinabike.ba\/en\/poziv-na-radionicu-razvoj-biciklistickog-turizma-u-zzh\/\" \/>\n<meta property=\"og:locale\" content=\"en_US\" \/>\n<meta property=\"og:type\" content=\"article\" \/>\n<meta property=\"og:title\" content=\"Poziv na radionicu &quot;Razvoj biciklisti\u010dkog turizma u \u017dZH&quot;\" \/>\n<meta property=\"og:description\" content=\"Ured Vlade \u017dZH za EU integracije objavio je poziv na radionicu &#039;&#039;Razvoj biciklisti\u010dkog turizma u \u017dZH&#039;&#039; povodom provedbe projekta ...\" \/>\n<meta property=\"og:url\" content=\"https:\/\/www.herzegovinabike.ba\/en\/poziv-na-radionicu-razvoj-biciklistickog-turizma-u-zzh\/\" \/>\n<meta property=\"og:site_name\" content=\"HerzegovinaBike\" \/>\n<meta property=\"article:publisher\" content=\"https:\/\/www.facebook.com\/HerzegovinaBike\" \/>\n<meta property=\"article:author\" content=\"https:\/\/www.facebook.com\/HerzegovinaBike\/\" \/>\n<meta property=\"article:published_time\" content=\"2023-11-10T23:22:22+00:00\" \/>\n<meta property=\"article:modified_time\" content=\"2025-06-25T01:17:12+00:00\" \/>\n<meta property=\"og:image\" content=\"https:\/\/www.herzegovinabike.ba\/wp-content\/uploads\/2023\/11\/sivra-featurebfs.jpg\" \/>\n\t<meta property=\"og:image:width\" content=\"1000\" \/>\n\t<meta property=\"og:image:height\" content=\"600\" \/>\n\t<meta property=\"og:image:type\" content=\"image\/jpeg\" \/>\n<meta name=\"author\" content=\"Herzegovina Bike\" \/>\n<meta name=\"twitter:card\" content=\"summary_large_image\" \/>\n<meta name=\"twitter:creator\" content=\"@https:\/\/twitter.com\/HerzegovinaBike\" \/>\n<meta name=\"twitter:label1\" content=\"Written by\" \/>\n\t<meta name=\"twitter:data1\" content=\"Herzegovina Bike\" \/>\n\t<meta name=\"twitter:label2\" content=\"Est. reading time\" \/>\n\t<meta name=\"twitter:data2\" content=\"3 minutes\" \/>\n<script type=\"application\/ld+json\" class=\"yoast-schema-graph\">{\"@context\":\"https:\\\/\\\/schema.org\",\"@graph\":[{\"@type\":\"Article\",\"@id\":\"https:\\\/\\\/www.herzegovinabike.ba\\\/poziv-na-radionicu-razvoj-biciklistickog-turizma-u-zzh\\\/#article\",\"isPartOf\":{\"@id\":\"https:\\\/\\\/www.herzegovinabike.ba\\\/poziv-na-radionicu-razvoj-biciklistickog-turizma-u-zzh\\\/\"},\"author\":{\"name\":\"Herzegovina Bike\",\"@id\":\"https:\\\/\\\/www.herzegovinabike.ba\\\/#\\\/schema\\\/person\\\/1161ca5c7a242dc0e69d24c0fb304ccb\"},\"headline\":\"Poziv na radionicu &#8220;Razvoj biciklisti\u010dkog turizma u \u017dZH&#8221;\",\"datePublished\":\"2023-11-10T23:22:22+00:00\",\"dateModified\":\"2025-06-25T01:17:12+00:00\",\"mainEntityOfPage\":{\"@id\":\"https:\\\/\\\/www.herzegovinabike.ba\\\/poziv-na-radionicu-razvoj-biciklistickog-turizma-u-zzh\\\/\"},\"wordCount\":429,\"publisher\":{\"@id\":\"https:\\\/\\\/www.herzegovinabike.ba\\\/#organization\"},\"image\":{\"@id\":\"https:\\\/\\\/www.herzegovinabike.ba\\\/poziv-na-radionicu-razvoj-biciklistickog-turizma-u-zzh\\\/#primaryimage\"},\"thumbnailUrl\":\"https:\\\/\\\/www.herzegovinabike.ba\\\/wp-content\\\/uploads\\\/2023\\\/11\\\/sivra-featurebfs.jpg\",\"articleSection\":[\"Novosti\"],\"inLanguage\":\"en-US\"},{\"@type\":\"WebPage\",\"@id\":\"https:\\\/\\\/www.herzegovinabike.ba\\\/poziv-na-radionicu-razvoj-biciklistickog-turizma-u-zzh\\\/\",\"url\":\"https:\\\/\\\/www.herzegovinabike.ba\\\/poziv-na-radionicu-razvoj-biciklistickog-turizma-u-zzh\\\/\",\"name\":\"Poziv na radionicu \\\"Razvoj biciklisti\u010dkog turizma u \u017dZH\\\" - HerzegovinaBike\",\"isPartOf\":{\"@id\":\"https:\\\/\\\/www.herzegovinabike.ba\\\/#website\"},\"primaryImageOfPage\":{\"@id\":\"https:\\\/\\\/www.herzegovinabike.ba\\\/poziv-na-radionicu-razvoj-biciklistickog-turizma-u-zzh\\\/#primaryimage\"},\"image\":{\"@id\":\"https:\\\/\\\/www.herzegovinabike.ba\\\/poziv-na-radionicu-razvoj-biciklistickog-turizma-u-zzh\\\/#primaryimage\"},\"thumbnailUrl\":\"https:\\\/\\\/www.herzegovinabike.ba\\\/wp-content\\\/uploads\\\/2023\\\/11\\\/sivra-featurebfs.jpg\",\"datePublished\":\"2023-11-10T23:22:22+00:00\",\"dateModified\":\"2025-06-25T01:17:12+00:00\",\"description\":\"Ured Vlade \u017dZH za EU integracije objavio je poziv na radionicu ''Razvoj biciklisti\u010dkog turizma u \u017dZH'' povodom provedbe projekta ...\",\"breadcrumb\":{\"@id\":\"https:\\\/\\\/www.herzegovinabike.ba\\\/poziv-na-radionicu-razvoj-biciklistickog-turizma-u-zzh\\\/#breadcrumb\"},\"inLanguage\":\"en-US\",\"potentialAction\":[{\"@type\":\"ReadAction\",\"target\":[\"https:\\\/\\\/www.herzegovinabike.ba\\\/poziv-na-radionicu-razvoj-biciklistickog-turizma-u-zzh\\\/\"]}]},{\"@type\":\"ImageObject\",\"inLanguage\":\"en-US\",\"@id\":\"https:\\\/\\\/www.herzegovinabike.ba\\\/poziv-na-radionicu-razvoj-biciklistickog-turizma-u-zzh\\\/#primaryimage\",\"url\":\"https:\\\/\\\/www.herzegovinabike.ba\\\/wp-content\\\/uploads\\\/2023\\\/11\\\/sivra-featurebfs.jpg\",\"contentUrl\":\"https:\\\/\\\/www.herzegovinabike.ba\\\/wp-content\\\/uploads\\\/2023\\\/11\\\/sivra-featurebfs.jpg\",\"width\":1000,\"height\":600},{\"@type\":\"BreadcrumbList\",\"@id\":\"https:\\\/\\\/www.herzegovinabike.ba\\\/poziv-na-radionicu-razvoj-biciklistickog-turizma-u-zzh\\\/#breadcrumb\",\"itemListElement\":[{\"@type\":\"ListItem\",\"position\":1,\"name\":\"Po\u010detna stranica\",\"item\":\"https:\\\/\\\/www.herzegovinabike.ba\\\/\"},{\"@type\":\"ListItem\",\"position\":2,\"name\":\"Poziv na radionicu &#8220;Razvoj biciklisti\u010dkog turizma u \u017dZH&#8221;\"}]},{\"@type\":\"WebSite\",\"@id\":\"https:\\\/\\\/www.herzegovinabike.ba\\\/#website\",\"url\":\"https:\\\/\\\/www.herzegovinabike.ba\\\/\",\"name\":\"HerzegovinaBike\",\"description\":\"Your place under the sun\",\"publisher\":{\"@id\":\"https:\\\/\\\/www.herzegovinabike.ba\\\/#organization\"},\"potentialAction\":[{\"@type\":\"SearchAction\",\"target\":{\"@type\":\"EntryPoint\",\"urlTemplate\":\"https:\\\/\\\/www.herzegovinabike.ba\\\/?s={search_term_string}\"},\"query-input\":{\"@type\":\"PropertyValueSpecification\",\"valueRequired\":true,\"valueName\":\"search_term_string\"}}],\"inLanguage\":\"en-US\"},{\"@type\":\"Organization\",\"@id\":\"https:\\\/\\\/www.herzegovinabike.ba\\\/#organization\",\"name\":\"Udruga HerzegovinaBike\",\"url\":\"https:\\\/\\\/www.herzegovinabike.ba\\\/\",\"logo\":{\"@type\":\"ImageObject\",\"inLanguage\":\"en-US\",\"@id\":\"https:\\\/\\\/www.herzegovinabike.ba\\\/#\\\/schema\\\/logo\\\/image\\\/\",\"url\":\"https:\\\/\\\/www.bike.herzegovinabike.ba\\\/wp-content\\\/uploads\\\/2023\\\/11\\\/herzegovina_bike_logo_horizontal.png\",\"contentUrl\":\"https:\\\/\\\/www.bike.herzegovinabike.ba\\\/wp-content\\\/uploads\\\/2023\\\/11\\\/herzegovina_bike_logo_horizontal.png\",\"width\":1757,\"height\":1061,\"caption\":\"Udruga HerzegovinaBike\"},\"image\":{\"@id\":\"https:\\\/\\\/www.herzegovinabike.ba\\\/#\\\/schema\\\/logo\\\/image\\\/\"},\"sameAs\":[\"https:\\\/\\\/www.facebook.com\\\/HerzegovinaBike\",\"https:\\\/\\\/www.instagram.com\\\/herzegovinabike\\\/\"]},{\"@type\":\"Person\",\"@id\":\"https:\\\/\\\/www.herzegovinabike.ba\\\/#\\\/schema\\\/person\\\/1161ca5c7a242dc0e69d24c0fb304ccb\",\"name\":\"Herzegovina Bike\",\"image\":{\"@type\":\"ImageObject\",\"inLanguage\":\"en-US\",\"@id\":\"https:\\\/\\\/secure.gravatar.com\\\/avatar\\\/236a03b53b73db89b68d17aa2f415bb2a2d3b326d0632f3a602c6c9cacba1ff0?s=96&d=mm&r=g\",\"url\":\"https:\\\/\\\/secure.gravatar.com\\\/avatar\\\/236a03b53b73db89b68d17aa2f415bb2a2d3b326d0632f3a602c6c9cacba1ff0?s=96&d=mm&r=g\",\"contentUrl\":\"https:\\\/\\\/secure.gravatar.com\\\/avatar\\\/236a03b53b73db89b68d17aa2f415bb2a2d3b326d0632f3a602c6c9cacba1ff0?s=96&d=mm&r=g\",\"caption\":\"Herzegovina Bike\"},\"description\":\"Udruga \u201cHerzegovinaBike\u201d je pokreta\u010d (i sredi\u0161te) razvoja biciklizma kao cikloturizma, rekreacije i sporta u Hercegovini. CILJ: Hercegovina kao vrhunska cikloturisti\u010dka destinacija. \u2705\",\"sameAs\":[\"https:\\\/\\\/www.herzegovinabike.ba\\\/\",\"https:\\\/\\\/www.facebook.com\\\/HerzegovinaBike\\\/\",\"https:\\\/\\\/www.instagram.com\\\/herzegovinabike\\\/\",\"https:\\\/\\\/www.linkedin.com\\\/in\\\/herzegovina-bike-ba605a29b\\\/\",\"https:\\\/\\\/x.com\\\/https:\\\/\\\/twitter.com\\\/HerzegovinaBike\",\"https:\\\/\\\/www.youtube.com\\\/channel\\\/UCOFGFUHmcGVzVHD9WgOGTrA\"],\"url\":\"https:\\\/\\\/www.herzegovinabike.ba\\\/en\\\/author\\\/toni\\\/\"}]}<\/script>\n<!-- \/ Yoast SEO Premium plugin. -->","yoast_head_json":{"title":"Poziv na radionicu \"Razvoj biciklisti\u010dkog turizma u \u017dZH\" - HerzegovinaBike","description":"Ured Vlade \u017dZH za EU integracije objavio je poziv na radionicu ''Razvoj biciklisti\u010dkog turizma u \u017dZH'' povodom provedbe projekta ...","robots":{"index":"index","follow":"follow","max-snippet":"max-snippet:-1","max-image-preview":"max-image-preview:large","max-video-preview":"max-video-preview:-1"},"canonical":"https:\/\/www.herzegovinabike.ba\/en\/poziv-na-radionicu-razvoj-biciklistickog-turizma-u-zzh\/","og_locale":"en_US","og_type":"article","og_title":"Poziv na radionicu \"Razvoj biciklisti\u010dkog turizma u \u017dZH\"","og_description":"Ured Vlade \u017dZH za EU integracije objavio je poziv na radionicu ''Razvoj biciklisti\u010dkog turizma u \u017dZH'' povodom provedbe projekta ...","og_url":"https:\/\/www.herzegovinabike.ba\/en\/poziv-na-radionicu-razvoj-biciklistickog-turizma-u-zzh\/","og_site_name":"HerzegovinaBike","article_publisher":"https:\/\/www.facebook.com\/HerzegovinaBike","article_author":"https:\/\/www.facebook.com\/HerzegovinaBike\/","article_published_time":"2023-11-10T23:22:22+00:00","article_modified_time":"2025-06-25T01:17:12+00:00","og_image":[{"width":1000,"height":600,"url":"https:\/\/www.herzegovinabike.ba\/wp-content\/uploads\/2023\/11\/sivra-featurebfs.jpg","type":"image\/jpeg"}],"author":"Herzegovina Bike","twitter_card":"summary_large_image","twitter_creator":"@https:\/\/twitter.com\/HerzegovinaBike","twitter_misc":{"Written by":"Herzegovina Bike","Est. reading time":"3 minutes"},"schema":{"@context":"https:\/\/schema.org","@graph":[{"@type":"Article","@id":"https:\/\/www.herzegovinabike.ba\/poziv-na-radionicu-razvoj-biciklistickog-turizma-u-zzh\/#article","isPartOf":{"@id":"https:\/\/www.herzegovinabike.ba\/poziv-na-radionicu-razvoj-biciklistickog-turizma-u-zzh\/"},"author":{"name":"Herzegovina Bike","@id":"https:\/\/www.herzegovinabike.ba\/#\/schema\/person\/1161ca5c7a242dc0e69d24c0fb304ccb"},"headline":"Poziv na radionicu &#8220;Razvoj biciklisti\u010dkog turizma u \u017dZH&#8221;","datePublished":"2023-11-10T23:22:22+00:00","dateModified":"2025-06-25T01:17:12+00:00","mainEntityOfPage":{"@id":"https:\/\/www.herzegovinabike.ba\/poziv-na-radionicu-razvoj-biciklistickog-turizma-u-zzh\/"},"wordCount":429,"publisher":{"@id":"https:\/\/www.herzegovinabike.ba\/#organization"},"image":{"@id":"https:\/\/www.herzegovinabike.ba\/poziv-na-radionicu-razvoj-biciklistickog-turizma-u-zzh\/#primaryimage"},"thumbnailUrl":"https:\/\/www.herzegovinabike.ba\/wp-content\/uploads\/2023\/11\/sivra-featurebfs.jpg","articleSection":["Novosti"],"inLanguage":"en-US"},{"@type":"WebPage","@id":"https:\/\/www.herzegovinabike.ba\/poziv-na-radionicu-razvoj-biciklistickog-turizma-u-zzh\/","url":"https:\/\/www.herzegovinabike.ba\/poziv-na-radionicu-razvoj-biciklistickog-turizma-u-zzh\/","name":"Poziv na radionicu \"Razvoj biciklisti\u010dkog turizma u \u017dZH\" - HerzegovinaBike","isPartOf":{"@id":"https:\/\/www.herzegovinabike.ba\/#website"},"primaryImageOfPage":{"@id":"https:\/\/www.herzegovinabike.ba\/poziv-na-radionicu-razvoj-biciklistickog-turizma-u-zzh\/#primaryimage"},"image":{"@id":"https:\/\/www.herzegovinabike.ba\/poziv-na-radionicu-razvoj-biciklistickog-turizma-u-zzh\/#primaryimage"},"thumbnailUrl":"https:\/\/www.herzegovinabike.ba\/wp-content\/uploads\/2023\/11\/sivra-featurebfs.jpg","datePublished":"2023-11-10T23:22:22+00:00","dateModified":"2025-06-25T01:17:12+00:00","description":"Ured Vlade \u017dZH za EU integracije objavio je poziv na radionicu ''Razvoj biciklisti\u010dkog turizma u \u017dZH'' povodom provedbe projekta ...","breadcrumb":{"@id":"https:\/\/www.herzegovinabike.ba\/poziv-na-radionicu-razvoj-biciklistickog-turizma-u-zzh\/#breadcrumb"},"inLanguage":"en-US","potentialAction":[{"@type":"ReadAction","target":["https:\/\/www.herzegovinabike.ba\/poziv-na-radionicu-razvoj-biciklistickog-turizma-u-zzh\/"]}]},{"@type":"ImageObject","inLanguage":"en-US","@id":"https:\/\/www.herzegovinabike.ba\/poziv-na-radionicu-razvoj-biciklistickog-turizma-u-zzh\/#primaryimage","url":"https:\/\/www.herzegovinabike.ba\/wp-content\/uploads\/2023\/11\/sivra-featurebfs.jpg","contentUrl":"https:\/\/www.herzegovinabike.ba\/wp-content\/uploads\/2023\/11\/sivra-featurebfs.jpg","width":1000,"height":600},{"@type":"BreadcrumbList","@id":"https:\/\/www.herzegovinabike.ba\/poziv-na-radionicu-razvoj-biciklistickog-turizma-u-zzh\/#breadcrumb","itemListElement":[{"@type":"ListItem","position":1,"name":"Po\u010detna stranica","item":"https:\/\/www.herzegovinabike.ba\/"},{"@type":"ListItem","position":2,"name":"Poziv na radionicu &#8220;Razvoj biciklisti\u010dkog turizma u \u017dZH&#8221;"}]},{"@type":"WebSite","@id":"https:\/\/www.herzegovinabike.ba\/#website","url":"https:\/\/www.herzegovinabike.ba\/","name":"HerzegovinaBike","description":"Your place under the sun","publisher":{"@id":"https:\/\/www.herzegovinabike.ba\/#organization"},"potentialAction":[{"@type":"SearchAction","target":{"@type":"EntryPoint","urlTemplate":"https:\/\/www.herzegovinabike.ba\/?s={search_term_string}"},"query-input":{"@type":"PropertyValueSpecification","valueRequired":true,"valueName":"search_term_string"}}],"inLanguage":"en-US"},{"@type":"Organization","@id":"https:\/\/www.herzegovinabike.ba\/#organization","name":"Association HerzegovinaBike","url":"https:\/\/www.herzegovinabike.ba\/","logo":{"@type":"ImageObject","inLanguage":"en-US","@id":"https:\/\/www.herzegovinabike.ba\/#\/schema\/logo\/image\/","url":"https:\/\/www.bike.herzegovinabike.ba\/wp-content\/uploads\/2023\/11\/herzegovina_bike_logo_horizontal.png","contentUrl":"https:\/\/www.bike.herzegovinabike.ba\/wp-content\/uploads\/2023\/11\/herzegovina_bike_logo_horizontal.png","width":1757,"height":1061,"caption":"Udruga HerzegovinaBike"},"image":{"@id":"https:\/\/www.herzegovinabike.ba\/#\/schema\/logo\/image\/"},"sameAs":["https:\/\/www.facebook.com\/HerzegovinaBike","https:\/\/www.instagram.com\/herzegovinabike\/"]},{"@type":"Person","@id":"https:\/\/www.herzegovinabike.ba\/#\/schema\/person\/1161ca5c7a242dc0e69d24c0fb304ccb","name":"Herzegovina Bike","image":{"@type":"ImageObject","inLanguage":"en-US","@id":"https:\/\/secure.gravatar.com\/avatar\/236a03b53b73db89b68d17aa2f415bb2a2d3b326d0632f3a602c6c9cacba1ff0?s=96&d=mm&r=g","url":"https:\/\/secure.gravatar.com\/avatar\/236a03b53b73db89b68d17aa2f415bb2a2d3b326d0632f3a602c6c9cacba1ff0?s=96&d=mm&r=g","contentUrl":"https:\/\/secure.gravatar.com\/avatar\/236a03b53b73db89b68d17aa2f415bb2a2d3b326d0632f3a602c6c9cacba1ff0?s=96&d=mm&r=g","caption":"Herzegovina Bike"},"description":"Udruga \u201cHerzegovinaBike\u201d je pokreta\u010d (i sredi\u0161te) razvoja biciklizma kao cikloturizma, rekreacije i sporta u Hercegovini. CILJ: Hercegovina kao vrhunska cikloturisti\u010dka destinacija. \u2705","sameAs":["https:\/\/www.herzegovinabike.ba\/","https:\/\/www.facebook.com\/HerzegovinaBike\/","https:\/\/www.instagram.com\/herzegovinabike\/","https:\/\/www.linkedin.com\/in\/herzegovina-bike-ba605a29b\/","https:\/\/x.com\/https:\/\/twitter.com\/HerzegovinaBike","https:\/\/www.youtube.com\/channel\/UCOFGFUHmcGVzVHD9WgOGTrA"],"url":"https:\/\/www.herzegovinabike.ba\/en\/author\/toni\/"}]}},"_links":{"self":[{"href":"https:\/\/www.herzegovinabike.ba\/en\/wp-json\/wp\/v2\/posts\/9092","targetHints":{"allow":["GET"]}}],"collection":[{"href":"https:\/\/www.herzegovinabike.ba\/en\/wp-json\/wp\/v2\/posts"}],"about":[{"href":"https:\/\/www.herzegovinabike.ba\/en\/wp-json\/wp\/v2\/types\/post"}],"author":[{"embeddable":true,"href":"https:\/\/www.herzegovinabike.ba\/en\/wp-json\/wp\/v2\/users\/2"}],"replies":[{"embeddable":true,"href":"https:\/\/www.herzegovinabike.ba\/en\/wp-json\/wp\/v2\/comments?post=9092"}],"version-history":[{"count":5,"href":"https:\/\/www.herzegovinabike.ba\/en\/wp-json\/wp\/v2\/posts\/9092\/revisions"}],"predecessor-version":[{"id":18512,"href":"https:\/\/www.herzegovinabike.ba\/en\/wp-json\/wp\/v2\/posts\/9092\/revisions\/18512"}],"wp:featuredmedia":[{"embeddable":true,"href":"https:\/\/www.herzegovinabike.ba\/en\/wp-json\/wp\/v2\/media\/9093"}],"wp:attachment":[{"href":"https:\/\/www.herzegovinabike.ba\/en\/wp-json\/wp\/v2\/media?parent=9092"}],"wp:term":[{"taxonomy":"category","embeddable":true,"href":"https:\/\/www.herzegovinabike.ba\/en\/wp-json\/wp\/v2\/categories?post=9092"},{"taxonomy":"post_tag","embeddable":true,"href":"https:\/\/www.herzegovinabike.ba\/en\/wp-json\/wp\/v2\/tags?post=9092"}],"curies":[{"name":"wp","href":"https:\/\/api.w.org\/{rel}","templated":true}]}}