{"id":9096,"date":"2023-11-11T00:24:39","date_gmt":"2023-11-10T23:24:39","guid":{"rendered":"https:\/\/www.bike.herzegovinabike.ba\/?p=9096"},"modified":"2025-06-25T03:17:11","modified_gmt":"2025-06-25T01:17:11","slug":"najava-foruma-adriatic-outdoor-adventure","status":"publish","type":"post","link":"https:\/\/www.herzegovinabike.ba\/en\/najava-foruma-adriatic-outdoor-adventure\/","title":{"rendered":"Najava foruma: \u201cAdriatic outdoor adventure\u201d"},"content":{"rendered":"<p>U okviru projekta &#8220;Biciklisti\u010dke rute za unapre\u0111enje prirodne i kulturne ba\u0161tine Hercegovine i Crne Gore \u2013 Cycling Rural&#8221;, financiranog od strane Europske unije, <strong>u petak 12.03.2021. od 14 do 17 sati u hotelu Bigeste<\/strong> u Ljubu\u0161kom, biti \u0107e organiziran forum aktivnog turizma pod nazivom <strong>&#8220;Adriatic Outdoor Adventure&#8221;<\/strong>. Cilj ovog foruma je upoznati turisti\u010dki sektor s inicijativama koje su za\u017eivjele na na\u0161im prostorima te istaknuti i prenijeti uspje\u0161ne pri\u010de iz oblasti razvoja aktivnog turizma u jadranskom zale\u0111u. Forum \u0107e okupiti me\u0111unarodne stru\u010dnjake iz oblasti aktivnog turizma, a zainteresirani \u0107e program pratiti putem Zoom aplikacije. Organizator je Ured Vlade \u017dupanije Zapadnohercegova\u010dke za europske integracije.<\/p>\n\n\n\n<p>Forum \u0107e otvoriti predstavljanje projekta &#8220;Cycling Rural&#8221;, polaznici \u0107e imati prigodu upoznati se s najuspje\u0161nijim inicijativama pokrenutim kroz projekte Europske unije: &#8220;Tourism, Adrenaline and Rafting Adventure &#8211; T.A.R.A.&#8221; i &#8220;Adriatic Canyoning&#8221;. Predstavit \u0107e se i aktualni projekti iz oblasti turizma: &#8220;EU4Business&#8221;, &#8220;Tourism Development Promotion&#8221; i &#8220;Via Dinarica&#8221;.<\/p>\n\n\n\n<p>Drugi dio programa zaokru\u017euje panel s me\u0111unarodnim govornicima koji \u0107e razgovarati o iskustvima i podijeliti uspje\u0161ne pri\u010de kroz koje su pro\u0161li na putu razvoja aktivnog turizma \u0161irom Europe. Na panelu \u0107e sudjelovati <strong>Ed Lancaster<\/strong> iz European Cyclist Federation (Belgija); <strong>Jack Delf<\/strong> iz agencije Black Mountain Montenegro (Crna Gora); <strong>Iva Bencun<\/strong> iz agencije Feral Tours (Hrvatska), moderator panela \u0107e biti <strong>Nedo Pinezi\u0107<\/strong>, turisti\u010dki savjetnik iz Hrvatske.<\/p>\n\n\n\n<p>\u017dupanija Zapadnohercegova\u010dka kroz Plan razvoja turizma unaprje\u0111uje infrastrukturu za aktivnosti u prirodi, s naglaskom na biciklisti\u010dkim stazama. Organizacija jednoga ovakvoga foruma predstavlja zna\u010dajan doprinos promid\u017ebi biciklisti\u010dkih staza u Hercegovini te poma\u017ee pozicioniranju Hercegovine kao po\u017eeljne cikloturisti\u010dke destinacije na europskim biciklisti\u010dkim platformama.<\/p>\n\n\n\n<p>Projekt &#8220;Cycling Rural&#8221; je zapo\u010deo 1.10.2019, a provedba \u0107e trajati 18 mjeseci. Ukupna vrijednost projekta je oko 500.000 eura, od \u010dega je Europska unija osigurala 400.000 eura. Nositelj projekta je Ured Vlade \u017dupanije Zapadnohercegova\u010dke za europske integracije, a partneri su gradovi \u0160iroki Brijeg i Ljubu\u0161ki, op\u0107ine Posu\u0161je i Grude, te Turisti\u010dka organizacija Herceg Novi iz Crne Gore.<\/p>","protected":false},"excerpt":{"rendered":"<p>U okviru projekta &#8220;Biciklisti\u010dke rute za unapre\u0111enje prirodne i kulturne ba\u0161tine Hercegovine i Crne Gore \u2013 Cycling Rural&#8221;, financiranog od strane Europske unije, u petak 12.03.2021. od 14 do 17 sati u hotelu Bigeste u Ljubu\u0161kom, biti \u0107e organiziran forum aktivnog turizma pod nazivom &#8220;Adriatic Outdoor Adventure&#8221;. Cilj ovog foruma je upoznati turisti\u010dki sektor s [&hellip;]<\/p>\n","protected":false},"author":2,"featured_media":9097,"comment_status":"closed","ping_status":"open","sticky":false,"template":"","format":"standard","meta":{"footnotes":""},"categories":[76],"tags":[],"class_list":["post-9096","post","type-post","status-publish","format-standard","has-post-thumbnail","hentry","category-novosti"],"yoast_head":"<!-- This site is optimized with the Yoast SEO Premium plugin v21.5 (Yoast SEO v27.4) - https:\/\/yoast.com\/product\/yoast-seo-premium-wordpress\/ -->\n<title>Najava foruma: \u201cAdriatic outdoor adventure\u201d - HerzegovinaBike<\/title>\n<meta name=\"description\" content=\"U okviru projekta &quot;Biciklisti\u010dke rute za unapre\u0111enje prirodne i kulturne ba\u0161tine Hercegovine i Crne Gore \u2013 Cycling Rural&quot; ...\" \/>\n<meta name=\"robots\" content=\"index, follow, max-snippet:-1, max-image-preview:large, max-video-preview:-1\" \/>\n<link rel=\"canonical\" href=\"https:\/\/www.herzegovinabike.ba\/en\/najava-foruma-adriatic-outdoor-adventure\/\" \/>\n<meta property=\"og:locale\" content=\"en_US\" \/>\n<meta property=\"og:type\" content=\"article\" \/>\n<meta property=\"og:title\" content=\"Najava foruma: \u201cAdriatic outdoor adventure\u201d\" \/>\n<meta property=\"og:description\" content=\"U okviru projekta &quot;Biciklisti\u010dke rute za unapre\u0111enje prirodne i kulturne ba\u0161tine Hercegovine i Crne Gore \u2013 Cycling Rural&quot; ...\" \/>\n<meta property=\"og:url\" content=\"https:\/\/www.herzegovinabike.ba\/en\/najava-foruma-adriatic-outdoor-adventure\/\" \/>\n<meta property=\"og:site_name\" content=\"HerzegovinaBike\" \/>\n<meta property=\"article:publisher\" content=\"https:\/\/www.facebook.com\/HerzegovinaBike\" \/>\n<meta property=\"article:author\" content=\"https:\/\/www.facebook.com\/HerzegovinaBike\/\" \/>\n<meta property=\"article:published_time\" content=\"2023-11-10T23:24:39+00:00\" \/>\n<meta property=\"article:modified_time\" content=\"2025-06-25T01:17:11+00:00\" \/>\n<meta property=\"og:image\" content=\"https:\/\/www.herzegovinabike.ba\/wp-content\/uploads\/2023\/11\/25.02.2021.-Najava-foruma-Adriatic-Outdoor-Adventure-1200x1200px-1170x1170-1.png\" \/>\n\t<meta property=\"og:image:width\" content=\"1170\" \/>\n\t<meta property=\"og:image:height\" content=\"1170\" \/>\n\t<meta property=\"og:image:type\" content=\"image\/png\" \/>\n<meta name=\"author\" content=\"Herzegovina Bike\" \/>\n<meta name=\"twitter:card\" content=\"summary_large_image\" \/>\n<meta name=\"twitter:creator\" content=\"@https:\/\/twitter.com\/HerzegovinaBike\" \/>\n<meta name=\"twitter:label1\" content=\"Written by\" \/>\n\t<meta name=\"twitter:data1\" content=\"Herzegovina Bike\" \/>\n\t<meta name=\"twitter:label2\" content=\"Est. reading time\" \/>\n\t<meta name=\"twitter:data2\" content=\"2 minutes\" \/>\n<script type=\"application\/ld+json\" class=\"yoast-schema-graph\">{\"@context\":\"https:\\\/\\\/schema.org\",\"@graph\":[{\"@type\":\"Article\",\"@id\":\"https:\\\/\\\/www.herzegovinabike.ba\\\/najava-foruma-adriatic-outdoor-adventure\\\/#article\",\"isPartOf\":{\"@id\":\"https:\\\/\\\/www.herzegovinabike.ba\\\/najava-foruma-adriatic-outdoor-adventure\\\/\"},\"author\":{\"name\":\"Herzegovina Bike\",\"@id\":\"https:\\\/\\\/www.herzegovinabike.ba\\\/#\\\/schema\\\/person\\\/1161ca5c7a242dc0e69d24c0fb304ccb\"},\"headline\":\"Najava foruma: \u201cAdriatic outdoor adventure\u201d\",\"datePublished\":\"2023-11-10T23:24:39+00:00\",\"dateModified\":\"2025-06-25T01:17:11+00:00\",\"mainEntityOfPage\":{\"@id\":\"https:\\\/\\\/www.herzegovinabike.ba\\\/najava-foruma-adriatic-outdoor-adventure\\\/\"},\"wordCount\":349,\"publisher\":{\"@id\":\"https:\\\/\\\/www.herzegovinabike.ba\\\/#organization\"},\"image\":{\"@id\":\"https:\\\/\\\/www.herzegovinabike.ba\\\/najava-foruma-adriatic-outdoor-adventure\\\/#primaryimage\"},\"thumbnailUrl\":\"https:\\\/\\\/www.herzegovinabike.ba\\\/wp-content\\\/uploads\\\/2023\\\/11\\\/25.02.2021.-Najava-foruma-Adriatic-Outdoor-Adventure-1200x1200px-1170x1170-1.png\",\"articleSection\":[\"Novosti\"],\"inLanguage\":\"en-US\"},{\"@type\":\"WebPage\",\"@id\":\"https:\\\/\\\/www.herzegovinabike.ba\\\/najava-foruma-adriatic-outdoor-adventure\\\/\",\"url\":\"https:\\\/\\\/www.herzegovinabike.ba\\\/najava-foruma-adriatic-outdoor-adventure\\\/\",\"name\":\"Najava foruma: \u201cAdriatic outdoor adventure\u201d - HerzegovinaBike\",\"isPartOf\":{\"@id\":\"https:\\\/\\\/www.herzegovinabike.ba\\\/#website\"},\"primaryImageOfPage\":{\"@id\":\"https:\\\/\\\/www.herzegovinabike.ba\\\/najava-foruma-adriatic-outdoor-adventure\\\/#primaryimage\"},\"image\":{\"@id\":\"https:\\\/\\\/www.herzegovinabike.ba\\\/najava-foruma-adriatic-outdoor-adventure\\\/#primaryimage\"},\"thumbnailUrl\":\"https:\\\/\\\/www.herzegovinabike.ba\\\/wp-content\\\/uploads\\\/2023\\\/11\\\/25.02.2021.-Najava-foruma-Adriatic-Outdoor-Adventure-1200x1200px-1170x1170-1.png\",\"datePublished\":\"2023-11-10T23:24:39+00:00\",\"dateModified\":\"2025-06-25T01:17:11+00:00\",\"description\":\"U okviru projekta \\\"Biciklisti\u010dke rute za unapre\u0111enje prirodne i kulturne ba\u0161tine Hercegovine i Crne Gore \u2013 Cycling Rural\\\" ...\",\"breadcrumb\":{\"@id\":\"https:\\\/\\\/www.herzegovinabike.ba\\\/najava-foruma-adriatic-outdoor-adventure\\\/#breadcrumb\"},\"inLanguage\":\"en-US\",\"potentialAction\":[{\"@type\":\"ReadAction\",\"target\":[\"https:\\\/\\\/www.herzegovinabike.ba\\\/najava-foruma-adriatic-outdoor-adventure\\\/\"]}]},{\"@type\":\"ImageObject\",\"inLanguage\":\"en-US\",\"@id\":\"https:\\\/\\\/www.herzegovinabike.ba\\\/najava-foruma-adriatic-outdoor-adventure\\\/#primaryimage\",\"url\":\"https:\\\/\\\/www.herzegovinabike.ba\\\/wp-content\\\/uploads\\\/2023\\\/11\\\/25.02.2021.-Najava-foruma-Adriatic-Outdoor-Adventure-1200x1200px-1170x1170-1.png\",\"contentUrl\":\"https:\\\/\\\/www.herzegovinabike.ba\\\/wp-content\\\/uploads\\\/2023\\\/11\\\/25.02.2021.-Najava-foruma-Adriatic-Outdoor-Adventure-1200x1200px-1170x1170-1.png\",\"width\":1170,\"height\":1170},{\"@type\":\"BreadcrumbList\",\"@id\":\"https:\\\/\\\/www.herzegovinabike.ba\\\/najava-foruma-adriatic-outdoor-adventure\\\/#breadcrumb\",\"itemListElement\":[{\"@type\":\"ListItem\",\"position\":1,\"name\":\"Po\u010detna stranica\",\"item\":\"https:\\\/\\\/www.herzegovinabike.ba\\\/\"},{\"@type\":\"ListItem\",\"position\":2,\"name\":\"Najava foruma: \u201cAdriatic outdoor adventure\u201d\"}]},{\"@type\":\"WebSite\",\"@id\":\"https:\\\/\\\/www.herzegovinabike.ba\\\/#website\",\"url\":\"https:\\\/\\\/www.herzegovinabike.ba\\\/\",\"name\":\"HerzegovinaBike\",\"description\":\"Your place under the sun\",\"publisher\":{\"@id\":\"https:\\\/\\\/www.herzegovinabike.ba\\\/#organization\"},\"potentialAction\":[{\"@type\":\"SearchAction\",\"target\":{\"@type\":\"EntryPoint\",\"urlTemplate\":\"https:\\\/\\\/www.herzegovinabike.ba\\\/?s={search_term_string}\"},\"query-input\":{\"@type\":\"PropertyValueSpecification\",\"valueRequired\":true,\"valueName\":\"search_term_string\"}}],\"inLanguage\":\"en-US\"},{\"@type\":\"Organization\",\"@id\":\"https:\\\/\\\/www.herzegovinabike.ba\\\/#organization\",\"name\":\"Udruga HerzegovinaBike\",\"url\":\"https:\\\/\\\/www.herzegovinabike.ba\\\/\",\"logo\":{\"@type\":\"ImageObject\",\"inLanguage\":\"en-US\",\"@id\":\"https:\\\/\\\/www.herzegovinabike.ba\\\/#\\\/schema\\\/logo\\\/image\\\/\",\"url\":\"https:\\\/\\\/www.bike.herzegovinabike.ba\\\/wp-content\\\/uploads\\\/2023\\\/11\\\/herzegovina_bike_logo_horizontal.png\",\"contentUrl\":\"https:\\\/\\\/www.bike.herzegovinabike.ba\\\/wp-content\\\/uploads\\\/2023\\\/11\\\/herzegovina_bike_logo_horizontal.png\",\"width\":1757,\"height\":1061,\"caption\":\"Udruga HerzegovinaBike\"},\"image\":{\"@id\":\"https:\\\/\\\/www.herzegovinabike.ba\\\/#\\\/schema\\\/logo\\\/image\\\/\"},\"sameAs\":[\"https:\\\/\\\/www.facebook.com\\\/HerzegovinaBike\",\"https:\\\/\\\/www.instagram.com\\\/herzegovinabike\\\/\"]},{\"@type\":\"Person\",\"@id\":\"https:\\\/\\\/www.herzegovinabike.ba\\\/#\\\/schema\\\/person\\\/1161ca5c7a242dc0e69d24c0fb304ccb\",\"name\":\"Herzegovina Bike\",\"image\":{\"@type\":\"ImageObject\",\"inLanguage\":\"en-US\",\"@id\":\"https:\\\/\\\/secure.gravatar.com\\\/avatar\\\/236a03b53b73db89b68d17aa2f415bb2a2d3b326d0632f3a602c6c9cacba1ff0?s=96&d=mm&r=g\",\"url\":\"https:\\\/\\\/secure.gravatar.com\\\/avatar\\\/236a03b53b73db89b68d17aa2f415bb2a2d3b326d0632f3a602c6c9cacba1ff0?s=96&d=mm&r=g\",\"contentUrl\":\"https:\\\/\\\/secure.gravatar.com\\\/avatar\\\/236a03b53b73db89b68d17aa2f415bb2a2d3b326d0632f3a602c6c9cacba1ff0?s=96&d=mm&r=g\",\"caption\":\"Herzegovina Bike\"},\"description\":\"Udruga \u201cHerzegovinaBike\u201d je pokreta\u010d (i sredi\u0161te) razvoja biciklizma kao cikloturizma, rekreacije i sporta u Hercegovini. CILJ: Hercegovina kao vrhunska cikloturisti\u010dka destinacija. \u2705\",\"sameAs\":[\"https:\\\/\\\/www.herzegovinabike.ba\\\/\",\"https:\\\/\\\/www.facebook.com\\\/HerzegovinaBike\\\/\",\"https:\\\/\\\/www.instagram.com\\\/herzegovinabike\\\/\",\"https:\\\/\\\/www.linkedin.com\\\/in\\\/herzegovina-bike-ba605a29b\\\/\",\"https:\\\/\\\/x.com\\\/https:\\\/\\\/twitter.com\\\/HerzegovinaBike\",\"https:\\\/\\\/www.youtube.com\\\/channel\\\/UCOFGFUHmcGVzVHD9WgOGTrA\"],\"url\":\"https:\\\/\\\/www.herzegovinabike.ba\\\/en\\\/author\\\/toni\\\/\"}]}<\/script>\n<!-- \/ Yoast SEO Premium plugin. -->","yoast_head_json":{"title":"Najava foruma: \u201cAdriatic outdoor adventure\u201d - HerzegovinaBike","description":"U okviru projekta \"Biciklisti\u010dke rute za unapre\u0111enje prirodne i kulturne ba\u0161tine Hercegovine i Crne Gore \u2013 Cycling Rural\" ...","robots":{"index":"index","follow":"follow","max-snippet":"max-snippet:-1","max-image-preview":"max-image-preview:large","max-video-preview":"max-video-preview:-1"},"canonical":"https:\/\/www.herzegovinabike.ba\/en\/najava-foruma-adriatic-outdoor-adventure\/","og_locale":"en_US","og_type":"article","og_title":"Najava foruma: \u201cAdriatic outdoor adventure\u201d","og_description":"U okviru projekta \"Biciklisti\u010dke rute za unapre\u0111enje prirodne i kulturne ba\u0161tine Hercegovine i Crne Gore \u2013 Cycling Rural\" ...","og_url":"https:\/\/www.herzegovinabike.ba\/en\/najava-foruma-adriatic-outdoor-adventure\/","og_site_name":"HerzegovinaBike","article_publisher":"https:\/\/www.facebook.com\/HerzegovinaBike","article_author":"https:\/\/www.facebook.com\/HerzegovinaBike\/","article_published_time":"2023-11-10T23:24:39+00:00","article_modified_time":"2025-06-25T01:17:11+00:00","og_image":[{"width":1170,"height":1170,"url":"https:\/\/www.herzegovinabike.ba\/wp-content\/uploads\/2023\/11\/25.02.2021.-Najava-foruma-Adriatic-Outdoor-Adventure-1200x1200px-1170x1170-1.png","type":"image\/png"}],"author":"Herzegovina Bike","twitter_card":"summary_large_image","twitter_creator":"@https:\/\/twitter.com\/HerzegovinaBike","twitter_misc":{"Written by":"Herzegovina Bike","Est. reading time":"2 minutes"},"schema":{"@context":"https:\/\/schema.org","@graph":[{"@type":"Article","@id":"https:\/\/www.herzegovinabike.ba\/najava-foruma-adriatic-outdoor-adventure\/#article","isPartOf":{"@id":"https:\/\/www.herzegovinabike.ba\/najava-foruma-adriatic-outdoor-adventure\/"},"author":{"name":"Herzegovina Bike","@id":"https:\/\/www.herzegovinabike.ba\/#\/schema\/person\/1161ca5c7a242dc0e69d24c0fb304ccb"},"headline":"Najava foruma: \u201cAdriatic outdoor adventure\u201d","datePublished":"2023-11-10T23:24:39+00:00","dateModified":"2025-06-25T01:17:11+00:00","mainEntityOfPage":{"@id":"https:\/\/www.herzegovinabike.ba\/najava-foruma-adriatic-outdoor-adventure\/"},"wordCount":349,"publisher":{"@id":"https:\/\/www.herzegovinabike.ba\/#organization"},"image":{"@id":"https:\/\/www.herzegovinabike.ba\/najava-foruma-adriatic-outdoor-adventure\/#primaryimage"},"thumbnailUrl":"https:\/\/www.herzegovinabike.ba\/wp-content\/uploads\/2023\/11\/25.02.2021.-Najava-foruma-Adriatic-Outdoor-Adventure-1200x1200px-1170x1170-1.png","articleSection":["Novosti"],"inLanguage":"en-US"},{"@type":"WebPage","@id":"https:\/\/www.herzegovinabike.ba\/najava-foruma-adriatic-outdoor-adventure\/","url":"https:\/\/www.herzegovinabike.ba\/najava-foruma-adriatic-outdoor-adventure\/","name":"Najava foruma: \u201cAdriatic outdoor adventure\u201d - HerzegovinaBike","isPartOf":{"@id":"https:\/\/www.herzegovinabike.ba\/#website"},"primaryImageOfPage":{"@id":"https:\/\/www.herzegovinabike.ba\/najava-foruma-adriatic-outdoor-adventure\/#primaryimage"},"image":{"@id":"https:\/\/www.herzegovinabike.ba\/najava-foruma-adriatic-outdoor-adventure\/#primaryimage"},"thumbnailUrl":"https:\/\/www.herzegovinabike.ba\/wp-content\/uploads\/2023\/11\/25.02.2021.-Najava-foruma-Adriatic-Outdoor-Adventure-1200x1200px-1170x1170-1.png","datePublished":"2023-11-10T23:24:39+00:00","dateModified":"2025-06-25T01:17:11+00:00","description":"U okviru projekta \"Biciklisti\u010dke rute za unapre\u0111enje prirodne i kulturne ba\u0161tine Hercegovine i Crne Gore \u2013 Cycling Rural\" ...","breadcrumb":{"@id":"https:\/\/www.herzegovinabike.ba\/najava-foruma-adriatic-outdoor-adventure\/#breadcrumb"},"inLanguage":"en-US","potentialAction":[{"@type":"ReadAction","target":["https:\/\/www.herzegovinabike.ba\/najava-foruma-adriatic-outdoor-adventure\/"]}]},{"@type":"ImageObject","inLanguage":"en-US","@id":"https:\/\/www.herzegovinabike.ba\/najava-foruma-adriatic-outdoor-adventure\/#primaryimage","url":"https:\/\/www.herzegovinabike.ba\/wp-content\/uploads\/2023\/11\/25.02.2021.-Najava-foruma-Adriatic-Outdoor-Adventure-1200x1200px-1170x1170-1.png","contentUrl":"https:\/\/www.herzegovinabike.ba\/wp-content\/uploads\/2023\/11\/25.02.2021.-Najava-foruma-Adriatic-Outdoor-Adventure-1200x1200px-1170x1170-1.png","width":1170,"height":1170},{"@type":"BreadcrumbList","@id":"https:\/\/www.herzegovinabike.ba\/najava-foruma-adriatic-outdoor-adventure\/#breadcrumb","itemListElement":[{"@type":"ListItem","position":1,"name":"Po\u010detna stranica","item":"https:\/\/www.herzegovinabike.ba\/"},{"@type":"ListItem","position":2,"name":"Najava foruma: \u201cAdriatic outdoor adventure\u201d"}]},{"@type":"WebSite","@id":"https:\/\/www.herzegovinabike.ba\/#website","url":"https:\/\/www.herzegovinabike.ba\/","name":"HerzegovinaBike","description":"Your place under the sun","publisher":{"@id":"https:\/\/www.herzegovinabike.ba\/#organization"},"potentialAction":[{"@type":"SearchAction","target":{"@type":"EntryPoint","urlTemplate":"https:\/\/www.herzegovinabike.ba\/?s={search_term_string}"},"query-input":{"@type":"PropertyValueSpecification","valueRequired":true,"valueName":"search_term_string"}}],"inLanguage":"en-US"},{"@type":"Organization","@id":"https:\/\/www.herzegovinabike.ba\/#organization","name":"Association HerzegovinaBike","url":"https:\/\/www.herzegovinabike.ba\/","logo":{"@type":"ImageObject","inLanguage":"en-US","@id":"https:\/\/www.herzegovinabike.ba\/#\/schema\/logo\/image\/","url":"https:\/\/www.bike.herzegovinabike.ba\/wp-content\/uploads\/2023\/11\/herzegovina_bike_logo_horizontal.png","contentUrl":"https:\/\/www.bike.herzegovinabike.ba\/wp-content\/uploads\/2023\/11\/herzegovina_bike_logo_horizontal.png","width":1757,"height":1061,"caption":"Udruga HerzegovinaBike"},"image":{"@id":"https:\/\/www.herzegovinabike.ba\/#\/schema\/logo\/image\/"},"sameAs":["https:\/\/www.facebook.com\/HerzegovinaBike","https:\/\/www.instagram.com\/herzegovinabike\/"]},{"@type":"Person","@id":"https:\/\/www.herzegovinabike.ba\/#\/schema\/person\/1161ca5c7a242dc0e69d24c0fb304ccb","name":"Herzegovina Bike","image":{"@type":"ImageObject","inLanguage":"en-US","@id":"https:\/\/secure.gravatar.com\/avatar\/236a03b53b73db89b68d17aa2f415bb2a2d3b326d0632f3a602c6c9cacba1ff0?s=96&d=mm&r=g","url":"https:\/\/secure.gravatar.com\/avatar\/236a03b53b73db89b68d17aa2f415bb2a2d3b326d0632f3a602c6c9cacba1ff0?s=96&d=mm&r=g","contentUrl":"https:\/\/secure.gravatar.com\/avatar\/236a03b53b73db89b68d17aa2f415bb2a2d3b326d0632f3a602c6c9cacba1ff0?s=96&d=mm&r=g","caption":"Herzegovina Bike"},"description":"Udruga \u201cHerzegovinaBike\u201d je pokreta\u010d (i sredi\u0161te) razvoja biciklizma kao cikloturizma, rekreacije i sporta u Hercegovini. CILJ: Hercegovina kao vrhunska cikloturisti\u010dka destinacija. \u2705","sameAs":["https:\/\/www.herzegovinabike.ba\/","https:\/\/www.facebook.com\/HerzegovinaBike\/","https:\/\/www.instagram.com\/herzegovinabike\/","https:\/\/www.linkedin.com\/in\/herzegovina-bike-ba605a29b\/","https:\/\/x.com\/https:\/\/twitter.com\/HerzegovinaBike","https:\/\/www.youtube.com\/channel\/UCOFGFUHmcGVzVHD9WgOGTrA"],"url":"https:\/\/www.herzegovinabike.ba\/en\/author\/toni\/"}]}},"_links":{"self":[{"href":"https:\/\/www.herzegovinabike.ba\/en\/wp-json\/wp\/v2\/posts\/9096","targetHints":{"allow":["GET"]}}],"collection":[{"href":"https:\/\/www.herzegovinabike.ba\/en\/wp-json\/wp\/v2\/posts"}],"about":[{"href":"https:\/\/www.herzegovinabike.ba\/en\/wp-json\/wp\/v2\/types\/post"}],"author":[{"embeddable":true,"href":"https:\/\/www.herzegovinabike.ba\/en\/wp-json\/wp\/v2\/users\/2"}],"replies":[{"embeddable":true,"href":"https:\/\/www.herzegovinabike.ba\/en\/wp-json\/wp\/v2\/comments?post=9096"}],"version-history":[{"count":5,"href":"https:\/\/www.herzegovinabike.ba\/en\/wp-json\/wp\/v2\/posts\/9096\/revisions"}],"predecessor-version":[{"id":18511,"href":"https:\/\/www.herzegovinabike.ba\/en\/wp-json\/wp\/v2\/posts\/9096\/revisions\/18511"}],"wp:featuredmedia":[{"embeddable":true,"href":"https:\/\/www.herzegovinabike.ba\/en\/wp-json\/wp\/v2\/media\/9097"}],"wp:attachment":[{"href":"https:\/\/www.herzegovinabike.ba\/en\/wp-json\/wp\/v2\/media?parent=9096"}],"wp:term":[{"taxonomy":"category","embeddable":true,"href":"https:\/\/www.herzegovinabike.ba\/en\/wp-json\/wp\/v2\/categories?post=9096"},{"taxonomy":"post_tag","embeddable":true,"href":"https:\/\/www.herzegovinabike.ba\/en\/wp-json\/wp\/v2\/tags?post=9096"}],"curies":[{"name":"wp","href":"https:\/\/api.w.org\/{rel}","templated":true}]}}