{"id":9159,"date":"2023-11-11T01:01:00","date_gmt":"2023-11-11T00:01:00","guid":{"rendered":"https:\/\/www.bike.herzegovinabike.ba\/?p=9159"},"modified":"2025-06-25T03:17:07","modified_gmt":"2025-06-25T01:17:07","slug":"blidinje-bike-festival-jos-jednom-stavio-blidinje-na-globalnu-kartu-cikloturizma","status":"publish","type":"post","link":"https:\/\/www.herzegovinabike.ba\/en\/blidinje-bike-festival-jos-jednom-stavio-blidinje-na-globalnu-kartu-cikloturizma\/","title":{"rendered":"Blidinje BIKE Festival once again put Blidinje on the global cycle tourism map"},"content":{"rendered":"<p>Tri dana doga\u0111anja, popunjen cijeli tjedan i preko 600 sudionika i gostiju iz zemalja regije,su samo neke brojke s Blidinje BIKE Festivala, odnnosno festivala brdskog biciklizma i cikloturizma. Festival je zavr\u0161en u nedelju spektakularnim pobjedama nekih od najboljih profesionalnih biciklista i progla\u0161enjem pobjednika, no i petak i subota ispunili su o\u010dekivanja svih prisutnih.<\/p>\n\n\n\n<p>Blidinje je dobro poznata regija u velikoj zajednici brdskih biciklista, posebno nakon Blidinje BIKE Festival doga\u0111aja koji ve\u0107 4 godine za redom promovira i \u0161alje pozitivne slike ovog Parka prirode diljem svijeta. Ista stvar se doga\u0111a i ove godine kada globalni mediji ponovno promoviraju i izvje\u0161tavaju s festivala; no naravno mediji nisu sami, sudionici i posjetitelji dijele vijesti s milijunima svojih pratitelja na dru\u0161tvenim mre\u017eama.<\/p>\n\n\n\n<figure class=\"wp-block-image\"><img decoding=\"async\" src=\"https:\/\/www.herzegovinabike.ba\/assets\/2022\/07\/BBF-2022-slika-4-1024x683.jpeg\" alt=\"\" class=\"wp-image-7741\"\/><\/figure>\n\n\n\n<p><\/p>\n\n\n\n<p>Festival je zavr\u0161io u nedelju sa sredi\u0161njim doga\u0111ajem i glavnom utrkom XCM Herzegovina, a na utrci kao najbolji pokazali su se <strong>Vedad Kari\u0107<\/strong>\u00a0(veliki maraton),\u00a0<strong>Karla Kustura<\/strong>\u00a0(mali maraton) i\u00a0<strong>Ivan Soldo<\/strong> (mali maraton). Doma\u0107i voza\u010di pokazali su svoje iskustvo na stazama Blidinja i dobro poznavanje ovog podru\u010dja budu\u0107i da ve\u0107 \u010detvrtu godinu za redom sudjeluju na ovom doga\u0111aju.<\/p>\n\n\n\n<figure class=\"wp-block-image\"><img decoding=\"async\" src=\"https:\/\/www.herzegovinabike.ba\/assets\/2022\/07\/BBF-2022-slika-2-1024x683.jpeg\" alt=\"\" class=\"wp-image-7739\"\/><\/figure>\n\n\n\n<p><\/p>\n\n\n\n<p>Doga\u0111aj Blidinje BIKE Festival zapo\u010deo je ve\u0107 u Petak; 22.7. sa prezentacijom projekta svim sudionicima doga\u0111aja, odnosno svega onog \u0161to su organizatori pripremili za vikend koji je pred njima. Subota je ve\u0107 tradicionalno kao dan za rekreativce, cijele obitelji i najmla\u0111e uzraste donio jako uzbudljive doga\u0111aje, poput biciklijade &#8220;Stazom Ajduka&#8221; koja je promovirala prelijepa podru\u010dja Parka prirode Blidinje svim rekreativcima, ali i dje\u010dje utrke koja je donijela puno uzbu\u0111enja, obilje sre\u0107e i smijeha. Za najmla\u0111e natjecatelje smo pripremili utrku na kru\u017enoj stazi du\u017eine 1 km podijeljenu prema uzrastima u predivnom ambijentu u blizini restorana Staza na sredi\u0161njem mjestu festivala gdje su najmla\u0111i bili umogu\u0107nosti da u\u017eivaju i u dodatnim sadr\u017eajima koje nudi BBF.<\/p>\n\n\n\n<p>\u017destoki, smjeli, hrabri, odva\u017eni, neustra\u0161ivi, klinci lavljeg srca, uz poslovi\u010dno glasnu i mnogobrojnu podr\u0161ku publike, tu na lokalitetu Parka prirode Blidinje osvajala su svoje prve medalje i sanjala o novim sportskim uspjesima.<\/p>\n\n\n\n<figure class=\"wp-block-image\"><img decoding=\"async\" src=\"https:\/\/www.herzegovinabike.ba\/assets\/2022\/07\/BBF_djecji_program_naslov-1024x695.jpeg\" alt=\"\" class=\"wp-image-7735\"\/><\/figure>\n\n\n\n<p><\/p>\n\n\n\n<p>Nedelja je dan koji donosi prelijepe fotografije iz profesionalnog biciklizma i \u0161alje ih diljem svijeta s ciljem promocije Blidinja, ali i Bosne i Hercegovine kao izvrsne destinacije za sve sportiste koji u\u017eivaju na natjecanjima nekih vrhunskih doga\u0111aja koji se organiziraju sjevernije na Alpima, budu\u0107i da su komentari svih sudionika bili da Blidinje i jeste preslika ovog prelijepog planinskog sustava koji se prostire izme\u0111u Srednje i Ju\u017ene Europe.<\/p>\n\n\n\n<p>Organizatori su za nedeljni doga\u0111aj&nbsp;<strong>XCM Herzegovina<\/strong>&nbsp;svim sudionicima pripremili dvije staze i to stazu Velikog maratona u du\u017eini 60km i stazu malog maratona u du\u017eini 30km. Da su staze bile jako uzbudljive, sa prelijepim prizorima na prirodne ljepote Blidinja, ali i iscrpljuju\u0107e potvrdili su i komentari svih sudionika po ulasku u ciljnu zonu.<\/p>\n\n\n\n<figure class=\"wp-block-image\"><img decoding=\"async\" src=\"https:\/\/www.herzegovinabike.ba\/assets\/2022\/07\/BBF-2022-slika-1-1024x683.jpeg\" alt=\"\" class=\"wp-image-7737\"\/><\/figure>\n\n\n\n<p><\/p>\n\n\n\n<p>Na utrci XCM Herzegovina sudjelovalo je vi\u0161e od stotinu profesionalnih biciklista koji su oku\u0161ali snage na stazama Blidinja. Kao najbolji biciklista, ujedno i obraniv\u0161i svoju pro\u0161logodi\u0161nju titulu pobjednika, pokazao se <strong>Vedad Kari\u0107<\/strong>\u00a0(BK Rotacija Spin) koji je stazu velikog maratona pro\u0161ao u vremenu 2:22:47.\u00a0<strong>Dra\u017een Akrap<\/strong>\u00a0(BK Tempo) iz Viteza zauzeo je drugo mjesto na postolju, dok na tre\u0107em mjestu zavr\u0161io\u00a0<strong>Davor Krezi\u0107<\/strong>\u00a0(BK Kairos) iz Splita.<\/p>\n\n\n\n<p>Na malom maratonu zasjao je&nbsp;<strong>Ivan Soldo<\/strong>&nbsp;(BK \u0160iroki) iz \u0160irokog Brijega, kojem su treninzi na doma\u0107em terenu, ali i dobro poznavanje staze donijeli najvi\u0161e mjesto na postolju. Ivan je stazu malog maratona zavr\u0161io u vremenu 1:14:17. Drugo mjesto zauzeo je&nbsp;<strong>Filip D\u017eido<\/strong>&nbsp;(BK Tempo), dok je tre\u0107e pripalo&nbsp;<strong>Dominiku \u0160imi\u0107u<\/strong>&nbsp;(BK \u010capljina).<\/p>\n\n\n\n<p>Me\u0111u damama kao najbolja pokazala se mlada&nbsp;<strong>Karla Kustura<\/strong>&nbsp;(BK X Factory) iz Travnika koja je pobjedila na stazi malog maratona sa vremenom 1:36:20. Slijede je&nbsp;<strong>Martina \u010condra<\/strong>&nbsp;(BK Rotacija SPIN) iz Viteza na drugom mjestu i&nbsp;<strong>Suzana Konti\u0107<\/strong> (BK Petar Sva\u010di\u0107) iz Drni\u0161a na tre\u0107em mjestu.<\/p>\n\n\n\n<figure class=\"wp-block-image\"><img decoding=\"async\" src=\"https:\/\/www.herzegovinabike.ba\/assets\/2022\/07\/Proglasenje-pobjednika-XCM-Herzegovina-1024x765.jpeg\" alt=\"\" class=\"wp-image-7745\"\/><\/figure>\n\n\n\n<p><\/p>\n\n\n\n<p>Sa ceremonijom progla\u0161enja pobjednika i dodjelom nagrada slu\u017ebeno je i zavr\u0161ilo \u010detvrto izdanje Blidinje BIKE Festivala, koje je po rije\u010dima organizatora, ali i svih prisutnih jo\u0161 jednom ispunilo sva o\u010dekivanja. Na\u017ealost, tijekom odr\u017eavanja doga\u0111aja na Blidinju su harali veliki po\u017eari, koji su donijeli nemile scene svim prisutnim, a ovim putem \u017eelimo pozdraviti i zahvaliti se svim dobrim i hrabrim ljudima koji na terenun poma\u017eu u ga\u0161enju po\u017eara, od vatrosnih slu\u017ebi, GSS-a, planinarskih dru\u0161tava, sve do dobrovoljaca koji su se prijavili za pomo\u0107. Trenutnu situaciju na Blidinju mo\u017eete pratiti na dru\u0161tvenim mre\u017eama udruge <a href=\"https:\/\/www.facebook.com\/visit.blidinje\" target=\"_blank\" rel=\"noreferrer noopener\"><strong>Visit Blidinje<\/strong><\/a> koja je ujedno i partner Blidinje BIKE Festival doga\u0111aja. Bitno je kazati kako je i jedan dio redara Blidinje BIKE Festivala po zavr\u0161avanju doga\u0111aja prijavio se da volontira i poma\u017ee u sprije\u010davanju po\u017eara.<\/p>\n\n\n\n<figure class=\"wp-block-image\"><img decoding=\"async\" src=\"https:\/\/www.herzegovinabike.ba\/assets\/2022\/07\/Blidinje-pozar-BBF-1024x768.jpeg\" alt=\"\" class=\"wp-image-7743\"\/><\/figure>\n\n\n\n<p><\/p>\n\n\n\n<p>Ovom prilikom organizatori se jo\u0161 jednnom \u017eele zahvaliti svim sponzorima i prijateljima doga\u0111aja koji poma\u017eu promociju Blidinja, kao i Bosne i Hercegovine i to:<\/p>\n\n\n\n<p><strong>Pokrovitelji doga\u0111aja<\/strong>: Federalno ministarstvo Kulture i Sporta, Federalno ministarstvo Obrazovanja i Nauke, Vlada \u017dupanije Zapadnohercegova\u010dke, Vlada Hercegova\u010dko-neretvanske \u017eupanije, Op\u0107ina Posu\u0161je, Turisti\u010dka zajednica HN\u017d\/K, Sportski Savez Grada Mostara i Visit Blidinje.<\/p>\n\n\n\n<p><strong>Zlatni sponzor<\/strong>: HT ERONET<\/p>\n\n\n\n<p><strong>Srebreni sponzor<\/strong>: M.T. Abraham Group<\/p>\n\n\n\n<p><strong>Bronze sponsor<\/strong>:&nbsp; Spartan Sport \u2013 GIANT<\/p>\n\n\n\n<p><strong>Sponzori<\/strong>: Capriolo Mostar, GumaM, Autoservis \u010cip, LEDA Voda, Hercegovina Vino, restoran \u201cHajdu\u010dke Vrleti\u201d, restoran \u201cStaza\u201d, Lasta \u010capljina, Violeta Grude, Nameks supermarketi.<\/p>","protected":false},"excerpt":{"rendered":"<p>Tri dana doga\u0111anja, popunjen cijeli tjedan i preko 600 sudionika i gostiju iz zemalja regije,su samo neke brojke s Blidinje BIKE Festivala, odnnosno festivala brdskog biciklizma i cikloturizma. Festival je zavr\u0161en u nedelju spektakularnim pobjedama nekih od najboljih profesionalnih biciklista i progla\u0161enjem pobjednika, no i petak i subota ispunili su o\u010dekivanja svih prisutnih. Blidinje je [&hellip;]<\/p>\n","protected":false},"author":2,"featured_media":9160,"comment_status":"closed","ping_status":"open","sticky":false,"template":"","format":"standard","meta":{"footnotes":""},"categories":[76],"tags":[],"class_list":["post-9159","post","type-post","status-publish","format-standard","has-post-thumbnail","hentry","category-novosti"],"yoast_head":"<!-- This site is optimized with the Yoast SEO Premium plugin v21.5 (Yoast SEO v27.4) - https:\/\/yoast.com\/product\/yoast-seo-premium-wordpress\/ -->\n<title>Blidinje BIKE Festival jo\u0161 jednom stavio Blidinje na globalnu kartu cikloturizma - HerzegovinaBike<\/title>\n<meta name=\"description\" content=\"Tri dana doga\u0111anja, popunjen cijeli tjedan i preko 600 sudionika i gostiju iz zemalja regije,su samo neke brojke s Blidinje BIKE Festivala\" \/>\n<meta name=\"robots\" content=\"index, follow, max-snippet:-1, max-image-preview:large, max-video-preview:-1\" \/>\n<link rel=\"canonical\" href=\"https:\/\/www.herzegovinabike.ba\/en\/blidinje-bike-festival-jos-jednom-stavio-blidinje-na-globalnu-kartu-cikloturizma\/\" \/>\n<meta property=\"og:locale\" content=\"en_US\" \/>\n<meta property=\"og:type\" content=\"article\" \/>\n<meta property=\"og:title\" content=\"Blidinje BIKE Festival jo\u0161 jednom stavio Blidinje na globalnu kartu cikloturizma\" \/>\n<meta property=\"og:description\" content=\"Tri dana doga\u0111anja, popunjen cijeli tjedan i preko 600 sudionika i gostiju iz zemalja regije,su samo neke brojke s Blidinje BIKE Festivala\" \/>\n<meta property=\"og:url\" content=\"https:\/\/www.herzegovinabike.ba\/en\/blidinje-bike-festival-jos-jednom-stavio-blidinje-na-globalnu-kartu-cikloturizma\/\" \/>\n<meta property=\"og:site_name\" content=\"HerzegovinaBike\" \/>\n<meta property=\"article:publisher\" content=\"https:\/\/www.facebook.com\/HerzegovinaBike\" \/>\n<meta property=\"article:author\" content=\"https:\/\/www.facebook.com\/HerzegovinaBike\/\" \/>\n<meta property=\"article:published_time\" content=\"2023-11-11T00:01:00+00:00\" \/>\n<meta property=\"article:modified_time\" content=\"2025-06-25T01:17:07+00:00\" \/>\n<meta property=\"og:image\" content=\"https:\/\/www.herzegovinabike.ba\/wp-content\/uploads\/2023\/11\/BBF-slika-nasov-HB-1170x780-1.jpg\" \/>\n\t<meta property=\"og:image:width\" content=\"1170\" \/>\n\t<meta property=\"og:image:height\" content=\"780\" \/>\n\t<meta property=\"og:image:type\" content=\"image\/jpeg\" \/>\n<meta name=\"author\" content=\"Herzegovina Bike\" \/>\n<meta name=\"twitter:card\" content=\"summary_large_image\" \/>\n<meta name=\"twitter:creator\" content=\"@https:\/\/twitter.com\/HerzegovinaBike\" \/>\n<meta name=\"twitter:label1\" content=\"Written by\" \/>\n\t<meta name=\"twitter:data1\" content=\"Herzegovina Bike\" \/>\n\t<meta name=\"twitter:label2\" content=\"Est. reading time\" \/>\n\t<meta name=\"twitter:data2\" content=\"6 minutes\" \/>\n<script type=\"application\/ld+json\" class=\"yoast-schema-graph\">{\"@context\":\"https:\\\/\\\/schema.org\",\"@graph\":[{\"@type\":\"Article\",\"@id\":\"https:\\\/\\\/www.herzegovinabike.ba\\\/blidinje-bike-festival-jos-jednom-stavio-blidinje-na-globalnu-kartu-cikloturizma\\\/#article\",\"isPartOf\":{\"@id\":\"https:\\\/\\\/www.herzegovinabike.ba\\\/blidinje-bike-festival-jos-jednom-stavio-blidinje-na-globalnu-kartu-cikloturizma\\\/\"},\"author\":{\"name\":\"Herzegovina Bike\",\"@id\":\"https:\\\/\\\/www.herzegovinabike.ba\\\/#\\\/schema\\\/person\\\/1161ca5c7a242dc0e69d24c0fb304ccb\"},\"headline\":\"Blidinje BIKE Festival jo\u0161 jednom stavio Blidinje na globalnu kartu cikloturizma\",\"datePublished\":\"2023-11-11T00:01:00+00:00\",\"dateModified\":\"2025-06-25T01:17:07+00:00\",\"mainEntityOfPage\":{\"@id\":\"https:\\\/\\\/www.herzegovinabike.ba\\\/blidinje-bike-festival-jos-jednom-stavio-blidinje-na-globalnu-kartu-cikloturizma\\\/\"},\"wordCount\":946,\"publisher\":{\"@id\":\"https:\\\/\\\/www.herzegovinabike.ba\\\/#organization\"},\"image\":{\"@id\":\"https:\\\/\\\/www.herzegovinabike.ba\\\/blidinje-bike-festival-jos-jednom-stavio-blidinje-na-globalnu-kartu-cikloturizma\\\/#primaryimage\"},\"thumbnailUrl\":\"https:\\\/\\\/www.herzegovinabike.ba\\\/wp-content\\\/uploads\\\/2023\\\/11\\\/BBF-slika-nasov-HB-1170x780-1.jpg\",\"articleSection\":[\"Novosti\"],\"inLanguage\":\"en-US\"},{\"@type\":\"WebPage\",\"@id\":\"https:\\\/\\\/www.herzegovinabike.ba\\\/blidinje-bike-festival-jos-jednom-stavio-blidinje-na-globalnu-kartu-cikloturizma\\\/\",\"url\":\"https:\\\/\\\/www.herzegovinabike.ba\\\/blidinje-bike-festival-jos-jednom-stavio-blidinje-na-globalnu-kartu-cikloturizma\\\/\",\"name\":\"Blidinje BIKE Festival jo\u0161 jednom stavio Blidinje na globalnu kartu cikloturizma - HerzegovinaBike\",\"isPartOf\":{\"@id\":\"https:\\\/\\\/www.herzegovinabike.ba\\\/#website\"},\"primaryImageOfPage\":{\"@id\":\"https:\\\/\\\/www.herzegovinabike.ba\\\/blidinje-bike-festival-jos-jednom-stavio-blidinje-na-globalnu-kartu-cikloturizma\\\/#primaryimage\"},\"image\":{\"@id\":\"https:\\\/\\\/www.herzegovinabike.ba\\\/blidinje-bike-festival-jos-jednom-stavio-blidinje-na-globalnu-kartu-cikloturizma\\\/#primaryimage\"},\"thumbnailUrl\":\"https:\\\/\\\/www.herzegovinabike.ba\\\/wp-content\\\/uploads\\\/2023\\\/11\\\/BBF-slika-nasov-HB-1170x780-1.jpg\",\"datePublished\":\"2023-11-11T00:01:00+00:00\",\"dateModified\":\"2025-06-25T01:17:07+00:00\",\"description\":\"Tri dana doga\u0111anja, popunjen cijeli tjedan i preko 600 sudionika i gostiju iz zemalja regije,su samo neke brojke s Blidinje BIKE Festivala\",\"breadcrumb\":{\"@id\":\"https:\\\/\\\/www.herzegovinabike.ba\\\/blidinje-bike-festival-jos-jednom-stavio-blidinje-na-globalnu-kartu-cikloturizma\\\/#breadcrumb\"},\"inLanguage\":\"en-US\",\"potentialAction\":[{\"@type\":\"ReadAction\",\"target\":[\"https:\\\/\\\/www.herzegovinabike.ba\\\/blidinje-bike-festival-jos-jednom-stavio-blidinje-na-globalnu-kartu-cikloturizma\\\/\"]}]},{\"@type\":\"ImageObject\",\"inLanguage\":\"en-US\",\"@id\":\"https:\\\/\\\/www.herzegovinabike.ba\\\/blidinje-bike-festival-jos-jednom-stavio-blidinje-na-globalnu-kartu-cikloturizma\\\/#primaryimage\",\"url\":\"https:\\\/\\\/www.herzegovinabike.ba\\\/wp-content\\\/uploads\\\/2023\\\/11\\\/BBF-slika-nasov-HB-1170x780-1.jpg\",\"contentUrl\":\"https:\\\/\\\/www.herzegovinabike.ba\\\/wp-content\\\/uploads\\\/2023\\\/11\\\/BBF-slika-nasov-HB-1170x780-1.jpg\",\"width\":1170,\"height\":780},{\"@type\":\"BreadcrumbList\",\"@id\":\"https:\\\/\\\/www.herzegovinabike.ba\\\/blidinje-bike-festival-jos-jednom-stavio-blidinje-na-globalnu-kartu-cikloturizma\\\/#breadcrumb\",\"itemListElement\":[{\"@type\":\"ListItem\",\"position\":1,\"name\":\"Po\u010detna stranica\",\"item\":\"https:\\\/\\\/www.herzegovinabike.ba\\\/\"},{\"@type\":\"ListItem\",\"position\":2,\"name\":\"Blidinje BIKE Festival jo\u0161 jednom stavio Blidinje na globalnu kartu cikloturizma\"}]},{\"@type\":\"WebSite\",\"@id\":\"https:\\\/\\\/www.herzegovinabike.ba\\\/#website\",\"url\":\"https:\\\/\\\/www.herzegovinabike.ba\\\/\",\"name\":\"HerzegovinaBike\",\"description\":\"Your place under the sun\",\"publisher\":{\"@id\":\"https:\\\/\\\/www.herzegovinabike.ba\\\/#organization\"},\"potentialAction\":[{\"@type\":\"SearchAction\",\"target\":{\"@type\":\"EntryPoint\",\"urlTemplate\":\"https:\\\/\\\/www.herzegovinabike.ba\\\/?s={search_term_string}\"},\"query-input\":{\"@type\":\"PropertyValueSpecification\",\"valueRequired\":true,\"valueName\":\"search_term_string\"}}],\"inLanguage\":\"en-US\"},{\"@type\":\"Organization\",\"@id\":\"https:\\\/\\\/www.herzegovinabike.ba\\\/#organization\",\"name\":\"Udruga HerzegovinaBike\",\"url\":\"https:\\\/\\\/www.herzegovinabike.ba\\\/\",\"logo\":{\"@type\":\"ImageObject\",\"inLanguage\":\"en-US\",\"@id\":\"https:\\\/\\\/www.herzegovinabike.ba\\\/#\\\/schema\\\/logo\\\/image\\\/\",\"url\":\"https:\\\/\\\/www.bike.herzegovinabike.ba\\\/wp-content\\\/uploads\\\/2023\\\/11\\\/herzegovina_bike_logo_horizontal.png\",\"contentUrl\":\"https:\\\/\\\/www.bike.herzegovinabike.ba\\\/wp-content\\\/uploads\\\/2023\\\/11\\\/herzegovina_bike_logo_horizontal.png\",\"width\":1757,\"height\":1061,\"caption\":\"Udruga HerzegovinaBike\"},\"image\":{\"@id\":\"https:\\\/\\\/www.herzegovinabike.ba\\\/#\\\/schema\\\/logo\\\/image\\\/\"},\"sameAs\":[\"https:\\\/\\\/www.facebook.com\\\/HerzegovinaBike\",\"https:\\\/\\\/www.instagram.com\\\/herzegovinabike\\\/\"]},{\"@type\":\"Person\",\"@id\":\"https:\\\/\\\/www.herzegovinabike.ba\\\/#\\\/schema\\\/person\\\/1161ca5c7a242dc0e69d24c0fb304ccb\",\"name\":\"Herzegovina Bike\",\"image\":{\"@type\":\"ImageObject\",\"inLanguage\":\"en-US\",\"@id\":\"https:\\\/\\\/secure.gravatar.com\\\/avatar\\\/236a03b53b73db89b68d17aa2f415bb2a2d3b326d0632f3a602c6c9cacba1ff0?s=96&d=mm&r=g\",\"url\":\"https:\\\/\\\/secure.gravatar.com\\\/avatar\\\/236a03b53b73db89b68d17aa2f415bb2a2d3b326d0632f3a602c6c9cacba1ff0?s=96&d=mm&r=g\",\"contentUrl\":\"https:\\\/\\\/secure.gravatar.com\\\/avatar\\\/236a03b53b73db89b68d17aa2f415bb2a2d3b326d0632f3a602c6c9cacba1ff0?s=96&d=mm&r=g\",\"caption\":\"Herzegovina Bike\"},\"description\":\"Udruga \u201cHerzegovinaBike\u201d je pokreta\u010d (i sredi\u0161te) razvoja biciklizma kao cikloturizma, rekreacije i sporta u Hercegovini. CILJ: Hercegovina kao vrhunska cikloturisti\u010dka destinacija. \u2705\",\"sameAs\":[\"https:\\\/\\\/www.herzegovinabike.ba\\\/\",\"https:\\\/\\\/www.facebook.com\\\/HerzegovinaBike\\\/\",\"https:\\\/\\\/www.instagram.com\\\/herzegovinabike\\\/\",\"https:\\\/\\\/www.linkedin.com\\\/in\\\/herzegovina-bike-ba605a29b\\\/\",\"https:\\\/\\\/x.com\\\/https:\\\/\\\/twitter.com\\\/HerzegovinaBike\",\"https:\\\/\\\/www.youtube.com\\\/channel\\\/UCOFGFUHmcGVzVHD9WgOGTrA\"],\"url\":\"https:\\\/\\\/www.herzegovinabike.ba\\\/en\\\/author\\\/toni\\\/\"}]}<\/script>\n<!-- \/ Yoast SEO Premium plugin. -->","yoast_head_json":{"title":"Blidinje BIKE Festival jo\u0161 jednom stavio Blidinje na globalnu kartu cikloturizma - HerzegovinaBike","description":"Tri dana doga\u0111anja, popunjen cijeli tjedan i preko 600 sudionika i gostiju iz zemalja regije,su samo neke brojke s Blidinje BIKE Festivala","robots":{"index":"index","follow":"follow","max-snippet":"max-snippet:-1","max-image-preview":"max-image-preview:large","max-video-preview":"max-video-preview:-1"},"canonical":"https:\/\/www.herzegovinabike.ba\/en\/blidinje-bike-festival-jos-jednom-stavio-blidinje-na-globalnu-kartu-cikloturizma\/","og_locale":"en_US","og_type":"article","og_title":"Blidinje BIKE Festival jo\u0161 jednom stavio Blidinje na globalnu kartu cikloturizma","og_description":"Tri dana doga\u0111anja, popunjen cijeli tjedan i preko 600 sudionika i gostiju iz zemalja regije,su samo neke brojke s Blidinje BIKE Festivala","og_url":"https:\/\/www.herzegovinabike.ba\/en\/blidinje-bike-festival-jos-jednom-stavio-blidinje-na-globalnu-kartu-cikloturizma\/","og_site_name":"HerzegovinaBike","article_publisher":"https:\/\/www.facebook.com\/HerzegovinaBike","article_author":"https:\/\/www.facebook.com\/HerzegovinaBike\/","article_published_time":"2023-11-11T00:01:00+00:00","article_modified_time":"2025-06-25T01:17:07+00:00","og_image":[{"width":1170,"height":780,"url":"https:\/\/www.herzegovinabike.ba\/wp-content\/uploads\/2023\/11\/BBF-slika-nasov-HB-1170x780-1.jpg","type":"image\/jpeg"}],"author":"Herzegovina Bike","twitter_card":"summary_large_image","twitter_creator":"@https:\/\/twitter.com\/HerzegovinaBike","twitter_misc":{"Written by":"Herzegovina Bike","Est. reading time":"6 minutes"},"schema":{"@context":"https:\/\/schema.org","@graph":[{"@type":"Article","@id":"https:\/\/www.herzegovinabike.ba\/blidinje-bike-festival-jos-jednom-stavio-blidinje-na-globalnu-kartu-cikloturizma\/#article","isPartOf":{"@id":"https:\/\/www.herzegovinabike.ba\/blidinje-bike-festival-jos-jednom-stavio-blidinje-na-globalnu-kartu-cikloturizma\/"},"author":{"name":"Herzegovina Bike","@id":"https:\/\/www.herzegovinabike.ba\/#\/schema\/person\/1161ca5c7a242dc0e69d24c0fb304ccb"},"headline":"Blidinje BIKE Festival jo\u0161 jednom stavio Blidinje na globalnu kartu cikloturizma","datePublished":"2023-11-11T00:01:00+00:00","dateModified":"2025-06-25T01:17:07+00:00","mainEntityOfPage":{"@id":"https:\/\/www.herzegovinabike.ba\/blidinje-bike-festival-jos-jednom-stavio-blidinje-na-globalnu-kartu-cikloturizma\/"},"wordCount":946,"publisher":{"@id":"https:\/\/www.herzegovinabike.ba\/#organization"},"image":{"@id":"https:\/\/www.herzegovinabike.ba\/blidinje-bike-festival-jos-jednom-stavio-blidinje-na-globalnu-kartu-cikloturizma\/#primaryimage"},"thumbnailUrl":"https:\/\/www.herzegovinabike.ba\/wp-content\/uploads\/2023\/11\/BBF-slika-nasov-HB-1170x780-1.jpg","articleSection":["Novosti"],"inLanguage":"en-US"},{"@type":"WebPage","@id":"https:\/\/www.herzegovinabike.ba\/blidinje-bike-festival-jos-jednom-stavio-blidinje-na-globalnu-kartu-cikloturizma\/","url":"https:\/\/www.herzegovinabike.ba\/blidinje-bike-festival-jos-jednom-stavio-blidinje-na-globalnu-kartu-cikloturizma\/","name":"Blidinje BIKE Festival jo\u0161 jednom stavio Blidinje na globalnu kartu cikloturizma - HerzegovinaBike","isPartOf":{"@id":"https:\/\/www.herzegovinabike.ba\/#website"},"primaryImageOfPage":{"@id":"https:\/\/www.herzegovinabike.ba\/blidinje-bike-festival-jos-jednom-stavio-blidinje-na-globalnu-kartu-cikloturizma\/#primaryimage"},"image":{"@id":"https:\/\/www.herzegovinabike.ba\/blidinje-bike-festival-jos-jednom-stavio-blidinje-na-globalnu-kartu-cikloturizma\/#primaryimage"},"thumbnailUrl":"https:\/\/www.herzegovinabike.ba\/wp-content\/uploads\/2023\/11\/BBF-slika-nasov-HB-1170x780-1.jpg","datePublished":"2023-11-11T00:01:00+00:00","dateModified":"2025-06-25T01:17:07+00:00","description":"Tri dana doga\u0111anja, popunjen cijeli tjedan i preko 600 sudionika i gostiju iz zemalja regije,su samo neke brojke s Blidinje BIKE Festivala","breadcrumb":{"@id":"https:\/\/www.herzegovinabike.ba\/blidinje-bike-festival-jos-jednom-stavio-blidinje-na-globalnu-kartu-cikloturizma\/#breadcrumb"},"inLanguage":"en-US","potentialAction":[{"@type":"ReadAction","target":["https:\/\/www.herzegovinabike.ba\/blidinje-bike-festival-jos-jednom-stavio-blidinje-na-globalnu-kartu-cikloturizma\/"]}]},{"@type":"ImageObject","inLanguage":"en-US","@id":"https:\/\/www.herzegovinabike.ba\/blidinje-bike-festival-jos-jednom-stavio-blidinje-na-globalnu-kartu-cikloturizma\/#primaryimage","url":"https:\/\/www.herzegovinabike.ba\/wp-content\/uploads\/2023\/11\/BBF-slika-nasov-HB-1170x780-1.jpg","contentUrl":"https:\/\/www.herzegovinabike.ba\/wp-content\/uploads\/2023\/11\/BBF-slika-nasov-HB-1170x780-1.jpg","width":1170,"height":780},{"@type":"BreadcrumbList","@id":"https:\/\/www.herzegovinabike.ba\/blidinje-bike-festival-jos-jednom-stavio-blidinje-na-globalnu-kartu-cikloturizma\/#breadcrumb","itemListElement":[{"@type":"ListItem","position":1,"name":"Po\u010detna stranica","item":"https:\/\/www.herzegovinabike.ba\/"},{"@type":"ListItem","position":2,"name":"Blidinje BIKE Festival jo\u0161 jednom stavio Blidinje na globalnu kartu cikloturizma"}]},{"@type":"WebSite","@id":"https:\/\/www.herzegovinabike.ba\/#website","url":"https:\/\/www.herzegovinabike.ba\/","name":"HerzegovinaBike","description":"Your place under the sun","publisher":{"@id":"https:\/\/www.herzegovinabike.ba\/#organization"},"potentialAction":[{"@type":"SearchAction","target":{"@type":"EntryPoint","urlTemplate":"https:\/\/www.herzegovinabike.ba\/?s={search_term_string}"},"query-input":{"@type":"PropertyValueSpecification","valueRequired":true,"valueName":"search_term_string"}}],"inLanguage":"en-US"},{"@type":"Organization","@id":"https:\/\/www.herzegovinabike.ba\/#organization","name":"Association HerzegovinaBike","url":"https:\/\/www.herzegovinabike.ba\/","logo":{"@type":"ImageObject","inLanguage":"en-US","@id":"https:\/\/www.herzegovinabike.ba\/#\/schema\/logo\/image\/","url":"https:\/\/www.bike.herzegovinabike.ba\/wp-content\/uploads\/2023\/11\/herzegovina_bike_logo_horizontal.png","contentUrl":"https:\/\/www.bike.herzegovinabike.ba\/wp-content\/uploads\/2023\/11\/herzegovina_bike_logo_horizontal.png","width":1757,"height":1061,"caption":"Udruga HerzegovinaBike"},"image":{"@id":"https:\/\/www.herzegovinabike.ba\/#\/schema\/logo\/image\/"},"sameAs":["https:\/\/www.facebook.com\/HerzegovinaBike","https:\/\/www.instagram.com\/herzegovinabike\/"]},{"@type":"Person","@id":"https:\/\/www.herzegovinabike.ba\/#\/schema\/person\/1161ca5c7a242dc0e69d24c0fb304ccb","name":"Herzegovina Bike","image":{"@type":"ImageObject","inLanguage":"en-US","@id":"https:\/\/secure.gravatar.com\/avatar\/236a03b53b73db89b68d17aa2f415bb2a2d3b326d0632f3a602c6c9cacba1ff0?s=96&d=mm&r=g","url":"https:\/\/secure.gravatar.com\/avatar\/236a03b53b73db89b68d17aa2f415bb2a2d3b326d0632f3a602c6c9cacba1ff0?s=96&d=mm&r=g","contentUrl":"https:\/\/secure.gravatar.com\/avatar\/236a03b53b73db89b68d17aa2f415bb2a2d3b326d0632f3a602c6c9cacba1ff0?s=96&d=mm&r=g","caption":"Herzegovina Bike"},"description":"Udruga \u201cHerzegovinaBike\u201d je pokreta\u010d (i sredi\u0161te) razvoja biciklizma kao cikloturizma, rekreacije i sporta u Hercegovini. CILJ: Hercegovina kao vrhunska cikloturisti\u010dka destinacija. \u2705","sameAs":["https:\/\/www.herzegovinabike.ba\/","https:\/\/www.facebook.com\/HerzegovinaBike\/","https:\/\/www.instagram.com\/herzegovinabike\/","https:\/\/www.linkedin.com\/in\/herzegovina-bike-ba605a29b\/","https:\/\/x.com\/https:\/\/twitter.com\/HerzegovinaBike","https:\/\/www.youtube.com\/channel\/UCOFGFUHmcGVzVHD9WgOGTrA"],"url":"https:\/\/www.herzegovinabike.ba\/en\/author\/toni\/"}]}},"_links":{"self":[{"href":"https:\/\/www.herzegovinabike.ba\/en\/wp-json\/wp\/v2\/posts\/9159","targetHints":{"allow":["GET"]}}],"collection":[{"href":"https:\/\/www.herzegovinabike.ba\/en\/wp-json\/wp\/v2\/posts"}],"about":[{"href":"https:\/\/www.herzegovinabike.ba\/en\/wp-json\/wp\/v2\/types\/post"}],"author":[{"embeddable":true,"href":"https:\/\/www.herzegovinabike.ba\/en\/wp-json\/wp\/v2\/users\/2"}],"replies":[{"embeddable":true,"href":"https:\/\/www.herzegovinabike.ba\/en\/wp-json\/wp\/v2\/comments?post=9159"}],"version-history":[{"count":5,"href":"https:\/\/www.herzegovinabike.ba\/en\/wp-json\/wp\/v2\/posts\/9159\/revisions"}],"predecessor-version":[{"id":18499,"href":"https:\/\/www.herzegovinabike.ba\/en\/wp-json\/wp\/v2\/posts\/9159\/revisions\/18499"}],"wp:featuredmedia":[{"embeddable":true,"href":"https:\/\/www.herzegovinabike.ba\/en\/wp-json\/wp\/v2\/media\/9160"}],"wp:attachment":[{"href":"https:\/\/www.herzegovinabike.ba\/en\/wp-json\/wp\/v2\/media?parent=9159"}],"wp:term":[{"taxonomy":"category","embeddable":true,"href":"https:\/\/www.herzegovinabike.ba\/en\/wp-json\/wp\/v2\/categories?post=9159"},{"taxonomy":"post_tag","embeddable":true,"href":"https:\/\/www.herzegovinabike.ba\/en\/wp-json\/wp\/v2\/tags?post=9159"}],"curies":[{"name":"wp","href":"https:\/\/api.w.org\/{rel}","templated":true}]}}