{"id":9184,"date":"2023-11-11T01:21:29","date_gmt":"2023-11-11T00:21:29","guid":{"rendered":"https:\/\/www.bike.herzegovinabike.ba\/?p=9184"},"modified":"2025-06-25T03:17:06","modified_gmt":"2025-06-25T01:17:06","slug":"ciro-trail-360-biciklista-promoviralo-turisticku-ponudu-bosne-i-hercegovine","status":"publish","type":"post","link":"https:\/\/www.herzegovinabike.ba\/en\/ciro-trail-360-biciklista-promoviralo-turisticku-ponudu-bosne-i-hercegovine\/","title":{"rendered":"\u0106iro Trail: 360 cyclists promoted the tourist offer of Bosnia and Herzegovina"},"content":{"rendered":"<p><strong>Ovogodi\u0161nji&nbsp;<a href=\"https:\/\/bikemagazin.info\/?s=ciro\" target=\"_blank\" rel=\"noreferrer noopener\">\u201c\u0106IRO\u201d<\/a>&nbsp;doga\u0111aj zabilje\u017eio je mnogo ve\u0107e sudjelovanje gostiju iz zemalja regije, kao i cijele Bosne i Hercegovine.<\/strong><\/p>\n\n\n\n<p>Nedjelja je do\u017eivjela povratak biciklisti\u010dkog doga\u0111aja za cijele obitelji, prve u nizu od \u0161est planiranih biciklijada \u201c\u0106irinom prugom\u201d koja je cijelom du\u017einom rute bez prometa i promovira cikloturisti\u010dku ponudu Bosne i Hercegovine.<\/p>\n\n\n\n<div class=\"wp-block-columns is-layout-flex wp-container-core-columns-is-layout-9d6595d7 wp-block-columns-is-layout-flex\">\n<div class=\"wp-block-column is-layout-flow wp-block-column-is-layout-flow\">\n<figure class=\"wp-block-image size-large\"><img loading=\"lazy\" decoding=\"async\" width=\"1024\" height=\"683\" src=\"https:\/\/www.bike.herzegovinabike.ba\/wp-content\/uploads\/2023\/11\/Ciro-Mostar-Capljina-slika-11-1024x683.jpeg\" alt=\"\" class=\"wp-image-9186\" srcset=\"https:\/\/www.herzegovinabike.ba\/wp-content\/uploads\/2023\/11\/Ciro-Mostar-Capljina-slika-11-1024x683.jpeg 1024w, https:\/\/www.herzegovinabike.ba\/wp-content\/uploads\/2023\/11\/Ciro-Mostar-Capljina-slika-11-600x400.jpeg 600w, https:\/\/www.herzegovinabike.ba\/wp-content\/uploads\/2023\/11\/Ciro-Mostar-Capljina-slika-11-300x200.jpeg 300w, https:\/\/www.herzegovinabike.ba\/wp-content\/uploads\/2023\/11\/Ciro-Mostar-Capljina-slika-11-768x512.jpeg 768w, https:\/\/www.herzegovinabike.ba\/wp-content\/uploads\/2023\/11\/Ciro-Mostar-Capljina-slika-11-18x12.jpeg 18w, https:\/\/www.herzegovinabike.ba\/wp-content\/uploads\/2023\/11\/Ciro-Mostar-Capljina-slika-11.jpeg 1200w\" sizes=\"auto, (max-width: 1024px) 100vw, 1024px\" \/><figcaption class=\"wp-element-caption\"><em>Foto: Stanislava Borovac<\/em><\/figcaption><\/figure>\n<\/div>\n\n\n\n<div class=\"wp-block-column is-layout-flow wp-block-column-is-layout-flow\">\n<figure class=\"wp-block-image size-large\"><img loading=\"lazy\" decoding=\"async\" width=\"1024\" height=\"683\" src=\"https:\/\/www.bike.herzegovinabike.ba\/wp-content\/uploads\/2023\/11\/Ciro-Mostar-Capljina-slika-12-1024x683.jpeg\" alt=\"\" class=\"wp-image-9187\" srcset=\"https:\/\/www.herzegovinabike.ba\/wp-content\/uploads\/2023\/11\/Ciro-Mostar-Capljina-slika-12-1024x683.jpeg 1024w, https:\/\/www.herzegovinabike.ba\/wp-content\/uploads\/2023\/11\/Ciro-Mostar-Capljina-slika-12-600x400.jpeg 600w, https:\/\/www.herzegovinabike.ba\/wp-content\/uploads\/2023\/11\/Ciro-Mostar-Capljina-slika-12-300x200.jpeg 300w, https:\/\/www.herzegovinabike.ba\/wp-content\/uploads\/2023\/11\/Ciro-Mostar-Capljina-slika-12-768x512.jpeg 768w, https:\/\/www.herzegovinabike.ba\/wp-content\/uploads\/2023\/11\/Ciro-Mostar-Capljina-slika-12-18x12.jpeg 18w, https:\/\/www.herzegovinabike.ba\/wp-content\/uploads\/2023\/11\/Ciro-Mostar-Capljina-slika-12.jpeg 1200w\" sizes=\"auto, (max-width: 1024px) 100vw, 1024px\" \/><figcaption class=\"wp-element-caption\"><em>Foto: Stanislava Borovac<\/em><\/figcaption><\/figure>\n<\/div>\n<\/div>\n\n\n\n<p>Masovni biciklisti\u010dki doga\u0111aj koji promovira turisti\u010dku ponudu Bosne i Hercegovine na dva kota\u010da vratio se nakon zimske pauze i, po rije\u010dima organizatora, bio je to jedan od najmasovnijih doga\u0111aja od 2015 godine, kada je uspostavljena \u201c\u0106IRO\u201d cikloturisti\u010dka staza od Mostara do Dubrovnika. Velika masa biciklista koja je krenula iz Mostara uklju\u010divala je jako velik broj biciklista iz zemalja regije, tako da slobodno mo\u017eemo kazati da \u0106irine biciklijade postaju masovni regionalni doga\u0111aj.<\/p>\n\n\n<div class=\"wp-block-image\">\n<figure class=\"aligncenter\"><img decoding=\"async\" src=\"https:\/\/bikemagazin.info\/wp-content\/uploads\/2023\/03\/Ciro-bicikijada-4-1024x683.jpg\" alt=\"Ciro Trail\" class=\"wp-image-10207\"\/><figcaption class=\"wp-element-caption\">Foto: Stanislava Borovac<\/figcaption><\/figure>\n<\/div>\n\n\n<p><\/p>\n\n\n\n<p>\u201c<em>Presretni smo, pomalo umorni i jo\u0161 uvijek pod impresijama nakon ju\u010dera\u0161njeg doga\u0111aja. Uspjeli smo, jo\u0161 jednom smo poslali prelijepu sliku iz Hercegovine i ju\u010der je Hercegovina do\u017eivjela svoju veliku promociju. Osim medija koji su dali podr\u0161ku ovom doga\u0111aju, ne smijemo ni zaboraviti dru\u0161tvene mre\u017ee i njihov organski doseg, kada je 360 sudionika doga\u0111aja dijelilo fotografije i video snimke iz Bosne i Hercegovine. Ljudi su izlazili na ulice i u nevjerici gledali i pozdravljali rijeku biciklista koji se kretala na dionici Mostar, Blagaj, \u017ditomisli\u0107i sve do Po\u010ditelja i \u010capljine<\/em>\u201c, said\u00a0<strong>Toni Zori\u0107<\/strong>, President of the HerzegovinaBike association.<\/p>\n\n\n\n<div class=\"wp-block-columns is-layout-flex wp-container-core-columns-is-layout-9d6595d7 wp-block-columns-is-layout-flex\">\n<div class=\"wp-block-column is-layout-flow wp-block-column-is-layout-flow\">\n<figure class=\"wp-block-image size-large\"><img loading=\"lazy\" decoding=\"async\" width=\"1024\" height=\"683\" src=\"https:\/\/www.bike.herzegovinabike.ba\/wp-content\/uploads\/2023\/11\/Ciro-Mostar-Capljina-slika-13-1024x683.jpeg\" alt=\"\" class=\"wp-image-9188\" srcset=\"https:\/\/www.herzegovinabike.ba\/wp-content\/uploads\/2023\/11\/Ciro-Mostar-Capljina-slika-13-1024x683.jpeg 1024w, https:\/\/www.herzegovinabike.ba\/wp-content\/uploads\/2023\/11\/Ciro-Mostar-Capljina-slika-13-600x400.jpeg 600w, https:\/\/www.herzegovinabike.ba\/wp-content\/uploads\/2023\/11\/Ciro-Mostar-Capljina-slika-13-300x200.jpeg 300w, https:\/\/www.herzegovinabike.ba\/wp-content\/uploads\/2023\/11\/Ciro-Mostar-Capljina-slika-13-768x512.jpeg 768w, https:\/\/www.herzegovinabike.ba\/wp-content\/uploads\/2023\/11\/Ciro-Mostar-Capljina-slika-13-18x12.jpeg 18w, https:\/\/www.herzegovinabike.ba\/wp-content\/uploads\/2023\/11\/Ciro-Mostar-Capljina-slika-13.jpeg 1200w\" sizes=\"auto, (max-width: 1024px) 100vw, 1024px\" \/><figcaption class=\"wp-element-caption\"><em>Foto: Stanislava Borovac<\/em><\/figcaption><\/figure>\n<\/div>\n\n\n\n<div class=\"wp-block-column is-layout-flow wp-block-column-is-layout-flow\">\n<figure class=\"wp-block-image size-large\"><img loading=\"lazy\" decoding=\"async\" width=\"1024\" height=\"683\" src=\"https:\/\/www.bike.herzegovinabike.ba\/wp-content\/uploads\/2023\/11\/Ciro-bicikijada-5-1170x780-1-1024x683.jpeg\" alt=\"\" class=\"wp-image-9185\" srcset=\"https:\/\/www.herzegovinabike.ba\/wp-content\/uploads\/2023\/11\/Ciro-bicikijada-5-1170x780-1-1024x683.jpeg 1024w, https:\/\/www.herzegovinabike.ba\/wp-content\/uploads\/2023\/11\/Ciro-bicikijada-5-1170x780-1-600x400.jpeg 600w, https:\/\/www.herzegovinabike.ba\/wp-content\/uploads\/2023\/11\/Ciro-bicikijada-5-1170x780-1-300x200.jpeg 300w, https:\/\/www.herzegovinabike.ba\/wp-content\/uploads\/2023\/11\/Ciro-bicikijada-5-1170x780-1-768x512.jpeg 768w, https:\/\/www.herzegovinabike.ba\/wp-content\/uploads\/2023\/11\/Ciro-bicikijada-5-1170x780-1-18x12.jpeg 18w, https:\/\/www.herzegovinabike.ba\/wp-content\/uploads\/2023\/11\/Ciro-bicikijada-5-1170x780-1.jpeg 1170w\" sizes=\"auto, (max-width: 1024px) 100vw, 1024px\" \/><figcaption class=\"wp-element-caption\"><em>Foto: Stanislava Borovac<\/em><\/figcaption><\/figure>\n<\/div>\n<\/div>\n\n\n\n<p>Biciklisti su na svoj cikloturisti\u010dki put krenuli iz Mostara ispred Hrvatskog doma hercega Stjepana Kosa\u010de, a svojim prisustvom goste je pozdravio gradona\u010delnik Grada Mostara dr.<strong>Mario Kordi\u0107<\/strong>,kao i<strong>&nbsp;Ivica Sivri\u0107<\/strong>, direktor regionalne razvojne agencije za Hercegovinu<strong>&nbsp;\u2013&nbsp;<\/strong>REDAH, koji su se provozali na novim Next Bike biciklima. Naime, ju\u010der je uporedo sa sa cikloturisti\u010dkom promocijom Hercegovine, vr\u0161ena i promocija sustava javnnih bicikala Next Bike, koji su od ju\u010der dostupni svim gra\u0111anima Grada Mostara.<\/p>\n\n\n<div class=\"wp-block-image\">\n<figure class=\"aligncenter\"><img decoding=\"async\" src=\"https:\/\/bikemagazin.info\/wp-content\/uploads\/2023\/03\/Ciro-bicikijada-9-1024x683.jpg\" alt=\"Next Bike Mostar\" class=\"wp-image-10210\"\/><figcaption class=\"wp-element-caption\"><em>Foto: Stanislava Borovac<\/em><\/figcaption><\/figure>\n<\/div>\n\n\n<p><\/p>\n\n\n\n<p>\u201c<em>To\u010dno je da je Mostar dobio svoj sustav javnih bicikala Next Bike i izrazito smo ponosni zbog toga. Mnnogo toga pozitivnog do\u017eivjeli smo u posljednje vrijeme i sada smo jako smo zahvalni Gradu Mostaru na ovom potezu te mmo\u017eemo kazati kako Mostar postaje pravi proeuropski grad. Bicikli \u0107e se nalaziti na 10 loakcija u Gradu Mostaru i dostupni su svim gra\u0111anima Mostara, kao i turistima koji su u posjeti na\u0161em gradu<\/em>\", Zori\u0107 added.<\/p>\n\n\n\n<div class=\"wp-block-columns is-layout-flex wp-container-core-columns-is-layout-9d6595d7 wp-block-columns-is-layout-flex\">\n<div class=\"wp-block-column is-layout-flow wp-block-column-is-layout-flow\">\n<figure class=\"wp-block-image size-large\"><img loading=\"lazy\" decoding=\"async\" width=\"1024\" height=\"683\" src=\"https:\/\/www.bike.herzegovinabike.ba\/wp-content\/uploads\/2023\/11\/Ciro-Mostar-Capljina-slika-14-1024x683.jpeg\" alt=\"\" class=\"wp-image-9189\" srcset=\"https:\/\/www.herzegovinabike.ba\/wp-content\/uploads\/2023\/11\/Ciro-Mostar-Capljina-slika-14-1024x683.jpeg 1024w, https:\/\/www.herzegovinabike.ba\/wp-content\/uploads\/2023\/11\/Ciro-Mostar-Capljina-slika-14-600x400.jpeg 600w, https:\/\/www.herzegovinabike.ba\/wp-content\/uploads\/2023\/11\/Ciro-Mostar-Capljina-slika-14-300x200.jpeg 300w, https:\/\/www.herzegovinabike.ba\/wp-content\/uploads\/2023\/11\/Ciro-Mostar-Capljina-slika-14-768x512.jpeg 768w, https:\/\/www.herzegovinabike.ba\/wp-content\/uploads\/2023\/11\/Ciro-Mostar-Capljina-slika-14-18x12.jpeg 18w, https:\/\/www.herzegovinabike.ba\/wp-content\/uploads\/2023\/11\/Ciro-Mostar-Capljina-slika-14.jpeg 1200w\" sizes=\"auto, (max-width: 1024px) 100vw, 1024px\" \/><figcaption class=\"wp-element-caption\"><em>Foto: Stanislava Borovac<\/em><\/figcaption><\/figure>\n<\/div>\n\n\n\n<div class=\"wp-block-column is-layout-flow wp-block-column-is-layout-flow\">\n<figure class=\"wp-block-image size-large\"><img loading=\"lazy\" decoding=\"async\" width=\"1024\" height=\"683\" src=\"https:\/\/www.bike.herzegovinabike.ba\/wp-content\/uploads\/2023\/11\/Ciro-Mostar-Capljina-slika-15-1024x683.jpeg\" alt=\"\" class=\"wp-image-9190\" srcset=\"https:\/\/www.herzegovinabike.ba\/wp-content\/uploads\/2023\/11\/Ciro-Mostar-Capljina-slika-15-1024x683.jpeg 1024w, https:\/\/www.herzegovinabike.ba\/wp-content\/uploads\/2023\/11\/Ciro-Mostar-Capljina-slika-15-600x400.jpeg 600w, https:\/\/www.herzegovinabike.ba\/wp-content\/uploads\/2023\/11\/Ciro-Mostar-Capljina-slika-15-300x200.jpeg 300w, https:\/\/www.herzegovinabike.ba\/wp-content\/uploads\/2023\/11\/Ciro-Mostar-Capljina-slika-15-768x512.jpeg 768w, https:\/\/www.herzegovinabike.ba\/wp-content\/uploads\/2023\/11\/Ciro-Mostar-Capljina-slika-15-18x12.jpeg 18w, https:\/\/www.herzegovinabike.ba\/wp-content\/uploads\/2023\/11\/Ciro-Mostar-Capljina-slika-15.jpeg 1200w\" sizes=\"auto, (max-width: 1024px) 100vw, 1024px\" \/><figcaption class=\"wp-element-caption\"><em>Foto: Stanislava Borovac<\/em><\/figcaption><\/figure>\n<\/div>\n<\/div>\n\n\n\n<p>Bitno je kazati kako turisti\u010dka promocija Hercegovine ne prestaje sa ju\u010dera\u0161njim doga\u0111ajem i organizatori ve\u0107 pozivaju na sudjelovanje na \u0106irinu biciklijadu koja se odr\u017eava ve\u0107 u Nedelju; 02.04.2023 godine. U ovoj biciklijadi koja nas vodi od Zavale do Trebinja, gosti \u0107e mo\u0107i posjetiti Spilju Vjetrenicu, stare \u010ciro stannice koje se nalaze uz nekada\u0161nju trasu \u0106iro pruge, sve do Trebinja, prelijepog turisti\u010dkog gradi\u0107a na jugu Hercegovine, gdje \u0107e nas gosti iz Trebinja provesti kroz stari grad Trebinje i upoznati nas sa svim znamenitostima svog grada.<\/p>\n\n\n<div class=\"wp-block-image\">\n<figure class=\"aligncenter\"><img decoding=\"async\" src=\"https:\/\/bikemagazin.info\/wp-content\/uploads\/2023\/03\/Ciro-bicikijada-6-1024x683.jpg\" alt=\"\" class=\"wp-image-10215\"\/><figcaption class=\"wp-element-caption\"><em>Foto: Stanislava Borovac<\/em><\/figcaption><\/figure>\n<\/div>\n\n\n<p><\/p>\n\n\n\n<p>Vi\u0161e o nadolaze\u0107em doga\u0111aju mo\u017eete prona\u0107i\u00a0<strong><a href=\"https:\/\/ciro-trail.com\/biciklijada-cirinom-prugom-zavala-trebinje\/\" target=\"_blank\" rel=\"noreferrer noopener\">HERE<\/a><\/strong>.<\/p>\n\n\n\n<p>Na kraju organizatori se zahvaljuju svim medijima, sudionicima doga\u0111aja i naravno pokroviteljima prve \u0106IRO biciklijade:&nbsp;<strong><a href=\"https:\/\/www.mostar.ba\/\" target=\"_blank\" rel=\"noreferrer noopener\">City of Mostar<\/a>;&nbsp;<a href=\"https:\/\/www.hteronet.ba\/privatni-korisnici\" target=\"_blank\" rel=\"noreferrer noopener\">HT Eronet<\/a>;&nbsp;<a href=\"https:\/\/www.hercegovina.ba\/\" target=\"_blank\" rel=\"noreferrer noopener\">Tourist Board of HN\u017d\/K<\/a>;&nbsp;<a href=\"https:\/\/jabihcapriolo.com\/\" target=\"_blank\" rel=\"noreferrer noopener\">Capriolo SC Mostar<\/a>;&nbsp;<a href=\"http:\/\/www.leda.ba\/\" target=\"_blank\" rel=\"noreferrer noopener\">Voda Leda<\/a>&nbsp;and&nbsp;<a href=\"https:\/\/hercegovinavino.ba\/\" target=\"_blank\" rel=\"noreferrer noopener\">Hercegovina Vino<\/a><\/strong>.<\/p>","protected":false},"excerpt":{"rendered":"<p>Ovogodi\u0161nji&nbsp;\u201c\u0106IRO\u201d&nbsp;doga\u0111aj zabilje\u017eio je mnogo ve\u0107e sudjelovanje gostiju iz zemalja regije, kao i cijele Bosne i Hercegovine. Nedjelja je do\u017eivjela povratak biciklisti\u010dkog doga\u0111aja za cijele obitelji, prve u nizu od \u0161est planiranih biciklijada \u201c\u0106irinom prugom\u201d koja je cijelom du\u017einom rute bez prometa i promovira cikloturisti\u010dku ponudu Bosne i Hercegovine. Masovni biciklisti\u010dki doga\u0111aj koji promovira turisti\u010dku ponudu [&hellip;]<\/p>\n","protected":false},"author":2,"featured_media":9185,"comment_status":"closed","ping_status":"open","sticky":false,"template":"","format":"standard","meta":{"footnotes":""},"categories":[76],"tags":[],"class_list":["post-9184","post","type-post","status-publish","format-standard","has-post-thumbnail","hentry","category-novosti"],"yoast_head":"<!-- This site is optimized with the Yoast SEO Premium plugin v21.5 (Yoast SEO v27.4) - https:\/\/yoast.com\/product\/yoast-seo-premium-wordpress\/ -->\n<title>\u0106iro Trail: 360 biciklista promoviralo turisti\u010dku ponudu Bosne i Hercegovine - HerzegovinaBike<\/title>\n<meta name=\"description\" content=\"Ovogodi\u0161nji\u00a0\u201c\u0106IRO\u201d\u00a0doga\u0111aj zabilje\u017eio je mnogo ve\u0107e sudjelovanje gostiju iz zemalja regije, kao i cijele Bosne i Hercegovine.\" \/>\n<meta name=\"robots\" content=\"index, follow, max-snippet:-1, max-image-preview:large, max-video-preview:-1\" \/>\n<link rel=\"canonical\" href=\"https:\/\/www.herzegovinabike.ba\/en\/ciro-trail-360-biciklista-promoviralo-turisticku-ponudu-bosne-i-hercegovine\/\" \/>\n<meta property=\"og:locale\" content=\"en_US\" \/>\n<meta property=\"og:type\" content=\"article\" \/>\n<meta property=\"og:title\" content=\"\u0106iro Trail: 360 biciklista promoviralo turisti\u010dku ponudu Bosne i Hercegovine\" \/>\n<meta property=\"og:description\" content=\"Ovogodi\u0161nji\u00a0\u201c\u0106IRO\u201d\u00a0doga\u0111aj zabilje\u017eio je mnogo ve\u0107e sudjelovanje gostiju iz zemalja regije, kao i cijele Bosne i Hercegovine.\" \/>\n<meta property=\"og:url\" content=\"https:\/\/www.herzegovinabike.ba\/en\/ciro-trail-360-biciklista-promoviralo-turisticku-ponudu-bosne-i-hercegovine\/\" \/>\n<meta property=\"og:site_name\" content=\"HerzegovinaBike\" \/>\n<meta property=\"article:publisher\" content=\"https:\/\/www.facebook.com\/HerzegovinaBike\" \/>\n<meta property=\"article:author\" content=\"https:\/\/www.facebook.com\/HerzegovinaBike\/\" \/>\n<meta property=\"article:published_time\" content=\"2023-11-11T00:21:29+00:00\" \/>\n<meta property=\"article:modified_time\" content=\"2025-06-25T01:17:06+00:00\" \/>\n<meta property=\"og:image\" content=\"https:\/\/www.herzegovinabike.ba\/wp-content\/uploads\/2023\/11\/Ciro-bicikijada-5-1170x780-1.jpeg\" \/>\n\t<meta property=\"og:image:width\" content=\"1170\" \/>\n\t<meta property=\"og:image:height\" content=\"780\" \/>\n\t<meta property=\"og:image:type\" content=\"image\/jpeg\" \/>\n<meta name=\"author\" content=\"Herzegovina Bike\" \/>\n<meta name=\"twitter:card\" content=\"summary_large_image\" \/>\n<meta name=\"twitter:creator\" content=\"@https:\/\/twitter.com\/HerzegovinaBike\" \/>\n<meta name=\"twitter:label1\" content=\"Written by\" \/>\n\t<meta name=\"twitter:data1\" content=\"Herzegovina Bike\" \/>\n\t<meta name=\"twitter:label2\" content=\"Est. reading time\" \/>\n\t<meta name=\"twitter:data2\" content=\"5 minutes\" \/>\n<script type=\"application\/ld+json\" class=\"yoast-schema-graph\">{\"@context\":\"https:\\\/\\\/schema.org\",\"@graph\":[{\"@type\":\"Article\",\"@id\":\"https:\\\/\\\/www.herzegovinabike.ba\\\/ciro-trail-360-biciklista-promoviralo-turisticku-ponudu-bosne-i-hercegovine\\\/#article\",\"isPartOf\":{\"@id\":\"https:\\\/\\\/www.herzegovinabike.ba\\\/ciro-trail-360-biciklista-promoviralo-turisticku-ponudu-bosne-i-hercegovine\\\/\"},\"author\":{\"name\":\"Herzegovina Bike\",\"@id\":\"https:\\\/\\\/www.herzegovinabike.ba\\\/#\\\/schema\\\/person\\\/1161ca5c7a242dc0e69d24c0fb304ccb\"},\"headline\":\"\u0106iro Trail: 360 biciklista promoviralo turisti\u010dku ponudu Bosne i Hercegovine\",\"datePublished\":\"2023-11-11T00:21:29+00:00\",\"dateModified\":\"2025-06-25T01:17:06+00:00\",\"mainEntityOfPage\":{\"@id\":\"https:\\\/\\\/www.herzegovinabike.ba\\\/ciro-trail-360-biciklista-promoviralo-turisticku-ponudu-bosne-i-hercegovine\\\/\"},\"wordCount\":590,\"publisher\":{\"@id\":\"https:\\\/\\\/www.herzegovinabike.ba\\\/#organization\"},\"image\":{\"@id\":\"https:\\\/\\\/www.herzegovinabike.ba\\\/ciro-trail-360-biciklista-promoviralo-turisticku-ponudu-bosne-i-hercegovine\\\/#primaryimage\"},\"thumbnailUrl\":\"https:\\\/\\\/www.herzegovinabike.ba\\\/wp-content\\\/uploads\\\/2023\\\/11\\\/Ciro-bicikijada-5-1170x780-1.jpeg\",\"articleSection\":[\"Novosti\"],\"inLanguage\":\"en-US\"},{\"@type\":\"WebPage\",\"@id\":\"https:\\\/\\\/www.herzegovinabike.ba\\\/ciro-trail-360-biciklista-promoviralo-turisticku-ponudu-bosne-i-hercegovine\\\/\",\"url\":\"https:\\\/\\\/www.herzegovinabike.ba\\\/ciro-trail-360-biciklista-promoviralo-turisticku-ponudu-bosne-i-hercegovine\\\/\",\"name\":\"\u0106iro Trail: 360 biciklista promoviralo turisti\u010dku ponudu Bosne i Hercegovine - HerzegovinaBike\",\"isPartOf\":{\"@id\":\"https:\\\/\\\/www.herzegovinabike.ba\\\/#website\"},\"primaryImageOfPage\":{\"@id\":\"https:\\\/\\\/www.herzegovinabike.ba\\\/ciro-trail-360-biciklista-promoviralo-turisticku-ponudu-bosne-i-hercegovine\\\/#primaryimage\"},\"image\":{\"@id\":\"https:\\\/\\\/www.herzegovinabike.ba\\\/ciro-trail-360-biciklista-promoviralo-turisticku-ponudu-bosne-i-hercegovine\\\/#primaryimage\"},\"thumbnailUrl\":\"https:\\\/\\\/www.herzegovinabike.ba\\\/wp-content\\\/uploads\\\/2023\\\/11\\\/Ciro-bicikijada-5-1170x780-1.jpeg\",\"datePublished\":\"2023-11-11T00:21:29+00:00\",\"dateModified\":\"2025-06-25T01:17:06+00:00\",\"description\":\"Ovogodi\u0161nji\u00a0\u201c\u0106IRO\u201d\u00a0doga\u0111aj zabilje\u017eio je mnogo ve\u0107e sudjelovanje gostiju iz zemalja regije, kao i cijele Bosne i Hercegovine.\",\"breadcrumb\":{\"@id\":\"https:\\\/\\\/www.herzegovinabike.ba\\\/ciro-trail-360-biciklista-promoviralo-turisticku-ponudu-bosne-i-hercegovine\\\/#breadcrumb\"},\"inLanguage\":\"en-US\",\"potentialAction\":[{\"@type\":\"ReadAction\",\"target\":[\"https:\\\/\\\/www.herzegovinabike.ba\\\/ciro-trail-360-biciklista-promoviralo-turisticku-ponudu-bosne-i-hercegovine\\\/\"]}]},{\"@type\":\"ImageObject\",\"inLanguage\":\"en-US\",\"@id\":\"https:\\\/\\\/www.herzegovinabike.ba\\\/ciro-trail-360-biciklista-promoviralo-turisticku-ponudu-bosne-i-hercegovine\\\/#primaryimage\",\"url\":\"https:\\\/\\\/www.herzegovinabike.ba\\\/wp-content\\\/uploads\\\/2023\\\/11\\\/Ciro-bicikijada-5-1170x780-1.jpeg\",\"contentUrl\":\"https:\\\/\\\/www.herzegovinabike.ba\\\/wp-content\\\/uploads\\\/2023\\\/11\\\/Ciro-bicikijada-5-1170x780-1.jpeg\",\"width\":1170,\"height\":780},{\"@type\":\"BreadcrumbList\",\"@id\":\"https:\\\/\\\/www.herzegovinabike.ba\\\/ciro-trail-360-biciklista-promoviralo-turisticku-ponudu-bosne-i-hercegovine\\\/#breadcrumb\",\"itemListElement\":[{\"@type\":\"ListItem\",\"position\":1,\"name\":\"Po\u010detna stranica\",\"item\":\"https:\\\/\\\/www.herzegovinabike.ba\\\/\"},{\"@type\":\"ListItem\",\"position\":2,\"name\":\"\u0106iro Trail: 360 biciklista promoviralo turisti\u010dku ponudu Bosne i Hercegovine\"}]},{\"@type\":\"WebSite\",\"@id\":\"https:\\\/\\\/www.herzegovinabike.ba\\\/#website\",\"url\":\"https:\\\/\\\/www.herzegovinabike.ba\\\/\",\"name\":\"HerzegovinaBike\",\"description\":\"Your place under the sun\",\"publisher\":{\"@id\":\"https:\\\/\\\/www.herzegovinabike.ba\\\/#organization\"},\"potentialAction\":[{\"@type\":\"SearchAction\",\"target\":{\"@type\":\"EntryPoint\",\"urlTemplate\":\"https:\\\/\\\/www.herzegovinabike.ba\\\/?s={search_term_string}\"},\"query-input\":{\"@type\":\"PropertyValueSpecification\",\"valueRequired\":true,\"valueName\":\"search_term_string\"}}],\"inLanguage\":\"en-US\"},{\"@type\":\"Organization\",\"@id\":\"https:\\\/\\\/www.herzegovinabike.ba\\\/#organization\",\"name\":\"Udruga HerzegovinaBike\",\"url\":\"https:\\\/\\\/www.herzegovinabike.ba\\\/\",\"logo\":{\"@type\":\"ImageObject\",\"inLanguage\":\"en-US\",\"@id\":\"https:\\\/\\\/www.herzegovinabike.ba\\\/#\\\/schema\\\/logo\\\/image\\\/\",\"url\":\"https:\\\/\\\/www.bike.herzegovinabike.ba\\\/wp-content\\\/uploads\\\/2023\\\/11\\\/herzegovina_bike_logo_horizontal.png\",\"contentUrl\":\"https:\\\/\\\/www.bike.herzegovinabike.ba\\\/wp-content\\\/uploads\\\/2023\\\/11\\\/herzegovina_bike_logo_horizontal.png\",\"width\":1757,\"height\":1061,\"caption\":\"Udruga HerzegovinaBike\"},\"image\":{\"@id\":\"https:\\\/\\\/www.herzegovinabike.ba\\\/#\\\/schema\\\/logo\\\/image\\\/\"},\"sameAs\":[\"https:\\\/\\\/www.facebook.com\\\/HerzegovinaBike\",\"https:\\\/\\\/www.instagram.com\\\/herzegovinabike\\\/\"]},{\"@type\":\"Person\",\"@id\":\"https:\\\/\\\/www.herzegovinabike.ba\\\/#\\\/schema\\\/person\\\/1161ca5c7a242dc0e69d24c0fb304ccb\",\"name\":\"Herzegovina Bike\",\"image\":{\"@type\":\"ImageObject\",\"inLanguage\":\"en-US\",\"@id\":\"https:\\\/\\\/secure.gravatar.com\\\/avatar\\\/236a03b53b73db89b68d17aa2f415bb2a2d3b326d0632f3a602c6c9cacba1ff0?s=96&d=mm&r=g\",\"url\":\"https:\\\/\\\/secure.gravatar.com\\\/avatar\\\/236a03b53b73db89b68d17aa2f415bb2a2d3b326d0632f3a602c6c9cacba1ff0?s=96&d=mm&r=g\",\"contentUrl\":\"https:\\\/\\\/secure.gravatar.com\\\/avatar\\\/236a03b53b73db89b68d17aa2f415bb2a2d3b326d0632f3a602c6c9cacba1ff0?s=96&d=mm&r=g\",\"caption\":\"Herzegovina Bike\"},\"description\":\"Udruga \u201cHerzegovinaBike\u201d je pokreta\u010d (i sredi\u0161te) razvoja biciklizma kao cikloturizma, rekreacije i sporta u Hercegovini. CILJ: Hercegovina kao vrhunska cikloturisti\u010dka destinacija. \u2705\",\"sameAs\":[\"https:\\\/\\\/www.herzegovinabike.ba\\\/\",\"https:\\\/\\\/www.facebook.com\\\/HerzegovinaBike\\\/\",\"https:\\\/\\\/www.instagram.com\\\/herzegovinabike\\\/\",\"https:\\\/\\\/www.linkedin.com\\\/in\\\/herzegovina-bike-ba605a29b\\\/\",\"https:\\\/\\\/x.com\\\/https:\\\/\\\/twitter.com\\\/HerzegovinaBike\",\"https:\\\/\\\/www.youtube.com\\\/channel\\\/UCOFGFUHmcGVzVHD9WgOGTrA\"],\"url\":\"https:\\\/\\\/www.herzegovinabike.ba\\\/en\\\/author\\\/toni\\\/\"}]}<\/script>\n<!-- \/ Yoast SEO Premium plugin. -->","yoast_head_json":{"title":"\u0106iro Trail: 360 biciklista promoviralo turisti\u010dku ponudu Bosne i Hercegovine - HerzegovinaBike","description":"Ovogodi\u0161nji\u00a0\u201c\u0106IRO\u201d\u00a0doga\u0111aj zabilje\u017eio je mnogo ve\u0107e sudjelovanje gostiju iz zemalja regije, kao i cijele Bosne i Hercegovine.","robots":{"index":"index","follow":"follow","max-snippet":"max-snippet:-1","max-image-preview":"max-image-preview:large","max-video-preview":"max-video-preview:-1"},"canonical":"https:\/\/www.herzegovinabike.ba\/en\/ciro-trail-360-biciklista-promoviralo-turisticku-ponudu-bosne-i-hercegovine\/","og_locale":"en_US","og_type":"article","og_title":"\u0106iro Trail: 360 biciklista promoviralo turisti\u010dku ponudu Bosne i Hercegovine","og_description":"Ovogodi\u0161nji\u00a0\u201c\u0106IRO\u201d\u00a0doga\u0111aj zabilje\u017eio je mnogo ve\u0107e sudjelovanje gostiju iz zemalja regije, kao i cijele Bosne i Hercegovine.","og_url":"https:\/\/www.herzegovinabike.ba\/en\/ciro-trail-360-biciklista-promoviralo-turisticku-ponudu-bosne-i-hercegovine\/","og_site_name":"HerzegovinaBike","article_publisher":"https:\/\/www.facebook.com\/HerzegovinaBike","article_author":"https:\/\/www.facebook.com\/HerzegovinaBike\/","article_published_time":"2023-11-11T00:21:29+00:00","article_modified_time":"2025-06-25T01:17:06+00:00","og_image":[{"width":1170,"height":780,"url":"https:\/\/www.herzegovinabike.ba\/wp-content\/uploads\/2023\/11\/Ciro-bicikijada-5-1170x780-1.jpeg","type":"image\/jpeg"}],"author":"Herzegovina Bike","twitter_card":"summary_large_image","twitter_creator":"@https:\/\/twitter.com\/HerzegovinaBike","twitter_misc":{"Written by":"Herzegovina Bike","Est. reading time":"5 minutes"},"schema":{"@context":"https:\/\/schema.org","@graph":[{"@type":"Article","@id":"https:\/\/www.herzegovinabike.ba\/ciro-trail-360-biciklista-promoviralo-turisticku-ponudu-bosne-i-hercegovine\/#article","isPartOf":{"@id":"https:\/\/www.herzegovinabike.ba\/ciro-trail-360-biciklista-promoviralo-turisticku-ponudu-bosne-i-hercegovine\/"},"author":{"name":"Herzegovina Bike","@id":"https:\/\/www.herzegovinabike.ba\/#\/schema\/person\/1161ca5c7a242dc0e69d24c0fb304ccb"},"headline":"\u0106iro Trail: 360 biciklista promoviralo turisti\u010dku ponudu Bosne i Hercegovine","datePublished":"2023-11-11T00:21:29+00:00","dateModified":"2025-06-25T01:17:06+00:00","mainEntityOfPage":{"@id":"https:\/\/www.herzegovinabike.ba\/ciro-trail-360-biciklista-promoviralo-turisticku-ponudu-bosne-i-hercegovine\/"},"wordCount":590,"publisher":{"@id":"https:\/\/www.herzegovinabike.ba\/#organization"},"image":{"@id":"https:\/\/www.herzegovinabike.ba\/ciro-trail-360-biciklista-promoviralo-turisticku-ponudu-bosne-i-hercegovine\/#primaryimage"},"thumbnailUrl":"https:\/\/www.herzegovinabike.ba\/wp-content\/uploads\/2023\/11\/Ciro-bicikijada-5-1170x780-1.jpeg","articleSection":["Novosti"],"inLanguage":"en-US"},{"@type":"WebPage","@id":"https:\/\/www.herzegovinabike.ba\/ciro-trail-360-biciklista-promoviralo-turisticku-ponudu-bosne-i-hercegovine\/","url":"https:\/\/www.herzegovinabike.ba\/ciro-trail-360-biciklista-promoviralo-turisticku-ponudu-bosne-i-hercegovine\/","name":"\u0106iro Trail: 360 biciklista promoviralo turisti\u010dku ponudu Bosne i Hercegovine - HerzegovinaBike","isPartOf":{"@id":"https:\/\/www.herzegovinabike.ba\/#website"},"primaryImageOfPage":{"@id":"https:\/\/www.herzegovinabike.ba\/ciro-trail-360-biciklista-promoviralo-turisticku-ponudu-bosne-i-hercegovine\/#primaryimage"},"image":{"@id":"https:\/\/www.herzegovinabike.ba\/ciro-trail-360-biciklista-promoviralo-turisticku-ponudu-bosne-i-hercegovine\/#primaryimage"},"thumbnailUrl":"https:\/\/www.herzegovinabike.ba\/wp-content\/uploads\/2023\/11\/Ciro-bicikijada-5-1170x780-1.jpeg","datePublished":"2023-11-11T00:21:29+00:00","dateModified":"2025-06-25T01:17:06+00:00","description":"Ovogodi\u0161nji\u00a0\u201c\u0106IRO\u201d\u00a0doga\u0111aj zabilje\u017eio je mnogo ve\u0107e sudjelovanje gostiju iz zemalja regije, kao i cijele Bosne i Hercegovine.","breadcrumb":{"@id":"https:\/\/www.herzegovinabike.ba\/ciro-trail-360-biciklista-promoviralo-turisticku-ponudu-bosne-i-hercegovine\/#breadcrumb"},"inLanguage":"en-US","potentialAction":[{"@type":"ReadAction","target":["https:\/\/www.herzegovinabike.ba\/ciro-trail-360-biciklista-promoviralo-turisticku-ponudu-bosne-i-hercegovine\/"]}]},{"@type":"ImageObject","inLanguage":"en-US","@id":"https:\/\/www.herzegovinabike.ba\/ciro-trail-360-biciklista-promoviralo-turisticku-ponudu-bosne-i-hercegovine\/#primaryimage","url":"https:\/\/www.herzegovinabike.ba\/wp-content\/uploads\/2023\/11\/Ciro-bicikijada-5-1170x780-1.jpeg","contentUrl":"https:\/\/www.herzegovinabike.ba\/wp-content\/uploads\/2023\/11\/Ciro-bicikijada-5-1170x780-1.jpeg","width":1170,"height":780},{"@type":"BreadcrumbList","@id":"https:\/\/www.herzegovinabike.ba\/ciro-trail-360-biciklista-promoviralo-turisticku-ponudu-bosne-i-hercegovine\/#breadcrumb","itemListElement":[{"@type":"ListItem","position":1,"name":"Po\u010detna stranica","item":"https:\/\/www.herzegovinabike.ba\/"},{"@type":"ListItem","position":2,"name":"\u0106iro Trail: 360 biciklista promoviralo turisti\u010dku ponudu Bosne i Hercegovine"}]},{"@type":"WebSite","@id":"https:\/\/www.herzegovinabike.ba\/#website","url":"https:\/\/www.herzegovinabike.ba\/","name":"HerzegovinaBike","description":"Your place under the sun","publisher":{"@id":"https:\/\/www.herzegovinabike.ba\/#organization"},"potentialAction":[{"@type":"SearchAction","target":{"@type":"EntryPoint","urlTemplate":"https:\/\/www.herzegovinabike.ba\/?s={search_term_string}"},"query-input":{"@type":"PropertyValueSpecification","valueRequired":true,"valueName":"search_term_string"}}],"inLanguage":"en-US"},{"@type":"Organization","@id":"https:\/\/www.herzegovinabike.ba\/#organization","name":"Association HerzegovinaBike","url":"https:\/\/www.herzegovinabike.ba\/","logo":{"@type":"ImageObject","inLanguage":"en-US","@id":"https:\/\/www.herzegovinabike.ba\/#\/schema\/logo\/image\/","url":"https:\/\/www.bike.herzegovinabike.ba\/wp-content\/uploads\/2023\/11\/herzegovina_bike_logo_horizontal.png","contentUrl":"https:\/\/www.bike.herzegovinabike.ba\/wp-content\/uploads\/2023\/11\/herzegovina_bike_logo_horizontal.png","width":1757,"height":1061,"caption":"Udruga HerzegovinaBike"},"image":{"@id":"https:\/\/www.herzegovinabike.ba\/#\/schema\/logo\/image\/"},"sameAs":["https:\/\/www.facebook.com\/HerzegovinaBike","https:\/\/www.instagram.com\/herzegovinabike\/"]},{"@type":"Person","@id":"https:\/\/www.herzegovinabike.ba\/#\/schema\/person\/1161ca5c7a242dc0e69d24c0fb304ccb","name":"Herzegovina Bike","image":{"@type":"ImageObject","inLanguage":"en-US","@id":"https:\/\/secure.gravatar.com\/avatar\/236a03b53b73db89b68d17aa2f415bb2a2d3b326d0632f3a602c6c9cacba1ff0?s=96&d=mm&r=g","url":"https:\/\/secure.gravatar.com\/avatar\/236a03b53b73db89b68d17aa2f415bb2a2d3b326d0632f3a602c6c9cacba1ff0?s=96&d=mm&r=g","contentUrl":"https:\/\/secure.gravatar.com\/avatar\/236a03b53b73db89b68d17aa2f415bb2a2d3b326d0632f3a602c6c9cacba1ff0?s=96&d=mm&r=g","caption":"Herzegovina Bike"},"description":"Udruga \u201cHerzegovinaBike\u201d je pokreta\u010d (i sredi\u0161te) razvoja biciklizma kao cikloturizma, rekreacije i sporta u Hercegovini. CILJ: Hercegovina kao vrhunska cikloturisti\u010dka destinacija. \u2705","sameAs":["https:\/\/www.herzegovinabike.ba\/","https:\/\/www.facebook.com\/HerzegovinaBike\/","https:\/\/www.instagram.com\/herzegovinabike\/","https:\/\/www.linkedin.com\/in\/herzegovina-bike-ba605a29b\/","https:\/\/x.com\/https:\/\/twitter.com\/HerzegovinaBike","https:\/\/www.youtube.com\/channel\/UCOFGFUHmcGVzVHD9WgOGTrA"],"url":"https:\/\/www.herzegovinabike.ba\/en\/author\/toni\/"}]}},"_links":{"self":[{"href":"https:\/\/www.herzegovinabike.ba\/en\/wp-json\/wp\/v2\/posts\/9184","targetHints":{"allow":["GET"]}}],"collection":[{"href":"https:\/\/www.herzegovinabike.ba\/en\/wp-json\/wp\/v2\/posts"}],"about":[{"href":"https:\/\/www.herzegovinabike.ba\/en\/wp-json\/wp\/v2\/types\/post"}],"author":[{"embeddable":true,"href":"https:\/\/www.herzegovinabike.ba\/en\/wp-json\/wp\/v2\/users\/2"}],"replies":[{"embeddable":true,"href":"https:\/\/www.herzegovinabike.ba\/en\/wp-json\/wp\/v2\/comments?post=9184"}],"version-history":[{"count":5,"href":"https:\/\/www.herzegovinabike.ba\/en\/wp-json\/wp\/v2\/posts\/9184\/revisions"}],"predecessor-version":[{"id":18494,"href":"https:\/\/www.herzegovinabike.ba\/en\/wp-json\/wp\/v2\/posts\/9184\/revisions\/18494"}],"wp:featuredmedia":[{"embeddable":true,"href":"https:\/\/www.herzegovinabike.ba\/en\/wp-json\/wp\/v2\/media\/9185"}],"wp:attachment":[{"href":"https:\/\/www.herzegovinabike.ba\/en\/wp-json\/wp\/v2\/media?parent=9184"}],"wp:term":[{"taxonomy":"category","embeddable":true,"href":"https:\/\/www.herzegovinabike.ba\/en\/wp-json\/wp\/v2\/categories?post=9184"},{"taxonomy":"post_tag","embeddable":true,"href":"https:\/\/www.herzegovinabike.ba\/en\/wp-json\/wp\/v2\/tags?post=9184"}],"curies":[{"name":"wp","href":"https:\/\/api.w.org\/{rel}","templated":true}]}}