{"id":9217,"date":"2023-11-11T01:40:24","date_gmt":"2023-11-11T00:40:24","guid":{"rendered":"https:\/\/www.bike.herzegovinabike.ba\/?p=9217"},"modified":"2025-06-25T03:17:03","modified_gmt":"2025-06-25T01:17:03","slug":"biciklijada-cirinom-prugom-trebinje-bileca","status":"publish","type":"post","link":"https:\/\/www.herzegovinabike.ba\/en\/biciklijada-cirinom-prugom-trebinje-bileca\/","title":{"rendered":"Cycling event: Ciro Trail Trebinje - Bile\u0107a"},"content":{"rendered":"<p>Biciklisti\u010dki klub &#8220;Hercegovac&#8221; iz Bile\u0107e u suradnji sa biciklisti\u010dkim klubom &#8220;Vu\u010dji Zub&#8221; i udrugom \u201cHerzegovinaBike\u201d najavljuju biciklijadu \u201c\u0106irinom prugom Trebinje Bile\u0107a\u201d koja \u0107e se odr\u017eati u subotu 12.8.2023. sa po\u010detkom u 10:00h iz Trebinja. Bitno je kazati kako je ovo prvi put da se \u0106iro biciklijada vozi ovom dionicom i zasigurno je da \u0107e svi sudionici ostati odu\u0161evljenji. Mi iz organizacije sa nestrpljenjem o\u010dekujemo ovaj doga\u0111aj.<\/p>\n\n\n\n<p>And of course, that's not all, we have more surprises for you! <strong>Pratite na\u0161e obajve!<\/strong><\/p>\n\n\n\n<p>Biciklijada se realizira uz financijsku potporu Op\u0107ine Bile\u0107a, REDAH &#8211; Regionalna razvojna agencija za Hercegovinu, a u cilju promocije \u201eJu\u017ene Hercegovine i Uskotra\u010dne pruge \u0106iro\u201c.<\/p>\n\n\n\n<ul class=\"wp-block-list\">\n<li>Datum: 12.08.2023.<\/li>\n\n\n\n<li>Vrijeme starta: 10.00h<\/li>\n\n\n\n<li>Duljina staze: 80km<\/li>\n\n\n\n<li>Vrsta terena: Asvalt\/Makadam<\/li>\n\n\n\n<li>Organizator: Biciklisti\u010dki klub &#8220;Hercegovac&#8221; Bile\u0107a<\/li>\n\n\n\n<li>Mob: +38765975333<\/li>\n\n\n\n<li>e-mail: <a href=\"mailto:bkhercegovac@gmail.com\">bkhercegovac@gmail.com<\/a><\/li>\n\n\n\n<li>web: <a href=\"http:\/\/www.ciro-trail.com\" target=\"_blank\" rel=\"noreferrer noopener\">www.ciro-trail.com<\/a><\/li>\n\n\n\n<li>Facebook event: <a href=\"https:\/\/fb.me\/e\/1q0qgtfxz\" target=\"_blank\" rel=\"noreferrer noopener\">https:\/\/fb.me\/e\/1q0qgtfxz<\/a><\/li>\n\n\n\n<li>Location of the start of the cycling race: <a href=\"https:\/\/maps.app.goo.gl\/eZxSkcXJkoKPQ3wJ9?g_st=ic\" target=\"_blank\" rel=\"noreferrer noopener\">https:\/\/maps.app.goo.gl\/eZxSkcXJkoKPQ3wJ9?g_st=ic<\/a><\/li>\n\n\n\n<li>Track map: <a href=\"https:\/\/www.alltrails.com\/explore\/map\/map-adf7e29-3\" target=\"_blank\" rel=\"noreferrer noopener\">https:\/\/www.alltrails.com\/explore\/map\/map-adf7e29-3&nbsp;<\/a><\/li>\n<\/ul>\n\n\n\n<p>Peta po redu \u0106irina biciklijada u 2023 godini vodi nas od Trebinja do op\u0107ine Bile\u0107a, stazom u du\u017eini od 44km u jednom pravcu, dok \u0107emo u oba pravca nakupiti \u0107emo nekih 85km. Staza je lagana, sa mje\u0161avinom makadamske i asvaltnih dionica, te sa prelijepim krajolicima, tako da je pogodna za MTB, Treking i Gravel bicikle. Kao \u0161to smo kazali ovo jedna jako lijepa dionica, gdje sre\u0107emo velik broj \u0106irinih stanica, vozimo se pored Bile\u0107kog jezera uz prelijepe prizore na ovo jezero. Biciklijadu zavr\u0161avamo u Op\u0107ini Bile\u0107a, gdje su doma\u0107ini priredili okrijepu i ru\u010dak za sve sudionike zbog \u010dega su nam i potrebne Va\u0161e prijave kako bi smo znali na koliko ljudi trebamo ra\u010dunati za obroke. No, to nije sve!<br>Svima Vama koji budete sudjelovali na \u0106iro biciklijadi, organizator je osigurao besplatne karte za <strong>koncert Bijelog Dugmeta<\/strong> koji se odr\u017eava na isti datum u Bile\u0107i.<br><strong>O\u010dekuje nas pravi party!<\/strong><\/p>\n\n\n\n<p>The return to Trebinje, the starting point of the bike ride, is individual or group, that is, according to personal preferences, because we return the same way we came.<\/p>","protected":false},"excerpt":{"rendered":"<p>Biciklisti\u010dki klub &#8220;Hercegovac&#8221; iz Bile\u0107e u suradnji sa biciklisti\u010dkim klubom &#8220;Vu\u010dji Zub&#8221; i udrugom \u201cHerzegovinaBike\u201d najavljuju biciklijadu \u201c\u0106irinom prugom Trebinje Bile\u0107a\u201d koja \u0107e se odr\u017eati u subotu 12.8.2023. sa po\u010detkom u 10:00h iz Trebinja. Bitno je kazati kako je ovo prvi put da se \u0106iro biciklijada vozi ovom dionicom i zasigurno je da \u0107e svi [&hellip;]<\/p>\n","protected":false},"author":2,"featured_media":9218,"comment_status":"closed","ping_status":"open","sticky":false,"template":"","format":"standard","meta":{"footnotes":""},"categories":[76],"tags":[],"class_list":["post-9217","post","type-post","status-publish","format-standard","has-post-thumbnail","hentry","category-novosti"],"yoast_head":"<!-- This site is optimized with the Yoast SEO Premium plugin v21.5 (Yoast SEO v27.4) - https:\/\/yoast.com\/product\/yoast-seo-premium-wordpress\/ -->\n<title>Biciklijada \u0106irinom Prugom Trebinje - Bile\u0107a - HerzegovinaBike<\/title>\n<meta name=\"description\" content=\"Biciklisti\u010dki klub &quot;Hercegovac&quot; iz Bile\u0107e u suradnji sa biciklisti\u010dkim klubom &quot;Vu\u010dji Zub&quot; i udrugom \u201cHerzegovinaBike\u201d najavljuju biciklijadu\" \/>\n<meta name=\"robots\" content=\"index, follow, max-snippet:-1, max-image-preview:large, max-video-preview:-1\" \/>\n<link rel=\"canonical\" href=\"https:\/\/www.herzegovinabike.ba\/en\/biciklijada-cirinom-prugom-trebinje-bileca\/\" \/>\n<meta property=\"og:locale\" content=\"en_US\" \/>\n<meta property=\"og:type\" content=\"article\" \/>\n<meta property=\"og:title\" content=\"Biciklijada \u0106irinom Prugom Trebinje - Bile\u0107a\" \/>\n<meta property=\"og:description\" content=\"Biciklisti\u010dki klub &quot;Hercegovac&quot; iz Bile\u0107e u suradnji sa biciklisti\u010dkim klubom &quot;Vu\u010dji Zub&quot; i udrugom \u201cHerzegovinaBike\u201d najavljuju biciklijadu\" \/>\n<meta property=\"og:url\" content=\"https:\/\/www.herzegovinabike.ba\/en\/biciklijada-cirinom-prugom-trebinje-bileca\/\" \/>\n<meta property=\"og:site_name\" content=\"HerzegovinaBike\" \/>\n<meta property=\"article:publisher\" content=\"https:\/\/www.facebook.com\/HerzegovinaBike\" \/>\n<meta property=\"article:author\" content=\"https:\/\/www.facebook.com\/HerzegovinaBike\/\" \/>\n<meta property=\"article:published_time\" content=\"2023-11-11T00:40:24+00:00\" \/>\n<meta property=\"article:modified_time\" content=\"2025-06-25T01:17:03+00:00\" \/>\n<meta property=\"og:image\" content=\"https:\/\/www.herzegovinabike.ba\/wp-content\/uploads\/2023\/11\/Biciklijada-Ciro-Trebinje-Bileca-1170x658-1.jpeg\" \/>\n\t<meta property=\"og:image:width\" content=\"1170\" \/>\n\t<meta property=\"og:image:height\" content=\"658\" \/>\n\t<meta property=\"og:image:type\" content=\"image\/jpeg\" \/>\n<meta name=\"author\" content=\"Herzegovina Bike\" \/>\n<meta name=\"twitter:card\" content=\"summary_large_image\" \/>\n<meta name=\"twitter:creator\" content=\"@https:\/\/twitter.com\/HerzegovinaBike\" \/>\n<meta name=\"twitter:label1\" content=\"Written by\" \/>\n\t<meta name=\"twitter:data1\" content=\"Herzegovina Bike\" \/>\n\t<meta name=\"twitter:label2\" content=\"Est. reading time\" \/>\n\t<meta name=\"twitter:data2\" content=\"2 minutes\" \/>\n<script type=\"application\/ld+json\" class=\"yoast-schema-graph\">{\"@context\":\"https:\\\/\\\/schema.org\",\"@graph\":[{\"@type\":\"Article\",\"@id\":\"https:\\\/\\\/www.herzegovinabike.ba\\\/biciklijada-cirinom-prugom-trebinje-bileca\\\/#article\",\"isPartOf\":{\"@id\":\"https:\\\/\\\/www.herzegovinabike.ba\\\/biciklijada-cirinom-prugom-trebinje-bileca\\\/\"},\"author\":{\"name\":\"Herzegovina Bike\",\"@id\":\"https:\\\/\\\/www.herzegovinabike.ba\\\/#\\\/schema\\\/person\\\/1161ca5c7a242dc0e69d24c0fb304ccb\"},\"headline\":\"Biciklijada \u0106irinom Prugom Trebinje &#8211; Bile\u0107a\",\"datePublished\":\"2023-11-11T00:40:24+00:00\",\"dateModified\":\"2025-06-25T01:17:03+00:00\",\"mainEntityOfPage\":{\"@id\":\"https:\\\/\\\/www.herzegovinabike.ba\\\/biciklijada-cirinom-prugom-trebinje-bileca\\\/\"},\"wordCount\":374,\"publisher\":{\"@id\":\"https:\\\/\\\/www.herzegovinabike.ba\\\/#organization\"},\"image\":{\"@id\":\"https:\\\/\\\/www.herzegovinabike.ba\\\/biciklijada-cirinom-prugom-trebinje-bileca\\\/#primaryimage\"},\"thumbnailUrl\":\"https:\\\/\\\/www.herzegovinabike.ba\\\/wp-content\\\/uploads\\\/2023\\\/11\\\/Biciklijada-Ciro-Trebinje-Bileca-1170x658-1.jpeg\",\"articleSection\":[\"Novosti\"],\"inLanguage\":\"en-US\"},{\"@type\":\"WebPage\",\"@id\":\"https:\\\/\\\/www.herzegovinabike.ba\\\/biciklijada-cirinom-prugom-trebinje-bileca\\\/\",\"url\":\"https:\\\/\\\/www.herzegovinabike.ba\\\/biciklijada-cirinom-prugom-trebinje-bileca\\\/\",\"name\":\"Biciklijada \u0106irinom Prugom Trebinje - Bile\u0107a - HerzegovinaBike\",\"isPartOf\":{\"@id\":\"https:\\\/\\\/www.herzegovinabike.ba\\\/#website\"},\"primaryImageOfPage\":{\"@id\":\"https:\\\/\\\/www.herzegovinabike.ba\\\/biciklijada-cirinom-prugom-trebinje-bileca\\\/#primaryimage\"},\"image\":{\"@id\":\"https:\\\/\\\/www.herzegovinabike.ba\\\/biciklijada-cirinom-prugom-trebinje-bileca\\\/#primaryimage\"},\"thumbnailUrl\":\"https:\\\/\\\/www.herzegovinabike.ba\\\/wp-content\\\/uploads\\\/2023\\\/11\\\/Biciklijada-Ciro-Trebinje-Bileca-1170x658-1.jpeg\",\"datePublished\":\"2023-11-11T00:40:24+00:00\",\"dateModified\":\"2025-06-25T01:17:03+00:00\",\"description\":\"Biciklisti\u010dki klub \\\"Hercegovac\\\" iz Bile\u0107e u suradnji sa biciklisti\u010dkim klubom \\\"Vu\u010dji Zub\\\" i udrugom \u201cHerzegovinaBike\u201d najavljuju biciklijadu\",\"breadcrumb\":{\"@id\":\"https:\\\/\\\/www.herzegovinabike.ba\\\/biciklijada-cirinom-prugom-trebinje-bileca\\\/#breadcrumb\"},\"inLanguage\":\"en-US\",\"potentialAction\":[{\"@type\":\"ReadAction\",\"target\":[\"https:\\\/\\\/www.herzegovinabike.ba\\\/biciklijada-cirinom-prugom-trebinje-bileca\\\/\"]}]},{\"@type\":\"ImageObject\",\"inLanguage\":\"en-US\",\"@id\":\"https:\\\/\\\/www.herzegovinabike.ba\\\/biciklijada-cirinom-prugom-trebinje-bileca\\\/#primaryimage\",\"url\":\"https:\\\/\\\/www.herzegovinabike.ba\\\/wp-content\\\/uploads\\\/2023\\\/11\\\/Biciklijada-Ciro-Trebinje-Bileca-1170x658-1.jpeg\",\"contentUrl\":\"https:\\\/\\\/www.herzegovinabike.ba\\\/wp-content\\\/uploads\\\/2023\\\/11\\\/Biciklijada-Ciro-Trebinje-Bileca-1170x658-1.jpeg\",\"width\":1170,\"height\":658},{\"@type\":\"BreadcrumbList\",\"@id\":\"https:\\\/\\\/www.herzegovinabike.ba\\\/biciklijada-cirinom-prugom-trebinje-bileca\\\/#breadcrumb\",\"itemListElement\":[{\"@type\":\"ListItem\",\"position\":1,\"name\":\"Po\u010detna stranica\",\"item\":\"https:\\\/\\\/www.herzegovinabike.ba\\\/\"},{\"@type\":\"ListItem\",\"position\":2,\"name\":\"Biciklijada \u0106irinom Prugom Trebinje &#8211; Bile\u0107a\"}]},{\"@type\":\"WebSite\",\"@id\":\"https:\\\/\\\/www.herzegovinabike.ba\\\/#website\",\"url\":\"https:\\\/\\\/www.herzegovinabike.ba\\\/\",\"name\":\"HerzegovinaBike\",\"description\":\"Your place under the sun\",\"publisher\":{\"@id\":\"https:\\\/\\\/www.herzegovinabike.ba\\\/#organization\"},\"potentialAction\":[{\"@type\":\"SearchAction\",\"target\":{\"@type\":\"EntryPoint\",\"urlTemplate\":\"https:\\\/\\\/www.herzegovinabike.ba\\\/?s={search_term_string}\"},\"query-input\":{\"@type\":\"PropertyValueSpecification\",\"valueRequired\":true,\"valueName\":\"search_term_string\"}}],\"inLanguage\":\"en-US\"},{\"@type\":\"Organization\",\"@id\":\"https:\\\/\\\/www.herzegovinabike.ba\\\/#organization\",\"name\":\"Udruga HerzegovinaBike\",\"url\":\"https:\\\/\\\/www.herzegovinabike.ba\\\/\",\"logo\":{\"@type\":\"ImageObject\",\"inLanguage\":\"en-US\",\"@id\":\"https:\\\/\\\/www.herzegovinabike.ba\\\/#\\\/schema\\\/logo\\\/image\\\/\",\"url\":\"https:\\\/\\\/www.bike.herzegovinabike.ba\\\/wp-content\\\/uploads\\\/2023\\\/11\\\/herzegovina_bike_logo_horizontal.png\",\"contentUrl\":\"https:\\\/\\\/www.bike.herzegovinabike.ba\\\/wp-content\\\/uploads\\\/2023\\\/11\\\/herzegovina_bike_logo_horizontal.png\",\"width\":1757,\"height\":1061,\"caption\":\"Udruga HerzegovinaBike\"},\"image\":{\"@id\":\"https:\\\/\\\/www.herzegovinabike.ba\\\/#\\\/schema\\\/logo\\\/image\\\/\"},\"sameAs\":[\"https:\\\/\\\/www.facebook.com\\\/HerzegovinaBike\",\"https:\\\/\\\/www.instagram.com\\\/herzegovinabike\\\/\"]},{\"@type\":\"Person\",\"@id\":\"https:\\\/\\\/www.herzegovinabike.ba\\\/#\\\/schema\\\/person\\\/1161ca5c7a242dc0e69d24c0fb304ccb\",\"name\":\"Herzegovina Bike\",\"image\":{\"@type\":\"ImageObject\",\"inLanguage\":\"en-US\",\"@id\":\"https:\\\/\\\/secure.gravatar.com\\\/avatar\\\/236a03b53b73db89b68d17aa2f415bb2a2d3b326d0632f3a602c6c9cacba1ff0?s=96&d=mm&r=g\",\"url\":\"https:\\\/\\\/secure.gravatar.com\\\/avatar\\\/236a03b53b73db89b68d17aa2f415bb2a2d3b326d0632f3a602c6c9cacba1ff0?s=96&d=mm&r=g\",\"contentUrl\":\"https:\\\/\\\/secure.gravatar.com\\\/avatar\\\/236a03b53b73db89b68d17aa2f415bb2a2d3b326d0632f3a602c6c9cacba1ff0?s=96&d=mm&r=g\",\"caption\":\"Herzegovina Bike\"},\"description\":\"Udruga \u201cHerzegovinaBike\u201d je pokreta\u010d (i sredi\u0161te) razvoja biciklizma kao cikloturizma, rekreacije i sporta u Hercegovini. CILJ: Hercegovina kao vrhunska cikloturisti\u010dka destinacija. \u2705\",\"sameAs\":[\"https:\\\/\\\/www.herzegovinabike.ba\\\/\",\"https:\\\/\\\/www.facebook.com\\\/HerzegovinaBike\\\/\",\"https:\\\/\\\/www.instagram.com\\\/herzegovinabike\\\/\",\"https:\\\/\\\/www.linkedin.com\\\/in\\\/herzegovina-bike-ba605a29b\\\/\",\"https:\\\/\\\/x.com\\\/https:\\\/\\\/twitter.com\\\/HerzegovinaBike\",\"https:\\\/\\\/www.youtube.com\\\/channel\\\/UCOFGFUHmcGVzVHD9WgOGTrA\"],\"url\":\"https:\\\/\\\/www.herzegovinabike.ba\\\/en\\\/author\\\/toni\\\/\"}]}<\/script>\n<!-- \/ Yoast SEO Premium plugin. -->","yoast_head_json":{"title":"Biciklijada \u0106irinom Prugom Trebinje - Bile\u0107a - HerzegovinaBike","description":"Biciklisti\u010dki klub \"Hercegovac\" iz Bile\u0107e u suradnji sa biciklisti\u010dkim klubom \"Vu\u010dji Zub\" i udrugom \u201cHerzegovinaBike\u201d najavljuju biciklijadu","robots":{"index":"index","follow":"follow","max-snippet":"max-snippet:-1","max-image-preview":"max-image-preview:large","max-video-preview":"max-video-preview:-1"},"canonical":"https:\/\/www.herzegovinabike.ba\/en\/biciklijada-cirinom-prugom-trebinje-bileca\/","og_locale":"en_US","og_type":"article","og_title":"Biciklijada \u0106irinom Prugom Trebinje - Bile\u0107a","og_description":"Biciklisti\u010dki klub \"Hercegovac\" iz Bile\u0107e u suradnji sa biciklisti\u010dkim klubom \"Vu\u010dji Zub\" i udrugom \u201cHerzegovinaBike\u201d najavljuju biciklijadu","og_url":"https:\/\/www.herzegovinabike.ba\/en\/biciklijada-cirinom-prugom-trebinje-bileca\/","og_site_name":"HerzegovinaBike","article_publisher":"https:\/\/www.facebook.com\/HerzegovinaBike","article_author":"https:\/\/www.facebook.com\/HerzegovinaBike\/","article_published_time":"2023-11-11T00:40:24+00:00","article_modified_time":"2025-06-25T01:17:03+00:00","og_image":[{"width":1170,"height":658,"url":"https:\/\/www.herzegovinabike.ba\/wp-content\/uploads\/2023\/11\/Biciklijada-Ciro-Trebinje-Bileca-1170x658-1.jpeg","type":"image\/jpeg"}],"author":"Herzegovina Bike","twitter_card":"summary_large_image","twitter_creator":"@https:\/\/twitter.com\/HerzegovinaBike","twitter_misc":{"Written by":"Herzegovina Bike","Est. reading time":"2 minutes"},"schema":{"@context":"https:\/\/schema.org","@graph":[{"@type":"Article","@id":"https:\/\/www.herzegovinabike.ba\/biciklijada-cirinom-prugom-trebinje-bileca\/#article","isPartOf":{"@id":"https:\/\/www.herzegovinabike.ba\/biciklijada-cirinom-prugom-trebinje-bileca\/"},"author":{"name":"Herzegovina Bike","@id":"https:\/\/www.herzegovinabike.ba\/#\/schema\/person\/1161ca5c7a242dc0e69d24c0fb304ccb"},"headline":"Biciklijada \u0106irinom Prugom Trebinje &#8211; Bile\u0107a","datePublished":"2023-11-11T00:40:24+00:00","dateModified":"2025-06-25T01:17:03+00:00","mainEntityOfPage":{"@id":"https:\/\/www.herzegovinabike.ba\/biciklijada-cirinom-prugom-trebinje-bileca\/"},"wordCount":374,"publisher":{"@id":"https:\/\/www.herzegovinabike.ba\/#organization"},"image":{"@id":"https:\/\/www.herzegovinabike.ba\/biciklijada-cirinom-prugom-trebinje-bileca\/#primaryimage"},"thumbnailUrl":"https:\/\/www.herzegovinabike.ba\/wp-content\/uploads\/2023\/11\/Biciklijada-Ciro-Trebinje-Bileca-1170x658-1.jpeg","articleSection":["Novosti"],"inLanguage":"en-US"},{"@type":"WebPage","@id":"https:\/\/www.herzegovinabike.ba\/biciklijada-cirinom-prugom-trebinje-bileca\/","url":"https:\/\/www.herzegovinabike.ba\/biciklijada-cirinom-prugom-trebinje-bileca\/","name":"Biciklijada \u0106irinom Prugom Trebinje - Bile\u0107a - HerzegovinaBike","isPartOf":{"@id":"https:\/\/www.herzegovinabike.ba\/#website"},"primaryImageOfPage":{"@id":"https:\/\/www.herzegovinabike.ba\/biciklijada-cirinom-prugom-trebinje-bileca\/#primaryimage"},"image":{"@id":"https:\/\/www.herzegovinabike.ba\/biciklijada-cirinom-prugom-trebinje-bileca\/#primaryimage"},"thumbnailUrl":"https:\/\/www.herzegovinabike.ba\/wp-content\/uploads\/2023\/11\/Biciklijada-Ciro-Trebinje-Bileca-1170x658-1.jpeg","datePublished":"2023-11-11T00:40:24+00:00","dateModified":"2025-06-25T01:17:03+00:00","description":"Biciklisti\u010dki klub \"Hercegovac\" iz Bile\u0107e u suradnji sa biciklisti\u010dkim klubom \"Vu\u010dji Zub\" i udrugom \u201cHerzegovinaBike\u201d najavljuju biciklijadu","breadcrumb":{"@id":"https:\/\/www.herzegovinabike.ba\/biciklijada-cirinom-prugom-trebinje-bileca\/#breadcrumb"},"inLanguage":"en-US","potentialAction":[{"@type":"ReadAction","target":["https:\/\/www.herzegovinabike.ba\/biciklijada-cirinom-prugom-trebinje-bileca\/"]}]},{"@type":"ImageObject","inLanguage":"en-US","@id":"https:\/\/www.herzegovinabike.ba\/biciklijada-cirinom-prugom-trebinje-bileca\/#primaryimage","url":"https:\/\/www.herzegovinabike.ba\/wp-content\/uploads\/2023\/11\/Biciklijada-Ciro-Trebinje-Bileca-1170x658-1.jpeg","contentUrl":"https:\/\/www.herzegovinabike.ba\/wp-content\/uploads\/2023\/11\/Biciklijada-Ciro-Trebinje-Bileca-1170x658-1.jpeg","width":1170,"height":658},{"@type":"BreadcrumbList","@id":"https:\/\/www.herzegovinabike.ba\/biciklijada-cirinom-prugom-trebinje-bileca\/#breadcrumb","itemListElement":[{"@type":"ListItem","position":1,"name":"Po\u010detna stranica","item":"https:\/\/www.herzegovinabike.ba\/"},{"@type":"ListItem","position":2,"name":"Biciklijada \u0106irinom Prugom Trebinje &#8211; Bile\u0107a"}]},{"@type":"WebSite","@id":"https:\/\/www.herzegovinabike.ba\/#website","url":"https:\/\/www.herzegovinabike.ba\/","name":"HerzegovinaBike","description":"Your place under the sun","publisher":{"@id":"https:\/\/www.herzegovinabike.ba\/#organization"},"potentialAction":[{"@type":"SearchAction","target":{"@type":"EntryPoint","urlTemplate":"https:\/\/www.herzegovinabike.ba\/?s={search_term_string}"},"query-input":{"@type":"PropertyValueSpecification","valueRequired":true,"valueName":"search_term_string"}}],"inLanguage":"en-US"},{"@type":"Organization","@id":"https:\/\/www.herzegovinabike.ba\/#organization","name":"Association HerzegovinaBike","url":"https:\/\/www.herzegovinabike.ba\/","logo":{"@type":"ImageObject","inLanguage":"en-US","@id":"https:\/\/www.herzegovinabike.ba\/#\/schema\/logo\/image\/","url":"https:\/\/www.bike.herzegovinabike.ba\/wp-content\/uploads\/2023\/11\/herzegovina_bike_logo_horizontal.png","contentUrl":"https:\/\/www.bike.herzegovinabike.ba\/wp-content\/uploads\/2023\/11\/herzegovina_bike_logo_horizontal.png","width":1757,"height":1061,"caption":"Udruga HerzegovinaBike"},"image":{"@id":"https:\/\/www.herzegovinabike.ba\/#\/schema\/logo\/image\/"},"sameAs":["https:\/\/www.facebook.com\/HerzegovinaBike","https:\/\/www.instagram.com\/herzegovinabike\/"]},{"@type":"Person","@id":"https:\/\/www.herzegovinabike.ba\/#\/schema\/person\/1161ca5c7a242dc0e69d24c0fb304ccb","name":"Herzegovina Bike","image":{"@type":"ImageObject","inLanguage":"en-US","@id":"https:\/\/secure.gravatar.com\/avatar\/236a03b53b73db89b68d17aa2f415bb2a2d3b326d0632f3a602c6c9cacba1ff0?s=96&d=mm&r=g","url":"https:\/\/secure.gravatar.com\/avatar\/236a03b53b73db89b68d17aa2f415bb2a2d3b326d0632f3a602c6c9cacba1ff0?s=96&d=mm&r=g","contentUrl":"https:\/\/secure.gravatar.com\/avatar\/236a03b53b73db89b68d17aa2f415bb2a2d3b326d0632f3a602c6c9cacba1ff0?s=96&d=mm&r=g","caption":"Herzegovina Bike"},"description":"Udruga \u201cHerzegovinaBike\u201d je pokreta\u010d (i sredi\u0161te) razvoja biciklizma kao cikloturizma, rekreacije i sporta u Hercegovini. CILJ: Hercegovina kao vrhunska cikloturisti\u010dka destinacija. \u2705","sameAs":["https:\/\/www.herzegovinabike.ba\/","https:\/\/www.facebook.com\/HerzegovinaBike\/","https:\/\/www.instagram.com\/herzegovinabike\/","https:\/\/www.linkedin.com\/in\/herzegovina-bike-ba605a29b\/","https:\/\/x.com\/https:\/\/twitter.com\/HerzegovinaBike","https:\/\/www.youtube.com\/channel\/UCOFGFUHmcGVzVHD9WgOGTrA"],"url":"https:\/\/www.herzegovinabike.ba\/en\/author\/toni\/"}]}},"_links":{"self":[{"href":"https:\/\/www.herzegovinabike.ba\/en\/wp-json\/wp\/v2\/posts\/9217","targetHints":{"allow":["GET"]}}],"collection":[{"href":"https:\/\/www.herzegovinabike.ba\/en\/wp-json\/wp\/v2\/posts"}],"about":[{"href":"https:\/\/www.herzegovinabike.ba\/en\/wp-json\/wp\/v2\/types\/post"}],"author":[{"embeddable":true,"href":"https:\/\/www.herzegovinabike.ba\/en\/wp-json\/wp\/v2\/users\/2"}],"replies":[{"embeddable":true,"href":"https:\/\/www.herzegovinabike.ba\/en\/wp-json\/wp\/v2\/comments?post=9217"}],"version-history":[{"count":5,"href":"https:\/\/www.herzegovinabike.ba\/en\/wp-json\/wp\/v2\/posts\/9217\/revisions"}],"predecessor-version":[{"id":18487,"href":"https:\/\/www.herzegovinabike.ba\/en\/wp-json\/wp\/v2\/posts\/9217\/revisions\/18487"}],"wp:featuredmedia":[{"embeddable":true,"href":"https:\/\/www.herzegovinabike.ba\/en\/wp-json\/wp\/v2\/media\/9218"}],"wp:attachment":[{"href":"https:\/\/www.herzegovinabike.ba\/en\/wp-json\/wp\/v2\/media?parent=9217"}],"wp:term":[{"taxonomy":"category","embeddable":true,"href":"https:\/\/www.herzegovinabike.ba\/en\/wp-json\/wp\/v2\/categories?post=9217"},{"taxonomy":"post_tag","embeddable":true,"href":"https:\/\/www.herzegovinabike.ba\/en\/wp-json\/wp\/v2\/tags?post=9217"}],"curies":[{"name":"wp","href":"https:\/\/api.w.org\/{rel}","templated":true}]}}